{"id":167260,"date":"2025-04-08T15:54:34","date_gmt":"2025-04-08T18:54:34","guid":{"rendered":"https:\/\/lavras.tv\/site\/?p=167260"},"modified":"2025-04-08T15:54:35","modified_gmt":"2025-04-08T18:54:35","slug":"crimes-contra-motoristas-de-app-podem-ter-penas-mais-duras-entenda","status":"publish","type":"post","link":"https:\/\/lavras.tv\/site\/2025\/04\/08\/crimes-contra-motoristas-de-app-podem-ter-penas-mais-duras-entenda\/","title":{"rendered":"Crimes contra motoristas de app podem ter penas mais duras; entenda"},"content":{"rendered":"<div class=\"lavra-antes-do-conteudo_2\" id=\"lavra-2126483145\"><div id=\"lavra-slider-27\" class=\"custom-slider lavra-slider-2430036555 lavra-slider\"><ul><li><div style=\"margin-left: auto;margin-right: auto;text-align: center;\" id=\"lavra-724095074\"><a href=\"https:\/\/sistemas.lavras.mg.gov.br\/portalcidadao\/#df1b1a7c7b2a290bcb31e32771e610784662739a88807c0dacac58ede5f391a7530e299dc302d611ee73cb143fc22eaf93592e53e7b5bdb01b00a0b8d28dae460c141dd2ff83412e4dc1c31b16b25f33144a9e5620ea73b13f5bc1c59411d98439ad226e8af03840603796067d87afe130812cf3de24982d0e306f9e61e764e5\" aria-label=\"Lavras-TV&#8211;720x104px (1) (1)\"><img src=\"https:\/\/lavras.tv\/site\/wp-content\/uploads\/2025\/01\/Lavras-TV-720x104px-1-1.png\" alt=\"\"  srcset=\"https:\/\/lavras.tv\/site\/wp-content\/uploads\/2025\/01\/Lavras-TV-720x104px-1-1.png 720w, https:\/\/lavras.tv\/site\/wp-content\/uploads\/2025\/01\/Lavras-TV-720x104px-1-1-470x68.png 470w, https:\/\/lavras.tv\/site\/wp-content\/uploads\/2025\/01\/Lavras-TV-720x104px-1-1-170x25.png 170w, https:\/\/lavras.tv\/site\/wp-content\/uploads\/2025\/01\/Lavras-TV-720x104px-1-1-200x29.png 200w\" sizes=\"(max-width: 720px) 100vw, 720px\" width=\"720\" height=\"104\"  style=\"display: inline-block;\" \/><\/a><\/div><\/li><li><a href=\"https:\/\/sistemas.lavras.mg.gov.br\/portalcidadao\/#df1b1a7c7b2a290bcb31e32771e610784662739a88807c0dacac58ede5f391a7530e299dc302d611ee73cb143fc22eaf93592e53e7b5bdb01b00a0b8d28dae460c141dd2ff83412e4dc1c31b16b25f33144a9e5620ea73b13f5bc1c59411d98439ad226e8af03840603796067d87afe130812cf3de24982d0e306f9e61e764e5\" aria-label=\"Banner_Emprego_PortallavrasTV\"><img src=\"https:\/\/lavras.tv\/site\/wp-content\/uploads\/2025\/03\/Banner_Emprego_PortallavrasTV.png\" alt=\"\"  srcset=\"https:\/\/lavras.tv\/site\/wp-content\/uploads\/2025\/03\/Banner_Emprego_PortallavrasTV.png 720w, https:\/\/lavras.tv\/site\/wp-content\/uploads\/2025\/03\/Banner_Emprego_PortallavrasTV-470x68.png 470w, https:\/\/lavras.tv\/site\/wp-content\/uploads\/2025\/03\/Banner_Emprego_PortallavrasTV-170x25.png 170w, https:\/\/lavras.tv\/site\/wp-content\/uploads\/2025\/03\/Banner_Emprego_PortallavrasTV-200x29.png 200w\" sizes=\"(max-width: 720px) 100vw, 720px\" width=\"720\" height=\"104\"   \/><\/a><\/li><li><a href=\"https:\/\/sistemas.lavras.mg.gov.br\/portalcidadao\/#df1b1a7c7b2a290bcb31e32771e610784662739a88807c0dacac58ede5f391a7530e299dc302d611ee73cb143fc22eaf93592e53e7b5bdb01b00a0b8d28dae460c141dd2ff83412e4dc1c31b16b25f33144a9e5620ea73b13f5bc1c59411d98439ad226e8af03840603796067d87afe130812cf3de24982d0e306f9e61e764e5\" aria-label=\"Banner_Obras_PortallavrasTV\"><img src=\"https:\/\/lavras.tv\/site\/wp-content\/uploads\/2025\/03\/Banner_Obras_PortallavrasTV.png\" alt=\"\"  srcset=\"https:\/\/lavras.tv\/site\/wp-content\/uploads\/2025\/03\/Banner_Obras_PortallavrasTV.png 720w, https:\/\/lavras.tv\/site\/wp-content\/uploads\/2025\/03\/Banner_Obras_PortallavrasTV-470x68.png 470w, https:\/\/lavras.tv\/site\/wp-content\/uploads\/2025\/03\/Banner_Obras_PortallavrasTV-170x25.png 170w, https:\/\/lavras.tv\/site\/wp-content\/uploads\/2025\/03\/Banner_Obras_PortallavrasTV-200x29.png 200w\" sizes=\"(max-width: 720px) 100vw, 720px\" width=\"720\" height=\"104\"   \/><\/a><\/li><li><div style=\"margin-left: auto;margin-right: auto;text-align: center;\" id=\"lavra-1763050954\"><a href=\"https:\/\/sistemas.lavras.mg.gov.br\/portalcidadao\/#df1b1a7c7b2a290bcb31e32771e610784662739a88807c0dacac58ede5f391a7530e299dc302d611ee73cb143fc22eaf93592e53e7b5bdb01b00a0b8d28dae460c141dd2ff83412e4dc1c31b16b25f33144a9e5620ea73b13f5bc1c59411d98439ad226e8af03840603796067d87afe130812cf3de24982d0e306f9e61e764e5\" aria-label=\"Banner_Educa\u00e7\u00e3o_PortallavrasTV\"><img src=\"https:\/\/lavras.tv\/site\/wp-content\/uploads\/2025\/01\/Banner_Educacao_PortallavrasTV.png\" alt=\"\"  srcset=\"https:\/\/lavras.tv\/site\/wp-content\/uploads\/2025\/01\/Banner_Educacao_PortallavrasTV.png 720w, https:\/\/lavras.tv\/site\/wp-content\/uploads\/2025\/01\/Banner_Educacao_PortallavrasTV-470x68.png 470w, https:\/\/lavras.tv\/site\/wp-content\/uploads\/2025\/01\/Banner_Educacao_PortallavrasTV-170x25.png 170w, https:\/\/lavras.tv\/site\/wp-content\/uploads\/2025\/01\/Banner_Educacao_PortallavrasTV-200x29.png 200w\" sizes=\"(max-width: 720px) 100vw, 720px\" width=\"720\" height=\"104\"  style=\"display: inline-block;\" \/><\/a><\/div><\/li><li><a href=\"https:\/\/sistemas.lavras.mg.gov.br\/portalcidadao\/#df1b1a7c7b2a290bcb31e32771e610784662739a88807c0dacac58ede5f391a7530e299dc302d611ee73cb143fc22eaf93592e53e7b5bdb01b00a0b8d28dae460c141dd2ff83412e4dc1c31b16b25f33144a9e5620ea73b13f5bc1c59411d98439ad226e8af03840603796067d87afe130812cf3de24982d0e306f9e61e764e5\" aria-label=\"Banner_Sa\u00fade_PortallavrasTV\"><img src=\"https:\/\/lavras.tv\/site\/wp-content\/uploads\/2025\/03\/Banner_Saude_PortallavrasTV.png\" alt=\"\"  srcset=\"https:\/\/lavras.tv\/site\/wp-content\/uploads\/2025\/03\/Banner_Saude_PortallavrasTV.png 720w, https:\/\/lavras.tv\/site\/wp-content\/uploads\/2025\/03\/Banner_Saude_PortallavrasTV-470x68.png 470w, https:\/\/lavras.tv\/site\/wp-content\/uploads\/2025\/03\/Banner_Saude_PortallavrasTV-170x25.png 170w, https:\/\/lavras.tv\/site\/wp-content\/uploads\/2025\/03\/Banner_Saude_PortallavrasTV-200x29.png 200w\" sizes=\"(max-width: 720px) 100vw, 720px\" width=\"720\" height=\"104\"   \/><\/a><\/li><li><div id=\"lavra-3477513240\" style=\"width:720px;height:104px;background-color:#ddd;overflow:scroll;\">\n\t<strong>Sa\u00edda da depura\u00e7\u00e3o de an\u00fancios<\/strong>\n\t<br><br>\n\tO an\u00fancio n\u00e3o \u00e9 exibido na p\u00e1gina<br><br>post atual: Crimes contra motoristas de app podem ter penas mais duras; entenda, ID: 167260<br><br><span style=\"color: red;\">O post atual n\u00e3o \u00e9 id\u00eantico ao post principal.<\/span><br><br>An\u00fancios: ROXO - TOPO INTERNA - ROTATIVO 2 (197)<br \/>Grupo de an\u00fancios: Princ_Meio01_720x104 (27)<br><br>Condi\u00e7\u00f5es de exibi\u00e7\u00e3o<div style=\"margin-bottom: 20px; white-space: pre-wrap; font-family: monospace; width: 100%; background: #ffe9e9;\"><strong>condi\u00e7\u00f5es gerais<\/strong><table border=\"1\"><thead><tr><th><\/th><th>An\u00fancios<\/th><th>wp_the_query<\/th><\/tr><\/thead><tr><td>is_main_query<\/td><td>1<\/td><td>1<\/td><\/tr><tr><td>is_rest_api<\/td><td>0<\/td><td>1<\/td><\/tr><tr><td>page<\/td><td>0<\/td><td>1<\/td><\/tr><tr><td>numpages<\/td><td>0<\/td><td>1<\/td><\/tr><tr><td>is_archive<\/td><td>1<\/td><td><\/td><\/tr><tr><td>is_search<\/td><td>1<\/td><td><\/td><\/tr><tr><td>is_home<\/td><td>1<\/td><td><\/td><\/tr><tr><td>is_404<\/td><td>1<\/td><td><\/td><\/tr><tr><td>is_attachment<\/td><td>1<\/td><td><\/td><\/tr><tr><td>is_singular<\/td><td>1<\/td><td><\/td><\/tr><tr><td>is_front_page<\/td><td>1<\/td><td><\/td><\/tr><tr><td>is_feed<\/td><td>1<\/td><td><\/td><\/tr><\/table><\/div><br><br><span style=\"color: red;\">Seu site usa HTTPS, mas o c\u00f3digo do an\u00fancio cont\u00e9m HTTP e pode n\u00e3o funcionar.<\/span>\t<br><br>\n\t<a style=\"color: green;\" href=\"https:\/\/wpadvancedads.com\/manual\/ad-debug-mode\/?utm_source=advanced-ads&utm_medium=link&utm_campaign=ad-debug-mode\" target=\"_blank\" rel=\"nofollow\">Encontre solu\u00e7\u00f5es no manual<\/a>\n<\/div>\n<\/li><\/ul><\/div><script>( window.advanced_ads_ready || jQuery( document ).ready ).call( null, function() {var $lavraslider2430036555 = jQuery( \".lavra-slider-2430036555\" );$lavraslider2430036555.on( \"unslider.ready\", function() { jQuery( \"div.custom-slider ul li\" ).css( \"display\", \"block\" ); });$lavraslider2430036555.unslider({ delay:4000, autoplay:true, nav:false, arrows:false, infinite:true });$lavraslider2430036555.on(\"mouseover\", function() {$lavraslider2430036555.unslider(\"stop\");}).on(\"mouseout\", function() {$lavraslider2430036555.unslider(\"start\");});});<\/script><\/div>\n<p>Comiss\u00e3o do Senado analisa proposta nesta ter\u00e7a-feira (8)<\/p>\n\n\n\n<figure class=\"wp-block-image size-large\"><img fetchpriority=\"high\" decoding=\"async\" width=\"970\" height=\"546\" src=\"https:\/\/lavras.tv\/site\/wp-content\/uploads\/2025\/04\/1_99_motorista_passageiros-46862198-970x546.jpg\" alt=\"\" class=\"wp-image-167261\" srcset=\"https:\/\/lavras.tv\/site\/wp-content\/uploads\/2025\/04\/1_99_motorista_passageiros-46862198-970x546.jpg 970w, https:\/\/lavras.tv\/site\/wp-content\/uploads\/2025\/04\/1_99_motorista_passageiros-46862198-470x264.jpg 470w, https:\/\/lavras.tv\/site\/wp-content\/uploads\/2025\/04\/1_99_motorista_passageiros-46862198-170x96.jpg 170w, https:\/\/lavras.tv\/site\/wp-content\/uploads\/2025\/04\/1_99_motorista_passageiros-46862198-200x113.jpg 200w, https:\/\/lavras.tv\/site\/wp-content\/uploads\/2025\/04\/1_99_motorista_passageiros-46862198.jpg 1200w\" sizes=\"(max-width: 970px) 100vw, 970px\" \/><\/figure>\n\n\n\n<p>A\u00a0<strong>Comiss\u00e3o de Seguran\u00e7a P\u00fablica (CSP)<\/strong>\u00a0do\u00a0<a href=\"https:\/\/www.vrum.com.br\/tags\/senado-federal\/page\/1\/\" target=\"_blank\" rel=\"noreferrer noopener\">Senado Federal<\/a>\u00a0vai analisar, nesta ter\u00e7a-feira (8), um projeto de lei (PL) que visa\u00a0<strong>aumentar a pena para crimes<\/strong>\u00a0cometidos contra motoristas de transporte p\u00fablico ou de\u00a0<a href=\"https:\/\/www.vrum.com.br\/aceleradas\/2024\/10\/6971320-quanto-ganha-um-motorista-de-aplicativo-por-mes.html\" target=\"_blank\" rel=\"noreferrer noopener\">aplicativos<\/a>. A sess\u00e3o que visa debater o tema est\u00e1 marcada para 11 horas (de Bras\u00edlia).\u00a0<\/p>\n\n\n\n<p>O texto do<strong>&nbsp;PL 3.605\/2021<\/strong>, do senador&nbsp;<strong>Veneziano Vital do R\u00eago<\/strong>&nbsp;(MDB-PB), prev\u00ea agravar a pena dos crimes de homic\u00eddio, furto, roubo, extors\u00e3o e extors\u00e3o mediante sequestro, quando praticados contra motorista de transporte p\u00fablico ou privado.&nbsp;<\/p>\n\n\n\n<p>A proposta tamb\u00e9m fala em aumentar a pena dos golpes ocorridos em&nbsp;atendimento por meio de aplicativo de internet, durante o expediente de trabalho ou em decorr\u00eancia do exerc\u00edcio de sua profiss\u00e3o.&nbsp;A mat\u00e9ria conta com relat\u00f3rio favor\u00e1vel do senador S\u00e9rgio Petec\u00e3o (PSD-AC).<\/p>\n\n\n\n<p>O projeto est\u00e1 em fase de an\u00e1lise. Para virar lei, o texto precisa ser aprovado por deputados e senadores. At\u00e9 a publica\u00e7\u00e3o desta mat\u00e9ria, n\u00e3o havia previs\u00e3o para a vota\u00e7\u00e3o da mat\u00e9ria.&nbsp;<\/p>\n","protected":false},"excerpt":{"rendered":"<p>Comiss\u00e3o do Senado analisa proposta nesta ter\u00e7a-feira (8) A\u00a0Comiss\u00e3o de Seguran\u00e7a P\u00fablica (CSP)\u00a0do\u00a0Senado Federal\u00a0vai analisar, nesta ter\u00e7a-feira (8), um projeto de lei (PL) que visa\u00a0aumentar a pena para crimes\u00a0cometidos contra motoristas de transporte p\u00fablico ou de\u00a0aplicativos. A sess\u00e3o que visa debater o tema est\u00e1 marcada para 11 horas (de Bras\u00edlia).\u00a0 O texto do&nbsp;PL 3.605\/2021, do [&hellip;]<\/p>\n","protected":false},"author":5,"featured_media":167261,"comment_status":"closed","ping_status":"open","sticky":false,"template":"","format":"standard","meta":{"advgb_blocks_editor_width":"","advgb_blocks_columns_visual_guide":"","_exactmetrics_skip_tracking":false,"_exactmetrics_sitenote_active":false,"_exactmetrics_sitenote_note":"","_exactmetrics_sitenote_category":0,"footnotes":""},"categories":[7,2],"tags":[],"class_list":["post-167260","post","type-post","status-publish","format-standard","has-post-thumbnail","hentry","category-destaques","category-noticias"],"better_featured_image":{"id":167261,"alt_text":"","caption":"","description":"","media_type":"image","media_details":{"width":1200,"height":675,"file":"2025\/04\/1_99_motorista_passageiros-46862198.jpg","filesize":169510,"sizes":{"medium":{"file":"1_99_motorista_passageiros-46862198-470x264.jpg","width":470,"height":264,"mime-type":"image\/jpeg","filesize":25421,"source_url":"https:\/\/lavras.tv\/site\/wp-content\/uploads\/2025\/04\/1_99_motorista_passageiros-46862198-470x264.jpg"},"large":{"file":"1_99_motorista_passageiros-46862198-970x546.jpg","width":970,"height":546,"mime-type":"image\/jpeg","filesize":77223,"source_url":"https:\/\/lavras.tv\/site\/wp-content\/uploads\/2025\/04\/1_99_motorista_passageiros-46862198-970x546.jpg"},"thumbnail":{"file":"1_99_motorista_passageiros-46862198-170x96.jpg","width":170,"height":96,"mime-type":"image\/jpeg","filesize":5512,"source_url":"https:\/\/lavras.tv\/site\/wp-content\/uploads\/2025\/04\/1_99_motorista_passageiros-46862198-170x96.jpg"},"lshowcase-thumb":{"file":"1_99_motorista_passageiros-46862198-200x113.jpg","width":200,"height":113,"mime-type":"image\/jpeg","filesize":7081,"source_url":"https:\/\/lavras.tv\/site\/wp-content\/uploads\/2025\/04\/1_99_motorista_passageiros-46862198-200x113.jpg"},"alm-thumbnail":{"file":"1_99_motorista_passageiros-46862198-150x150.jpg","width":150,"height":150,"mime-type":"image\/jpeg","filesize":6261,"source_url":"https:\/\/lavras.tv\/site\/wp-content\/uploads\/2025\/04\/1_99_motorista_passageiros-46862198-150x150.jpg"}},"image_meta":{"aperture":"0","credit":"","camera":"","caption":"","created_timestamp":"0","copyright":"","focal_length":"0","iso":"0","shutter_speed":"0","title":"","orientation":"0","keywords":[]}},"post":167260,"source_url":"https:\/\/lavras.tv\/site\/wp-content\/uploads\/2025\/04\/1_99_motorista_passageiros-46862198.jpg"},"author_meta":{"display_name":"Vinicius Bustamante","author_link":"https:\/\/lavras.tv\/site\/author\/vinicius-bustamante\/"},"featured_img":"https:\/\/lavras.tv\/site\/wp-content\/uploads\/2025\/04\/1_99_motorista_passageiros-46862198-470x264.jpg","coauthors":[],"tax_additional":{"categories":{"linked":["<a href=\"https:\/\/lavras.tv\/site\/category\/destaques\/\" class=\"advgb-post-tax-term\">Destaques<\/a>","<a href=\"https:\/\/lavras.tv\/site\/category\/noticias\/\" class=\"advgb-post-tax-term\">Not\u00edcias<\/a>"],"unlinked":["<span class=\"advgb-post-tax-term\">Destaques<\/span>","<span class=\"advgb-post-tax-term\">Not\u00edcias<\/span>"]}},"comment_count":"0","relative_dates":{"created":"Publicado 1 ano atr\u00e1s","modified":"Atualizado 1 ano atr\u00e1s"},"absolute_dates":{"created":"Publicado em 8 de abril de 2025","modified":"Atualizado em 8 de abril de 2025"},"absolute_dates_time":{"created":"Publicado em 8 de abril de 2025 15:54","modified":"Atualizado em 8 de abril de 2025 15:54"},"featured_img_caption":"","series_order":"","_links":{"self":[{"href":"https:\/\/lavras.tv\/site\/wp-json\/wp\/v2\/posts\/167260","targetHints":{"allow":["GET"]}}],"collection":[{"href":"https:\/\/lavras.tv\/site\/wp-json\/wp\/v2\/posts"}],"about":[{"href":"https:\/\/lavras.tv\/site\/wp-json\/wp\/v2\/types\/post"}],"author":[{"embeddable":true,"href":"https:\/\/lavras.tv\/site\/wp-json\/wp\/v2\/users\/5"}],"replies":[{"embeddable":true,"href":"https:\/\/lavras.tv\/site\/wp-json\/wp\/v2\/comments?post=167260"}],"version-history":[{"count":1,"href":"https:\/\/lavras.tv\/site\/wp-json\/wp\/v2\/posts\/167260\/revisions"}],"predecessor-version":[{"id":167262,"href":"https:\/\/lavras.tv\/site\/wp-json\/wp\/v2\/posts\/167260\/revisions\/167262"}],"wp:featuredmedia":[{"embeddable":true,"href":"https:\/\/lavras.tv\/site\/wp-json\/wp\/v2\/media\/167261"}],"wp:attachment":[{"href":"https:\/\/lavras.tv\/site\/wp-json\/wp\/v2\/media?parent=167260"}],"wp:term":[{"taxonomy":"category","embeddable":true,"href":"https:\/\/lavras.tv\/site\/wp-json\/wp\/v2\/categories?post=167260"},{"taxonomy":"post_tag","embeddable":true,"href":"https:\/\/lavras.tv\/site\/wp-json\/wp\/v2\/tags?post=167260"}],"curies":[{"name":"wp","href":"https:\/\/api.w.org\/{rel}","templated":true}]}}