{"id":167472,"date":"2025-04-09T14:40:57","date_gmt":"2025-04-09T17:40:57","guid":{"rendered":"https:\/\/lavras.tv\/site\/?p=167472"},"modified":"2025-04-10T14:35:25","modified_gmt":"2025-04-10T17:35:25","slug":"melhores-manteigas-a-venda-no-brasil-veja-o-ranking","status":"publish","type":"post","link":"https:\/\/lavras.tv\/site\/2025\/04\/09\/melhores-manteigas-a-venda-no-brasil-veja-o-ranking\/","title":{"rendered":"Melhores manteigas \u00e0 venda no Brasil: veja o ranking"},"content":{"rendered":"<div class=\"lavra-antes-do-conteudo_2\" id=\"lavra-3253672850\"><div id=\"lavra-slider-27\" class=\"custom-slider lavra-slider-3931771023 lavra-slider\"><ul><li><div style=\"margin-left: auto;margin-right: auto;text-align: center;\" id=\"lavra-2155349819\"><a href=\"https:\/\/sistemas.lavras.mg.gov.br\/portalcidadao\/#df1b1a7c7b2a290bcb31e32771e610784662739a88807c0dacac58ede5f391a7530e299dc302d611ee73cb143fc22eaf93592e53e7b5bdb01b00a0b8d28dae460c141dd2ff83412e4dc1c31b16b25f33144a9e5620ea73b13f5bc1c59411d98439ad226e8af03840603796067d87afe130812cf3de24982d0e306f9e61e764e5\" aria-label=\"Lavras-TV&#8211;720x104px (1) (1)\"><img src=\"https:\/\/lavras.tv\/site\/wp-content\/uploads\/2025\/01\/Lavras-TV-720x104px-1-1.png\" alt=\"\"  srcset=\"https:\/\/lavras.tv\/site\/wp-content\/uploads\/2025\/01\/Lavras-TV-720x104px-1-1.png 720w, https:\/\/lavras.tv\/site\/wp-content\/uploads\/2025\/01\/Lavras-TV-720x104px-1-1-470x68.png 470w, https:\/\/lavras.tv\/site\/wp-content\/uploads\/2025\/01\/Lavras-TV-720x104px-1-1-170x25.png 170w, https:\/\/lavras.tv\/site\/wp-content\/uploads\/2025\/01\/Lavras-TV-720x104px-1-1-200x29.png 200w\" sizes=\"(max-width: 720px) 100vw, 720px\" width=\"720\" height=\"104\"  style=\"display: inline-block;\" \/><\/a><\/div><\/li><li><a href=\"https:\/\/sistemas.lavras.mg.gov.br\/portalcidadao\/#df1b1a7c7b2a290bcb31e32771e610784662739a88807c0dacac58ede5f391a7530e299dc302d611ee73cb143fc22eaf93592e53e7b5bdb01b00a0b8d28dae460c141dd2ff83412e4dc1c31b16b25f33144a9e5620ea73b13f5bc1c59411d98439ad226e8af03840603796067d87afe130812cf3de24982d0e306f9e61e764e5\" aria-label=\"Banner_Emprego_PortallavrasTV\"><img src=\"https:\/\/lavras.tv\/site\/wp-content\/uploads\/2025\/03\/Banner_Emprego_PortallavrasTV.png\" alt=\"\"  srcset=\"https:\/\/lavras.tv\/site\/wp-content\/uploads\/2025\/03\/Banner_Emprego_PortallavrasTV.png 720w, https:\/\/lavras.tv\/site\/wp-content\/uploads\/2025\/03\/Banner_Emprego_PortallavrasTV-470x68.png 470w, https:\/\/lavras.tv\/site\/wp-content\/uploads\/2025\/03\/Banner_Emprego_PortallavrasTV-170x25.png 170w, https:\/\/lavras.tv\/site\/wp-content\/uploads\/2025\/03\/Banner_Emprego_PortallavrasTV-200x29.png 200w\" sizes=\"(max-width: 720px) 100vw, 720px\" width=\"720\" height=\"104\"   \/><\/a><\/li><li><a href=\"https:\/\/sistemas.lavras.mg.gov.br\/portalcidadao\/#df1b1a7c7b2a290bcb31e32771e610784662739a88807c0dacac58ede5f391a7530e299dc302d611ee73cb143fc22eaf93592e53e7b5bdb01b00a0b8d28dae460c141dd2ff83412e4dc1c31b16b25f33144a9e5620ea73b13f5bc1c59411d98439ad226e8af03840603796067d87afe130812cf3de24982d0e306f9e61e764e5\" aria-label=\"Banner_Obras_PortallavrasTV\"><img src=\"https:\/\/lavras.tv\/site\/wp-content\/uploads\/2025\/03\/Banner_Obras_PortallavrasTV.png\" alt=\"\"  srcset=\"https:\/\/lavras.tv\/site\/wp-content\/uploads\/2025\/03\/Banner_Obras_PortallavrasTV.png 720w, https:\/\/lavras.tv\/site\/wp-content\/uploads\/2025\/03\/Banner_Obras_PortallavrasTV-470x68.png 470w, https:\/\/lavras.tv\/site\/wp-content\/uploads\/2025\/03\/Banner_Obras_PortallavrasTV-170x25.png 170w, https:\/\/lavras.tv\/site\/wp-content\/uploads\/2025\/03\/Banner_Obras_PortallavrasTV-200x29.png 200w\" sizes=\"(max-width: 720px) 100vw, 720px\" width=\"720\" height=\"104\"   \/><\/a><\/li><li><div style=\"margin-left: auto;margin-right: auto;text-align: center;\" id=\"lavra-3524327358\"><a href=\"https:\/\/sistemas.lavras.mg.gov.br\/portalcidadao\/#df1b1a7c7b2a290bcb31e32771e610784662739a88807c0dacac58ede5f391a7530e299dc302d611ee73cb143fc22eaf93592e53e7b5bdb01b00a0b8d28dae460c141dd2ff83412e4dc1c31b16b25f33144a9e5620ea73b13f5bc1c59411d98439ad226e8af03840603796067d87afe130812cf3de24982d0e306f9e61e764e5\" aria-label=\"Banner_Educa\u00e7\u00e3o_PortallavrasTV\"><img src=\"https:\/\/lavras.tv\/site\/wp-content\/uploads\/2025\/01\/Banner_Educacao_PortallavrasTV.png\" alt=\"\"  srcset=\"https:\/\/lavras.tv\/site\/wp-content\/uploads\/2025\/01\/Banner_Educacao_PortallavrasTV.png 720w, https:\/\/lavras.tv\/site\/wp-content\/uploads\/2025\/01\/Banner_Educacao_PortallavrasTV-470x68.png 470w, https:\/\/lavras.tv\/site\/wp-content\/uploads\/2025\/01\/Banner_Educacao_PortallavrasTV-170x25.png 170w, https:\/\/lavras.tv\/site\/wp-content\/uploads\/2025\/01\/Banner_Educacao_PortallavrasTV-200x29.png 200w\" sizes=\"(max-width: 720px) 100vw, 720px\" width=\"720\" height=\"104\"  style=\"display: inline-block;\" \/><\/a><\/div><\/li><li><a href=\"https:\/\/sistemas.lavras.mg.gov.br\/portalcidadao\/#df1b1a7c7b2a290bcb31e32771e610784662739a88807c0dacac58ede5f391a7530e299dc302d611ee73cb143fc22eaf93592e53e7b5bdb01b00a0b8d28dae460c141dd2ff83412e4dc1c31b16b25f33144a9e5620ea73b13f5bc1c59411d98439ad226e8af03840603796067d87afe130812cf3de24982d0e306f9e61e764e5\" aria-label=\"Banner_Sa\u00fade_PortallavrasTV\"><img src=\"https:\/\/lavras.tv\/site\/wp-content\/uploads\/2025\/03\/Banner_Saude_PortallavrasTV.png\" alt=\"\"  srcset=\"https:\/\/lavras.tv\/site\/wp-content\/uploads\/2025\/03\/Banner_Saude_PortallavrasTV.png 720w, https:\/\/lavras.tv\/site\/wp-content\/uploads\/2025\/03\/Banner_Saude_PortallavrasTV-470x68.png 470w, https:\/\/lavras.tv\/site\/wp-content\/uploads\/2025\/03\/Banner_Saude_PortallavrasTV-170x25.png 170w, https:\/\/lavras.tv\/site\/wp-content\/uploads\/2025\/03\/Banner_Saude_PortallavrasTV-200x29.png 200w\" sizes=\"(max-width: 720px) 100vw, 720px\" width=\"720\" height=\"104\"   \/><\/a><\/li><li><div id=\"lavra-2738199752\" style=\"width:720px;height:104px;background-color:#ddd;overflow:scroll;\">\n\t<strong>Sa\u00edda da depura\u00e7\u00e3o de an\u00fancios<\/strong>\n\t<br><br>\n\tO an\u00fancio n\u00e3o \u00e9 exibido na p\u00e1gina<br><br>post atual: Melhores manteigas \u00e0 venda no Brasil: veja o ranking, ID: 167472<br><br><span style=\"color: red;\">O post atual n\u00e3o \u00e9 id\u00eantico ao post principal.<\/span><br><br>An\u00fancios: ROXO - TOPO INTERNA - ROTATIVO 2 (197)<br \/>Grupo de an\u00fancios: Princ_Meio01_720x104 (27)<br><br>Condi\u00e7\u00f5es de exibi\u00e7\u00e3o<div style=\"margin-bottom: 20px; white-space: pre-wrap; font-family: monospace; width: 100%; background: #ffe9e9;\"><strong>condi\u00e7\u00f5es gerais<\/strong><table border=\"1\"><thead><tr><th><\/th><th>An\u00fancios<\/th><th>wp_the_query<\/th><\/tr><\/thead><tr><td>is_main_query<\/td><td>1<\/td><td>1<\/td><\/tr><tr><td>is_rest_api<\/td><td>0<\/td><td>1<\/td><\/tr><tr><td>page<\/td><td>0<\/td><td>1<\/td><\/tr><tr><td>numpages<\/td><td>0<\/td><td>1<\/td><\/tr><tr><td>is_archive<\/td><td>1<\/td><td><\/td><\/tr><tr><td>is_search<\/td><td>1<\/td><td><\/td><\/tr><tr><td>is_home<\/td><td>1<\/td><td><\/td><\/tr><tr><td>is_404<\/td><td>1<\/td><td><\/td><\/tr><tr><td>is_attachment<\/td><td>1<\/td><td><\/td><\/tr><tr><td>is_singular<\/td><td>1<\/td><td><\/td><\/tr><tr><td>is_front_page<\/td><td>1<\/td><td><\/td><\/tr><tr><td>is_feed<\/td><td>1<\/td><td><\/td><\/tr><\/table><\/div><br><br><span style=\"color: red;\">Seu site usa HTTPS, mas o c\u00f3digo do an\u00fancio cont\u00e9m HTTP e pode n\u00e3o funcionar.<\/span>\t<br><br>\n\t<a style=\"color: green;\" href=\"https:\/\/wpadvancedads.com\/manual\/ad-debug-mode\/?utm_source=advanced-ads&utm_medium=link&utm_campaign=ad-debug-mode\" target=\"_blank\" rel=\"nofollow\">Encontre solu\u00e7\u00f5es no manual<\/a>\n<\/div>\n<\/li><\/ul><\/div><script>( window.advanced_ads_ready || jQuery( document ).ready ).call( null, function() {var $lavraslider3931771023 = jQuery( \".lavra-slider-3931771023\" );$lavraslider3931771023.on( \"unslider.ready\", function() { jQuery( \"div.custom-slider ul li\" ).css( \"display\", \"block\" ); });$lavraslider3931771023.unslider({ delay:4000, autoplay:true, nav:false, arrows:false, infinite:true });$lavraslider3931771023.on(\"mouseover\", function() {$lavraslider3931771023.unslider(\"stop\");}).on(\"mouseout\", function() {$lavraslider3931771023.unslider(\"start\");});});<\/script><\/div>\n<figure class=\"wp-block-image size-full\"><img fetchpriority=\"high\" decoding=\"async\" width=\"480\" height=\"480\" src=\"https:\/\/lavras.tv\/site\/wp-content\/uploads\/2025\/04\/manteiga_2-33900283.png\" alt=\"\" class=\"wp-image-167473\" srcset=\"https:\/\/lavras.tv\/site\/wp-content\/uploads\/2025\/04\/manteiga_2-33900283.png 480w, https:\/\/lavras.tv\/site\/wp-content\/uploads\/2025\/04\/manteiga_2-33900283-300x300.png 300w, https:\/\/lavras.tv\/site\/wp-content\/uploads\/2025\/04\/manteiga_2-33900283-150x150.png 150w, https:\/\/lavras.tv\/site\/wp-content\/uploads\/2025\/04\/manteiga_2-33900283-200x200.png 200w\" sizes=\"(max-width: 480px) 100vw, 480px\" \/><\/figure>\n\n\n\n<p>A coluna &#8220;Paladar&#8221;, do jornal &#8220;O Estado de S\u00e3o Paulo&#8221;, testou e fez um ranking com 11 marcas populares de manteigas sem sal do mercado brasileiro. O ingrediente \u00e9 uma verdadeira paix\u00e3o na cozinha francesa e sempre usada por renomados chefs.<\/p>\n\n\n\n<p>Mas, no dia a dia, ela tamb\u00e9m est\u00e1 muito presente na cozinha brasileira. Tanto na gastronomia dos especialistas como na rotina dom\u00e9stica.<\/p>\n\n\n\n<p>Seja no p\u00e3ozinho do caf\u00e9 da manh\u00e3 ou no biscoito (ou bolacha, dependendo da regi\u00e3o) no fim da tarde, a manteiga faz parte do consumo praticamente di\u00e1rio de pessoas de diversas faixas et\u00e1rias.<\/p>\n\n\n\n<p>A manteiga tamb\u00e9m pode ser um ingrediente secreto para fazer uma torta, um croissant, finalizar um molho ou at\u00e9 fritar um bife. S\u00e3o muitas utilidades.<\/p>\n\n\n\n<p>Para os especialistas, uma boa manteiga deve ser cremosa, delicada e com sabor de leite.<\/p>\n\n\n\n<p>Os principais sinais de manteiga velha ou de mat\u00e9ria-prima de m\u00e1 qualidade s\u00e3o ran\u00e7o e acidez em excesso.<\/p>\n\n\n\n<p>Al\u00e9m disso, a textura de uma boa manteiga deve ser untuosa, ou seja, com consist\u00eancia gordurosa, nunca esfarelenta.<\/p>\n\n\n\n<p>Trata-se, portanto, da perfeita combina\u00e7\u00e3o da \u00e1gua e da gordura contidas na nata do leite, que, quando agitadas vigorosamente, se unem e formam esta barra de ouro.<\/p>\n\n\n\n<p>\u2022 A marca Jersey de Itu ficou no 11\u00b0 lugar no ranking, pois, segundo os jurados, tem forte aroma que remete a est\u00e1bulo, sabor bem marcante, l\u00e1cteo, com bastante gordura e lembra mato.<\/p>\n\n\n\n<p>\u2022 A marca italiana Granarolo ocupou a 10\u00aa posi\u00e7\u00e3o, pois, conforme a avalia\u00e7\u00e3o, tem apar\u00eancia ressecada, sabor met\u00e1lico, ran\u00e7osa e artificial.<\/p>\n\n\n\n<p>\u2022 Com um aroma forte denunciando um produto ran\u00e7oso, a marca Regina ficou em 9\u00b0 lugar porque, de acordo com os jurados, sua textura \u00e9 muito quebradi\u00e7a e porosa; falta untuosidade e gordura mais homog\u00eanea.<\/p>\n\n\n\n<p>\u2022 A 8\u00aa posi\u00e7\u00e3o no ranking foi da marca Roni, classificada como intensa, mais r\u00fastica, sabor l\u00e1cteo acentuado e acidez tamb\u00e9m.<\/p>\n\n\n\n<p>\u2022 A marca Batavo ficou no 7\u00b0 lugar pois n\u00e3o tem grandes qualidades, mas tamb\u00e9m sem grandes defeitos. Sua textura \u00e9 aceit\u00e1vel e de sabor neutro.<\/p>\n\n\n\n<p>\u2022 A 6\u00aa posi\u00e7\u00e3o ficou com a marca Itamb\u00e9, classificada pelos jurados como de sabor pouco marcante, aroma neutro, leve lembran\u00e7a l\u00e1ctea na boca, mas bem discreta no final e mais indicada para usar em preparos do que para passar no p\u00e3o.<\/p>\n\n\n\n<p>\u2022 A marca Avia\u00e7\u00e3o ficou no 5\u00b0 lugar, pois tem um aroma limpo e suave, sabor agrad\u00e1vel, l\u00e1cteo e levemente herbal. Al\u00e9m disso, a textura \u00e9 lisa e homog\u00eanea, ainda que esfarele mais do que o esperado ao passar no p\u00e3o.<\/p>\n\n\n\n<p>\u2022 A 4\u00aa coloca\u00e7\u00e3o \u00e9 da marca Tirolez, classificada como sem defeitos. Os jurados, por\u00e9m, tiraram alguns pontos pela textura um tanto quebradi\u00e7a.<\/p>\n\n\n\n<p>\u2022 A manteiga francesa Paysan Breton sobe ao p\u00f3dio na 3\u00aa posi\u00e7\u00e3o pois \u00e9 untuosa, n\u00e3o quebra, tem sabor l\u00e1cteo delicado e foi notada como &#8216;fresca&#8217;, com leve acidez agrad\u00e1vel no final.<\/p>\n\n\n\n<p>\u2022 A marca La Serenissima agradou a todos os jurados e ficou no 2\u00b0 lugar. Tem textura firme e cremosa, al\u00e9m de aroma fresco, sabor l\u00e1cteo e gordura suave, \u00e9 saborosa e levemente adocicada.<\/p>\n\n\n\n<p>\u2022 O 1\u00b0 lugar no ranking das manteigas do Estad\u00e3o \u00e9 a marca Pr\u00e9sident, com sabor suave, mas com personalidade. Agradou aos jurados com final frutado e retrogosto amendoado. Classificada como levemente \u00e1cida e cremosa ao passar no p\u00e3o.<\/p>\n","protected":false},"excerpt":{"rendered":"<p>A coluna &#8220;Paladar&#8221;, do jornal &#8220;O Estado de S\u00e3o Paulo&#8221;, testou e fez um ranking com 11 marcas populares de manteigas sem sal do mercado brasileiro. O ingrediente \u00e9 uma verdadeira paix\u00e3o na cozinha francesa e sempre usada por renomados chefs. Mas, no dia a dia, ela tamb\u00e9m est\u00e1 muito presente na cozinha brasileira. Tanto [&hellip;]<\/p>\n","protected":false},"author":5,"featured_media":167473,"comment_status":"closed","ping_status":"open","sticky":false,"template":"","format":"standard","meta":{"advgb_blocks_editor_width":"","advgb_blocks_columns_visual_guide":"","_exactmetrics_skip_tracking":false,"_exactmetrics_sitenote_active":false,"_exactmetrics_sitenote_note":"","_exactmetrics_sitenote_category":0,"footnotes":""},"categories":[7,2],"tags":[],"class_list":["post-167472","post","type-post","status-publish","format-standard","has-post-thumbnail","hentry","category-destaques","category-noticias"],"better_featured_image":{"id":167473,"alt_text":"","caption":"","description":"","media_type":"image","media_details":{"width":480,"height":480,"file":"2025\/04\/manteiga_2-33900283.png","filesize":270422,"sizes":{"medium":{"file":"manteiga_2-33900283-300x300.png","width":300,"height":300,"mime-type":"image\/png","filesize":96114,"source_url":"https:\/\/lavras.tv\/site\/wp-content\/uploads\/2025\/04\/manteiga_2-33900283-300x300.png"},"thumbnail":{"file":"manteiga_2-33900283-150x150.png","width":150,"height":150,"mime-type":"image\/png","filesize":33217,"source_url":"https:\/\/lavras.tv\/site\/wp-content\/uploads\/2025\/04\/manteiga_2-33900283-150x150.png"},"lshowcase-thumb":{"file":"manteiga_2-33900283-200x200.png","width":200,"height":200,"mime-type":"image\/png","filesize":51824,"source_url":"https:\/\/lavras.tv\/site\/wp-content\/uploads\/2025\/04\/manteiga_2-33900283-200x200.png"},"alm-thumbnail":{"file":"manteiga_2-33900283-150x150.png","width":150,"height":150,"mime-type":"image\/png","filesize":33217,"source_url":"https:\/\/lavras.tv\/site\/wp-content\/uploads\/2025\/04\/manteiga_2-33900283-150x150.png"}},"image_meta":{"aperture":"0","credit":"","camera":"","caption":"","created_timestamp":"0","copyright":"","focal_length":"0","iso":"0","shutter_speed":"0","title":"","orientation":"0","keywords":[]}},"post":167472,"source_url":"https:\/\/lavras.tv\/site\/wp-content\/uploads\/2025\/04\/manteiga_2-33900283.png"},"author_meta":{"display_name":"Vinicius Bustamante","author_link":"https:\/\/lavras.tv\/site\/author\/vinicius-bustamante\/"},"featured_img":"https:\/\/lavras.tv\/site\/wp-content\/uploads\/2025\/04\/manteiga_2-33900283-300x300.png","coauthors":[],"tax_additional":{"categories":{"linked":["<a href=\"https:\/\/lavras.tv\/site\/category\/destaques\/\" class=\"advgb-post-tax-term\">Destaques<\/a>","<a href=\"https:\/\/lavras.tv\/site\/category\/noticias\/\" class=\"advgb-post-tax-term\">Not\u00edcias<\/a>"],"unlinked":["<span class=\"advgb-post-tax-term\">Destaques<\/span>","<span class=\"advgb-post-tax-term\">Not\u00edcias<\/span>"]}},"comment_count":"0","relative_dates":{"created":"Publicado 1 ano atr\u00e1s","modified":"Atualizado 1 ano atr\u00e1s"},"absolute_dates":{"created":"Publicado em 9 de abril de 2025","modified":"Atualizado em 10 de abril de 2025"},"absolute_dates_time":{"created":"Publicado em 9 de abril de 2025 14:40","modified":"Atualizado em 10 de abril de 2025 14:35"},"featured_img_caption":"","series_order":"","_links":{"self":[{"href":"https:\/\/lavras.tv\/site\/wp-json\/wp\/v2\/posts\/167472","targetHints":{"allow":["GET"]}}],"collection":[{"href":"https:\/\/lavras.tv\/site\/wp-json\/wp\/v2\/posts"}],"about":[{"href":"https:\/\/lavras.tv\/site\/wp-json\/wp\/v2\/types\/post"}],"author":[{"embeddable":true,"href":"https:\/\/lavras.tv\/site\/wp-json\/wp\/v2\/users\/5"}],"replies":[{"embeddable":true,"href":"https:\/\/lavras.tv\/site\/wp-json\/wp\/v2\/comments?post=167472"}],"version-history":[{"count":1,"href":"https:\/\/lavras.tv\/site\/wp-json\/wp\/v2\/posts\/167472\/revisions"}],"predecessor-version":[{"id":167474,"href":"https:\/\/lavras.tv\/site\/wp-json\/wp\/v2\/posts\/167472\/revisions\/167474"}],"wp:featuredmedia":[{"embeddable":true,"href":"https:\/\/lavras.tv\/site\/wp-json\/wp\/v2\/media\/167473"}],"wp:attachment":[{"href":"https:\/\/lavras.tv\/site\/wp-json\/wp\/v2\/media?parent=167472"}],"wp:term":[{"taxonomy":"category","embeddable":true,"href":"https:\/\/lavras.tv\/site\/wp-json\/wp\/v2\/categories?post=167472"},{"taxonomy":"post_tag","embeddable":true,"href":"https:\/\/lavras.tv\/site\/wp-json\/wp\/v2\/tags?post=167472"}],"curies":[{"name":"wp","href":"https:\/\/api.w.org\/{rel}","templated":true}]}}