{"id":167702,"date":"2025-04-10T14:39:42","date_gmt":"2025-04-10T17:39:42","guid":{"rendered":"https:\/\/lavras.tv\/site\/?p=167702"},"modified":"2025-04-10T14:39:43","modified_gmt":"2025-04-10T17:39:43","slug":"plano-de-acao-de-emergencia-da-usina-de-funil-mantem-encontros-estrategicos-e-acoes-preventivas","status":"publish","type":"post","link":"https:\/\/lavras.tv\/site\/2025\/04\/10\/plano-de-acao-de-emergencia-da-usina-de-funil-mantem-encontros-estrategicos-e-acoes-preventivas\/","title":{"rendered":"Plano de A\u00e7\u00e3o de Emerg\u00eancia da Usina de Funil mant\u00e9m encontros estrat\u00e9gicos e a\u00e7\u00f5es preventivas"},"content":{"rendered":"<div class=\"lavra-antes-do-conteudo_2\" id=\"lavra-2216980407\"><div id=\"lavra-slider-27\" class=\"custom-slider lavra-slider-885372227 lavra-slider\"><ul><li><div style=\"margin-left: auto;margin-right: auto;text-align: center;\" id=\"lavra-3290808016\"><a href=\"https:\/\/sistemas.lavras.mg.gov.br\/portalcidadao\/#df1b1a7c7b2a290bcb31e32771e610784662739a88807c0dacac58ede5f391a7530e299dc302d611ee73cb143fc22eaf93592e53e7b5bdb01b00a0b8d28dae460c141dd2ff83412e4dc1c31b16b25f33144a9e5620ea73b13f5bc1c59411d98439ad226e8af03840603796067d87afe130812cf3de24982d0e306f9e61e764e5\" aria-label=\"Lavras-TV&#8211;720x104px (1) (1)\"><img src=\"https:\/\/lavras.tv\/site\/wp-content\/uploads\/2025\/01\/Lavras-TV-720x104px-1-1.png\" alt=\"\"  srcset=\"https:\/\/lavras.tv\/site\/wp-content\/uploads\/2025\/01\/Lavras-TV-720x104px-1-1.png 720w, https:\/\/lavras.tv\/site\/wp-content\/uploads\/2025\/01\/Lavras-TV-720x104px-1-1-470x68.png 470w, https:\/\/lavras.tv\/site\/wp-content\/uploads\/2025\/01\/Lavras-TV-720x104px-1-1-170x25.png 170w, https:\/\/lavras.tv\/site\/wp-content\/uploads\/2025\/01\/Lavras-TV-720x104px-1-1-200x29.png 200w\" sizes=\"(max-width: 720px) 100vw, 720px\" width=\"720\" height=\"104\"  style=\"display: inline-block;\" \/><\/a><\/div><\/li><li><a href=\"https:\/\/sistemas.lavras.mg.gov.br\/portalcidadao\/#df1b1a7c7b2a290bcb31e32771e610784662739a88807c0dacac58ede5f391a7530e299dc302d611ee73cb143fc22eaf93592e53e7b5bdb01b00a0b8d28dae460c141dd2ff83412e4dc1c31b16b25f33144a9e5620ea73b13f5bc1c59411d98439ad226e8af03840603796067d87afe130812cf3de24982d0e306f9e61e764e5\" aria-label=\"Banner_Emprego_PortallavrasTV\"><img src=\"https:\/\/lavras.tv\/site\/wp-content\/uploads\/2025\/03\/Banner_Emprego_PortallavrasTV.png\" alt=\"\"  srcset=\"https:\/\/lavras.tv\/site\/wp-content\/uploads\/2025\/03\/Banner_Emprego_PortallavrasTV.png 720w, https:\/\/lavras.tv\/site\/wp-content\/uploads\/2025\/03\/Banner_Emprego_PortallavrasTV-470x68.png 470w, https:\/\/lavras.tv\/site\/wp-content\/uploads\/2025\/03\/Banner_Emprego_PortallavrasTV-170x25.png 170w, https:\/\/lavras.tv\/site\/wp-content\/uploads\/2025\/03\/Banner_Emprego_PortallavrasTV-200x29.png 200w\" sizes=\"(max-width: 720px) 100vw, 720px\" width=\"720\" height=\"104\"   \/><\/a><\/li><li><a href=\"https:\/\/sistemas.lavras.mg.gov.br\/portalcidadao\/#df1b1a7c7b2a290bcb31e32771e610784662739a88807c0dacac58ede5f391a7530e299dc302d611ee73cb143fc22eaf93592e53e7b5bdb01b00a0b8d28dae460c141dd2ff83412e4dc1c31b16b25f33144a9e5620ea73b13f5bc1c59411d98439ad226e8af03840603796067d87afe130812cf3de24982d0e306f9e61e764e5\" aria-label=\"Banner_Obras_PortallavrasTV\"><img src=\"https:\/\/lavras.tv\/site\/wp-content\/uploads\/2025\/03\/Banner_Obras_PortallavrasTV.png\" alt=\"\"  srcset=\"https:\/\/lavras.tv\/site\/wp-content\/uploads\/2025\/03\/Banner_Obras_PortallavrasTV.png 720w, https:\/\/lavras.tv\/site\/wp-content\/uploads\/2025\/03\/Banner_Obras_PortallavrasTV-470x68.png 470w, https:\/\/lavras.tv\/site\/wp-content\/uploads\/2025\/03\/Banner_Obras_PortallavrasTV-170x25.png 170w, https:\/\/lavras.tv\/site\/wp-content\/uploads\/2025\/03\/Banner_Obras_PortallavrasTV-200x29.png 200w\" sizes=\"(max-width: 720px) 100vw, 720px\" width=\"720\" height=\"104\"   \/><\/a><\/li><li><div style=\"margin-left: auto;margin-right: auto;text-align: center;\" id=\"lavra-316457803\"><a href=\"https:\/\/sistemas.lavras.mg.gov.br\/portalcidadao\/#df1b1a7c7b2a290bcb31e32771e610784662739a88807c0dacac58ede5f391a7530e299dc302d611ee73cb143fc22eaf93592e53e7b5bdb01b00a0b8d28dae460c141dd2ff83412e4dc1c31b16b25f33144a9e5620ea73b13f5bc1c59411d98439ad226e8af03840603796067d87afe130812cf3de24982d0e306f9e61e764e5\" aria-label=\"Banner_Educa\u00e7\u00e3o_PortallavrasTV\"><img src=\"https:\/\/lavras.tv\/site\/wp-content\/uploads\/2025\/01\/Banner_Educacao_PortallavrasTV.png\" alt=\"\"  srcset=\"https:\/\/lavras.tv\/site\/wp-content\/uploads\/2025\/01\/Banner_Educacao_PortallavrasTV.png 720w, https:\/\/lavras.tv\/site\/wp-content\/uploads\/2025\/01\/Banner_Educacao_PortallavrasTV-470x68.png 470w, https:\/\/lavras.tv\/site\/wp-content\/uploads\/2025\/01\/Banner_Educacao_PortallavrasTV-170x25.png 170w, https:\/\/lavras.tv\/site\/wp-content\/uploads\/2025\/01\/Banner_Educacao_PortallavrasTV-200x29.png 200w\" sizes=\"(max-width: 720px) 100vw, 720px\" width=\"720\" height=\"104\"  style=\"display: inline-block;\" \/><\/a><\/div><\/li><li><a href=\"https:\/\/sistemas.lavras.mg.gov.br\/portalcidadao\/#df1b1a7c7b2a290bcb31e32771e610784662739a88807c0dacac58ede5f391a7530e299dc302d611ee73cb143fc22eaf93592e53e7b5bdb01b00a0b8d28dae460c141dd2ff83412e4dc1c31b16b25f33144a9e5620ea73b13f5bc1c59411d98439ad226e8af03840603796067d87afe130812cf3de24982d0e306f9e61e764e5\" aria-label=\"Banner_Sa\u00fade_PortallavrasTV\"><img src=\"https:\/\/lavras.tv\/site\/wp-content\/uploads\/2025\/03\/Banner_Saude_PortallavrasTV.png\" alt=\"\"  srcset=\"https:\/\/lavras.tv\/site\/wp-content\/uploads\/2025\/03\/Banner_Saude_PortallavrasTV.png 720w, https:\/\/lavras.tv\/site\/wp-content\/uploads\/2025\/03\/Banner_Saude_PortallavrasTV-470x68.png 470w, https:\/\/lavras.tv\/site\/wp-content\/uploads\/2025\/03\/Banner_Saude_PortallavrasTV-170x25.png 170w, https:\/\/lavras.tv\/site\/wp-content\/uploads\/2025\/03\/Banner_Saude_PortallavrasTV-200x29.png 200w\" sizes=\"(max-width: 720px) 100vw, 720px\" width=\"720\" height=\"104\"   \/><\/a><\/li><li><div id=\"lavra-1334614498\" style=\"width:720px;height:104px;background-color:#ddd;overflow:scroll;\">\n\t<strong>Sa\u00edda da depura\u00e7\u00e3o de an\u00fancios<\/strong>\n\t<br><br>\n\tO an\u00fancio n\u00e3o \u00e9 exibido na p\u00e1gina<br><br>post atual: Plano de A\u00e7\u00e3o de Emerg\u00eancia da Usina de Funil mant\u00e9m encontros estrat\u00e9gicos e a\u00e7\u00f5es preventivas, ID: 167702<br><br><span style=\"color: red;\">O post atual n\u00e3o \u00e9 id\u00eantico ao post principal.<\/span><br><br>An\u00fancios: ROXO - TOPO INTERNA - ROTATIVO 2 (197)<br \/>Grupo de an\u00fancios: Princ_Meio01_720x104 (27)<br><br>Condi\u00e7\u00f5es de exibi\u00e7\u00e3o<div style=\"margin-bottom: 20px; white-space: pre-wrap; font-family: monospace; width: 100%; background: #ffe9e9;\"><strong>condi\u00e7\u00f5es gerais<\/strong><table border=\"1\"><thead><tr><th><\/th><th>An\u00fancios<\/th><th>wp_the_query<\/th><\/tr><\/thead><tr><td>is_main_query<\/td><td>1<\/td><td>1<\/td><\/tr><tr><td>is_rest_api<\/td><td>0<\/td><td>1<\/td><\/tr><tr><td>page<\/td><td>0<\/td><td>1<\/td><\/tr><tr><td>numpages<\/td><td>0<\/td><td>1<\/td><\/tr><tr><td>is_archive<\/td><td>1<\/td><td><\/td><\/tr><tr><td>is_search<\/td><td>1<\/td><td><\/td><\/tr><tr><td>is_home<\/td><td>1<\/td><td><\/td><\/tr><tr><td>is_404<\/td><td>1<\/td><td><\/td><\/tr><tr><td>is_attachment<\/td><td>1<\/td><td><\/td><\/tr><tr><td>is_singular<\/td><td>1<\/td><td><\/td><\/tr><tr><td>is_front_page<\/td><td>1<\/td><td><\/td><\/tr><tr><td>is_feed<\/td><td>1<\/td><td><\/td><\/tr><\/table><\/div><br><br><span style=\"color: red;\">Seu site usa HTTPS, mas o c\u00f3digo do an\u00fancio cont\u00e9m HTTP e pode n\u00e3o funcionar.<\/span>\t<br><br>\n\t<a style=\"color: green;\" href=\"https:\/\/wpadvancedads.com\/manual\/ad-debug-mode\/?utm_source=advanced-ads&utm_medium=link&utm_campaign=ad-debug-mode\" target=\"_blank\" rel=\"nofollow\">Encontre solu\u00e7\u00f5es no manual<\/a>\n<\/div>\n<\/li><\/ul><\/div><script>( window.advanced_ads_ready || jQuery( document ).ready ).call( null, function() {var $lavraslider885372227 = jQuery( \".lavra-slider-885372227\" );$lavraslider885372227.on( \"unslider.ready\", function() { jQuery( \"div.custom-slider ul li\" ).css( \"display\", \"block\" ); });$lavraslider885372227.unslider({ delay:4000, autoplay:true, nav:false, arrows:false, infinite:true });$lavraslider885372227.on(\"mouseover\", function() {$lavraslider885372227.unslider(\"stop\");}).on(\"mouseout\", function() {$lavraslider885372227.unslider(\"start\");});});<\/script><\/div>\n<p><em>Reuni\u00f5es regulares refor\u00e7am a parceria entre a Alian\u00e7a Energia e \u00f3rg\u00e3os de prote\u00e7\u00e3o para assegurar agilidade e efic\u00e1cia em eventuais situa\u00e7\u00f5es de risco<\/em><\/p>\n\n\n\n<figure class=\"wp-block-image size-large\"><img fetchpriority=\"high\" decoding=\"async\" width=\"970\" height=\"728\" src=\"https:\/\/lavras.tv\/site\/wp-content\/uploads\/2025\/04\/GT-Funil-970x728.jpg\" alt=\"\" class=\"wp-image-167703\" srcset=\"https:\/\/lavras.tv\/site\/wp-content\/uploads\/2025\/04\/GT-Funil-970x728.jpg 970w, https:\/\/lavras.tv\/site\/wp-content\/uploads\/2025\/04\/GT-Funil-400x300.jpg 400w, https:\/\/lavras.tv\/site\/wp-content\/uploads\/2025\/04\/GT-Funil-170x128.jpg 170w, https:\/\/lavras.tv\/site\/wp-content\/uploads\/2025\/04\/GT-Funil-200x150.jpg 200w, https:\/\/lavras.tv\/site\/wp-content\/uploads\/2025\/04\/GT-Funil.jpg 1280w\" sizes=\"(max-width: 970px) 100vw, 970px\" \/><\/figure>\n\n\n\n<p>O Grupo de Trabalho (GT) respons\u00e1vel pelo Plano de A\u00e7\u00e3o de Emerg\u00eancia (PAE) da Usina Hidrel\u00e9trica de Funil mant\u00e9m uma atua\u00e7\u00e3o estrat\u00e9gica e cont\u00ednua, voltada \u00e0 seguran\u00e7a da opera\u00e7\u00e3o da barragem e \u00e0 prote\u00e7\u00e3o das comunidades vizinhas. Com encontros realizados a cada dois meses, o grupo analisa e decide sobre temas priorit\u00e1rios, impulsionando medidas preventivas e garantindo a efetividade do plano de resposta a emerg\u00eancias.<\/p>\n\n\n\n<p>Composto por representantes da Alian\u00e7a Energia \u2013 empresa respons\u00e1vel pela opera\u00e7\u00e3o da usina \u2013 e das principais institui\u00e7\u00f5es de prote\u00e7\u00e3o: Defesa Civil, Pol\u00edcia Militar e Corpo de Bombeiros, o GT atua conjuntamente para integrar estrat\u00e9gias de seguran\u00e7a. Esse trabalho coordenado assegura um planejamento preventivo eficiente e possibilita uma resposta \u00e1gil em situa\u00e7\u00f5es de risco.<\/p>\n\n\n\n<p><strong>PAE: um instrumento essencial para a seguran\u00e7a<\/strong><\/p>\n\n\n\n<p>O Plano de A\u00e7\u00e3o de Emerg\u00eancia, desenvolvido em conformidade com a Pol\u00edtica Nacional de Seguran\u00e7a de Barragens e as diretrizes da Defesa Civil, visa a prote\u00e7\u00e3o da popula\u00e7\u00e3o em caso de eventuais intercorr\u00eancias. Ele estabelece protocolos para diferentes cen\u00e1rios de emerg\u00eancia e fortalece a coopera\u00e7\u00e3o entre a Alian\u00e7a Energia e os \u00f3rg\u00e3os de prote\u00e7\u00e3o, sendo um documento fundamental que integra as a\u00e7\u00f5es de reposta de maneira complementar ao Plano de Conting\u00eancia Municipal. Para garantir sua efetividade, os munic\u00edpios localizados a jusante da barragem, na Zona de Autossalvamento, j\u00e1 contam com sistemas de alerta e rotas de fuga mapeadas, al\u00e9m de campanhas informativas voltadas \u00e0 popula\u00e7\u00e3o.<\/p>\n\n\n\n<p>Willian Rodrigues Rosa, coordenador da Usina Hidrel\u00e9trica de Funil, destaca a relev\u00e2ncia do GT na implementa\u00e7\u00e3o e valida\u00e7\u00e3o das a\u00e7\u00f5es do PAE. \u201cO grupo define atividades essenciais para aprimorar estrat\u00e9gias de preven\u00e7\u00e3o e resposta. Com esse trabalho cont\u00ednuo e estruturado, a Alian\u00e7a Energia reafirma seu compromisso com a seguran\u00e7a operacional da usina e com a ado\u00e7\u00e3o de medidas preventivas que garantam a tranquilidade da popula\u00e7\u00e3o\u201d.<\/p>\n\n\n\n<p><strong>Testes regulares das sirenes<\/strong><\/p>\n\n\n\n<p>Em 2019 esta\u00e7\u00f5es remotas que integram o sistema de alerta da Usina de Funil foram instaladas em Ribeir\u00e3o Vermelho e no bairro Niter\u00f3i, em Lavras. Os testes sonoros com mensagens de voz e som musical continuam sendo realizados mensalmente desde 2023, evidenciando que o sistema esteja sempre operante e pronto para alertar a popula\u00e7\u00e3o em caso de necessidade. Al\u00e9m disso, o acionamento das sirenes e campanhas educativas promovidas pela Alian\u00e7a Energia s\u00e3o realizados eventualmente, familiarizando a comunidade sobre os protocolos de seguran\u00e7a e os procedimentos em caso de emerg\u00eancia e garantindo a efetividade sonora do sistema de alerta.<\/p>\n\n\n\n<p><strong>A\u00e7\u00f5es comunit\u00e1rias<\/strong><\/p>\n\n\n\n<p>Entre os principais temas abordados nas reuni\u00f5es do GT est\u00e3o as a\u00e7\u00f5es de melhoria no PAE, como a ado\u00e7\u00e3o do Sistema Prox e a inclus\u00e3o dos N\u00facleos de Prote\u00e7\u00e3o e Defesa Civil (Nupdecs) nas a\u00e7\u00f5es preventivas. Formados por moradores volunt\u00e1rios das \u00e1reas mais vulner\u00e1veis, os Nupdecs desempenham um papel fundamental na dissemina\u00e7\u00e3o da cultura de preven\u00e7\u00e3o e na prepara\u00e7\u00e3o da comunidade para situa\u00e7\u00f5es de risco.<\/p>\n\n\n\n<p>Para Elivelton de Abreu Carlota, coordenador da Defesa Civil de Ribeir\u00e3o Vermelho, o grupo \u00e9 essencial para o PAE, que precisa estar sempre atualizado para informar e garantir a seguran\u00e7a da popula\u00e7\u00e3o. \u201cEstamos preparados para promover uma cultura de preven\u00e7\u00e3o, orientar sobre rotas de fuga e pontos de encontro, estabelecer sistemas de comunica\u00e7\u00e3o e alerta, al\u00e9m de coordenar a\u00e7\u00f5es conjuntas relativas ao PAE\u201d, afirma.<\/p>\n\n\n\n<p><strong>Sobre a Usina de Funil<\/strong><\/p>\n\n\n\n<p>Inaugurada em 10 de dezembro de 2002, a Usina Hidrel\u00e9trica de Funil est\u00e1 situada no rio Grande, entre os munic\u00edpios de Lavras e Perd\u00f5es, em Minas Gerais. Com pot\u00eancia instalada de 180 megawatts (MW), a usina \u00e9 capaz de fornecer energia suficiente para abastecer uma cidade com aproximadamente 500 mil habitantes.<\/p>\n","protected":false},"excerpt":{"rendered":"<p>Reuni\u00f5es regulares refor\u00e7am a parceria entre a Alian\u00e7a Energia e \u00f3rg\u00e3os de prote\u00e7\u00e3o para assegurar agilidade e efic\u00e1cia em eventuais situa\u00e7\u00f5es de risco O Grupo de Trabalho (GT) respons\u00e1vel pelo Plano de A\u00e7\u00e3o de Emerg\u00eancia (PAE) da Usina Hidrel\u00e9trica de Funil mant\u00e9m uma atua\u00e7\u00e3o estrat\u00e9gica e cont\u00ednua, voltada \u00e0 seguran\u00e7a da opera\u00e7\u00e3o da barragem e [&hellip;]<\/p>\n","protected":false},"author":5,"featured_media":167703,"comment_status":"closed","ping_status":"open","sticky":false,"template":"","format":"standard","meta":{"advgb_blocks_editor_width":"","advgb_blocks_columns_visual_guide":"","_exactmetrics_skip_tracking":false,"_exactmetrics_sitenote_active":false,"_exactmetrics_sitenote_note":"","_exactmetrics_sitenote_category":0,"footnotes":""},"categories":[7,2],"tags":[],"class_list":["post-167702","post","type-post","status-publish","format-standard","has-post-thumbnail","hentry","category-destaques","category-noticias"],"better_featured_image":{"id":167703,"alt_text":"","caption":"","description":"","media_type":"image","media_details":{"width":1280,"height":960,"file":"2025\/04\/GT-Funil.jpg","filesize":131911,"sizes":{"medium":{"file":"GT-Funil-400x300.jpg","width":400,"height":300,"mime-type":"image\/jpeg","filesize":23679,"source_url":"https:\/\/lavras.tv\/site\/wp-content\/uploads\/2025\/04\/GT-Funil-400x300.jpg"},"large":{"file":"GT-Funil-970x728.jpg","width":970,"height":728,"mime-type":"image\/jpeg","filesize":98412,"source_url":"https:\/\/lavras.tv\/site\/wp-content\/uploads\/2025\/04\/GT-Funil-970x728.jpg"},"thumbnail":{"file":"GT-Funil-170x128.jpg","width":170,"height":128,"mime-type":"image\/jpeg","filesize":5959,"source_url":"https:\/\/lavras.tv\/site\/wp-content\/uploads\/2025\/04\/GT-Funil-170x128.jpg"},"lshowcase-thumb":{"file":"GT-Funil-200x150.jpg","width":200,"height":150,"mime-type":"image\/jpeg","filesize":7706,"source_url":"https:\/\/lavras.tv\/site\/wp-content\/uploads\/2025\/04\/GT-Funil-200x150.jpg"},"alm-thumbnail":{"file":"GT-Funil-150x150.jpg","width":150,"height":150,"mime-type":"image\/jpeg","filesize":6111,"source_url":"https:\/\/lavras.tv\/site\/wp-content\/uploads\/2025\/04\/GT-Funil-150x150.jpg"}},"image_meta":{"aperture":"0","credit":"","camera":"","caption":"","created_timestamp":"0","copyright":"","focal_length":"0","iso":"0","shutter_speed":"0","title":"","orientation":"0","keywords":[]}},"post":167702,"source_url":"https:\/\/lavras.tv\/site\/wp-content\/uploads\/2025\/04\/GT-Funil.jpg"},"author_meta":{"display_name":"Vinicius Bustamante","author_link":"https:\/\/lavras.tv\/site\/author\/vinicius-bustamante\/"},"featured_img":"https:\/\/lavras.tv\/site\/wp-content\/uploads\/2025\/04\/GT-Funil-400x300.jpg","coauthors":[],"tax_additional":{"categories":{"linked":["<a href=\"https:\/\/lavras.tv\/site\/category\/destaques\/\" class=\"advgb-post-tax-term\">Destaques<\/a>","<a href=\"https:\/\/lavras.tv\/site\/category\/noticias\/\" class=\"advgb-post-tax-term\">Not\u00edcias<\/a>"],"unlinked":["<span class=\"advgb-post-tax-term\">Destaques<\/span>","<span class=\"advgb-post-tax-term\">Not\u00edcias<\/span>"]}},"comment_count":"0","relative_dates":{"created":"Publicado 1 ano atr\u00e1s","modified":"Atualizado 1 ano atr\u00e1s"},"absolute_dates":{"created":"Publicado em 10 de abril de 2025","modified":"Atualizado em 10 de abril de 2025"},"absolute_dates_time":{"created":"Publicado em 10 de abril de 2025 14:39","modified":"Atualizado em 10 de abril de 2025 14:39"},"featured_img_caption":"","series_order":"","_links":{"self":[{"href":"https:\/\/lavras.tv\/site\/wp-json\/wp\/v2\/posts\/167702","targetHints":{"allow":["GET"]}}],"collection":[{"href":"https:\/\/lavras.tv\/site\/wp-json\/wp\/v2\/posts"}],"about":[{"href":"https:\/\/lavras.tv\/site\/wp-json\/wp\/v2\/types\/post"}],"author":[{"embeddable":true,"href":"https:\/\/lavras.tv\/site\/wp-json\/wp\/v2\/users\/5"}],"replies":[{"embeddable":true,"href":"https:\/\/lavras.tv\/site\/wp-json\/wp\/v2\/comments?post=167702"}],"version-history":[{"count":1,"href":"https:\/\/lavras.tv\/site\/wp-json\/wp\/v2\/posts\/167702\/revisions"}],"predecessor-version":[{"id":167704,"href":"https:\/\/lavras.tv\/site\/wp-json\/wp\/v2\/posts\/167702\/revisions\/167704"}],"wp:featuredmedia":[{"embeddable":true,"href":"https:\/\/lavras.tv\/site\/wp-json\/wp\/v2\/media\/167703"}],"wp:attachment":[{"href":"https:\/\/lavras.tv\/site\/wp-json\/wp\/v2\/media?parent=167702"}],"wp:term":[{"taxonomy":"category","embeddable":true,"href":"https:\/\/lavras.tv\/site\/wp-json\/wp\/v2\/categories?post=167702"},{"taxonomy":"post_tag","embeddable":true,"href":"https:\/\/lavras.tv\/site\/wp-json\/wp\/v2\/tags?post=167702"}],"curies":[{"name":"wp","href":"https:\/\/api.w.org\/{rel}","templated":true}]}}