{"id":167705,"date":"2025-04-10T14:45:41","date_gmt":"2025-04-10T17:45:41","guid":{"rendered":"https:\/\/lavras.tv\/site\/?p=167705"},"modified":"2025-04-10T14:45:42","modified_gmt":"2025-04-10T17:45:42","slug":"todas-as-pessoas-devem-se-vacinar-anualmente-contra-a-gripe","status":"publish","type":"post","link":"https:\/\/lavras.tv\/site\/2025\/04\/10\/todas-as-pessoas-devem-se-vacinar-anualmente-contra-a-gripe\/","title":{"rendered":"Todas as pessoas devem se vacinar, anualmente, contra a gripe?"},"content":{"rendered":"<div class=\"lavra-antes-do-conteudo_2\" id=\"lavra-2407948412\"><div id=\"lavra-slider-27\" class=\"custom-slider lavra-slider-1689530183 lavra-slider\"><ul><li><div style=\"margin-left: auto;margin-right: auto;text-align: center;\" id=\"lavra-3498465218\"><a href=\"https:\/\/sistemas.lavras.mg.gov.br\/portalcidadao\/#df1b1a7c7b2a290bcb31e32771e610784662739a88807c0dacac58ede5f391a7530e299dc302d611ee73cb143fc22eaf93592e53e7b5bdb01b00a0b8d28dae460c141dd2ff83412e4dc1c31b16b25f33144a9e5620ea73b13f5bc1c59411d98439ad226e8af03840603796067d87afe130812cf3de24982d0e306f9e61e764e5\" aria-label=\"Lavras-TV&#8211;720x104px (1) (1)\"><img src=\"https:\/\/lavras.tv\/site\/wp-content\/uploads\/2025\/01\/Lavras-TV-720x104px-1-1.png\" alt=\"\"  srcset=\"https:\/\/lavras.tv\/site\/wp-content\/uploads\/2025\/01\/Lavras-TV-720x104px-1-1.png 720w, https:\/\/lavras.tv\/site\/wp-content\/uploads\/2025\/01\/Lavras-TV-720x104px-1-1-470x68.png 470w, https:\/\/lavras.tv\/site\/wp-content\/uploads\/2025\/01\/Lavras-TV-720x104px-1-1-170x25.png 170w, https:\/\/lavras.tv\/site\/wp-content\/uploads\/2025\/01\/Lavras-TV-720x104px-1-1-200x29.png 200w\" sizes=\"(max-width: 720px) 100vw, 720px\" width=\"720\" height=\"104\"  style=\"display: inline-block;\" \/><\/a><\/div><\/li><li><a href=\"https:\/\/sistemas.lavras.mg.gov.br\/portalcidadao\/#df1b1a7c7b2a290bcb31e32771e610784662739a88807c0dacac58ede5f391a7530e299dc302d611ee73cb143fc22eaf93592e53e7b5bdb01b00a0b8d28dae460c141dd2ff83412e4dc1c31b16b25f33144a9e5620ea73b13f5bc1c59411d98439ad226e8af03840603796067d87afe130812cf3de24982d0e306f9e61e764e5\" aria-label=\"Banner_Emprego_PortallavrasTV\"><img src=\"https:\/\/lavras.tv\/site\/wp-content\/uploads\/2025\/03\/Banner_Emprego_PortallavrasTV.png\" alt=\"\"  srcset=\"https:\/\/lavras.tv\/site\/wp-content\/uploads\/2025\/03\/Banner_Emprego_PortallavrasTV.png 720w, https:\/\/lavras.tv\/site\/wp-content\/uploads\/2025\/03\/Banner_Emprego_PortallavrasTV-470x68.png 470w, https:\/\/lavras.tv\/site\/wp-content\/uploads\/2025\/03\/Banner_Emprego_PortallavrasTV-170x25.png 170w, https:\/\/lavras.tv\/site\/wp-content\/uploads\/2025\/03\/Banner_Emprego_PortallavrasTV-200x29.png 200w\" sizes=\"(max-width: 720px) 100vw, 720px\" width=\"720\" height=\"104\"   \/><\/a><\/li><li><a href=\"https:\/\/sistemas.lavras.mg.gov.br\/portalcidadao\/#df1b1a7c7b2a290bcb31e32771e610784662739a88807c0dacac58ede5f391a7530e299dc302d611ee73cb143fc22eaf93592e53e7b5bdb01b00a0b8d28dae460c141dd2ff83412e4dc1c31b16b25f33144a9e5620ea73b13f5bc1c59411d98439ad226e8af03840603796067d87afe130812cf3de24982d0e306f9e61e764e5\" aria-label=\"Banner_Obras_PortallavrasTV\"><img src=\"https:\/\/lavras.tv\/site\/wp-content\/uploads\/2025\/03\/Banner_Obras_PortallavrasTV.png\" alt=\"\"  srcset=\"https:\/\/lavras.tv\/site\/wp-content\/uploads\/2025\/03\/Banner_Obras_PortallavrasTV.png 720w, https:\/\/lavras.tv\/site\/wp-content\/uploads\/2025\/03\/Banner_Obras_PortallavrasTV-470x68.png 470w, https:\/\/lavras.tv\/site\/wp-content\/uploads\/2025\/03\/Banner_Obras_PortallavrasTV-170x25.png 170w, https:\/\/lavras.tv\/site\/wp-content\/uploads\/2025\/03\/Banner_Obras_PortallavrasTV-200x29.png 200w\" sizes=\"(max-width: 720px) 100vw, 720px\" width=\"720\" height=\"104\"   \/><\/a><\/li><li><div style=\"margin-left: auto;margin-right: auto;text-align: center;\" id=\"lavra-4183931593\"><a href=\"https:\/\/sistemas.lavras.mg.gov.br\/portalcidadao\/#df1b1a7c7b2a290bcb31e32771e610784662739a88807c0dacac58ede5f391a7530e299dc302d611ee73cb143fc22eaf93592e53e7b5bdb01b00a0b8d28dae460c141dd2ff83412e4dc1c31b16b25f33144a9e5620ea73b13f5bc1c59411d98439ad226e8af03840603796067d87afe130812cf3de24982d0e306f9e61e764e5\" aria-label=\"Banner_Educa\u00e7\u00e3o_PortallavrasTV\"><img src=\"https:\/\/lavras.tv\/site\/wp-content\/uploads\/2025\/01\/Banner_Educacao_PortallavrasTV.png\" alt=\"\"  srcset=\"https:\/\/lavras.tv\/site\/wp-content\/uploads\/2025\/01\/Banner_Educacao_PortallavrasTV.png 720w, https:\/\/lavras.tv\/site\/wp-content\/uploads\/2025\/01\/Banner_Educacao_PortallavrasTV-470x68.png 470w, https:\/\/lavras.tv\/site\/wp-content\/uploads\/2025\/01\/Banner_Educacao_PortallavrasTV-170x25.png 170w, https:\/\/lavras.tv\/site\/wp-content\/uploads\/2025\/01\/Banner_Educacao_PortallavrasTV-200x29.png 200w\" sizes=\"(max-width: 720px) 100vw, 720px\" width=\"720\" height=\"104\"  style=\"display: inline-block;\" \/><\/a><\/div><\/li><li><a href=\"https:\/\/sistemas.lavras.mg.gov.br\/portalcidadao\/#df1b1a7c7b2a290bcb31e32771e610784662739a88807c0dacac58ede5f391a7530e299dc302d611ee73cb143fc22eaf93592e53e7b5bdb01b00a0b8d28dae460c141dd2ff83412e4dc1c31b16b25f33144a9e5620ea73b13f5bc1c59411d98439ad226e8af03840603796067d87afe130812cf3de24982d0e306f9e61e764e5\" aria-label=\"Banner_Sa\u00fade_PortallavrasTV\"><img src=\"https:\/\/lavras.tv\/site\/wp-content\/uploads\/2025\/03\/Banner_Saude_PortallavrasTV.png\" alt=\"\"  srcset=\"https:\/\/lavras.tv\/site\/wp-content\/uploads\/2025\/03\/Banner_Saude_PortallavrasTV.png 720w, https:\/\/lavras.tv\/site\/wp-content\/uploads\/2025\/03\/Banner_Saude_PortallavrasTV-470x68.png 470w, https:\/\/lavras.tv\/site\/wp-content\/uploads\/2025\/03\/Banner_Saude_PortallavrasTV-170x25.png 170w, https:\/\/lavras.tv\/site\/wp-content\/uploads\/2025\/03\/Banner_Saude_PortallavrasTV-200x29.png 200w\" sizes=\"(max-width: 720px) 100vw, 720px\" width=\"720\" height=\"104\"   \/><\/a><\/li><li><div id=\"lavra-1431672416\" style=\"width:720px;height:104px;background-color:#ddd;overflow:scroll;\">\n\t<strong>Sa\u00edda da depura\u00e7\u00e3o de an\u00fancios<\/strong>\n\t<br><br>\n\tO an\u00fancio n\u00e3o \u00e9 exibido na p\u00e1gina<br><br>post atual: Todas as pessoas devem se vacinar, anualmente, contra a gripe?, ID: 167705<br><br><span style=\"color: red;\">O post atual n\u00e3o \u00e9 id\u00eantico ao post principal.<\/span><br><br>An\u00fancios: ROXO - TOPO INTERNA - ROTATIVO 2 (197)<br \/>Grupo de an\u00fancios: Princ_Meio01_720x104 (27)<br><br>Condi\u00e7\u00f5es de exibi\u00e7\u00e3o<div style=\"margin-bottom: 20px; white-space: pre-wrap; font-family: monospace; width: 100%; background: #ffe9e9;\"><strong>condi\u00e7\u00f5es gerais<\/strong><table border=\"1\"><thead><tr><th><\/th><th>An\u00fancios<\/th><th>wp_the_query<\/th><\/tr><\/thead><tr><td>is_main_query<\/td><td>1<\/td><td>1<\/td><\/tr><tr><td>is_rest_api<\/td><td>0<\/td><td>1<\/td><\/tr><tr><td>page<\/td><td>0<\/td><td>1<\/td><\/tr><tr><td>numpages<\/td><td>0<\/td><td>1<\/td><\/tr><tr><td>is_archive<\/td><td>1<\/td><td><\/td><\/tr><tr><td>is_search<\/td><td>1<\/td><td><\/td><\/tr><tr><td>is_home<\/td><td>1<\/td><td><\/td><\/tr><tr><td>is_404<\/td><td>1<\/td><td><\/td><\/tr><tr><td>is_attachment<\/td><td>1<\/td><td><\/td><\/tr><tr><td>is_singular<\/td><td>1<\/td><td><\/td><\/tr><tr><td>is_front_page<\/td><td>1<\/td><td><\/td><\/tr><tr><td>is_feed<\/td><td>1<\/td><td><\/td><\/tr><\/table><\/div><br><br><span style=\"color: red;\">Seu site usa HTTPS, mas o c\u00f3digo do an\u00fancio cont\u00e9m HTTP e pode n\u00e3o funcionar.<\/span>\t<br><br>\n\t<a style=\"color: green;\" href=\"https:\/\/wpadvancedads.com\/manual\/ad-debug-mode\/?utm_source=advanced-ads&utm_medium=link&utm_campaign=ad-debug-mode\" target=\"_blank\" rel=\"nofollow\">Encontre solu\u00e7\u00f5es no manual<\/a>\n<\/div>\n<\/li><\/ul><\/div><script>( window.advanced_ads_ready || jQuery( document ).ready ).call( null, function() {var $lavraslider1689530183 = jQuery( \".lavra-slider-1689530183\" );$lavraslider1689530183.on( \"unslider.ready\", function() { jQuery( \"div.custom-slider ul li\" ).css( \"display\", \"block\" ); });$lavraslider1689530183.unslider({ delay:4000, autoplay:true, nav:false, arrows:false, infinite:true });$lavraslider1689530183.on(\"mouseover\", function() {$lavraslider1689530183.unslider(\"stop\");}).on(\"mouseout\", function() {$lavraslider1689530183.unslider(\"start\");});});<\/script><\/div>\n<p>A doen\u00e7a \u00e9 causada pelo v\u00edrus influenza dos tipos A e B. Diferentemente de um resfriado comum, \u00e9 caracterizada por um quadro com sintomas mais intensos<\/p>\n\n\n\n<figure class=\"wp-block-image size-large\"><img fetchpriority=\"high\" decoding=\"async\" width=\"970\" height=\"582\" src=\"https:\/\/lavras.tv\/site\/wp-content\/uploads\/2025\/04\/1_gripe_vacina-49426391-970x582.jpg\" alt=\"\" class=\"wp-image-167706\" srcset=\"https:\/\/lavras.tv\/site\/wp-content\/uploads\/2025\/04\/1_gripe_vacina-49426391-970x582.jpg 970w, https:\/\/lavras.tv\/site\/wp-content\/uploads\/2025\/04\/1_gripe_vacina-49426391-470x282.jpg 470w, https:\/\/lavras.tv\/site\/wp-content\/uploads\/2025\/04\/1_gripe_vacina-49426391-170x102.jpg 170w, https:\/\/lavras.tv\/site\/wp-content\/uploads\/2025\/04\/1_gripe_vacina-49426391-200x120.jpg 200w, https:\/\/lavras.tv\/site\/wp-content\/uploads\/2025\/04\/1_gripe_vacina-49426391.jpg 1200w\" sizes=\"(max-width: 970px) 100vw, 970px\" \/><\/figure>\n\n\n\n<p>Estamos chegando na temporada em que o\u00a0<strong><a href=\"https:\/\/www.em.com.br\/saude\/2024\/11\/6990002-qual-a-diferenca-entre-os-tipos-de-influenza-a-b-e-c.html\" target=\"_blank\" rel=\"noreferrer noopener\">v\u00edrus da influenza<\/a><\/strong>\u00a0circula mais. Nesta semana, teve in\u00edcio a\u00a0<strong><a href=\"https:\/\/www.em.com.br\/saude\/2025\/04\/7106121-campanha-nacional-de-vacinacao-contra-a-gripe-tem-inicio-no-brasil.html\" target=\"_blank\" rel=\"noreferrer noopener\">campanha de vacina\u00e7\u00e3o contra a gripe<\/a><\/strong>\u00a0promovida pelo Governo Federal para os p\u00fablicos-alvo. \u00c9 fundamental refor\u00e7ar a import\u00e2ncia da imuniza\u00e7\u00e3o para a sa\u00fade p\u00fablica, j\u00e1 que a vacina\u00e7\u00e3o anual contra a influenza \u00e9 uma das medidas mais eficazes para prevenir complica\u00e7\u00f5es graves, reduzir interna\u00e7\u00f5es e \u00f3bitos associados ao v\u00edrus.\u00a0<\/p>\n\n\n\n<p>Segundo o epidemiologista do Hermes Pardini, Jos\u00e9 Geraldo Leite Ribeiro, embora, geralmente, o v\u00edrus cause formas mais graves da gripe em indiv\u00edduos abaixo de dois anos e acima de 60 (inclu\u00eddos nos p\u00fablicos-alvo da campanha no SUS), vale alertar que qualquer pessoa pode ter uma gripe grave. \u201cPor isso, \u00e9 importante que a vacina influenza ou vacina gripe, como \u00e9 popularmente conhecida, seja aplicada em todas as pessoas acima dos seis meses de idade\u201d. As pessoas que n\u00e3o se enquadram na faixa et\u00e1ria para receber a vacina pelo SUS, podem recorrer \u00e0 rede privada.<\/p>\n\n\n\n<p>O m\u00e9dico esclarece ainda que, acima de 60 anos de idade, as vacinas tradicionais da gripe t\u00eam uma prote\u00e7\u00e3o menor do que abaixo desta idade. E de acordo com ele, em decorr\u00eancia disso, foi criada uma vacina especial para o maior de 60 anos de idade, a Efluelda &#8211; vacina Alta Dosagem, com 4 vezes mais ant\u00edgenos que a vacina quadrivalente normal. Portanto, ela \u00e9 mais eficaz do que a vacina comum e s\u00f3 est\u00e1 dispon\u00edvel nos servi\u00e7os privados de vacina\u00e7\u00e3o.<\/p>\n\n\n\n<p>A gripe \u00e9 uma infec\u00e7\u00e3o aguda do sistema respirat\u00f3rio com alto potencial de transmiss\u00e3o. Seus principais sintomas incluem febre, dor de garganta, tosse, dores no corpo e na cabe\u00e7a. A vacina\u00e7\u00e3o n\u00e3o s\u00f3 protege o indiv\u00edduo vacinado, mas tamb\u00e9m contribui para a diminui\u00e7\u00e3o da dissemina\u00e7\u00e3o do v\u00edrus na comunidade, especialmente entre os grupos mais vulner\u00e1veis, como crian\u00e7as, idosos e pessoas com doen\u00e7as cr\u00f4nicas.\u00a0<\/p>\n\n\n\n<h2 class=\"wp-block-heading\">Vacinas dispon\u00edveis:<\/h2>\n\n\n\n<p><strong>&#8211; Vacina Trivalente:<\/strong>&nbsp;oferecida pelo Sistema \u00danico de Sa\u00fade (SUS), protege contra tr\u00eas cepas do v\u00edrus influenza: duas do tipo A (H1N1 e H3N2) e uma do tipo B.&nbsp;<\/p>\n\n\n\n<p><strong>&#8211; Vacina Tetravalente:<\/strong>&nbsp;dispon\u00edvel na rede privada, inclui uma segunda cepa do tipo B, oferecendo cobertura contra quatro variantes do v\u00edrus.&nbsp;<\/p>\n\n\n\n<p><strong>&#8211; Vacina Quadrivalente Alta dosagem:<\/strong>&nbsp;dispon\u00edvel na rede privada, \u00e9 uma vacina de alta concentra\u00e7\u00e3o, que garante uma resposta imune mais potente e eficaz para pessoas maiores de 60 anos.<\/p>\n\n\n\n<p>A vacina influenza tetravalente 2025 \u00e9 composta pelas cepas:<\/p>\n\n\n\n<ul class=\"wp-block-list\">\n<li>Cepa tipo (A\/Victoria\/4897\/2022) (H1N1)<\/li>\n\n\n\n<li>Cepa tipo (A\/Croatia\/10136RV\/2023) (H3N2)<\/li>\n\n\n\n<li>Cepa tipo (B\/Michigan\/01\/2021) (Linhagem Victoria)<\/li>\n\n\n\n<li>Cepa tipo (B\/Phuket\/3073\/2013) (Linhagem Yamagata).<\/li>\n<\/ul>\n\n\n\n<p>A vacina tetravalente, dispon\u00edvel na rede privada, possui prote\u00e7\u00e3o contra quatro diferentes cepas do v\u00edrus influenza: 2 cepas A (H1N1 e H3N2) e 2 linhagens B (Yamagata e Victoria), o que significa 1 linhagem B a mais que as vacinas trivalentes.<\/p>\n\n\n\n<p>A Organiza\u00e7\u00e3o Mundial da Sa\u00fade monitora as cepas em circula\u00e7\u00e3o e recomenda a composi\u00e7\u00e3o das vacinas para cada temporada, garantindo maior efic\u00e1cia na prote\u00e7\u00e3o. A composi\u00e7\u00e3o \u00e9 revisada anualmente pela OMS atrav\u00e9s de intenso sistema de vigil\u00e2ncia epidemiol\u00f3gica, o qual define as cepas circulantes tanto no Hemisf\u00e9rio Sul, quanto no Norte. A atualiza\u00e7\u00e3o anual da vacina \u00e9 necess\u00e1ria devido \u00e0s constantes muta\u00e7\u00f5es do v\u00edrus influenza.&nbsp;<\/p>\n\n\n\n<p>\u00a0\u201c\u00c9 importante destacar que a vacina contra a gripe \u00e9 segura e n\u00e3o causa a doen\u00e7a. Os imunizantes passam por rigorosos processos de avalia\u00e7\u00e3o e s\u00e3o monitorados continuamente quanto a efeitos adversos. Ao se vacinar, voc\u00ea protege a si mesmo e contribui para a sa\u00fade coletiva, ajudando a reduzir a circula\u00e7\u00e3o do v\u00edrus e a prevenir surtos. N\u00e3o deixe de participar da campanha de vacina\u00e7\u00e3o e incentive colegas, amigos e familiares a fazerem o mesmo\u201d, recomenda o especialista.<\/p>\n","protected":false},"excerpt":{"rendered":"<p>A doen\u00e7a \u00e9 causada pelo v\u00edrus influenza dos tipos A e B. Diferentemente de um resfriado comum, \u00e9 caracterizada por um quadro com sintomas mais intensos Estamos chegando na temporada em que o\u00a0v\u00edrus da influenza\u00a0circula mais. Nesta semana, teve in\u00edcio a\u00a0campanha de vacina\u00e7\u00e3o contra a gripe\u00a0promovida pelo Governo Federal para os p\u00fablicos-alvo. \u00c9 fundamental refor\u00e7ar [&hellip;]<\/p>\n","protected":false},"author":5,"featured_media":167706,"comment_status":"closed","ping_status":"open","sticky":false,"template":"","format":"standard","meta":{"advgb_blocks_editor_width":"","advgb_blocks_columns_visual_guide":"","_exactmetrics_skip_tracking":false,"_exactmetrics_sitenote_active":false,"_exactmetrics_sitenote_note":"","_exactmetrics_sitenote_category":0,"footnotes":""},"categories":[7,2,5749],"tags":[],"class_list":["post-167705","post","type-post","status-publish","format-standard","has-post-thumbnail","hentry","category-destaques","category-noticias","category-saude"],"better_featured_image":{"id":167706,"alt_text":"","caption":"","description":"","media_type":"image","media_details":{"width":1200,"height":720,"file":"2025\/04\/1_gripe_vacina-49426391.jpg","filesize":132508,"sizes":{"medium":{"file":"1_gripe_vacina-49426391-470x282.jpg","width":470,"height":282,"mime-type":"image\/jpeg","filesize":21129,"source_url":"https:\/\/lavras.tv\/site\/wp-content\/uploads\/2025\/04\/1_gripe_vacina-49426391-470x282.jpg"},"large":{"file":"1_gripe_vacina-49426391-970x582.jpg","width":970,"height":582,"mime-type":"image\/jpeg","filesize":63935,"source_url":"https:\/\/lavras.tv\/site\/wp-content\/uploads\/2025\/04\/1_gripe_vacina-49426391-970x582.jpg"},"thumbnail":{"file":"1_gripe_vacina-49426391-170x102.jpg","width":170,"height":102,"mime-type":"image\/jpeg","filesize":4831,"source_url":"https:\/\/lavras.tv\/site\/wp-content\/uploads\/2025\/04\/1_gripe_vacina-49426391-170x102.jpg"},"lshowcase-thumb":{"file":"1_gripe_vacina-49426391-200x120.jpg","width":200,"height":120,"mime-type":"image\/jpeg","filesize":5956,"source_url":"https:\/\/lavras.tv\/site\/wp-content\/uploads\/2025\/04\/1_gripe_vacina-49426391-200x120.jpg"},"alm-thumbnail":{"file":"1_gripe_vacina-49426391-150x150.jpg","width":150,"height":150,"mime-type":"image\/jpeg","filesize":5454,"source_url":"https:\/\/lavras.tv\/site\/wp-content\/uploads\/2025\/04\/1_gripe_vacina-49426391-150x150.jpg"}},"image_meta":{"aperture":"0","credit":"","camera":"","caption":"","created_timestamp":"0","copyright":"","focal_length":"0","iso":"0","shutter_speed":"0","title":"","orientation":"0","keywords":[]}},"post":167705,"source_url":"https:\/\/lavras.tv\/site\/wp-content\/uploads\/2025\/04\/1_gripe_vacina-49426391.jpg"},"author_meta":{"display_name":"Vinicius Bustamante","author_link":"https:\/\/lavras.tv\/site\/author\/vinicius-bustamante\/"},"featured_img":"https:\/\/lavras.tv\/site\/wp-content\/uploads\/2025\/04\/1_gripe_vacina-49426391-470x282.jpg","coauthors":[],"tax_additional":{"categories":{"linked":["<a href=\"https:\/\/lavras.tv\/site\/category\/destaques\/\" class=\"advgb-post-tax-term\">Destaques<\/a>","<a href=\"https:\/\/lavras.tv\/site\/category\/noticias\/\" class=\"advgb-post-tax-term\">Not\u00edcias<\/a>","<a href=\"https:\/\/lavras.tv\/site\/category\/saude\/\" class=\"advgb-post-tax-term\">Sa\u00fade<\/a>"],"unlinked":["<span class=\"advgb-post-tax-term\">Destaques<\/span>","<span class=\"advgb-post-tax-term\">Not\u00edcias<\/span>","<span class=\"advgb-post-tax-term\">Sa\u00fade<\/span>"]}},"comment_count":"0","relative_dates":{"created":"Publicado 1 ano atr\u00e1s","modified":"Atualizado 1 ano atr\u00e1s"},"absolute_dates":{"created":"Publicado em 10 de abril de 2025","modified":"Atualizado em 10 de abril de 2025"},"absolute_dates_time":{"created":"Publicado em 10 de abril de 2025 14:45","modified":"Atualizado em 10 de abril de 2025 14:45"},"featured_img_caption":"","series_order":"","_links":{"self":[{"href":"https:\/\/lavras.tv\/site\/wp-json\/wp\/v2\/posts\/167705","targetHints":{"allow":["GET"]}}],"collection":[{"href":"https:\/\/lavras.tv\/site\/wp-json\/wp\/v2\/posts"}],"about":[{"href":"https:\/\/lavras.tv\/site\/wp-json\/wp\/v2\/types\/post"}],"author":[{"embeddable":true,"href":"https:\/\/lavras.tv\/site\/wp-json\/wp\/v2\/users\/5"}],"replies":[{"embeddable":true,"href":"https:\/\/lavras.tv\/site\/wp-json\/wp\/v2\/comments?post=167705"}],"version-history":[{"count":1,"href":"https:\/\/lavras.tv\/site\/wp-json\/wp\/v2\/posts\/167705\/revisions"}],"predecessor-version":[{"id":167717,"href":"https:\/\/lavras.tv\/site\/wp-json\/wp\/v2\/posts\/167705\/revisions\/167717"}],"wp:featuredmedia":[{"embeddable":true,"href":"https:\/\/lavras.tv\/site\/wp-json\/wp\/v2\/media\/167706"}],"wp:attachment":[{"href":"https:\/\/lavras.tv\/site\/wp-json\/wp\/v2\/media?parent=167705"}],"wp:term":[{"taxonomy":"category","embeddable":true,"href":"https:\/\/lavras.tv\/site\/wp-json\/wp\/v2\/categories?post=167705"},{"taxonomy":"post_tag","embeddable":true,"href":"https:\/\/lavras.tv\/site\/wp-json\/wp\/v2\/tags?post=167705"}],"curies":[{"name":"wp","href":"https:\/\/api.w.org\/{rel}","templated":true}]}}