{"id":167718,"date":"2025-04-10T14:57:46","date_gmt":"2025-04-10T17:57:46","guid":{"rendered":"https:\/\/lavras.tv\/site\/?p=167718"},"modified":"2025-04-10T14:57:47","modified_gmt":"2025-04-10T17:57:47","slug":"homem-e-demitido-por-justa-causa-por-uso-de-cocaina-durante-o-expediente","status":"publish","type":"post","link":"https:\/\/lavras.tv\/site\/2025\/04\/10\/homem-e-demitido-por-justa-causa-por-uso-de-cocaina-durante-o-expediente\/","title":{"rendered":"Homem \u00e9 demitido por justa causa por uso de coca\u00edna durante o expediente"},"content":{"rendered":"<div class=\"lavra-antes-do-conteudo_2\" id=\"lavra-3302427404\"><div id=\"lavra-slider-27\" class=\"custom-slider lavra-slider-2495293783 lavra-slider\"><ul><li><div style=\"margin-left: auto;margin-right: auto;text-align: center;\" id=\"lavra-996373858\"><a href=\"https:\/\/sistemas.lavras.mg.gov.br\/portalcidadao\/#df1b1a7c7b2a290bcb31e32771e610784662739a88807c0dacac58ede5f391a7530e299dc302d611ee73cb143fc22eaf93592e53e7b5bdb01b00a0b8d28dae460c141dd2ff83412e4dc1c31b16b25f33144a9e5620ea73b13f5bc1c59411d98439ad226e8af03840603796067d87afe130812cf3de24982d0e306f9e61e764e5\" aria-label=\"Lavras-TV&#8211;720x104px (1) (1)\"><img src=\"https:\/\/lavras.tv\/site\/wp-content\/uploads\/2025\/01\/Lavras-TV-720x104px-1-1.png\" alt=\"\"  srcset=\"https:\/\/lavras.tv\/site\/wp-content\/uploads\/2025\/01\/Lavras-TV-720x104px-1-1.png 720w, https:\/\/lavras.tv\/site\/wp-content\/uploads\/2025\/01\/Lavras-TV-720x104px-1-1-470x68.png 470w, https:\/\/lavras.tv\/site\/wp-content\/uploads\/2025\/01\/Lavras-TV-720x104px-1-1-170x25.png 170w, https:\/\/lavras.tv\/site\/wp-content\/uploads\/2025\/01\/Lavras-TV-720x104px-1-1-200x29.png 200w\" sizes=\"(max-width: 720px) 100vw, 720px\" width=\"720\" height=\"104\"  style=\"display: inline-block;\" \/><\/a><\/div><\/li><li><a href=\"https:\/\/sistemas.lavras.mg.gov.br\/portalcidadao\/#df1b1a7c7b2a290bcb31e32771e610784662739a88807c0dacac58ede5f391a7530e299dc302d611ee73cb143fc22eaf93592e53e7b5bdb01b00a0b8d28dae460c141dd2ff83412e4dc1c31b16b25f33144a9e5620ea73b13f5bc1c59411d98439ad226e8af03840603796067d87afe130812cf3de24982d0e306f9e61e764e5\" aria-label=\"Banner_Emprego_PortallavrasTV\"><img src=\"https:\/\/lavras.tv\/site\/wp-content\/uploads\/2025\/03\/Banner_Emprego_PortallavrasTV.png\" alt=\"\"  srcset=\"https:\/\/lavras.tv\/site\/wp-content\/uploads\/2025\/03\/Banner_Emprego_PortallavrasTV.png 720w, https:\/\/lavras.tv\/site\/wp-content\/uploads\/2025\/03\/Banner_Emprego_PortallavrasTV-470x68.png 470w, https:\/\/lavras.tv\/site\/wp-content\/uploads\/2025\/03\/Banner_Emprego_PortallavrasTV-170x25.png 170w, https:\/\/lavras.tv\/site\/wp-content\/uploads\/2025\/03\/Banner_Emprego_PortallavrasTV-200x29.png 200w\" sizes=\"(max-width: 720px) 100vw, 720px\" width=\"720\" height=\"104\"   \/><\/a><\/li><li><a href=\"https:\/\/sistemas.lavras.mg.gov.br\/portalcidadao\/#df1b1a7c7b2a290bcb31e32771e610784662739a88807c0dacac58ede5f391a7530e299dc302d611ee73cb143fc22eaf93592e53e7b5bdb01b00a0b8d28dae460c141dd2ff83412e4dc1c31b16b25f33144a9e5620ea73b13f5bc1c59411d98439ad226e8af03840603796067d87afe130812cf3de24982d0e306f9e61e764e5\" aria-label=\"Banner_Obras_PortallavrasTV\"><img src=\"https:\/\/lavras.tv\/site\/wp-content\/uploads\/2025\/03\/Banner_Obras_PortallavrasTV.png\" alt=\"\"  srcset=\"https:\/\/lavras.tv\/site\/wp-content\/uploads\/2025\/03\/Banner_Obras_PortallavrasTV.png 720w, https:\/\/lavras.tv\/site\/wp-content\/uploads\/2025\/03\/Banner_Obras_PortallavrasTV-470x68.png 470w, https:\/\/lavras.tv\/site\/wp-content\/uploads\/2025\/03\/Banner_Obras_PortallavrasTV-170x25.png 170w, https:\/\/lavras.tv\/site\/wp-content\/uploads\/2025\/03\/Banner_Obras_PortallavrasTV-200x29.png 200w\" sizes=\"(max-width: 720px) 100vw, 720px\" width=\"720\" height=\"104\"   \/><\/a><\/li><li><div style=\"margin-left: auto;margin-right: auto;text-align: center;\" id=\"lavra-2040271682\"><a href=\"https:\/\/sistemas.lavras.mg.gov.br\/portalcidadao\/#df1b1a7c7b2a290bcb31e32771e610784662739a88807c0dacac58ede5f391a7530e299dc302d611ee73cb143fc22eaf93592e53e7b5bdb01b00a0b8d28dae460c141dd2ff83412e4dc1c31b16b25f33144a9e5620ea73b13f5bc1c59411d98439ad226e8af03840603796067d87afe130812cf3de24982d0e306f9e61e764e5\" aria-label=\"Banner_Educa\u00e7\u00e3o_PortallavrasTV\"><img src=\"https:\/\/lavras.tv\/site\/wp-content\/uploads\/2025\/01\/Banner_Educacao_PortallavrasTV.png\" alt=\"\"  srcset=\"https:\/\/lavras.tv\/site\/wp-content\/uploads\/2025\/01\/Banner_Educacao_PortallavrasTV.png 720w, https:\/\/lavras.tv\/site\/wp-content\/uploads\/2025\/01\/Banner_Educacao_PortallavrasTV-470x68.png 470w, https:\/\/lavras.tv\/site\/wp-content\/uploads\/2025\/01\/Banner_Educacao_PortallavrasTV-170x25.png 170w, https:\/\/lavras.tv\/site\/wp-content\/uploads\/2025\/01\/Banner_Educacao_PortallavrasTV-200x29.png 200w\" sizes=\"(max-width: 720px) 100vw, 720px\" width=\"720\" height=\"104\"  style=\"display: inline-block;\" \/><\/a><\/div><\/li><li><a href=\"https:\/\/sistemas.lavras.mg.gov.br\/portalcidadao\/#df1b1a7c7b2a290bcb31e32771e610784662739a88807c0dacac58ede5f391a7530e299dc302d611ee73cb143fc22eaf93592e53e7b5bdb01b00a0b8d28dae460c141dd2ff83412e4dc1c31b16b25f33144a9e5620ea73b13f5bc1c59411d98439ad226e8af03840603796067d87afe130812cf3de24982d0e306f9e61e764e5\" aria-label=\"Banner_Sa\u00fade_PortallavrasTV\"><img src=\"https:\/\/lavras.tv\/site\/wp-content\/uploads\/2025\/03\/Banner_Saude_PortallavrasTV.png\" alt=\"\"  srcset=\"https:\/\/lavras.tv\/site\/wp-content\/uploads\/2025\/03\/Banner_Saude_PortallavrasTV.png 720w, https:\/\/lavras.tv\/site\/wp-content\/uploads\/2025\/03\/Banner_Saude_PortallavrasTV-470x68.png 470w, https:\/\/lavras.tv\/site\/wp-content\/uploads\/2025\/03\/Banner_Saude_PortallavrasTV-170x25.png 170w, https:\/\/lavras.tv\/site\/wp-content\/uploads\/2025\/03\/Banner_Saude_PortallavrasTV-200x29.png 200w\" sizes=\"(max-width: 720px) 100vw, 720px\" width=\"720\" height=\"104\"   \/><\/a><\/li><li><div id=\"lavra-512570525\" style=\"width:720px;height:104px;background-color:#ddd;overflow:scroll;\">\n\t<strong>Sa\u00edda da depura\u00e7\u00e3o de an\u00fancios<\/strong>\n\t<br><br>\n\tO an\u00fancio n\u00e3o \u00e9 exibido na p\u00e1gina<br><br>post atual: Homem \u00e9 demitido por justa causa por uso de coca\u00edna durante o expediente, ID: 167718<br><br><span style=\"color: red;\">O post atual n\u00e3o \u00e9 id\u00eantico ao post principal.<\/span><br><br>An\u00fancios: ROXO - TOPO INTERNA - ROTATIVO 2 (197)<br \/>Grupo de an\u00fancios: Princ_Meio01_720x104 (27)<br><br>Condi\u00e7\u00f5es de exibi\u00e7\u00e3o<div style=\"margin-bottom: 20px; white-space: pre-wrap; font-family: monospace; width: 100%; background: #ffe9e9;\"><strong>condi\u00e7\u00f5es gerais<\/strong><table border=\"1\"><thead><tr><th><\/th><th>An\u00fancios<\/th><th>wp_the_query<\/th><\/tr><\/thead><tr><td>is_main_query<\/td><td>1<\/td><td>1<\/td><\/tr><tr><td>is_rest_api<\/td><td>0<\/td><td>1<\/td><\/tr><tr><td>page<\/td><td>0<\/td><td>1<\/td><\/tr><tr><td>numpages<\/td><td>0<\/td><td>1<\/td><\/tr><tr><td>is_archive<\/td><td>1<\/td><td><\/td><\/tr><tr><td>is_search<\/td><td>1<\/td><td><\/td><\/tr><tr><td>is_home<\/td><td>1<\/td><td><\/td><\/tr><tr><td>is_404<\/td><td>1<\/td><td><\/td><\/tr><tr><td>is_attachment<\/td><td>1<\/td><td><\/td><\/tr><tr><td>is_singular<\/td><td>1<\/td><td><\/td><\/tr><tr><td>is_front_page<\/td><td>1<\/td><td><\/td><\/tr><tr><td>is_feed<\/td><td>1<\/td><td><\/td><\/tr><\/table><\/div><br><br><span style=\"color: red;\">Seu site usa HTTPS, mas o c\u00f3digo do an\u00fancio cont\u00e9m HTTP e pode n\u00e3o funcionar.<\/span>\t<br><br>\n\t<a style=\"color: green;\" href=\"https:\/\/wpadvancedads.com\/manual\/ad-debug-mode\/?utm_source=advanced-ads&utm_medium=link&utm_campaign=ad-debug-mode\" target=\"_blank\" rel=\"nofollow\">Encontre solu\u00e7\u00f5es no manual<\/a>\n<\/div>\n<\/li><\/ul><\/div><script>( window.advanced_ads_ready || jQuery( document ).ready ).call( null, function() {var $lavraslider2495293783 = jQuery( \".lavra-slider-2495293783\" );$lavraslider2495293783.on( \"unslider.ready\", function() { jQuery( \"div.custom-slider ul li\" ).css( \"display\", \"block\" ); });$lavraslider2495293783.unslider({ delay:4000, autoplay:true, nav:false, arrows:false, infinite:true });$lavraslider2495293783.on(\"mouseover\", function() {$lavraslider2495293783.unslider(\"stop\");}).on(\"mouseout\", function() {$lavraslider2495293783.unslider(\"start\");});});<\/script><\/div>\n<p>A decis\u00e3o da Vara do Trabalho de Lavras confirmou a dispensa por falta grave do funcion\u00e1rio da construtora<\/p>\n\n\n\n<figure class=\"wp-block-image size-large\"><img fetchpriority=\"high\" decoding=\"async\" width=\"970\" height=\"582\" src=\"https:\/\/lavras.tv\/site\/wp-content\/uploads\/2025\/04\/1_onde_fazer_exame_de_toxicologia-49471219-970x582.jpg\" alt=\"\" class=\"wp-image-167719\" srcset=\"https:\/\/lavras.tv\/site\/wp-content\/uploads\/2025\/04\/1_onde_fazer_exame_de_toxicologia-49471219-970x582.jpg 970w, https:\/\/lavras.tv\/site\/wp-content\/uploads\/2025\/04\/1_onde_fazer_exame_de_toxicologia-49471219-470x282.jpg 470w, https:\/\/lavras.tv\/site\/wp-content\/uploads\/2025\/04\/1_onde_fazer_exame_de_toxicologia-49471219-170x102.jpg 170w, https:\/\/lavras.tv\/site\/wp-content\/uploads\/2025\/04\/1_onde_fazer_exame_de_toxicologia-49471219-200x120.jpg 200w, https:\/\/lavras.tv\/site\/wp-content\/uploads\/2025\/04\/1_onde_fazer_exame_de_toxicologia-49471219.jpg 1200w\" sizes=\"(max-width: 970px) 100vw, 970px\" \/><\/figure>\n\n\n\n<p>Um trabalhador de uma construtora em Lavras, no\u00a0<strong><a href=\"https:\/\/www.em.com.br\/gerais\/2025\/03\/7086193-homem-e-condenado-a-34-anos-por-esquema-de-piramide-financeira.html\" target=\"_blank\" rel=\"noreferrer noopener\">Sul de Minas\u00a0<\/a><\/strong>Gerais, teve a\u00a0<strong><a href=\"https:\/\/www.em.com.br\/gerais\/2025\/03\/7086971-homem-e-demitido-por-justa-causa-apos-embriaguez-no-1-dia-de-trabalho.html\" target=\"_blank\" rel=\"noreferrer noopener\">dispensa por justa causa ap\u00f3s ser flagrado sob efeito de coca\u00edna durante o expediente<\/a>\u00a0<\/strong>confirmada pela Justi\u00e7a do Trabalho. A decis\u00e3o considerou que a conduta configurou falta grave, capaz de romper a confian\u00e7a necess\u00e1ria na rela\u00e7\u00e3o empregat\u00edcia.<\/p>\n\n\n\n<p>O caso ocorreu ap\u00f3s o empregado ser submetido a um exame toxicol\u00f3gico de saliva enquanto trabalhava. O teste apontou resultado positivo para coca\u00edna, o que foi confirmado posteriormente por um exame de urina. Cerca de dez dias depois, a empresa oficializou a demiss\u00e3o alegando risco \u00e0 seguran\u00e7a no ambiente de trabalho. A situa\u00e7\u00e3o foi confirmada por testemunha e reconhecida pelo pr\u00f3prio trabalhador.<\/p>\n\n\n\n<p>Na a\u00e7\u00e3o trabalhista, o profissional alegou ter sofrido dupla puni\u00e7\u00e3o, j\u00e1 que teria sido suspenso antes da demiss\u00e3o e questionou a demora na aplica\u00e7\u00e3o da penalidade, argumentando viola\u00e7\u00e3o ao princ\u00edpio da imediatidade. A Justi\u00e7a, no entanto, rejeitou os argumentos. Conforme a decis\u00e3o, a aus\u00eancia do funcion\u00e1rio ap\u00f3s o exame foi tratada pela empresa como folga, n\u00e3o como medida disciplinar. A dispensa s\u00f3 foi aplicada ap\u00f3s a confirma\u00e7\u00e3o laboratorial, o que afastou a tese de puni\u00e7\u00e3o duplicada.<\/p>\n\n\n\n<p>Outro ponto levantado na senten\u00e7a foi a exist\u00eancia de um programa interno de preven\u00e7\u00e3o ao uso de \u00e1lcool e drogas, com o qual o empregado havia concordado no momento da admiss\u00e3o. A iniciativa previa a realiza\u00e7\u00e3o de exames toxicol\u00f3gicos e foi considerada v\u00e1lida pelo Judici\u00e1rio. A empresa, segundo a decis\u00e3o, agiu em conformidade com seu dever de garantir um ambiente de trabalho seguro e saud\u00e1vel.<\/p>\n\n\n\n<p>Em julgamento un\u00e2nime, os desembargadores da Primeira Turma do Tribunal Regional do Trabalho de Minas Gerais (TRT-MG) confirmaram a senten\u00e7a da Vara do Trabalho de Lavras. A decis\u00e3o refor\u00e7a que o uso de subst\u00e2ncia il\u00edcita no ambiente de trabalho representa uma infra\u00e7\u00e3o disciplinar grave, prevista no artigo 482 da Consolida\u00e7\u00e3o das Leis do Trabalho (CLT).<\/p>\n","protected":false},"excerpt":{"rendered":"<p>A decis\u00e3o da Vara do Trabalho de Lavras confirmou a dispensa por falta grave do funcion\u00e1rio da construtora Um trabalhador de uma construtora em Lavras, no\u00a0Sul de Minas\u00a0Gerais, teve a\u00a0dispensa por justa causa ap\u00f3s ser flagrado sob efeito de coca\u00edna durante o expediente\u00a0confirmada pela Justi\u00e7a do Trabalho. A decis\u00e3o considerou que a conduta configurou falta [&hellip;]<\/p>\n","protected":false},"author":5,"featured_media":167719,"comment_status":"closed","ping_status":"open","sticky":false,"template":"","format":"standard","meta":{"advgb_blocks_editor_width":"","advgb_blocks_columns_visual_guide":"","_exactmetrics_skip_tracking":false,"_exactmetrics_sitenote_active":false,"_exactmetrics_sitenote_note":"","_exactmetrics_sitenote_category":0,"footnotes":""},"categories":[7,2],"tags":[],"class_list":["post-167718","post","type-post","status-publish","format-standard","has-post-thumbnail","hentry","category-destaques","category-noticias"],"better_featured_image":{"id":167719,"alt_text":"","caption":"","description":"","media_type":"image","media_details":{"width":1200,"height":720,"file":"2025\/04\/1_onde_fazer_exame_de_toxicologia-49471219.jpg","filesize":95796,"sizes":{"medium":{"file":"1_onde_fazer_exame_de_toxicologia-49471219-470x282.jpg","width":470,"height":282,"mime-type":"image\/jpeg","filesize":16228,"source_url":"https:\/\/lavras.tv\/site\/wp-content\/uploads\/2025\/04\/1_onde_fazer_exame_de_toxicologia-49471219-470x282.jpg"},"large":{"file":"1_onde_fazer_exame_de_toxicologia-49471219-970x582.jpg","width":970,"height":582,"mime-type":"image\/jpeg","filesize":46242,"source_url":"https:\/\/lavras.tv\/site\/wp-content\/uploads\/2025\/04\/1_onde_fazer_exame_de_toxicologia-49471219-970x582.jpg"},"thumbnail":{"file":"1_onde_fazer_exame_de_toxicologia-49471219-170x102.jpg","width":170,"height":102,"mime-type":"image\/jpeg","filesize":4055,"source_url":"https:\/\/lavras.tv\/site\/wp-content\/uploads\/2025\/04\/1_onde_fazer_exame_de_toxicologia-49471219-170x102.jpg"},"lshowcase-thumb":{"file":"1_onde_fazer_exame_de_toxicologia-49471219-200x120.jpg","width":200,"height":120,"mime-type":"image\/jpeg","filesize":4923,"source_url":"https:\/\/lavras.tv\/site\/wp-content\/uploads\/2025\/04\/1_onde_fazer_exame_de_toxicologia-49471219-200x120.jpg"},"alm-thumbnail":{"file":"1_onde_fazer_exame_de_toxicologia-49471219-150x150.jpg","width":150,"height":150,"mime-type":"image\/jpeg","filesize":4695,"source_url":"https:\/\/lavras.tv\/site\/wp-content\/uploads\/2025\/04\/1_onde_fazer_exame_de_toxicologia-49471219-150x150.jpg"}},"image_meta":{"aperture":"0","credit":"","camera":"","caption":"","created_timestamp":"0","copyright":"","focal_length":"0","iso":"0","shutter_speed":"0","title":"","orientation":"0","keywords":[]}},"post":167718,"source_url":"https:\/\/lavras.tv\/site\/wp-content\/uploads\/2025\/04\/1_onde_fazer_exame_de_toxicologia-49471219.jpg"},"author_meta":{"display_name":"Vinicius Bustamante","author_link":"https:\/\/lavras.tv\/site\/author\/vinicius-bustamante\/"},"featured_img":"https:\/\/lavras.tv\/site\/wp-content\/uploads\/2025\/04\/1_onde_fazer_exame_de_toxicologia-49471219-470x282.jpg","coauthors":[],"tax_additional":{"categories":{"linked":["<a href=\"https:\/\/lavras.tv\/site\/category\/destaques\/\" class=\"advgb-post-tax-term\">Destaques<\/a>","<a href=\"https:\/\/lavras.tv\/site\/category\/noticias\/\" class=\"advgb-post-tax-term\">Not\u00edcias<\/a>"],"unlinked":["<span class=\"advgb-post-tax-term\">Destaques<\/span>","<span class=\"advgb-post-tax-term\">Not\u00edcias<\/span>"]}},"comment_count":"0","relative_dates":{"created":"Publicado 1 ano atr\u00e1s","modified":"Atualizado 1 ano atr\u00e1s"},"absolute_dates":{"created":"Publicado em 10 de abril de 2025","modified":"Atualizado em 10 de abril de 2025"},"absolute_dates_time":{"created":"Publicado em 10 de abril de 2025 14:57","modified":"Atualizado em 10 de abril de 2025 14:57"},"featured_img_caption":"","series_order":"","_links":{"self":[{"href":"https:\/\/lavras.tv\/site\/wp-json\/wp\/v2\/posts\/167718","targetHints":{"allow":["GET"]}}],"collection":[{"href":"https:\/\/lavras.tv\/site\/wp-json\/wp\/v2\/posts"}],"about":[{"href":"https:\/\/lavras.tv\/site\/wp-json\/wp\/v2\/types\/post"}],"author":[{"embeddable":true,"href":"https:\/\/lavras.tv\/site\/wp-json\/wp\/v2\/users\/5"}],"replies":[{"embeddable":true,"href":"https:\/\/lavras.tv\/site\/wp-json\/wp\/v2\/comments?post=167718"}],"version-history":[{"count":1,"href":"https:\/\/lavras.tv\/site\/wp-json\/wp\/v2\/posts\/167718\/revisions"}],"predecessor-version":[{"id":167720,"href":"https:\/\/lavras.tv\/site\/wp-json\/wp\/v2\/posts\/167718\/revisions\/167720"}],"wp:featuredmedia":[{"embeddable":true,"href":"https:\/\/lavras.tv\/site\/wp-json\/wp\/v2\/media\/167719"}],"wp:attachment":[{"href":"https:\/\/lavras.tv\/site\/wp-json\/wp\/v2\/media?parent=167718"}],"wp:term":[{"taxonomy":"category","embeddable":true,"href":"https:\/\/lavras.tv\/site\/wp-json\/wp\/v2\/categories?post=167718"},{"taxonomy":"post_tag","embeddable":true,"href":"https:\/\/lavras.tv\/site\/wp-json\/wp\/v2\/tags?post=167718"}],"curies":[{"name":"wp","href":"https:\/\/api.w.org\/{rel}","templated":true}]}}