{"id":167721,"date":"2025-04-10T15:03:21","date_gmt":"2025-04-10T18:03:21","guid":{"rendered":"https:\/\/lavras.tv\/site\/?p=167721"},"modified":"2025-04-10T15:03:22","modified_gmt":"2025-04-10T18:03:22","slug":"preta-gil-recebe-visita-inesperada-de-gilberto-gil-apos-nova-internacao","status":"publish","type":"post","link":"https:\/\/lavras.tv\/site\/2025\/04\/10\/preta-gil-recebe-visita-inesperada-de-gilberto-gil-apos-nova-internacao\/","title":{"rendered":"Preta Gil recebe visita inesperada de Gilberto Gil ap\u00f3s nova interna\u00e7\u00e3o"},"content":{"rendered":"<div class=\"lavra-antes-do-conteudo_2\" id=\"lavra-1893374856\"><div id=\"lavra-slider-27\" class=\"custom-slider lavra-slider-843320105 lavra-slider\"><ul><li><div style=\"margin-left: auto;margin-right: auto;text-align: center;\" id=\"lavra-4092073393\"><a href=\"https:\/\/sistemas.lavras.mg.gov.br\/portalcidadao\/#df1b1a7c7b2a290bcb31e32771e610784662739a88807c0dacac58ede5f391a7530e299dc302d611ee73cb143fc22eaf93592e53e7b5bdb01b00a0b8d28dae460c141dd2ff83412e4dc1c31b16b25f33144a9e5620ea73b13f5bc1c59411d98439ad226e8af03840603796067d87afe130812cf3de24982d0e306f9e61e764e5\" aria-label=\"Lavras-TV&#8211;720x104px (1) (1)\"><img src=\"https:\/\/lavras.tv\/site\/wp-content\/uploads\/2025\/01\/Lavras-TV-720x104px-1-1.png\" alt=\"\"  srcset=\"https:\/\/lavras.tv\/site\/wp-content\/uploads\/2025\/01\/Lavras-TV-720x104px-1-1.png 720w, https:\/\/lavras.tv\/site\/wp-content\/uploads\/2025\/01\/Lavras-TV-720x104px-1-1-470x68.png 470w, https:\/\/lavras.tv\/site\/wp-content\/uploads\/2025\/01\/Lavras-TV-720x104px-1-1-170x25.png 170w, https:\/\/lavras.tv\/site\/wp-content\/uploads\/2025\/01\/Lavras-TV-720x104px-1-1-200x29.png 200w\" sizes=\"(max-width: 720px) 100vw, 720px\" width=\"720\" height=\"104\"  style=\"display: inline-block;\" \/><\/a><\/div><\/li><li><a href=\"https:\/\/sistemas.lavras.mg.gov.br\/portalcidadao\/#df1b1a7c7b2a290bcb31e32771e610784662739a88807c0dacac58ede5f391a7530e299dc302d611ee73cb143fc22eaf93592e53e7b5bdb01b00a0b8d28dae460c141dd2ff83412e4dc1c31b16b25f33144a9e5620ea73b13f5bc1c59411d98439ad226e8af03840603796067d87afe130812cf3de24982d0e306f9e61e764e5\" aria-label=\"Banner_Emprego_PortallavrasTV\"><img src=\"https:\/\/lavras.tv\/site\/wp-content\/uploads\/2025\/03\/Banner_Emprego_PortallavrasTV.png\" alt=\"\"  srcset=\"https:\/\/lavras.tv\/site\/wp-content\/uploads\/2025\/03\/Banner_Emprego_PortallavrasTV.png 720w, https:\/\/lavras.tv\/site\/wp-content\/uploads\/2025\/03\/Banner_Emprego_PortallavrasTV-470x68.png 470w, https:\/\/lavras.tv\/site\/wp-content\/uploads\/2025\/03\/Banner_Emprego_PortallavrasTV-170x25.png 170w, https:\/\/lavras.tv\/site\/wp-content\/uploads\/2025\/03\/Banner_Emprego_PortallavrasTV-200x29.png 200w\" sizes=\"(max-width: 720px) 100vw, 720px\" width=\"720\" height=\"104\"   \/><\/a><\/li><li><a href=\"https:\/\/sistemas.lavras.mg.gov.br\/portalcidadao\/#df1b1a7c7b2a290bcb31e32771e610784662739a88807c0dacac58ede5f391a7530e299dc302d611ee73cb143fc22eaf93592e53e7b5bdb01b00a0b8d28dae460c141dd2ff83412e4dc1c31b16b25f33144a9e5620ea73b13f5bc1c59411d98439ad226e8af03840603796067d87afe130812cf3de24982d0e306f9e61e764e5\" aria-label=\"Banner_Obras_PortallavrasTV\"><img src=\"https:\/\/lavras.tv\/site\/wp-content\/uploads\/2025\/03\/Banner_Obras_PortallavrasTV.png\" alt=\"\"  srcset=\"https:\/\/lavras.tv\/site\/wp-content\/uploads\/2025\/03\/Banner_Obras_PortallavrasTV.png 720w, https:\/\/lavras.tv\/site\/wp-content\/uploads\/2025\/03\/Banner_Obras_PortallavrasTV-470x68.png 470w, https:\/\/lavras.tv\/site\/wp-content\/uploads\/2025\/03\/Banner_Obras_PortallavrasTV-170x25.png 170w, https:\/\/lavras.tv\/site\/wp-content\/uploads\/2025\/03\/Banner_Obras_PortallavrasTV-200x29.png 200w\" sizes=\"(max-width: 720px) 100vw, 720px\" width=\"720\" height=\"104\"   \/><\/a><\/li><li><div style=\"margin-left: auto;margin-right: auto;text-align: center;\" id=\"lavra-938916317\"><a href=\"https:\/\/sistemas.lavras.mg.gov.br\/portalcidadao\/#df1b1a7c7b2a290bcb31e32771e610784662739a88807c0dacac58ede5f391a7530e299dc302d611ee73cb143fc22eaf93592e53e7b5bdb01b00a0b8d28dae460c141dd2ff83412e4dc1c31b16b25f33144a9e5620ea73b13f5bc1c59411d98439ad226e8af03840603796067d87afe130812cf3de24982d0e306f9e61e764e5\" aria-label=\"Banner_Educa\u00e7\u00e3o_PortallavrasTV\"><img src=\"https:\/\/lavras.tv\/site\/wp-content\/uploads\/2025\/01\/Banner_Educacao_PortallavrasTV.png\" alt=\"\"  srcset=\"https:\/\/lavras.tv\/site\/wp-content\/uploads\/2025\/01\/Banner_Educacao_PortallavrasTV.png 720w, https:\/\/lavras.tv\/site\/wp-content\/uploads\/2025\/01\/Banner_Educacao_PortallavrasTV-470x68.png 470w, https:\/\/lavras.tv\/site\/wp-content\/uploads\/2025\/01\/Banner_Educacao_PortallavrasTV-170x25.png 170w, https:\/\/lavras.tv\/site\/wp-content\/uploads\/2025\/01\/Banner_Educacao_PortallavrasTV-200x29.png 200w\" sizes=\"(max-width: 720px) 100vw, 720px\" width=\"720\" height=\"104\"  style=\"display: inline-block;\" \/><\/a><\/div><\/li><li><a href=\"https:\/\/sistemas.lavras.mg.gov.br\/portalcidadao\/#df1b1a7c7b2a290bcb31e32771e610784662739a88807c0dacac58ede5f391a7530e299dc302d611ee73cb143fc22eaf93592e53e7b5bdb01b00a0b8d28dae460c141dd2ff83412e4dc1c31b16b25f33144a9e5620ea73b13f5bc1c59411d98439ad226e8af03840603796067d87afe130812cf3de24982d0e306f9e61e764e5\" aria-label=\"Banner_Sa\u00fade_PortallavrasTV\"><img src=\"https:\/\/lavras.tv\/site\/wp-content\/uploads\/2025\/03\/Banner_Saude_PortallavrasTV.png\" alt=\"\"  srcset=\"https:\/\/lavras.tv\/site\/wp-content\/uploads\/2025\/03\/Banner_Saude_PortallavrasTV.png 720w, https:\/\/lavras.tv\/site\/wp-content\/uploads\/2025\/03\/Banner_Saude_PortallavrasTV-470x68.png 470w, https:\/\/lavras.tv\/site\/wp-content\/uploads\/2025\/03\/Banner_Saude_PortallavrasTV-170x25.png 170w, https:\/\/lavras.tv\/site\/wp-content\/uploads\/2025\/03\/Banner_Saude_PortallavrasTV-200x29.png 200w\" sizes=\"(max-width: 720px) 100vw, 720px\" width=\"720\" height=\"104\"   \/><\/a><\/li><li><div id=\"lavra-2574493404\" style=\"width:720px;height:104px;background-color:#ddd;overflow:scroll;\">\n\t<strong>Sa\u00edda da depura\u00e7\u00e3o de an\u00fancios<\/strong>\n\t<br><br>\n\tO an\u00fancio n\u00e3o \u00e9 exibido na p\u00e1gina<br><br>post atual: Preta Gil recebe visita inesperada de Gilberto Gil ap\u00f3s nova interna\u00e7\u00e3o, ID: 167721<br><br><span style=\"color: red;\">O post atual n\u00e3o \u00e9 id\u00eantico ao post principal.<\/span><br><br>An\u00fancios: ROXO - TOPO INTERNA - ROTATIVO 2 (197)<br \/>Grupo de an\u00fancios: Princ_Meio01_720x104 (27)<br><br>Condi\u00e7\u00f5es de exibi\u00e7\u00e3o<div style=\"margin-bottom: 20px; white-space: pre-wrap; font-family: monospace; width: 100%; background: #ffe9e9;\"><strong>condi\u00e7\u00f5es gerais<\/strong><table border=\"1\"><thead><tr><th><\/th><th>An\u00fancios<\/th><th>wp_the_query<\/th><\/tr><\/thead><tr><td>is_main_query<\/td><td>1<\/td><td>1<\/td><\/tr><tr><td>is_rest_api<\/td><td>0<\/td><td>1<\/td><\/tr><tr><td>page<\/td><td>0<\/td><td>1<\/td><\/tr><tr><td>numpages<\/td><td>0<\/td><td>1<\/td><\/tr><tr><td>is_archive<\/td><td>1<\/td><td><\/td><\/tr><tr><td>is_search<\/td><td>1<\/td><td><\/td><\/tr><tr><td>is_home<\/td><td>1<\/td><td><\/td><\/tr><tr><td>is_404<\/td><td>1<\/td><td><\/td><\/tr><tr><td>is_attachment<\/td><td>1<\/td><td><\/td><\/tr><tr><td>is_singular<\/td><td>1<\/td><td><\/td><\/tr><tr><td>is_front_page<\/td><td>1<\/td><td><\/td><\/tr><tr><td>is_feed<\/td><td>1<\/td><td><\/td><\/tr><\/table><\/div><br><br><span style=\"color: red;\">Seu site usa HTTPS, mas o c\u00f3digo do an\u00fancio cont\u00e9m HTTP e pode n\u00e3o funcionar.<\/span>\t<br><br>\n\t<a style=\"color: green;\" href=\"https:\/\/wpadvancedads.com\/manual\/ad-debug-mode\/?utm_source=advanced-ads&utm_medium=link&utm_campaign=ad-debug-mode\" target=\"_blank\" rel=\"nofollow\">Encontre solu\u00e7\u00f5es no manual<\/a>\n<\/div>\n<\/li><\/ul><\/div><script>( window.advanced_ads_ready || jQuery( document ).ready ).call( null, function() {var $lavraslider843320105 = jQuery( \".lavra-slider-843320105\" );$lavraslider843320105.on( \"unslider.ready\", function() { jQuery( \"div.custom-slider ul li\" ).css( \"display\", \"block\" ); });$lavraslider843320105.unslider({ delay:4000, autoplay:true, nav:false, arrows:false, infinite:true });$lavraslider843320105.on(\"mouseover\", function() {$lavraslider843320105.unslider(\"stop\");}).on(\"mouseout\", function() {$lavraslider843320105.unslider(\"start\");});});<\/script><\/div>\n<p>Cantora est\u00e1 hospitalizada no S\u00edrio Liban\u00eas, em S\u00e3o Paulo<\/p>\n\n\n\n<figure class=\"wp-block-image size-full\"><img fetchpriority=\"high\" decoding=\"async\" width=\"750\" height=\"421\" src=\"https:\/\/lavras.tv\/site\/wp-content\/uploads\/2025\/04\/montagem-de-fotos_1_40189.webp\" alt=\"\" class=\"wp-image-167722\" srcset=\"https:\/\/lavras.tv\/site\/wp-content\/uploads\/2025\/04\/montagem-de-fotos_1_40189.webp 750w, https:\/\/lavras.tv\/site\/wp-content\/uploads\/2025\/04\/montagem-de-fotos_1_40189-470x264.webp 470w, https:\/\/lavras.tv\/site\/wp-content\/uploads\/2025\/04\/montagem-de-fotos_1_40189-170x95.webp 170w, https:\/\/lavras.tv\/site\/wp-content\/uploads\/2025\/04\/montagem-de-fotos_1_40189-200x112.webp 200w\" sizes=\"(max-width: 750px) 100vw, 750px\" \/><\/figure>\n\n\n\n<p>Internada desde o \u00faltimo fim de semana no hospital S\u00edrio Liban\u00eas, em S\u00e3o Paulo,\u00a0<a href=\"https:\/\/www.uai.com.br\/app\/entretenimento\/famosos\/2025\/04\/08\/not-famosos,359251\/preta-gil-tem-quadro-clinico-atualizado-previsao-de-alta-ainda-e-incerta.shtml\">Preta Gil<\/a>\u00a0recebeu a visita de seu pai, o cantor<strong>\u00a0Gilberto Gil<\/strong>. O momento foi registrado e compartilhado por Flora Gil, madrasta da artista, nas redes sociais.<\/p>\n\n\n\n<p>Na foto, Gilberto Gil aparece com a m\u00e3o apoiada no ombro de Preta, enquanto a cantora olha atentamente para o pai, como se estivesse recebendo um conselho importante. Flora Gil compartilhou a imagem com a legenda: \u201cAmor, amor\u201d.<\/p>\n\n\n\n<figure class=\"wp-block-image size-full\"><img decoding=\"async\" width=\"774\" height=\"435\" src=\"https:\/\/lavras.tv\/site\/wp-content\/uploads\/2025\/04\/design-sem-nome-2025-04-09t224418-378-1ji9z4ft9qzw6.webp\" alt=\"\" class=\"wp-image-167723\" srcset=\"https:\/\/lavras.tv\/site\/wp-content\/uploads\/2025\/04\/design-sem-nome-2025-04-09t224418-378-1ji9z4ft9qzw6.webp 774w, https:\/\/lavras.tv\/site\/wp-content\/uploads\/2025\/04\/design-sem-nome-2025-04-09t224418-378-1ji9z4ft9qzw6-470x264.webp 470w, https:\/\/lavras.tv\/site\/wp-content\/uploads\/2025\/04\/design-sem-nome-2025-04-09t224418-378-1ji9z4ft9qzw6-170x96.webp 170w, https:\/\/lavras.tv\/site\/wp-content\/uploads\/2025\/04\/design-sem-nome-2025-04-09t224418-378-1ji9z4ft9qzw6-200x112.webp 200w\" sizes=\"(max-width: 774px) 100vw, 774px\" \/><\/figure>\n\n\n\n<p>Em entrevista \u00e0 &#8220;Quem&#8221; na \u00faltima segunda-feira (7), Flora explicou o motivo da transfer\u00eancia de Preta do Rio de Janeiro para S\u00e3o Paulo. &#8220;Estou no Rio e Preta j\u00e1 est\u00e1 em S\u00e3o Paulo. Ela ficou no Rio, mas as equipes de SP e RJ decidiram deix\u00e1-la no S\u00edrio-Liban\u00eas, pois a equipe de m\u00e9dicos que a assiste \u00e9 de S\u00e3o Paulo&#8221;, esclareceu a madrasta.<\/p>\n\n\n\n<p>Flora tamb\u00e9m detalhou o estado de sa\u00fade de Preta Gil: \u201cEla teve um quadro de febre leve, e por isso preferiram mant\u00ea-la no hospital para monitorar uma poss\u00edvel infec\u00e7\u00e3o. Preta est\u00e1 bem e sempre cercada pelo carinho de amigos e pela fam\u00edlia durante a interna\u00e7\u00e3o.&#8221;<\/p>\n\n\n\n<p>Recentemente, a cantora, que est\u00e1 tratando de uma infec\u00e7\u00e3o urin\u00e1ria, mencionou em uma participa\u00e7\u00e3o no Doming\u00e3o com Huck que planeja continuar seu tratamento fora do Brasil. Preta revelou que acredita que as possibilidades de cura para o c\u00e2ncer que enfrenta j\u00e1 foram esgotadas no Brasil.<\/p>\n","protected":false},"excerpt":{"rendered":"<p>Cantora est\u00e1 hospitalizada no S\u00edrio Liban\u00eas, em S\u00e3o Paulo Internada desde o \u00faltimo fim de semana no hospital S\u00edrio Liban\u00eas, em S\u00e3o Paulo,\u00a0Preta Gil\u00a0recebeu a visita de seu pai, o cantor\u00a0Gilberto Gil. O momento foi registrado e compartilhado por Flora Gil, madrasta da artista, nas redes sociais. Na foto, Gilberto Gil aparece com a m\u00e3o [&hellip;]<\/p>\n","protected":false},"author":5,"featured_media":167723,"comment_status":"closed","ping_status":"open","sticky":false,"template":"","format":"standard","meta":{"advgb_blocks_editor_width":"","advgb_blocks_columns_visual_guide":"","_exactmetrics_skip_tracking":false,"_exactmetrics_sitenote_active":false,"_exactmetrics_sitenote_note":"","_exactmetrics_sitenote_category":0,"footnotes":""},"categories":[7,2],"tags":[],"class_list":["post-167721","post","type-post","status-publish","format-standard","has-post-thumbnail","hentry","category-destaques","category-noticias"],"better_featured_image":{"id":167723,"alt_text":"","caption":"","description":"","media_type":"image","media_details":{"width":774,"height":435,"file":"2025\/04\/design-sem-nome-2025-04-09t224418-378-1ji9z4ft9qzw6.webp","filesize":20026,"sizes":{"medium":{"file":"design-sem-nome-2025-04-09t224418-378-1ji9z4ft9qzw6-470x264.webp","width":470,"height":264,"mime-type":"image\/webp","filesize":13318,"source_url":"https:\/\/lavras.tv\/site\/wp-content\/uploads\/2025\/04\/design-sem-nome-2025-04-09t224418-378-1ji9z4ft9qzw6-470x264.webp"},"thumbnail":{"file":"design-sem-nome-2025-04-09t224418-378-1ji9z4ft9qzw6-170x96.webp","width":170,"height":96,"mime-type":"image\/webp","filesize":3098,"source_url":"https:\/\/lavras.tv\/site\/wp-content\/uploads\/2025\/04\/design-sem-nome-2025-04-09t224418-378-1ji9z4ft9qzw6-170x96.webp"},"lshowcase-thumb":{"file":"design-sem-nome-2025-04-09t224418-378-1ji9z4ft9qzw6-200x112.webp","width":200,"height":112,"mime-type":"image\/webp","filesize":3844,"source_url":"https:\/\/lavras.tv\/site\/wp-content\/uploads\/2025\/04\/design-sem-nome-2025-04-09t224418-378-1ji9z4ft9qzw6-200x112.webp"},"alm-thumbnail":{"file":"design-sem-nome-2025-04-09t224418-378-1ji9z4ft9qzw6-150x150.webp","width":150,"height":150,"mime-type":"image\/webp","filesize":3848,"source_url":"https:\/\/lavras.tv\/site\/wp-content\/uploads\/2025\/04\/design-sem-nome-2025-04-09t224418-378-1ji9z4ft9qzw6-150x150.webp"}},"image_meta":{"aperture":"0","credit":"","camera":"","caption":"","created_timestamp":"0","copyright":"","focal_length":"0","iso":"0","shutter_speed":"0","title":"","orientation":"0","keywords":[]}},"post":167721,"source_url":"https:\/\/lavras.tv\/site\/wp-content\/uploads\/2025\/04\/design-sem-nome-2025-04-09t224418-378-1ji9z4ft9qzw6.webp"},"author_meta":{"display_name":"Vinicius Bustamante","author_link":"https:\/\/lavras.tv\/site\/author\/vinicius-bustamante\/"},"featured_img":"https:\/\/lavras.tv\/site\/wp-content\/uploads\/2025\/04\/design-sem-nome-2025-04-09t224418-378-1ji9z4ft9qzw6-470x264.webp","coauthors":[],"tax_additional":{"categories":{"linked":["<a href=\"https:\/\/lavras.tv\/site\/category\/destaques\/\" class=\"advgb-post-tax-term\">Destaques<\/a>","<a href=\"https:\/\/lavras.tv\/site\/category\/noticias\/\" class=\"advgb-post-tax-term\">Not\u00edcias<\/a>"],"unlinked":["<span class=\"advgb-post-tax-term\">Destaques<\/span>","<span class=\"advgb-post-tax-term\">Not\u00edcias<\/span>"]}},"comment_count":"0","relative_dates":{"created":"Publicado 1 ano atr\u00e1s","modified":"Atualizado 1 ano atr\u00e1s"},"absolute_dates":{"created":"Publicado em 10 de abril de 2025","modified":"Atualizado em 10 de abril de 2025"},"absolute_dates_time":{"created":"Publicado em 10 de abril de 2025 15:03","modified":"Atualizado em 10 de abril de 2025 15:03"},"featured_img_caption":"","series_order":"","_links":{"self":[{"href":"https:\/\/lavras.tv\/site\/wp-json\/wp\/v2\/posts\/167721","targetHints":{"allow":["GET"]}}],"collection":[{"href":"https:\/\/lavras.tv\/site\/wp-json\/wp\/v2\/posts"}],"about":[{"href":"https:\/\/lavras.tv\/site\/wp-json\/wp\/v2\/types\/post"}],"author":[{"embeddable":true,"href":"https:\/\/lavras.tv\/site\/wp-json\/wp\/v2\/users\/5"}],"replies":[{"embeddable":true,"href":"https:\/\/lavras.tv\/site\/wp-json\/wp\/v2\/comments?post=167721"}],"version-history":[{"count":1,"href":"https:\/\/lavras.tv\/site\/wp-json\/wp\/v2\/posts\/167721\/revisions"}],"predecessor-version":[{"id":167724,"href":"https:\/\/lavras.tv\/site\/wp-json\/wp\/v2\/posts\/167721\/revisions\/167724"}],"wp:featuredmedia":[{"embeddable":true,"href":"https:\/\/lavras.tv\/site\/wp-json\/wp\/v2\/media\/167723"}],"wp:attachment":[{"href":"https:\/\/lavras.tv\/site\/wp-json\/wp\/v2\/media?parent=167721"}],"wp:term":[{"taxonomy":"category","embeddable":true,"href":"https:\/\/lavras.tv\/site\/wp-json\/wp\/v2\/categories?post=167721"},{"taxonomy":"post_tag","embeddable":true,"href":"https:\/\/lavras.tv\/site\/wp-json\/wp\/v2\/tags?post=167721"}],"curies":[{"name":"wp","href":"https:\/\/api.w.org\/{rel}","templated":true}]}}