{"id":167936,"date":"2025-04-11T14:36:47","date_gmt":"2025-04-11T17:36:47","guid":{"rendered":"https:\/\/lavras.tv\/site\/?p=167936"},"modified":"2025-04-11T14:36:48","modified_gmt":"2025-04-11T17:36:48","slug":"ponte-sobre-o-sao-francisco-vai-custar-r-250-milhoes","status":"publish","type":"post","link":"https:\/\/lavras.tv\/site\/2025\/04\/11\/ponte-sobre-o-sao-francisco-vai-custar-r-250-milhoes\/","title":{"rendered":"Ponte sobre o S\u00e3o Francisco vai custar R$ 250 milh\u00f5es"},"content":{"rendered":"<div class=\"lavra-antes-do-conteudo_2\" id=\"lavra-1737757521\"><div id=\"lavra-slider-27\" class=\"custom-slider lavra-slider-210336253 lavra-slider\"><ul><li><div style=\"margin-left: auto;margin-right: auto;text-align: center;\" id=\"lavra-3311025724\"><a href=\"https:\/\/sistemas.lavras.mg.gov.br\/portalcidadao\/#df1b1a7c7b2a290bcb31e32771e610784662739a88807c0dacac58ede5f391a7530e299dc302d611ee73cb143fc22eaf93592e53e7b5bdb01b00a0b8d28dae460c141dd2ff83412e4dc1c31b16b25f33144a9e5620ea73b13f5bc1c59411d98439ad226e8af03840603796067d87afe130812cf3de24982d0e306f9e61e764e5\" aria-label=\"Lavras-TV&#8211;720x104px (1) (1)\"><img src=\"https:\/\/lavras.tv\/site\/wp-content\/uploads\/2025\/01\/Lavras-TV-720x104px-1-1.png\" alt=\"\"  srcset=\"https:\/\/lavras.tv\/site\/wp-content\/uploads\/2025\/01\/Lavras-TV-720x104px-1-1.png 720w, https:\/\/lavras.tv\/site\/wp-content\/uploads\/2025\/01\/Lavras-TV-720x104px-1-1-470x68.png 470w, https:\/\/lavras.tv\/site\/wp-content\/uploads\/2025\/01\/Lavras-TV-720x104px-1-1-170x25.png 170w, https:\/\/lavras.tv\/site\/wp-content\/uploads\/2025\/01\/Lavras-TV-720x104px-1-1-200x29.png 200w\" sizes=\"(max-width: 720px) 100vw, 720px\" width=\"720\" height=\"104\"  style=\"display: inline-block;\" \/><\/a><\/div><\/li><li><a href=\"https:\/\/sistemas.lavras.mg.gov.br\/portalcidadao\/#df1b1a7c7b2a290bcb31e32771e610784662739a88807c0dacac58ede5f391a7530e299dc302d611ee73cb143fc22eaf93592e53e7b5bdb01b00a0b8d28dae460c141dd2ff83412e4dc1c31b16b25f33144a9e5620ea73b13f5bc1c59411d98439ad226e8af03840603796067d87afe130812cf3de24982d0e306f9e61e764e5\" aria-label=\"Banner_Emprego_PortallavrasTV\"><img src=\"https:\/\/lavras.tv\/site\/wp-content\/uploads\/2025\/03\/Banner_Emprego_PortallavrasTV.png\" alt=\"\"  srcset=\"https:\/\/lavras.tv\/site\/wp-content\/uploads\/2025\/03\/Banner_Emprego_PortallavrasTV.png 720w, https:\/\/lavras.tv\/site\/wp-content\/uploads\/2025\/03\/Banner_Emprego_PortallavrasTV-470x68.png 470w, https:\/\/lavras.tv\/site\/wp-content\/uploads\/2025\/03\/Banner_Emprego_PortallavrasTV-170x25.png 170w, https:\/\/lavras.tv\/site\/wp-content\/uploads\/2025\/03\/Banner_Emprego_PortallavrasTV-200x29.png 200w\" sizes=\"(max-width: 720px) 100vw, 720px\" width=\"720\" height=\"104\"   \/><\/a><\/li><li><a href=\"https:\/\/sistemas.lavras.mg.gov.br\/portalcidadao\/#df1b1a7c7b2a290bcb31e32771e610784662739a88807c0dacac58ede5f391a7530e299dc302d611ee73cb143fc22eaf93592e53e7b5bdb01b00a0b8d28dae460c141dd2ff83412e4dc1c31b16b25f33144a9e5620ea73b13f5bc1c59411d98439ad226e8af03840603796067d87afe130812cf3de24982d0e306f9e61e764e5\" aria-label=\"Banner_Obras_PortallavrasTV\"><img src=\"https:\/\/lavras.tv\/site\/wp-content\/uploads\/2025\/03\/Banner_Obras_PortallavrasTV.png\" alt=\"\"  srcset=\"https:\/\/lavras.tv\/site\/wp-content\/uploads\/2025\/03\/Banner_Obras_PortallavrasTV.png 720w, https:\/\/lavras.tv\/site\/wp-content\/uploads\/2025\/03\/Banner_Obras_PortallavrasTV-470x68.png 470w, https:\/\/lavras.tv\/site\/wp-content\/uploads\/2025\/03\/Banner_Obras_PortallavrasTV-170x25.png 170w, https:\/\/lavras.tv\/site\/wp-content\/uploads\/2025\/03\/Banner_Obras_PortallavrasTV-200x29.png 200w\" sizes=\"(max-width: 720px) 100vw, 720px\" width=\"720\" height=\"104\"   \/><\/a><\/li><li><div style=\"margin-left: auto;margin-right: auto;text-align: center;\" id=\"lavra-1771793056\"><a href=\"https:\/\/sistemas.lavras.mg.gov.br\/portalcidadao\/#df1b1a7c7b2a290bcb31e32771e610784662739a88807c0dacac58ede5f391a7530e299dc302d611ee73cb143fc22eaf93592e53e7b5bdb01b00a0b8d28dae460c141dd2ff83412e4dc1c31b16b25f33144a9e5620ea73b13f5bc1c59411d98439ad226e8af03840603796067d87afe130812cf3de24982d0e306f9e61e764e5\" aria-label=\"Banner_Educa\u00e7\u00e3o_PortallavrasTV\"><img src=\"https:\/\/lavras.tv\/site\/wp-content\/uploads\/2025\/01\/Banner_Educacao_PortallavrasTV.png\" alt=\"\"  srcset=\"https:\/\/lavras.tv\/site\/wp-content\/uploads\/2025\/01\/Banner_Educacao_PortallavrasTV.png 720w, https:\/\/lavras.tv\/site\/wp-content\/uploads\/2025\/01\/Banner_Educacao_PortallavrasTV-470x68.png 470w, https:\/\/lavras.tv\/site\/wp-content\/uploads\/2025\/01\/Banner_Educacao_PortallavrasTV-170x25.png 170w, https:\/\/lavras.tv\/site\/wp-content\/uploads\/2025\/01\/Banner_Educacao_PortallavrasTV-200x29.png 200w\" sizes=\"(max-width: 720px) 100vw, 720px\" width=\"720\" height=\"104\"  style=\"display: inline-block;\" \/><\/a><\/div><\/li><li><a href=\"https:\/\/sistemas.lavras.mg.gov.br\/portalcidadao\/#df1b1a7c7b2a290bcb31e32771e610784662739a88807c0dacac58ede5f391a7530e299dc302d611ee73cb143fc22eaf93592e53e7b5bdb01b00a0b8d28dae460c141dd2ff83412e4dc1c31b16b25f33144a9e5620ea73b13f5bc1c59411d98439ad226e8af03840603796067d87afe130812cf3de24982d0e306f9e61e764e5\" aria-label=\"Banner_Sa\u00fade_PortallavrasTV\"><img src=\"https:\/\/lavras.tv\/site\/wp-content\/uploads\/2025\/03\/Banner_Saude_PortallavrasTV.png\" alt=\"\"  srcset=\"https:\/\/lavras.tv\/site\/wp-content\/uploads\/2025\/03\/Banner_Saude_PortallavrasTV.png 720w, https:\/\/lavras.tv\/site\/wp-content\/uploads\/2025\/03\/Banner_Saude_PortallavrasTV-470x68.png 470w, https:\/\/lavras.tv\/site\/wp-content\/uploads\/2025\/03\/Banner_Saude_PortallavrasTV-170x25.png 170w, https:\/\/lavras.tv\/site\/wp-content\/uploads\/2025\/03\/Banner_Saude_PortallavrasTV-200x29.png 200w\" sizes=\"(max-width: 720px) 100vw, 720px\" width=\"720\" height=\"104\"   \/><\/a><\/li><li><div id=\"lavra-1856511439\" style=\"width:720px;height:104px;background-color:#ddd;overflow:scroll;\">\n\t<strong>Sa\u00edda da depura\u00e7\u00e3o de an\u00fancios<\/strong>\n\t<br><br>\n\tO an\u00fancio n\u00e3o \u00e9 exibido na p\u00e1gina<br><br>post atual: Ponte sobre o S\u00e3o Francisco vai custar R$ 250 milh\u00f5es, ID: 167936<br><br><span style=\"color: red;\">O post atual n\u00e3o \u00e9 id\u00eantico ao post principal.<\/span><br><br>An\u00fancios: ROXO - TOPO INTERNA - ROTATIVO 2 (197)<br \/>Grupo de an\u00fancios: Princ_Meio01_720x104 (27)<br><br>Condi\u00e7\u00f5es de exibi\u00e7\u00e3o<div style=\"margin-bottom: 20px; white-space: pre-wrap; font-family: monospace; width: 100%; background: #ffe9e9;\"><strong>condi\u00e7\u00f5es gerais<\/strong><table border=\"1\"><thead><tr><th><\/th><th>An\u00fancios<\/th><th>wp_the_query<\/th><\/tr><\/thead><tr><td>is_main_query<\/td><td>1<\/td><td>1<\/td><\/tr><tr><td>is_rest_api<\/td><td>0<\/td><td>1<\/td><\/tr><tr><td>page<\/td><td>0<\/td><td>1<\/td><\/tr><tr><td>numpages<\/td><td>0<\/td><td>1<\/td><\/tr><tr><td>is_archive<\/td><td>1<\/td><td><\/td><\/tr><tr><td>is_search<\/td><td>1<\/td><td><\/td><\/tr><tr><td>is_home<\/td><td>1<\/td><td><\/td><\/tr><tr><td>is_404<\/td><td>1<\/td><td><\/td><\/tr><tr><td>is_attachment<\/td><td>1<\/td><td><\/td><\/tr><tr><td>is_singular<\/td><td>1<\/td><td><\/td><\/tr><tr><td>is_front_page<\/td><td>1<\/td><td><\/td><\/tr><tr><td>is_feed<\/td><td>1<\/td><td><\/td><\/tr><\/table><\/div><br><br><span style=\"color: red;\">Seu site usa HTTPS, mas o c\u00f3digo do an\u00fancio cont\u00e9m HTTP e pode n\u00e3o funcionar.<\/span>\t<br><br>\n\t<a style=\"color: green;\" href=\"https:\/\/wpadvancedads.com\/manual\/ad-debug-mode\/?utm_source=advanced-ads&utm_medium=link&utm_campaign=ad-debug-mode\" target=\"_blank\" rel=\"nofollow\">Encontre solu\u00e7\u00f5es no manual<\/a>\n<\/div>\n<\/li><\/ul><\/div><script>( window.advanced_ads_ready || jQuery( document ).ready ).call( null, function() {var $lavraslider210336253 = jQuery( \".lavra-slider-210336253\" );$lavraslider210336253.on( \"unslider.ready\", function() { jQuery( \"div.custom-slider ul li\" ).css( \"display\", \"block\" ); });$lavraslider210336253.unslider({ delay:4000, autoplay:true, nav:false, arrows:false, infinite:true });$lavraslider210336253.on(\"mouseover\", function() {$lavraslider210336253.unslider(\"stop\");}).on(\"mouseout\", function() {$lavraslider210336253.unslider(\"start\");});});<\/script><\/div>\n<p>Edital de licita\u00e7\u00e3o para a constru\u00e7\u00e3o da estrutura no Norte de Minas foi publicado ontem pelo governo do Estado<\/p>\n\n\n\n<figure class=\"wp-block-image size-large\"><img fetchpriority=\"high\" decoding=\"async\" width=\"970\" height=\"581\" src=\"https:\/\/lavras.tv\/site\/wp-content\/uploads\/2025\/04\/1_imagem_grafica_ponte_manga_credito_der_mg_4-49516458-970x581.png\" alt=\"\" class=\"wp-image-167937\" srcset=\"https:\/\/lavras.tv\/site\/wp-content\/uploads\/2025\/04\/1_imagem_grafica_ponte_manga_credito_der_mg_4-49516458-970x581.png 970w, https:\/\/lavras.tv\/site\/wp-content\/uploads\/2025\/04\/1_imagem_grafica_ponte_manga_credito_der_mg_4-49516458-470x282.png 470w, https:\/\/lavras.tv\/site\/wp-content\/uploads\/2025\/04\/1_imagem_grafica_ponte_manga_credito_der_mg_4-49516458-170x102.png 170w, https:\/\/lavras.tv\/site\/wp-content\/uploads\/2025\/04\/1_imagem_grafica_ponte_manga_credito_der_mg_4-49516458-200x120.png 200w, https:\/\/lavras.tv\/site\/wp-content\/uploads\/2025\/04\/1_imagem_grafica_ponte_manga_credito_der_mg_4-49516458.png 1200w\" sizes=\"(max-width: 970px) 100vw, 970px\" \/><\/figure>\n\n\n\n<p>O Governo do Estado publicou, nessa quinta-feira (10\/-01), o edital de licita\u00e7\u00e3o para a\u00a0<a href=\"https:\/\/www.em.com.br\/gerais\/2024\/12\/7011620-obra-de-ponte-sobre-o-rio-sao-francisco-sera-retomada.html\" target=\"_blank\" rel=\"noreferrer noopener\"><strong>constru\u00e7\u00e3o da ponte<\/strong><\/a>\u00a0sobre o<a href=\"https:\/\/www.em.com.br\/gerais\/2024\/09\/6944633-seca-e-assoreamento-inviabilizam-navegacao-no-rio-sao-francisco.html\" target=\"_blank\" rel=\"noreferrer noopener\"><strong>\u00a0Rio S\u00e3o Francisco<\/strong><\/a>, na MG 401, entre Manga e Matias Cardoso, no Norte de Minas. A obra est\u00e1 or\u00e7ada em R$ 250 milh\u00f5es e dever\u00e1 ser executada com recursos do\u00a0<a href=\"https:\/\/www.em.com.br\/gerais\/2025\/03\/7098575-justica-ordena-que-vale-mantenha-pagamento-integral-a-atingidos-por-tragedia-de-brumadinho.html\" target=\"_blank\" rel=\"noreferrer noopener\"><strong>acordo com a Vale para a repara\u00e7\u00e3o de danos<\/strong><\/a>\u00a0do rompimento da barragem de\u00a0<a href=\"https:\/\/www.em.com.br\/gerais\/2024\/01\/6792425-desastre-de-brumadinho-cinco-anos-de-uma-tragedia-inesquecivel.html\" target=\"_blank\" rel=\"noreferrer noopener\"><strong>rejeitos minerais de Brumadinho,<\/strong><\/a>\u00a0ocorrido em 25 de janeiro de 2019, que resultou na morte de 272 pessoas.<\/p>\n\n\n\n<p>Conforme o edital, publicado pelo Departamento Estadual de Estradas de Rodagem (<strong><a href=\"https:\/\/www.der.mg.gov.br\/\">DER-MG<\/a><\/strong>), a abertura das propostas para concorr\u00eancia est\u00e1 marcada para o dia 23 de maio pr\u00f3ximo. A ponte do Rio S\u00e3o Francisco em Manga \u00e9 a primeira obra em Minas e uma das primeiras no Brasil a contar com a cl\u00e1usula de retomada no seguro garantia, conforme prevista na Nova Lei de Licita\u00e7\u00f5es (<strong><a href=\"https:\/\/www.planalto.gov.br\/ccivil_03\/_ato2019-2022\/2021\/lei\/l14133.htm\">Lei 14.133<\/a><\/strong>) para obras de grande vulto, acima de R$ 200 milh\u00f5es.<\/p>\n\n\n\n<p>A medida exige que empresas participantes das licita\u00e7\u00f5es p\u00fablicas apresentem uma ap\u00f3lice de seguro garantia. Caso a empresa vencedora da licita\u00e7\u00e3o n\u00e3o cumpra o contrato, a seguradora tem o dever de indenizar o estado em 30% do valor total da obra ou de assumir o contrato, comprometendo-se a executar a obra.<\/p>\n\n\n\n<p>Desta maneira, a<a href=\"https:\/\/www.em.com.br\/gerais\/2024\/03\/6828151-70-anos-de-expectativa-um-ano-de-esperanca-e-mais-um-de-frustracao.html\" target=\"_blank\" rel=\"noreferrer noopener\"><strong>\u00a0finaliza\u00e7\u00e3o da obra \u00e9 assegurada<\/strong><\/a>, ainda que a empresa contratada n\u00e3o cumpra com as obriga\u00e7\u00f5es. O objetivo \u00e9 garantir que as obras p\u00fablicas sejam conclu\u00eddas dentro do prazo e com qualidade, evitando interrup\u00e7\u00e3o e atraso como aconteceu com a constru\u00e7\u00e3o da ponte sobre o Rio S\u00e3o Francisco no Norte de Minas, na MG 402, entre os munic\u00edpio de S\u00e3o Francisco e Pint\u00f3polis, tamb\u00e9m viabilizada com recursos do acordo de Brumadinho e ficou parada por mais de um ano seis meses, sendo retomada no in\u00edcio de 2025.<\/p>\n\n\n\n<p>A ponte na MG 401 ser\u00e1 erguida na cidade de Manga, onde, at\u00e9 ent\u00e3o, a travessia \u00e9 feita de balsa. Ter\u00e1 1.160 metros de extens\u00e3o e largura de 13,8 metros.&nbsp;O edital contempla ainda a constru\u00e7\u00e3o de variante de 2.940 metros, que far\u00e1 a conex\u00e3o da travessia com as rodovias MG-401 e MGC-135, e tr\u00eas interse\u00e7\u00f5es, que dar\u00e3o acesso a Manga e a Matias Cardoso, bem como \u00e0s comunidades situadas na \u00e1rea de influ\u00eancia, com pontos de embarque e desembarque para \u00f4nibus.<\/p>\n\n\n\n<p>De acordo com o Governo do Estado, a estimativa \u00e9 que a obra seja iniciada em setembro deste ano. O prazo previsto para a execu\u00e7\u00e3o dos trabalhos \u00e9 780 dias, contados a partir da assinatura da ordem de servi\u00e7o.<\/p>\n\n\n\n<p>Uma antiga reivindica\u00e7\u00e3o da regi\u00e3o, a ponte sobre o Rio S\u00e3o Francisco em Manga vai favorecer o escoamento da produ\u00e7\u00e3o agropecu\u00e1ria da regi\u00e3o e contemplar diretamente o Projeto Ja\u00edba, o maior projeto p\u00fablico de irriga\u00e7\u00e3o em \u00e1rea cont\u00ednua da Am\u00e9rica. Deve beneficiar ainda os munic\u00edpios de Ja\u00edba, Montalv\u00e2nia, Juven\u00edlia, Mirav\u00e2nia, S\u00e3o Joao das Miss\u00f5es e Itacarambi, facilitando a liga\u00e7\u00e3o com o Oeste da Bahia.<\/p>\n\n\n\n<p>\u201cMatias Cardoso e Manga, de lados opostos do rio S\u00e3o Francisco, continuam desligadas at\u00e9 hoje. Milhares de pessoas t\u00eam que fazer essa travessia de barco todos os dias, como faziam h\u00e1 300 anos, como por exemplo os trabalhadores que saem de Manga para trabalhar no Projeto Ja\u00edba&#8221;, afirma o vice-governador&nbsp;<a href=\"https:\/\/www.em.com.br\/colunistas\/orion-teixeira\/2025\/03\/7091796-simoes-reprova-tatica-de-zema-e-muda-marqueteiro.html\" target=\"_blank\" rel=\"noreferrer noopener\"><strong>Mateus Sim\u00f5es<\/strong><\/a>&nbsp;(Novo).<\/p>\n\n\n\n<p>&#8220;A publica\u00e7\u00e3o do edital de licita\u00e7\u00e3o representa um marco de inova\u00e7\u00e3o e esfor\u00e7o do Governo de Minas Gerais na linha de adotar as melhores pr\u00e1ticas para garantir a entrega de obras de grande complexidade no prazo e com qualidade\u201d, avalia o secret\u00e1rio de estado de Infraestrutura e Mobilidade, Pedro Bruno. \u201c Esse mecanismo permitir\u00e1 uma melhor sele\u00e7\u00e3o dos futuros executores da obra dando concretude \u00e0 diretriz do&nbsp;<a href=\"https:\/\/www.em.com.br\/politica\/2025\/04\/7106371-sem-acordo-entre-base-de-zema-e-oposicao-vetos-seguem-travando-a-almg.html\" target=\"_blank\" rel=\"noreferrer noopener\"><strong>governador Romeu Zema<\/strong><\/a>&nbsp;de deixar o maior legado de infraestrutura da hist\u00f3ria do nosso estado&#8221;\u201d, completa.<\/p>\n\n\n\n<p>O diretor-geral do DER-MG, Rodrigo Tavares, lembra que \u201ca constru\u00e7\u00e3o da ponte vai acabar com o transtorno da travessia por meio de balsas e barcos, o que representa a esperan\u00e7a de progresso e mais qualidade de vida, em especial para Manga e Matias Cardoso. Mais do que isso, significa criar pontes para impulsionar a economia e o desenvolvimento da regi\u00e3o&#8221;.<\/p>\n\n\n\n<p>O prefeito de Manga, Anast\u00e1cio Guedes (PT), embora seja de um partido de oposi\u00e7\u00e3o a Romeu Zema, tamb\u00e9m comemora a publica\u00e7\u00e3o do edital da ponte sobre o Rio S\u00e3o Francisco pelo Governo do Estado. \u201cPra mim \u00e9 uma grande alegria esse edital (ser publicado) no dia de hoje (quinta-feira). Essa obra representa o futuro da nossa cidade, a cidade de Manga, que espera por ela h\u00e1 muitos anos\u201d, diz Anast\u00e1cio. Ele salienta que a ponte vai beneficiar o Projeto Ja\u00edba e as cidades vizinhas, levando progresso tamb\u00e9m a cidades da Bahia como Cocos, Carinhanha e Malhada.<\/p>\n\n\n\n<p>\u201cA gente espera que obra da ponte seja conclu\u00edda. Ser\u00e1 um dos melhores acontecimentos da cidade de Manga dos \u00faltimos anos\u201d, acredita Anast\u00e1cio Guedes.&nbsp;<\/p>\n","protected":false},"excerpt":{"rendered":"<p>Edital de licita\u00e7\u00e3o para a constru\u00e7\u00e3o da estrutura no Norte de Minas foi publicado ontem pelo governo do Estado O Governo do Estado publicou, nessa quinta-feira (10\/-01), o edital de licita\u00e7\u00e3o para a\u00a0constru\u00e7\u00e3o da ponte\u00a0sobre o\u00a0Rio S\u00e3o Francisco, na MG 401, entre Manga e Matias Cardoso, no Norte de Minas. A obra est\u00e1 or\u00e7ada em [&hellip;]<\/p>\n","protected":false},"author":5,"featured_media":167937,"comment_status":"closed","ping_status":"open","sticky":false,"template":"","format":"standard","meta":{"advgb_blocks_editor_width":"","advgb_blocks_columns_visual_guide":"","_exactmetrics_skip_tracking":false,"_exactmetrics_sitenote_active":false,"_exactmetrics_sitenote_note":"","_exactmetrics_sitenote_category":0,"footnotes":""},"categories":[7,2],"tags":[],"class_list":["post-167936","post","type-post","status-publish","format-standard","has-post-thumbnail","hentry","category-destaques","category-noticias"],"better_featured_image":{"id":167937,"alt_text":"","caption":"","description":"","media_type":"image","media_details":{"width":1200,"height":719,"file":"2025\/04\/1_imagem_grafica_ponte_manga_credito_der_mg_4-49516458.png","filesize":1045118,"sizes":{"medium":{"file":"1_imagem_grafica_ponte_manga_credito_der_mg_4-49516458-470x282.png","width":470,"height":282,"mime-type":"image\/png","filesize":211295,"source_url":"https:\/\/lavras.tv\/site\/wp-content\/uploads\/2025\/04\/1_imagem_grafica_ponte_manga_credito_der_mg_4-49516458-470x282.png"},"large":{"file":"1_imagem_grafica_ponte_manga_credito_der_mg_4-49516458-970x581.png","width":970,"height":581,"mime-type":"image\/png","filesize":720391,"source_url":"https:\/\/lavras.tv\/site\/wp-content\/uploads\/2025\/04\/1_imagem_grafica_ponte_manga_credito_der_mg_4-49516458-970x581.png"},"thumbnail":{"file":"1_imagem_grafica_ponte_manga_credito_der_mg_4-49516458-170x102.png","width":170,"height":102,"mime-type":"image\/png","filesize":33528,"source_url":"https:\/\/lavras.tv\/site\/wp-content\/uploads\/2025\/04\/1_imagem_grafica_ponte_manga_credito_der_mg_4-49516458-170x102.png"},"lshowcase-thumb":{"file":"1_imagem_grafica_ponte_manga_credito_der_mg_4-49516458-200x120.png","width":200,"height":120,"mime-type":"image\/png","filesize":45436,"source_url":"https:\/\/lavras.tv\/site\/wp-content\/uploads\/2025\/04\/1_imagem_grafica_ponte_manga_credito_der_mg_4-49516458-200x120.png"},"alm-thumbnail":{"file":"1_imagem_grafica_ponte_manga_credito_der_mg_4-49516458-150x150.png","width":150,"height":150,"mime-type":"image\/png","filesize":39352,"source_url":"https:\/\/lavras.tv\/site\/wp-content\/uploads\/2025\/04\/1_imagem_grafica_ponte_manga_credito_der_mg_4-49516458-150x150.png"}},"image_meta":{"aperture":"0","credit":"","camera":"","caption":"","created_timestamp":"0","copyright":"","focal_length":"0","iso":"0","shutter_speed":"0","title":"","orientation":"0","keywords":[]}},"post":167936,"source_url":"https:\/\/lavras.tv\/site\/wp-content\/uploads\/2025\/04\/1_imagem_grafica_ponte_manga_credito_der_mg_4-49516458.png"},"author_meta":{"display_name":"Vinicius Bustamante","author_link":"https:\/\/lavras.tv\/site\/author\/vinicius-bustamante\/"},"featured_img":"https:\/\/lavras.tv\/site\/wp-content\/uploads\/2025\/04\/1_imagem_grafica_ponte_manga_credito_der_mg_4-49516458-470x282.png","coauthors":[],"tax_additional":{"categories":{"linked":["<a href=\"https:\/\/lavras.tv\/site\/category\/destaques\/\" class=\"advgb-post-tax-term\">Destaques<\/a>","<a href=\"https:\/\/lavras.tv\/site\/category\/noticias\/\" class=\"advgb-post-tax-term\">Not\u00edcias<\/a>"],"unlinked":["<span class=\"advgb-post-tax-term\">Destaques<\/span>","<span class=\"advgb-post-tax-term\">Not\u00edcias<\/span>"]}},"comment_count":"0","relative_dates":{"created":"Publicado 1 ano atr\u00e1s","modified":"Atualizado 1 ano atr\u00e1s"},"absolute_dates":{"created":"Publicado em 11 de abril de 2025","modified":"Atualizado em 11 de abril de 2025"},"absolute_dates_time":{"created":"Publicado em 11 de abril de 2025 14:36","modified":"Atualizado em 11 de abril de 2025 14:36"},"featured_img_caption":"","series_order":"","_links":{"self":[{"href":"https:\/\/lavras.tv\/site\/wp-json\/wp\/v2\/posts\/167936","targetHints":{"allow":["GET"]}}],"collection":[{"href":"https:\/\/lavras.tv\/site\/wp-json\/wp\/v2\/posts"}],"about":[{"href":"https:\/\/lavras.tv\/site\/wp-json\/wp\/v2\/types\/post"}],"author":[{"embeddable":true,"href":"https:\/\/lavras.tv\/site\/wp-json\/wp\/v2\/users\/5"}],"replies":[{"embeddable":true,"href":"https:\/\/lavras.tv\/site\/wp-json\/wp\/v2\/comments?post=167936"}],"version-history":[{"count":1,"href":"https:\/\/lavras.tv\/site\/wp-json\/wp\/v2\/posts\/167936\/revisions"}],"predecessor-version":[{"id":167938,"href":"https:\/\/lavras.tv\/site\/wp-json\/wp\/v2\/posts\/167936\/revisions\/167938"}],"wp:featuredmedia":[{"embeddable":true,"href":"https:\/\/lavras.tv\/site\/wp-json\/wp\/v2\/media\/167937"}],"wp:attachment":[{"href":"https:\/\/lavras.tv\/site\/wp-json\/wp\/v2\/media?parent=167936"}],"wp:term":[{"taxonomy":"category","embeddable":true,"href":"https:\/\/lavras.tv\/site\/wp-json\/wp\/v2\/categories?post=167936"},{"taxonomy":"post_tag","embeddable":true,"href":"https:\/\/lavras.tv\/site\/wp-json\/wp\/v2\/tags?post=167936"}],"curies":[{"name":"wp","href":"https:\/\/api.w.org\/{rel}","templated":true}]}}