{"id":167939,"date":"2025-04-11T14:44:26","date_gmt":"2025-04-11T17:44:26","guid":{"rendered":"https:\/\/lavras.tv\/site\/?p=167939"},"modified":"2025-04-11T14:44:27","modified_gmt":"2025-04-11T17:44:27","slug":"academia-vai-dar-oscar-a-dubles-de-acao-a-partir-de-2028","status":"publish","type":"post","link":"https:\/\/lavras.tv\/site\/2025\/04\/11\/academia-vai-dar-oscar-a-dubles-de-acao-a-partir-de-2028\/","title":{"rendered":"Academia vai dar Oscar a dubl\u00eas de a\u00e7\u00e3o a partir de 2028"},"content":{"rendered":"<div class=\"lavra-antes-do-conteudo_2\" id=\"lavra-1146203396\"><div id=\"lavra-slider-27\" class=\"custom-slider lavra-slider-1802070506 lavra-slider\"><ul><li><div style=\"margin-left: auto;margin-right: auto;text-align: center;\" id=\"lavra-983143448\"><a href=\"https:\/\/sistemas.lavras.mg.gov.br\/portalcidadao\/#df1b1a7c7b2a290bcb31e32771e610784662739a88807c0dacac58ede5f391a7530e299dc302d611ee73cb143fc22eaf93592e53e7b5bdb01b00a0b8d28dae460c141dd2ff83412e4dc1c31b16b25f33144a9e5620ea73b13f5bc1c59411d98439ad226e8af03840603796067d87afe130812cf3de24982d0e306f9e61e764e5\" aria-label=\"Lavras-TV&#8211;720x104px (1) (1)\"><img src=\"https:\/\/lavras.tv\/site\/wp-content\/uploads\/2025\/01\/Lavras-TV-720x104px-1-1.png\" alt=\"\"  srcset=\"https:\/\/lavras.tv\/site\/wp-content\/uploads\/2025\/01\/Lavras-TV-720x104px-1-1.png 720w, https:\/\/lavras.tv\/site\/wp-content\/uploads\/2025\/01\/Lavras-TV-720x104px-1-1-470x68.png 470w, https:\/\/lavras.tv\/site\/wp-content\/uploads\/2025\/01\/Lavras-TV-720x104px-1-1-170x25.png 170w, https:\/\/lavras.tv\/site\/wp-content\/uploads\/2025\/01\/Lavras-TV-720x104px-1-1-200x29.png 200w\" sizes=\"(max-width: 720px) 100vw, 720px\" width=\"720\" height=\"104\"  style=\"display: inline-block;\" \/><\/a><\/div><\/li><li><a href=\"https:\/\/sistemas.lavras.mg.gov.br\/portalcidadao\/#df1b1a7c7b2a290bcb31e32771e610784662739a88807c0dacac58ede5f391a7530e299dc302d611ee73cb143fc22eaf93592e53e7b5bdb01b00a0b8d28dae460c141dd2ff83412e4dc1c31b16b25f33144a9e5620ea73b13f5bc1c59411d98439ad226e8af03840603796067d87afe130812cf3de24982d0e306f9e61e764e5\" aria-label=\"Banner_Emprego_PortallavrasTV\"><img src=\"https:\/\/lavras.tv\/site\/wp-content\/uploads\/2025\/03\/Banner_Emprego_PortallavrasTV.png\" alt=\"\"  srcset=\"https:\/\/lavras.tv\/site\/wp-content\/uploads\/2025\/03\/Banner_Emprego_PortallavrasTV.png 720w, https:\/\/lavras.tv\/site\/wp-content\/uploads\/2025\/03\/Banner_Emprego_PortallavrasTV-470x68.png 470w, https:\/\/lavras.tv\/site\/wp-content\/uploads\/2025\/03\/Banner_Emprego_PortallavrasTV-170x25.png 170w, https:\/\/lavras.tv\/site\/wp-content\/uploads\/2025\/03\/Banner_Emprego_PortallavrasTV-200x29.png 200w\" sizes=\"(max-width: 720px) 100vw, 720px\" width=\"720\" height=\"104\"   \/><\/a><\/li><li><a href=\"https:\/\/sistemas.lavras.mg.gov.br\/portalcidadao\/#df1b1a7c7b2a290bcb31e32771e610784662739a88807c0dacac58ede5f391a7530e299dc302d611ee73cb143fc22eaf93592e53e7b5bdb01b00a0b8d28dae460c141dd2ff83412e4dc1c31b16b25f33144a9e5620ea73b13f5bc1c59411d98439ad226e8af03840603796067d87afe130812cf3de24982d0e306f9e61e764e5\" aria-label=\"Banner_Obras_PortallavrasTV\"><img src=\"https:\/\/lavras.tv\/site\/wp-content\/uploads\/2025\/03\/Banner_Obras_PortallavrasTV.png\" alt=\"\"  srcset=\"https:\/\/lavras.tv\/site\/wp-content\/uploads\/2025\/03\/Banner_Obras_PortallavrasTV.png 720w, https:\/\/lavras.tv\/site\/wp-content\/uploads\/2025\/03\/Banner_Obras_PortallavrasTV-470x68.png 470w, https:\/\/lavras.tv\/site\/wp-content\/uploads\/2025\/03\/Banner_Obras_PortallavrasTV-170x25.png 170w, https:\/\/lavras.tv\/site\/wp-content\/uploads\/2025\/03\/Banner_Obras_PortallavrasTV-200x29.png 200w\" sizes=\"(max-width: 720px) 100vw, 720px\" width=\"720\" height=\"104\"   \/><\/a><\/li><li><div style=\"margin-left: auto;margin-right: auto;text-align: center;\" id=\"lavra-2739263599\"><a href=\"https:\/\/sistemas.lavras.mg.gov.br\/portalcidadao\/#df1b1a7c7b2a290bcb31e32771e610784662739a88807c0dacac58ede5f391a7530e299dc302d611ee73cb143fc22eaf93592e53e7b5bdb01b00a0b8d28dae460c141dd2ff83412e4dc1c31b16b25f33144a9e5620ea73b13f5bc1c59411d98439ad226e8af03840603796067d87afe130812cf3de24982d0e306f9e61e764e5\" aria-label=\"Banner_Educa\u00e7\u00e3o_PortallavrasTV\"><img src=\"https:\/\/lavras.tv\/site\/wp-content\/uploads\/2025\/01\/Banner_Educacao_PortallavrasTV.png\" alt=\"\"  srcset=\"https:\/\/lavras.tv\/site\/wp-content\/uploads\/2025\/01\/Banner_Educacao_PortallavrasTV.png 720w, https:\/\/lavras.tv\/site\/wp-content\/uploads\/2025\/01\/Banner_Educacao_PortallavrasTV-470x68.png 470w, https:\/\/lavras.tv\/site\/wp-content\/uploads\/2025\/01\/Banner_Educacao_PortallavrasTV-170x25.png 170w, https:\/\/lavras.tv\/site\/wp-content\/uploads\/2025\/01\/Banner_Educacao_PortallavrasTV-200x29.png 200w\" sizes=\"(max-width: 720px) 100vw, 720px\" width=\"720\" height=\"104\"  style=\"display: inline-block;\" \/><\/a><\/div><\/li><li><a href=\"https:\/\/sistemas.lavras.mg.gov.br\/portalcidadao\/#df1b1a7c7b2a290bcb31e32771e610784662739a88807c0dacac58ede5f391a7530e299dc302d611ee73cb143fc22eaf93592e53e7b5bdb01b00a0b8d28dae460c141dd2ff83412e4dc1c31b16b25f33144a9e5620ea73b13f5bc1c59411d98439ad226e8af03840603796067d87afe130812cf3de24982d0e306f9e61e764e5\" aria-label=\"Banner_Sa\u00fade_PortallavrasTV\"><img src=\"https:\/\/lavras.tv\/site\/wp-content\/uploads\/2025\/03\/Banner_Saude_PortallavrasTV.png\" alt=\"\"  srcset=\"https:\/\/lavras.tv\/site\/wp-content\/uploads\/2025\/03\/Banner_Saude_PortallavrasTV.png 720w, https:\/\/lavras.tv\/site\/wp-content\/uploads\/2025\/03\/Banner_Saude_PortallavrasTV-470x68.png 470w, https:\/\/lavras.tv\/site\/wp-content\/uploads\/2025\/03\/Banner_Saude_PortallavrasTV-170x25.png 170w, https:\/\/lavras.tv\/site\/wp-content\/uploads\/2025\/03\/Banner_Saude_PortallavrasTV-200x29.png 200w\" sizes=\"(max-width: 720px) 100vw, 720px\" width=\"720\" height=\"104\"   \/><\/a><\/li><li><div id=\"lavra-2943121253\" style=\"width:720px;height:104px;background-color:#ddd;overflow:scroll;\">\n\t<strong>Sa\u00edda da depura\u00e7\u00e3o de an\u00fancios<\/strong>\n\t<br><br>\n\tO an\u00fancio n\u00e3o \u00e9 exibido na p\u00e1gina<br><br>post atual: Academia vai dar Oscar a dubl\u00eas de a\u00e7\u00e3o a partir de 2028, ID: 167939<br><br><span style=\"color: red;\">O post atual n\u00e3o \u00e9 id\u00eantico ao post principal.<\/span><br><br>An\u00fancios: ROXO - TOPO INTERNA - ROTATIVO 2 (197)<br \/>Grupo de an\u00fancios: Princ_Meio01_720x104 (27)<br><br>Condi\u00e7\u00f5es de exibi\u00e7\u00e3o<div style=\"margin-bottom: 20px; white-space: pre-wrap; font-family: monospace; width: 100%; background: #ffe9e9;\"><strong>condi\u00e7\u00f5es gerais<\/strong><table border=\"1\"><thead><tr><th><\/th><th>An\u00fancios<\/th><th>wp_the_query<\/th><\/tr><\/thead><tr><td>is_main_query<\/td><td>1<\/td><td>1<\/td><\/tr><tr><td>is_rest_api<\/td><td>0<\/td><td>1<\/td><\/tr><tr><td>page<\/td><td>0<\/td><td>1<\/td><\/tr><tr><td>numpages<\/td><td>0<\/td><td>1<\/td><\/tr><tr><td>is_archive<\/td><td>1<\/td><td><\/td><\/tr><tr><td>is_search<\/td><td>1<\/td><td><\/td><\/tr><tr><td>is_home<\/td><td>1<\/td><td><\/td><\/tr><tr><td>is_404<\/td><td>1<\/td><td><\/td><\/tr><tr><td>is_attachment<\/td><td>1<\/td><td><\/td><\/tr><tr><td>is_singular<\/td><td>1<\/td><td><\/td><\/tr><tr><td>is_front_page<\/td><td>1<\/td><td><\/td><\/tr><tr><td>is_feed<\/td><td>1<\/td><td><\/td><\/tr><\/table><\/div><br><br><span style=\"color: red;\">Seu site usa HTTPS, mas o c\u00f3digo do an\u00fancio cont\u00e9m HTTP e pode n\u00e3o funcionar.<\/span>\t<br><br>\n\t<a style=\"color: green;\" href=\"https:\/\/wpadvancedads.com\/manual\/ad-debug-mode\/?utm_source=advanced-ads&utm_medium=link&utm_campaign=ad-debug-mode\" target=\"_blank\" rel=\"nofollow\">Encontre solu\u00e7\u00f5es no manual<\/a>\n<\/div>\n<\/li><\/ul><\/div><script>( window.advanced_ads_ready || jQuery( document ).ready ).call( null, function() {var $lavraslider1802070506 = jQuery( \".lavra-slider-1802070506\" );$lavraslider1802070506.on( \"unslider.ready\", function() { jQuery( \"div.custom-slider ul li\" ).css( \"display\", \"block\" ); });$lavraslider1802070506.unslider({ delay:4000, autoplay:true, nav:false, arrows:false, infinite:true });$lavraslider1802070506.on(\"mouseover\", function() {$lavraslider1802070506.unslider(\"stop\");}).on(\"mouseout\", function() {$lavraslider1802070506.unslider(\"start\");});});<\/script><\/div>\n<p>Filmes lan\u00e7ados em 2027 poder\u00e3o concorrer por um Oscar ao &#8220;Melhor Design de Acrobacias&#8221;<\/p>\n\n\n\n<figure class=\"wp-block-image size-large\"><img fetchpriority=\"high\" decoding=\"async\" width=\"970\" height=\"582\" src=\"https:\/\/lavras.tv\/site\/wp-content\/uploads\/2025\/04\/1_cena_do_filme_o_duble-49517896-970x582.jpg\" alt=\"\" class=\"wp-image-167940\" srcset=\"https:\/\/lavras.tv\/site\/wp-content\/uploads\/2025\/04\/1_cena_do_filme_o_duble-49517896-970x582.jpg 970w, https:\/\/lavras.tv\/site\/wp-content\/uploads\/2025\/04\/1_cena_do_filme_o_duble-49517896-470x282.jpg 470w, https:\/\/lavras.tv\/site\/wp-content\/uploads\/2025\/04\/1_cena_do_filme_o_duble-49517896-170x102.jpg 170w, https:\/\/lavras.tv\/site\/wp-content\/uploads\/2025\/04\/1_cena_do_filme_o_duble-49517896-200x120.jpg 200w, https:\/\/lavras.tv\/site\/wp-content\/uploads\/2025\/04\/1_cena_do_filme_o_duble-49517896.jpg 1200w\" sizes=\"(max-width: 970px) 100vw, 970px\" \/><\/figure>\n\n\n\n<p>Uma nova categoria que premiar\u00e1 os dubl\u00eas de a\u00e7\u00e3o ser\u00e1 incorporada ao&nbsp;<strong><a href=\"https:\/\/www.em.com.br\/tudo-sobre\/oscar\/\">Oscar<\/a>&nbsp;<\/strong>em 2028, como parte do centen\u00e1rio da noite mais importante de&nbsp;<strong><a href=\"https:\/\/www.em.com.br\/cultura\/2024\/03\/6816124-academia-de-hollywood-muda-e-passa-a-valorizar-estrangeiros-no-oscar.html\">Hollywood<\/a><\/strong>, informou a&nbsp;Academia de Artes e Ci\u00eancias Cinematogr\u00e1ficas&nbsp;nesta quinta-feira (10).<\/p>\n\n\n\n<p>A institui\u00e7\u00e3o que organiza os pr\u00eamios aos melhores da ind\u00fastria cinematogr\u00e1fica detalhou que os filmes lan\u00e7ados em 2027 poder\u00e3o concorrer por um Oscar ao &#8220;Melhor Design de Acrobacias&#8221;.<\/p>\n\n\n\n<p>&#8220;Desde os prim\u00f3rdios do\u00a0<strong><a href=\"https:\/\/www.em.com.br\/tudo-sobre\/cinema\/\">cinema<\/a><\/strong>, o design de acrobacias tem sido uma parte integral das filmagens&#8221;, disseram o diretor-executivo da Academia, Bill Kramer, e a presidente, Janet Yang, em comunicado.<\/p>\n\n\n\n<p>&#8220;Temos orgulho de homenagear o trabalho inovador desses artistas t\u00e9cnicos e criativos e os parabenizamos por seu comprometimento e dedica\u00e7\u00e3o em alcan\u00e7ar esta ocasi\u00e3o memor\u00e1vel.&#8221;<\/p>\n\n\n\n<p>As regras do pr\u00eamio ser\u00e3o anunciadas em dois anos, acrescenta a nota.<\/p>\n\n\n\n<p>O an\u00fancio marca o encerramento de uma campanha crescente para uma categoria que homenageie os melhores dubl\u00eas de a\u00e7\u00e3o no Oscar.<\/p>\n\n\n\n<p>Os apoiadores dessa incorpora\u00e7\u00e3o argumentam que a contribui\u00e7\u00e3o destes her\u00f3is an\u00f4nimos que arriscam suas vidas e sus extremidades n\u00e3o difere do trabalho dos respons\u00e1veis por som, maquiagem e efeitos visuais, que s\u00e3o reconhecidos a cada ano na cerim\u00f4nia.<\/p>\n\n\n\n<p>Os dubl\u00eas de a\u00e7\u00e3o s\u00e3o reconhecidos em algumas premia\u00e7\u00f5es de cinema e televis\u00e3o, como a realizada pelo Sindicato dos Atores (SAG Awards).&nbsp;<\/p>\n\n\n\n<p>A Academia expandiu a luxuosa premia\u00e7\u00e3o do Oscar com a cria\u00e7\u00e3o de categorias que refletem as complexidades do cinema moderno.<\/p>\n\n\n\n<p>No ano passado, estabeleceu a nova categoria de &#8220;Melhor Elenco&#8221;, cujo pr\u00eamio ser\u00e1 concedido pela primeira vez em 2026.<\/p>\n","protected":false},"excerpt":{"rendered":"<p>Filmes lan\u00e7ados em 2027 poder\u00e3o concorrer por um Oscar ao &#8220;Melhor Design de Acrobacias&#8221; Uma nova categoria que premiar\u00e1 os dubl\u00eas de a\u00e7\u00e3o ser\u00e1 incorporada ao&nbsp;Oscar&nbsp;em 2028, como parte do centen\u00e1rio da noite mais importante de&nbsp;Hollywood, informou a&nbsp;Academia de Artes e Ci\u00eancias Cinematogr\u00e1ficas&nbsp;nesta quinta-feira (10). A institui\u00e7\u00e3o que organiza os pr\u00eamios aos melhores da ind\u00fastria [&hellip;]<\/p>\n","protected":false},"author":5,"featured_media":167940,"comment_status":"closed","ping_status":"open","sticky":false,"template":"","format":"standard","meta":{"advgb_blocks_editor_width":"","advgb_blocks_columns_visual_guide":"","_exactmetrics_skip_tracking":false,"_exactmetrics_sitenote_active":false,"_exactmetrics_sitenote_note":"","_exactmetrics_sitenote_category":0,"footnotes":""},"categories":[7,2],"tags":[],"class_list":["post-167939","post","type-post","status-publish","format-standard","has-post-thumbnail","hentry","category-destaques","category-noticias"],"better_featured_image":{"id":167940,"alt_text":"","caption":"","description":"","media_type":"image","media_details":{"width":1200,"height":720,"file":"2025\/04\/1_cena_do_filme_o_duble-49517896.jpg","filesize":199189,"sizes":{"medium":{"file":"1_cena_do_filme_o_duble-49517896-470x282.jpg","width":470,"height":282,"mime-type":"image\/jpeg","filesize":28830,"source_url":"https:\/\/lavras.tv\/site\/wp-content\/uploads\/2025\/04\/1_cena_do_filme_o_duble-49517896-470x282.jpg"},"large":{"file":"1_cena_do_filme_o_duble-49517896-970x582.jpg","width":970,"height":582,"mime-type":"image\/jpeg","filesize":93858,"source_url":"https:\/\/lavras.tv\/site\/wp-content\/uploads\/2025\/04\/1_cena_do_filme_o_duble-49517896-970x582.jpg"},"thumbnail":{"file":"1_cena_do_filme_o_duble-49517896-170x102.jpg","width":170,"height":102,"mime-type":"image\/jpeg","filesize":5497,"source_url":"https:\/\/lavras.tv\/site\/wp-content\/uploads\/2025\/04\/1_cena_do_filme_o_duble-49517896-170x102.jpg"},"lshowcase-thumb":{"file":"1_cena_do_filme_o_duble-49517896-200x120.jpg","width":200,"height":120,"mime-type":"image\/jpeg","filesize":6979,"source_url":"https:\/\/lavras.tv\/site\/wp-content\/uploads\/2025\/04\/1_cena_do_filme_o_duble-49517896-200x120.jpg"},"alm-thumbnail":{"file":"1_cena_do_filme_o_duble-49517896-150x150.jpg","width":150,"height":150,"mime-type":"image\/jpeg","filesize":6610,"source_url":"https:\/\/lavras.tv\/site\/wp-content\/uploads\/2025\/04\/1_cena_do_filme_o_duble-49517896-150x150.jpg"}},"image_meta":{"aperture":"0","credit":"","camera":"","caption":"","created_timestamp":"0","copyright":"","focal_length":"0","iso":"0","shutter_speed":"0","title":"","orientation":"0","keywords":[]}},"post":167939,"source_url":"https:\/\/lavras.tv\/site\/wp-content\/uploads\/2025\/04\/1_cena_do_filme_o_duble-49517896.jpg"},"author_meta":{"display_name":"Vinicius Bustamante","author_link":"https:\/\/lavras.tv\/site\/author\/vinicius-bustamante\/"},"featured_img":"https:\/\/lavras.tv\/site\/wp-content\/uploads\/2025\/04\/1_cena_do_filme_o_duble-49517896-470x282.jpg","coauthors":[],"tax_additional":{"categories":{"linked":["<a href=\"https:\/\/lavras.tv\/site\/category\/destaques\/\" class=\"advgb-post-tax-term\">Destaques<\/a>","<a href=\"https:\/\/lavras.tv\/site\/category\/noticias\/\" class=\"advgb-post-tax-term\">Not\u00edcias<\/a>"],"unlinked":["<span class=\"advgb-post-tax-term\">Destaques<\/span>","<span class=\"advgb-post-tax-term\">Not\u00edcias<\/span>"]}},"comment_count":"0","relative_dates":{"created":"Publicado 1 ano atr\u00e1s","modified":"Atualizado 1 ano atr\u00e1s"},"absolute_dates":{"created":"Publicado em 11 de abril de 2025","modified":"Atualizado em 11 de abril de 2025"},"absolute_dates_time":{"created":"Publicado em 11 de abril de 2025 14:44","modified":"Atualizado em 11 de abril de 2025 14:44"},"featured_img_caption":"","series_order":"","_links":{"self":[{"href":"https:\/\/lavras.tv\/site\/wp-json\/wp\/v2\/posts\/167939","targetHints":{"allow":["GET"]}}],"collection":[{"href":"https:\/\/lavras.tv\/site\/wp-json\/wp\/v2\/posts"}],"about":[{"href":"https:\/\/lavras.tv\/site\/wp-json\/wp\/v2\/types\/post"}],"author":[{"embeddable":true,"href":"https:\/\/lavras.tv\/site\/wp-json\/wp\/v2\/users\/5"}],"replies":[{"embeddable":true,"href":"https:\/\/lavras.tv\/site\/wp-json\/wp\/v2\/comments?post=167939"}],"version-history":[{"count":1,"href":"https:\/\/lavras.tv\/site\/wp-json\/wp\/v2\/posts\/167939\/revisions"}],"predecessor-version":[{"id":167941,"href":"https:\/\/lavras.tv\/site\/wp-json\/wp\/v2\/posts\/167939\/revisions\/167941"}],"wp:featuredmedia":[{"embeddable":true,"href":"https:\/\/lavras.tv\/site\/wp-json\/wp\/v2\/media\/167940"}],"wp:attachment":[{"href":"https:\/\/lavras.tv\/site\/wp-json\/wp\/v2\/media?parent=167939"}],"wp:term":[{"taxonomy":"category","embeddable":true,"href":"https:\/\/lavras.tv\/site\/wp-json\/wp\/v2\/categories?post=167939"},{"taxonomy":"post_tag","embeddable":true,"href":"https:\/\/lavras.tv\/site\/wp-json\/wp\/v2\/tags?post=167939"}],"curies":[{"name":"wp","href":"https:\/\/api.w.org\/{rel}","templated":true}]}}