{"id":167955,"date":"2025-04-11T14:56:06","date_gmt":"2025-04-11T17:56:06","guid":{"rendered":"https:\/\/lavras.tv\/site\/?p=167955"},"modified":"2025-04-11T14:56:08","modified_gmt":"2025-04-11T17:56:08","slug":"governo-de-mg-13-dos-servidores-receberam-menos-que-o-minimo-em-fevereiro","status":"publish","type":"post","link":"https:\/\/lavras.tv\/site\/2025\/04\/11\/governo-de-mg-13-dos-servidores-receberam-menos-que-o-minimo-em-fevereiro\/","title":{"rendered":"Governo de MG: 13% dos servidores receberam menos que o m\u00ednimo em fevereiro"},"content":{"rendered":"<div class=\"lavra-antes-do-conteudo_2\" id=\"lavra-1052838720\"><div id=\"lavra-slider-27\" class=\"custom-slider lavra-slider-954340512 lavra-slider\"><ul><li><div style=\"margin-left: auto;margin-right: auto;text-align: center;\" id=\"lavra-3380954523\"><a href=\"https:\/\/sistemas.lavras.mg.gov.br\/portalcidadao\/#df1b1a7c7b2a290bcb31e32771e610784662739a88807c0dacac58ede5f391a7530e299dc302d611ee73cb143fc22eaf93592e53e7b5bdb01b00a0b8d28dae460c141dd2ff83412e4dc1c31b16b25f33144a9e5620ea73b13f5bc1c59411d98439ad226e8af03840603796067d87afe130812cf3de24982d0e306f9e61e764e5\" aria-label=\"Lavras-TV&#8211;720x104px (1) (1)\"><img src=\"https:\/\/lavras.tv\/site\/wp-content\/uploads\/2025\/01\/Lavras-TV-720x104px-1-1.png\" alt=\"\"  srcset=\"https:\/\/lavras.tv\/site\/wp-content\/uploads\/2025\/01\/Lavras-TV-720x104px-1-1.png 720w, https:\/\/lavras.tv\/site\/wp-content\/uploads\/2025\/01\/Lavras-TV-720x104px-1-1-470x68.png 470w, https:\/\/lavras.tv\/site\/wp-content\/uploads\/2025\/01\/Lavras-TV-720x104px-1-1-170x25.png 170w, https:\/\/lavras.tv\/site\/wp-content\/uploads\/2025\/01\/Lavras-TV-720x104px-1-1-200x29.png 200w\" sizes=\"(max-width: 720px) 100vw, 720px\" width=\"720\" height=\"104\"  style=\"display: inline-block;\" \/><\/a><\/div><\/li><li><a href=\"https:\/\/sistemas.lavras.mg.gov.br\/portalcidadao\/#df1b1a7c7b2a290bcb31e32771e610784662739a88807c0dacac58ede5f391a7530e299dc302d611ee73cb143fc22eaf93592e53e7b5bdb01b00a0b8d28dae460c141dd2ff83412e4dc1c31b16b25f33144a9e5620ea73b13f5bc1c59411d98439ad226e8af03840603796067d87afe130812cf3de24982d0e306f9e61e764e5\" aria-label=\"Banner_Emprego_PortallavrasTV\"><img src=\"https:\/\/lavras.tv\/site\/wp-content\/uploads\/2025\/03\/Banner_Emprego_PortallavrasTV.png\" alt=\"\"  srcset=\"https:\/\/lavras.tv\/site\/wp-content\/uploads\/2025\/03\/Banner_Emprego_PortallavrasTV.png 720w, https:\/\/lavras.tv\/site\/wp-content\/uploads\/2025\/03\/Banner_Emprego_PortallavrasTV-470x68.png 470w, https:\/\/lavras.tv\/site\/wp-content\/uploads\/2025\/03\/Banner_Emprego_PortallavrasTV-170x25.png 170w, https:\/\/lavras.tv\/site\/wp-content\/uploads\/2025\/03\/Banner_Emprego_PortallavrasTV-200x29.png 200w\" sizes=\"(max-width: 720px) 100vw, 720px\" width=\"720\" height=\"104\"   \/><\/a><\/li><li><a href=\"https:\/\/sistemas.lavras.mg.gov.br\/portalcidadao\/#df1b1a7c7b2a290bcb31e32771e610784662739a88807c0dacac58ede5f391a7530e299dc302d611ee73cb143fc22eaf93592e53e7b5bdb01b00a0b8d28dae460c141dd2ff83412e4dc1c31b16b25f33144a9e5620ea73b13f5bc1c59411d98439ad226e8af03840603796067d87afe130812cf3de24982d0e306f9e61e764e5\" aria-label=\"Banner_Obras_PortallavrasTV\"><img src=\"https:\/\/lavras.tv\/site\/wp-content\/uploads\/2025\/03\/Banner_Obras_PortallavrasTV.png\" alt=\"\"  srcset=\"https:\/\/lavras.tv\/site\/wp-content\/uploads\/2025\/03\/Banner_Obras_PortallavrasTV.png 720w, https:\/\/lavras.tv\/site\/wp-content\/uploads\/2025\/03\/Banner_Obras_PortallavrasTV-470x68.png 470w, https:\/\/lavras.tv\/site\/wp-content\/uploads\/2025\/03\/Banner_Obras_PortallavrasTV-170x25.png 170w, https:\/\/lavras.tv\/site\/wp-content\/uploads\/2025\/03\/Banner_Obras_PortallavrasTV-200x29.png 200w\" sizes=\"(max-width: 720px) 100vw, 720px\" width=\"720\" height=\"104\"   \/><\/a><\/li><li><div style=\"margin-left: auto;margin-right: auto;text-align: center;\" id=\"lavra-2082269538\"><a href=\"https:\/\/sistemas.lavras.mg.gov.br\/portalcidadao\/#df1b1a7c7b2a290bcb31e32771e610784662739a88807c0dacac58ede5f391a7530e299dc302d611ee73cb143fc22eaf93592e53e7b5bdb01b00a0b8d28dae460c141dd2ff83412e4dc1c31b16b25f33144a9e5620ea73b13f5bc1c59411d98439ad226e8af03840603796067d87afe130812cf3de24982d0e306f9e61e764e5\" aria-label=\"Banner_Educa\u00e7\u00e3o_PortallavrasTV\"><img src=\"https:\/\/lavras.tv\/site\/wp-content\/uploads\/2025\/01\/Banner_Educacao_PortallavrasTV.png\" alt=\"\"  srcset=\"https:\/\/lavras.tv\/site\/wp-content\/uploads\/2025\/01\/Banner_Educacao_PortallavrasTV.png 720w, https:\/\/lavras.tv\/site\/wp-content\/uploads\/2025\/01\/Banner_Educacao_PortallavrasTV-470x68.png 470w, https:\/\/lavras.tv\/site\/wp-content\/uploads\/2025\/01\/Banner_Educacao_PortallavrasTV-170x25.png 170w, https:\/\/lavras.tv\/site\/wp-content\/uploads\/2025\/01\/Banner_Educacao_PortallavrasTV-200x29.png 200w\" sizes=\"(max-width: 720px) 100vw, 720px\" width=\"720\" height=\"104\"  style=\"display: inline-block;\" \/><\/a><\/div><\/li><li><a href=\"https:\/\/sistemas.lavras.mg.gov.br\/portalcidadao\/#df1b1a7c7b2a290bcb31e32771e610784662739a88807c0dacac58ede5f391a7530e299dc302d611ee73cb143fc22eaf93592e53e7b5bdb01b00a0b8d28dae460c141dd2ff83412e4dc1c31b16b25f33144a9e5620ea73b13f5bc1c59411d98439ad226e8af03840603796067d87afe130812cf3de24982d0e306f9e61e764e5\" aria-label=\"Banner_Sa\u00fade_PortallavrasTV\"><img src=\"https:\/\/lavras.tv\/site\/wp-content\/uploads\/2025\/03\/Banner_Saude_PortallavrasTV.png\" alt=\"\"  srcset=\"https:\/\/lavras.tv\/site\/wp-content\/uploads\/2025\/03\/Banner_Saude_PortallavrasTV.png 720w, https:\/\/lavras.tv\/site\/wp-content\/uploads\/2025\/03\/Banner_Saude_PortallavrasTV-470x68.png 470w, https:\/\/lavras.tv\/site\/wp-content\/uploads\/2025\/03\/Banner_Saude_PortallavrasTV-170x25.png 170w, https:\/\/lavras.tv\/site\/wp-content\/uploads\/2025\/03\/Banner_Saude_PortallavrasTV-200x29.png 200w\" sizes=\"(max-width: 720px) 100vw, 720px\" width=\"720\" height=\"104\"   \/><\/a><\/li><li><div id=\"lavra-2623204189\" style=\"width:720px;height:104px;background-color:#ddd;overflow:scroll;\">\n\t<strong>Sa\u00edda da depura\u00e7\u00e3o de an\u00fancios<\/strong>\n\t<br><br>\n\tO an\u00fancio n\u00e3o \u00e9 exibido na p\u00e1gina<br><br>post atual: Governo de MG: 13% dos servidores receberam menos que o m\u00ednimo em fevereiro, ID: 167955<br><br><span style=\"color: red;\">O post atual n\u00e3o \u00e9 id\u00eantico ao post principal.<\/span><br><br>An\u00fancios: ROXO - TOPO INTERNA - ROTATIVO 2 (197)<br \/>Grupo de an\u00fancios: Princ_Meio01_720x104 (27)<br><br>Condi\u00e7\u00f5es de exibi\u00e7\u00e3o<div style=\"margin-bottom: 20px; white-space: pre-wrap; font-family: monospace; width: 100%; background: #ffe9e9;\"><strong>condi\u00e7\u00f5es gerais<\/strong><table border=\"1\"><thead><tr><th><\/th><th>An\u00fancios<\/th><th>wp_the_query<\/th><\/tr><\/thead><tr><td>is_main_query<\/td><td>1<\/td><td>1<\/td><\/tr><tr><td>is_rest_api<\/td><td>0<\/td><td>1<\/td><\/tr><tr><td>page<\/td><td>0<\/td><td>1<\/td><\/tr><tr><td>numpages<\/td><td>0<\/td><td>1<\/td><\/tr><tr><td>is_archive<\/td><td>1<\/td><td><\/td><\/tr><tr><td>is_search<\/td><td>1<\/td><td><\/td><\/tr><tr><td>is_home<\/td><td>1<\/td><td><\/td><\/tr><tr><td>is_404<\/td><td>1<\/td><td><\/td><\/tr><tr><td>is_attachment<\/td><td>1<\/td><td><\/td><\/tr><tr><td>is_singular<\/td><td>1<\/td><td><\/td><\/tr><tr><td>is_front_page<\/td><td>1<\/td><td><\/td><\/tr><tr><td>is_feed<\/td><td>1<\/td><td><\/td><\/tr><\/table><\/div><br><br><span style=\"color: red;\">Seu site usa HTTPS, mas o c\u00f3digo do an\u00fancio cont\u00e9m HTTP e pode n\u00e3o funcionar.<\/span>\t<br><br>\n\t<a style=\"color: green;\" href=\"https:\/\/wpadvancedads.com\/manual\/ad-debug-mode\/?utm_source=advanced-ads&utm_medium=link&utm_campaign=ad-debug-mode\" target=\"_blank\" rel=\"nofollow\">Encontre solu\u00e7\u00f5es no manual<\/a>\n<\/div>\n<\/li><\/ul><\/div><script>( window.advanced_ads_ready || jQuery( document ).ready ).call( null, function() {var $lavraslider954340512 = jQuery( \".lavra-slider-954340512\" );$lavraslider954340512.on( \"unslider.ready\", function() { jQuery( \"div.custom-slider ul li\" ).css( \"display\", \"block\" ); });$lavraslider954340512.unslider({ delay:4000, autoplay:true, nav:false, arrows:false, infinite:true });$lavraslider954340512.on(\"mouseover\", function() {$lavraslider954340512.unslider(\"stop\");}).on(\"mouseout\", function() {$lavraslider954340512.unslider(\"start\");});});<\/script><\/div>\n<p>Estado pagou menos que o piso do funcionalismo para mais de 46 mil trabalhadores nos \u00faltimos dados publicados na Transpar\u00eancia<\/p>\n\n\n\n<figure class=\"wp-block-image size-large\"><img fetchpriority=\"high\" decoding=\"async\" width=\"970\" height=\"581\" src=\"https:\/\/lavras.tv\/site\/wp-content\/uploads\/2025\/04\/1_servidores_mg_almg-49505633-970x581.jpeg\" alt=\"\" class=\"wp-image-167956\" srcset=\"https:\/\/lavras.tv\/site\/wp-content\/uploads\/2025\/04\/1_servidores_mg_almg-49505633-970x581.jpeg 970w, https:\/\/lavras.tv\/site\/wp-content\/uploads\/2025\/04\/1_servidores_mg_almg-49505633-470x282.jpeg 470w, https:\/\/lavras.tv\/site\/wp-content\/uploads\/2025\/04\/1_servidores_mg_almg-49505633-170x102.jpeg 170w, https:\/\/lavras.tv\/site\/wp-content\/uploads\/2025\/04\/1_servidores_mg_almg-49505633-200x120.jpeg 200w, https:\/\/lavras.tv\/site\/wp-content\/uploads\/2025\/04\/1_servidores_mg_almg-49505633.jpeg 1200w\" sizes=\"(max-width: 970px) 100vw, 970px\" \/><\/figure>\n\n\n\n<p>Dados abertos do Portal da Transpar\u00eancia do Governo de Minas Gerais mostram que, em fevereiro, 46.981\u00a0<strong><a href=\"https:\/\/www.em.com.br\/politica\/2025\/04\/7106503-oposicao-a-zema-acusa-base-de-travar-assembleia-para-nao-discutir-reajustes.html\">servidores receberam menos que um sal\u00e1rio m\u00ednimo\u00a0<\/a><\/strong>(R$ 1.518). O n\u00famero representa 13,3% do total de 351.984 ativos na folha de pagamento do Executivo, sendo que outros 13,4 mil servidores p\u00fablicos receberam at\u00e9 o piso do funcionalismo.<\/p>\n\n\n\n<p>O tema foi alvo de uma audi\u00eancia p\u00fablica da Comiss\u00e3o de Educa\u00e7\u00e3o, Ci\u00eancia e Tecnologia da Assembleia Legislativa de Minas Gerais (ALMG), que reuniu representantes de diversos setores do funcionalismo, e foi presidida pela deputada estadual Beatriz Cerqueira (PT), na tarde desta quinta-feira (10\/4). \u201cA situa\u00e7\u00e3o \u00e9 grave. N\u00f3s temos uma Constitui\u00e7\u00e3o da Rep\u00fablica que garante ao trabalhador e trabalhadora o sal\u00e1rio m\u00ednimo, mas em Minas Gerais o governo pratica menos que o m\u00ednimo\u201d, disse a petista.<\/p>\n\n\n\n<p>\u201cA gente tem esses servidores que recebem os menores sal\u00e1rios, com maior vulnerabilidade, e ainda recebem menos que o m\u00ednimo. O estado n\u00e3o paga aux\u00edlio transporte para todos os seus servidores, para milhares n\u00e3o tem aux\u00edlio alimenta\u00e7\u00e3o. \u00c9 o b\u00e1sico, mas o estado n\u00e3o paga. A situa\u00e7\u00e3o \u00e9 grav\u00edssima\u201d, afirmou a parlamentar.<\/p>\n\n\n\n<p>A grande maioria dos servidores abaixo da faixa constitucional de remunera\u00e7\u00e3o est\u00e3o lotados na&nbsp;<strong><a href=\"https:\/\/www.em.com.br\/politica\/2025\/04\/7105166-servidores-da-educacao-de-minas-pedem-reajuste-salarial-de-627.html\">Secretaria de Estado de Educa\u00e7\u00e3o<\/a><\/strong>, que em fevereiro representavam 97% dos que receberam menos que o m\u00ednimo&nbsp;\u2013 cerca de 45,5 mil. Os sindicatos estimam que pelo menos 30 mil servidores ocupam o cargo de Auxiliares de Servi\u00e7o B\u00e1sico da Educa\u00e7\u00e3o (ASB).<\/p>\n\n\n\n<p>O diretor estadual do Sindicato \u00danico dos Trabalhadores em Educa\u00e7\u00e3o (Sind-UTE\/MG), Paulo Henrique Fonseca, explica que a maioria s\u00e3o mulheres que recebem R$ 1.466,59. \u201cEsse \u00e9 um descumprimento do dispositivo legal, da lei que estabelece o m\u00ednimo de dignidade. Esse sal\u00e1rio tem car\u00e1ter alimentar, \u00e9 o m\u00ednimo para que a pessoa consiga sobreviver com dignidade\u201d, disse.<\/p>\n\n\n\n<p>As servidoras cumprem uma carga hor\u00e1ria de 30 horas semanais, mas mesmo que essa fosse a justificativa, em 2022 o Supremo Tribunal Federal (STF) proibiu o pagamento de remunera\u00e7\u00e3o em valor inferior ao sal\u00e1rio m\u00ednimo a servidor p\u00fablico, mesmo em caso de jornada reduzida de trabalho. Uma servidora lotada em Verdel\u00e2ndia, no Norte de Minas Gerais, por exemplo, recebeu R$ 1.356,59 em fevereiro, ap\u00f3s um desconto de R$ 109,99.&nbsp;<\/p>\n\n\n\n<p>O vice-presidente do Sindicato dos Servidores da Tributa\u00e7\u00e3o, Fiscaliza\u00e7\u00e3o e Arrecada\u00e7\u00e3o (Sinfazfisco\/MG), Jo\u00e3o Batista Soares, disse que pagar sal\u00e1rio m\u00ednimo n\u00e3o teria impacto financeiro no caixa do estado. \u201cN\u00e3o paga porque n\u00e3o quer. Se o governo desse hoje o que prev\u00ea o Propag (Programa de Pleno Pagamento da D\u00edvida dos Estados), um reajuste de 8,26%, isso representaria algo em torno de R$ 4,3 bilh\u00f5es do caixa. O governo tem R$ 36 bilh\u00f5es em caixa\u201d, destacou.<\/p>\n\n\n\n<p>Para Hugo Ren\u00e9 de Souza, diretor de rela\u00e7\u00f5es intersindicais do Sinfazfisco, \u00e9 \u201csurreal\u201d ter que defender o pagamento do sal\u00e1rio m\u00ednimo. Ele destaca que mais de 75% dos servidores p\u00fablicos mineiros recebem at\u00e9 4 sal\u00e1rios m\u00ednimos, enquanto em mar\u00e7o 773 funcion\u00e1rios do governo tiveram um reajuste de R$ 2.129 de reajuste de acordo com o teto constitucional.<\/p>\n\n\n\n<p>\u201cSubiu o teto, eles recebem mais de R$ 40 mil, ent\u00e3o tiveram um reajuste autom\u00e1tico sem passar pela Assembleia. Agora, ter que passar pela Casa (o reajuste) esses servidores p\u00fablicos que recebem menos que um sal\u00e1rio m\u00ednimo, ultrapassa todos os absurdo\u201d, destacou.<\/p>\n\n\n\n<h2 class=\"wp-block-heading\">\u00a0Oposi\u00e7\u00e3o prepara emendas no reajuste<\/h2>\n\n\n\n<p>Segundo Rafael Vasconcelos, superintendente central de administra\u00e7\u00e3o de pessoal da Secretaria de Estado de Planejamento e Gest\u00e3o de Minas Gerais (Seplag), representante da Cidade Administrativa na audi\u00eancia p\u00fablica, a expectativa \u00e9 resolver a situa\u00e7\u00e3o dos servidores da Educa\u00e7\u00e3o com o reajuste de 5,26% proposto pelo governo para a categoria.<\/p>\n\n\n\n<p>\u201cA tentativa \u00e9 que com a aprova\u00e7\u00e3o do projeto de lei que trata do reajuste da educa\u00e7\u00e3o, com vig\u00eancia retroativa a janeiro, a gente retomaria a tabela para um valor acima do sal\u00e1rio m\u00ednimo. Todas as outras quest\u00f5es levantadas aqui (na audi\u00eancia p\u00fablica), a Seplag est\u00e1 atenta e, continuamente, realiza estudos. Na medida do poss\u00edvel, a gente vai tentando resolver e dar retorno para as categorias\u201d, afirmou.<\/p>\n\n\n\n<p>A deputada Beatriz Cerqueira afirmou que o bloco de&nbsp;<strong><a href=\"https:\/\/www.em.com.br\/politica\/2025\/04\/7106370-oposicao-a-zema-aciona-tce-pela-suspensao-de-pedagios-na-grande-bh.html\">oposi\u00e7\u00e3o ao governador Romeu Zema (Novo)<\/a><\/strong>, vai apresentar emendas ao projeto de reajuste dos servidores da educa\u00e7\u00e3o para tentar resolver o problema. Segundo a petista, ser\u00e3o duas propostas: uma vai autorizar o mesmo percentual de reajuste da educa\u00e7\u00e3o para todos os setores do funcionalismo, outra emenda vai buscar impedir que os servidores recebam menos que um sal\u00e1rio m\u00ednimo.<\/p>\n\n\n\n<p>\u201cN\u00f3s vamos trabalhar e batalhar pela aprova\u00e7\u00e3o das emendas. A Casa legislativa funciona na press\u00e3o. Todos os setores pressionam, \u00e0s vezes a gente n\u00e3o v\u00ea alguma press\u00e3o, mas elas acontecem. \u00c9 muito importante que no pr\u00f3ximo per\u00edodo os sindicatos estejam atentos a pauta todos os dias na Assembleia\u201d<\/p>\n","protected":false},"excerpt":{"rendered":"<p>Estado pagou menos que o piso do funcionalismo para mais de 46 mil trabalhadores nos \u00faltimos dados publicados na Transpar\u00eancia Dados abertos do Portal da Transpar\u00eancia do Governo de Minas Gerais mostram que, em fevereiro, 46.981\u00a0servidores receberam menos que um sal\u00e1rio m\u00ednimo\u00a0(R$ 1.518). O n\u00famero representa 13,3% do total de 351.984 ativos na folha de [&hellip;]<\/p>\n","protected":false},"author":5,"featured_media":167956,"comment_status":"closed","ping_status":"open","sticky":false,"template":"","format":"standard","meta":{"advgb_blocks_editor_width":"","advgb_blocks_columns_visual_guide":"","_exactmetrics_skip_tracking":false,"_exactmetrics_sitenote_active":false,"_exactmetrics_sitenote_note":"","_exactmetrics_sitenote_category":0,"footnotes":""},"categories":[7,2],"tags":[],"class_list":["post-167955","post","type-post","status-publish","format-standard","has-post-thumbnail","hentry","category-destaques","category-noticias"],"better_featured_image":{"id":167956,"alt_text":"","caption":"","description":"","media_type":"image","media_details":{"width":1200,"height":719,"file":"2025\/04\/1_servidores_mg_almg-49505633.jpeg","filesize":159781,"sizes":{"medium":{"file":"1_servidores_mg_almg-49505633-470x282.jpeg","width":470,"height":282,"mime-type":"image\/jpeg","filesize":27827,"source_url":"https:\/\/lavras.tv\/site\/wp-content\/uploads\/2025\/04\/1_servidores_mg_almg-49505633-470x282.jpeg"},"large":{"file":"1_servidores_mg_almg-49505633-970x581.jpeg","width":970,"height":581,"mime-type":"image\/jpeg","filesize":82598,"source_url":"https:\/\/lavras.tv\/site\/wp-content\/uploads\/2025\/04\/1_servidores_mg_almg-49505633-970x581.jpeg"},"thumbnail":{"file":"1_servidores_mg_almg-49505633-170x102.jpeg","width":170,"height":102,"mime-type":"image\/jpeg","filesize":5685,"source_url":"https:\/\/lavras.tv\/site\/wp-content\/uploads\/2025\/04\/1_servidores_mg_almg-49505633-170x102.jpeg"},"lshowcase-thumb":{"file":"1_servidores_mg_almg-49505633-200x120.jpeg","width":200,"height":120,"mime-type":"image\/jpeg","filesize":7110,"source_url":"https:\/\/lavras.tv\/site\/wp-content\/uploads\/2025\/04\/1_servidores_mg_almg-49505633-200x120.jpeg"},"alm-thumbnail":{"file":"1_servidores_mg_almg-49505633-150x150.jpeg","width":150,"height":150,"mime-type":"image\/jpeg","filesize":6535,"source_url":"https:\/\/lavras.tv\/site\/wp-content\/uploads\/2025\/04\/1_servidores_mg_almg-49505633-150x150.jpeg"}},"image_meta":{"aperture":"0","credit":"","camera":"","caption":"","created_timestamp":"0","copyright":"","focal_length":"0","iso":"0","shutter_speed":"0","title":"","orientation":"0","keywords":[]}},"post":167955,"source_url":"https:\/\/lavras.tv\/site\/wp-content\/uploads\/2025\/04\/1_servidores_mg_almg-49505633.jpeg"},"author_meta":{"display_name":"Vinicius Bustamante","author_link":"https:\/\/lavras.tv\/site\/author\/vinicius-bustamante\/"},"featured_img":"https:\/\/lavras.tv\/site\/wp-content\/uploads\/2025\/04\/1_servidores_mg_almg-49505633-470x282.jpeg","coauthors":[],"tax_additional":{"categories":{"linked":["<a href=\"https:\/\/lavras.tv\/site\/category\/destaques\/\" class=\"advgb-post-tax-term\">Destaques<\/a>","<a href=\"https:\/\/lavras.tv\/site\/category\/noticias\/\" class=\"advgb-post-tax-term\">Not\u00edcias<\/a>"],"unlinked":["<span class=\"advgb-post-tax-term\">Destaques<\/span>","<span class=\"advgb-post-tax-term\">Not\u00edcias<\/span>"]}},"comment_count":"0","relative_dates":{"created":"Publicado 1 ano atr\u00e1s","modified":"Atualizado 1 ano atr\u00e1s"},"absolute_dates":{"created":"Publicado em 11 de abril de 2025","modified":"Atualizado em 11 de abril de 2025"},"absolute_dates_time":{"created":"Publicado em 11 de abril de 2025 14:56","modified":"Atualizado em 11 de abril de 2025 14:56"},"featured_img_caption":"","series_order":"","_links":{"self":[{"href":"https:\/\/lavras.tv\/site\/wp-json\/wp\/v2\/posts\/167955","targetHints":{"allow":["GET"]}}],"collection":[{"href":"https:\/\/lavras.tv\/site\/wp-json\/wp\/v2\/posts"}],"about":[{"href":"https:\/\/lavras.tv\/site\/wp-json\/wp\/v2\/types\/post"}],"author":[{"embeddable":true,"href":"https:\/\/lavras.tv\/site\/wp-json\/wp\/v2\/users\/5"}],"replies":[{"embeddable":true,"href":"https:\/\/lavras.tv\/site\/wp-json\/wp\/v2\/comments?post=167955"}],"version-history":[{"count":1,"href":"https:\/\/lavras.tv\/site\/wp-json\/wp\/v2\/posts\/167955\/revisions"}],"predecessor-version":[{"id":167957,"href":"https:\/\/lavras.tv\/site\/wp-json\/wp\/v2\/posts\/167955\/revisions\/167957"}],"wp:featuredmedia":[{"embeddable":true,"href":"https:\/\/lavras.tv\/site\/wp-json\/wp\/v2\/media\/167956"}],"wp:attachment":[{"href":"https:\/\/lavras.tv\/site\/wp-json\/wp\/v2\/media?parent=167955"}],"wp:term":[{"taxonomy":"category","embeddable":true,"href":"https:\/\/lavras.tv\/site\/wp-json\/wp\/v2\/categories?post=167955"},{"taxonomy":"post_tag","embeddable":true,"href":"https:\/\/lavras.tv\/site\/wp-json\/wp\/v2\/tags?post=167955"}],"curies":[{"name":"wp","href":"https:\/\/api.w.org\/{rel}","templated":true}]}}