{"id":167958,"date":"2025-04-11T14:59:34","date_gmt":"2025-04-11T17:59:34","guid":{"rendered":"https:\/\/lavras.tv\/site\/?p=167958"},"modified":"2025-04-11T14:59:35","modified_gmt":"2025-04-11T17:59:35","slug":"datafolha-aprovacao-de-tarcisio-atinge-41-mas-reprovacao-dobra-em-dois-anos","status":"publish","type":"post","link":"https:\/\/lavras.tv\/site\/2025\/04\/11\/datafolha-aprovacao-de-tarcisio-atinge-41-mas-reprovacao-dobra-em-dois-anos\/","title":{"rendered":"Datafolha: aprova\u00e7\u00e3o de Tarc\u00edsio atinge 41%, mas reprova\u00e7\u00e3o dobra em dois anos"},"content":{"rendered":"<div class=\"lavra-antes-do-conteudo_2\" id=\"lavra-3063444377\"><div id=\"lavra-slider-27\" class=\"custom-slider lavra-slider-2415967220 lavra-slider\"><ul><li><div style=\"margin-left: auto;margin-right: auto;text-align: center;\" id=\"lavra-3867921400\"><a href=\"https:\/\/sistemas.lavras.mg.gov.br\/portalcidadao\/#df1b1a7c7b2a290bcb31e32771e610784662739a88807c0dacac58ede5f391a7530e299dc302d611ee73cb143fc22eaf93592e53e7b5bdb01b00a0b8d28dae460c141dd2ff83412e4dc1c31b16b25f33144a9e5620ea73b13f5bc1c59411d98439ad226e8af03840603796067d87afe130812cf3de24982d0e306f9e61e764e5\" aria-label=\"Lavras-TV&#8211;720x104px (1) (1)\"><img src=\"https:\/\/lavras.tv\/site\/wp-content\/uploads\/2025\/01\/Lavras-TV-720x104px-1-1.png\" alt=\"\"  srcset=\"https:\/\/lavras.tv\/site\/wp-content\/uploads\/2025\/01\/Lavras-TV-720x104px-1-1.png 720w, https:\/\/lavras.tv\/site\/wp-content\/uploads\/2025\/01\/Lavras-TV-720x104px-1-1-470x68.png 470w, https:\/\/lavras.tv\/site\/wp-content\/uploads\/2025\/01\/Lavras-TV-720x104px-1-1-170x25.png 170w, https:\/\/lavras.tv\/site\/wp-content\/uploads\/2025\/01\/Lavras-TV-720x104px-1-1-200x29.png 200w\" sizes=\"(max-width: 720px) 100vw, 720px\" width=\"720\" height=\"104\"  style=\"display: inline-block;\" \/><\/a><\/div><\/li><li><a href=\"https:\/\/sistemas.lavras.mg.gov.br\/portalcidadao\/#df1b1a7c7b2a290bcb31e32771e610784662739a88807c0dacac58ede5f391a7530e299dc302d611ee73cb143fc22eaf93592e53e7b5bdb01b00a0b8d28dae460c141dd2ff83412e4dc1c31b16b25f33144a9e5620ea73b13f5bc1c59411d98439ad226e8af03840603796067d87afe130812cf3de24982d0e306f9e61e764e5\" aria-label=\"Banner_Emprego_PortallavrasTV\"><img src=\"https:\/\/lavras.tv\/site\/wp-content\/uploads\/2025\/03\/Banner_Emprego_PortallavrasTV.png\" alt=\"\"  srcset=\"https:\/\/lavras.tv\/site\/wp-content\/uploads\/2025\/03\/Banner_Emprego_PortallavrasTV.png 720w, https:\/\/lavras.tv\/site\/wp-content\/uploads\/2025\/03\/Banner_Emprego_PortallavrasTV-470x68.png 470w, https:\/\/lavras.tv\/site\/wp-content\/uploads\/2025\/03\/Banner_Emprego_PortallavrasTV-170x25.png 170w, https:\/\/lavras.tv\/site\/wp-content\/uploads\/2025\/03\/Banner_Emprego_PortallavrasTV-200x29.png 200w\" sizes=\"(max-width: 720px) 100vw, 720px\" width=\"720\" height=\"104\"   \/><\/a><\/li><li><a href=\"https:\/\/sistemas.lavras.mg.gov.br\/portalcidadao\/#df1b1a7c7b2a290bcb31e32771e610784662739a88807c0dacac58ede5f391a7530e299dc302d611ee73cb143fc22eaf93592e53e7b5bdb01b00a0b8d28dae460c141dd2ff83412e4dc1c31b16b25f33144a9e5620ea73b13f5bc1c59411d98439ad226e8af03840603796067d87afe130812cf3de24982d0e306f9e61e764e5\" aria-label=\"Banner_Obras_PortallavrasTV\"><img src=\"https:\/\/lavras.tv\/site\/wp-content\/uploads\/2025\/03\/Banner_Obras_PortallavrasTV.png\" alt=\"\"  srcset=\"https:\/\/lavras.tv\/site\/wp-content\/uploads\/2025\/03\/Banner_Obras_PortallavrasTV.png 720w, https:\/\/lavras.tv\/site\/wp-content\/uploads\/2025\/03\/Banner_Obras_PortallavrasTV-470x68.png 470w, https:\/\/lavras.tv\/site\/wp-content\/uploads\/2025\/03\/Banner_Obras_PortallavrasTV-170x25.png 170w, https:\/\/lavras.tv\/site\/wp-content\/uploads\/2025\/03\/Banner_Obras_PortallavrasTV-200x29.png 200w\" sizes=\"(max-width: 720px) 100vw, 720px\" width=\"720\" height=\"104\"   \/><\/a><\/li><li><div style=\"margin-left: auto;margin-right: auto;text-align: center;\" id=\"lavra-2636557747\"><a href=\"https:\/\/sistemas.lavras.mg.gov.br\/portalcidadao\/#df1b1a7c7b2a290bcb31e32771e610784662739a88807c0dacac58ede5f391a7530e299dc302d611ee73cb143fc22eaf93592e53e7b5bdb01b00a0b8d28dae460c141dd2ff83412e4dc1c31b16b25f33144a9e5620ea73b13f5bc1c59411d98439ad226e8af03840603796067d87afe130812cf3de24982d0e306f9e61e764e5\" aria-label=\"Banner_Educa\u00e7\u00e3o_PortallavrasTV\"><img src=\"https:\/\/lavras.tv\/site\/wp-content\/uploads\/2025\/01\/Banner_Educacao_PortallavrasTV.png\" alt=\"\"  srcset=\"https:\/\/lavras.tv\/site\/wp-content\/uploads\/2025\/01\/Banner_Educacao_PortallavrasTV.png 720w, https:\/\/lavras.tv\/site\/wp-content\/uploads\/2025\/01\/Banner_Educacao_PortallavrasTV-470x68.png 470w, https:\/\/lavras.tv\/site\/wp-content\/uploads\/2025\/01\/Banner_Educacao_PortallavrasTV-170x25.png 170w, https:\/\/lavras.tv\/site\/wp-content\/uploads\/2025\/01\/Banner_Educacao_PortallavrasTV-200x29.png 200w\" sizes=\"(max-width: 720px) 100vw, 720px\" width=\"720\" height=\"104\"  style=\"display: inline-block;\" \/><\/a><\/div><\/li><li><a href=\"https:\/\/sistemas.lavras.mg.gov.br\/portalcidadao\/#df1b1a7c7b2a290bcb31e32771e610784662739a88807c0dacac58ede5f391a7530e299dc302d611ee73cb143fc22eaf93592e53e7b5bdb01b00a0b8d28dae460c141dd2ff83412e4dc1c31b16b25f33144a9e5620ea73b13f5bc1c59411d98439ad226e8af03840603796067d87afe130812cf3de24982d0e306f9e61e764e5\" aria-label=\"Banner_Sa\u00fade_PortallavrasTV\"><img src=\"https:\/\/lavras.tv\/site\/wp-content\/uploads\/2025\/03\/Banner_Saude_PortallavrasTV.png\" alt=\"\"  srcset=\"https:\/\/lavras.tv\/site\/wp-content\/uploads\/2025\/03\/Banner_Saude_PortallavrasTV.png 720w, https:\/\/lavras.tv\/site\/wp-content\/uploads\/2025\/03\/Banner_Saude_PortallavrasTV-470x68.png 470w, https:\/\/lavras.tv\/site\/wp-content\/uploads\/2025\/03\/Banner_Saude_PortallavrasTV-170x25.png 170w, https:\/\/lavras.tv\/site\/wp-content\/uploads\/2025\/03\/Banner_Saude_PortallavrasTV-200x29.png 200w\" sizes=\"(max-width: 720px) 100vw, 720px\" width=\"720\" height=\"104\"   \/><\/a><\/li><li><div id=\"lavra-691573410\" style=\"width:720px;height:104px;background-color:#ddd;overflow:scroll;\">\n\t<strong>Sa\u00edda da depura\u00e7\u00e3o de an\u00fancios<\/strong>\n\t<br><br>\n\tO an\u00fancio n\u00e3o \u00e9 exibido na p\u00e1gina<br><br>post atual: Datafolha: aprova\u00e7\u00e3o de Tarc\u00edsio atinge 41%, mas reprova\u00e7\u00e3o dobra em dois anos, ID: 167958<br><br><span style=\"color: red;\">O post atual n\u00e3o \u00e9 id\u00eantico ao post principal.<\/span><br><br>An\u00fancios: ROXO - TOPO INTERNA - ROTATIVO 2 (197)<br \/>Grupo de an\u00fancios: Princ_Meio01_720x104 (27)<br><br>Condi\u00e7\u00f5es de exibi\u00e7\u00e3o<div style=\"margin-bottom: 20px; white-space: pre-wrap; font-family: monospace; width: 100%; background: #ffe9e9;\"><strong>condi\u00e7\u00f5es gerais<\/strong><table border=\"1\"><thead><tr><th><\/th><th>An\u00fancios<\/th><th>wp_the_query<\/th><\/tr><\/thead><tr><td>is_main_query<\/td><td>1<\/td><td>1<\/td><\/tr><tr><td>is_rest_api<\/td><td>0<\/td><td>1<\/td><\/tr><tr><td>page<\/td><td>0<\/td><td>1<\/td><\/tr><tr><td>numpages<\/td><td>0<\/td><td>1<\/td><\/tr><tr><td>is_archive<\/td><td>1<\/td><td><\/td><\/tr><tr><td>is_search<\/td><td>1<\/td><td><\/td><\/tr><tr><td>is_home<\/td><td>1<\/td><td><\/td><\/tr><tr><td>is_404<\/td><td>1<\/td><td><\/td><\/tr><tr><td>is_attachment<\/td><td>1<\/td><td><\/td><\/tr><tr><td>is_singular<\/td><td>1<\/td><td><\/td><\/tr><tr><td>is_front_page<\/td><td>1<\/td><td><\/td><\/tr><tr><td>is_feed<\/td><td>1<\/td><td><\/td><\/tr><\/table><\/div><br><br><span style=\"color: red;\">Seu site usa HTTPS, mas o c\u00f3digo do an\u00fancio cont\u00e9m HTTP e pode n\u00e3o funcionar.<\/span>\t<br><br>\n\t<a style=\"color: green;\" href=\"https:\/\/wpadvancedads.com\/manual\/ad-debug-mode\/?utm_source=advanced-ads&utm_medium=link&utm_campaign=ad-debug-mode\" target=\"_blank\" rel=\"nofollow\">Encontre solu\u00e7\u00f5es no manual<\/a>\n<\/div>\n<\/li><\/ul><\/div><script>( window.advanced_ads_ready || jQuery( document ).ready ).call( null, function() {var $lavraslider2415967220 = jQuery( \".lavra-slider-2415967220\" );$lavraslider2415967220.on( \"unslider.ready\", function() { jQuery( \"div.custom-slider ul li\" ).css( \"display\", \"block\" ); });$lavraslider2415967220.unslider({ delay:4000, autoplay:true, nav:false, arrows:false, infinite:true });$lavraslider2415967220.on(\"mouseover\", function() {$lavraslider2415967220.unslider(\"stop\");}).on(\"mouseout\", function() {$lavraslider2415967220.unslider(\"start\");});});<\/script><\/div>\n<p>Gest\u00e3o do governador de S\u00e3o Paulo tem 22% de avalia\u00e7\u00e3o negativa; 33% consideram regular<\/p>\n\n\n\n<figure class=\"wp-block-image size-large\"><img fetchpriority=\"high\" decoding=\"async\" width=\"970\" height=\"582\" src=\"https:\/\/lavras.tv\/site\/wp-content\/uploads\/2025\/04\/1_2_2_990x557-44674603-970x582.jpg\" alt=\"\" class=\"wp-image-167959\" srcset=\"https:\/\/lavras.tv\/site\/wp-content\/uploads\/2025\/04\/1_2_2_990x557-44674603-970x582.jpg 970w, https:\/\/lavras.tv\/site\/wp-content\/uploads\/2025\/04\/1_2_2_990x557-44674603-470x282.jpg 470w, https:\/\/lavras.tv\/site\/wp-content\/uploads\/2025\/04\/1_2_2_990x557-44674603-170x102.jpg 170w, https:\/\/lavras.tv\/site\/wp-content\/uploads\/2025\/04\/1_2_2_990x557-44674603-200x120.jpg 200w, https:\/\/lavras.tv\/site\/wp-content\/uploads\/2025\/04\/1_2_2_990x557-44674603.jpg 1200w\" sizes=\"(max-width: 970px) 100vw, 970px\" \/><\/figure>\n\n\n\n<p>A administra\u00e7\u00e3o do governador de S\u00e3o Paulo,\u00a0<a href=\"https:\/\/www.em.com.br\/politica\/platobr\/2025\/04\/7105831-ministro-do-partido-de-tarcisio-ja-declara-voto-em-lula.html\">Tarc\u00edsio de Freitas (Republicanos)<\/a>, \u00e9 vista como \u201c\u00f3tima\u201d ou \u201cboa\u201d por 41% da popula\u00e7\u00e3o paulista,\u00a0aponta\u00a0pesquisa do Instituto Datafolha, divulgada nesta quinta-feira (10\/4). Tarc\u00edsio \u00e9 uma das apostas da oposi\u00e7\u00e3o para disputar\u00a0a Presid\u00eancia em 2026.<\/p>\n\n\n\n<p>Segundo o levantamento, 33% dos entrevistados classificam a gest\u00e3o como \u201cregular\u201d, enquanto 22% a consideram \u201cruim\u201d ou \u201cp\u00e9ssima\u201d. Outros 4% n\u00e3o souberam opinar.<\/p>\n\n\n\n<p>A pesquisa\u00a0tamb\u00e9m mostra que a percep\u00e7\u00e3o negativa sobre o governo estadual dobrou nos \u00faltimos dois anos, considerando os percentuais somados de \u201cruim\u201d e \u201cp\u00e9ssimo\u201d.<\/p>\n\n\n\n<p>O Datafolha entrevistou 1.500 pessoas com 16 anos ou mais, entre os dias 1\u00ba e 3 de abril, em 81 munic\u00edpios do estado de S\u00e3o Paulo. A pesquisa tem margem de erro de tr\u00eas pontos percentuais para mais ou para menos.<\/p>\n","protected":false},"excerpt":{"rendered":"<p>Gest\u00e3o do governador de S\u00e3o Paulo tem 22% de avalia\u00e7\u00e3o negativa; 33% consideram regular A administra\u00e7\u00e3o do governador de S\u00e3o Paulo,\u00a0Tarc\u00edsio de Freitas (Republicanos), \u00e9 vista como \u201c\u00f3tima\u201d ou \u201cboa\u201d por 41% da popula\u00e7\u00e3o paulista,\u00a0aponta\u00a0pesquisa do Instituto Datafolha, divulgada nesta quinta-feira (10\/4). Tarc\u00edsio \u00e9 uma das apostas da oposi\u00e7\u00e3o para disputar\u00a0a Presid\u00eancia em 2026. Segundo [&hellip;]<\/p>\n","protected":false},"author":5,"featured_media":167959,"comment_status":"closed","ping_status":"open","sticky":false,"template":"","format":"standard","meta":{"advgb_blocks_editor_width":"","advgb_blocks_columns_visual_guide":"","_exactmetrics_skip_tracking":false,"_exactmetrics_sitenote_active":false,"_exactmetrics_sitenote_note":"","_exactmetrics_sitenote_category":0,"footnotes":""},"categories":[7,2,12],"tags":[],"class_list":["post-167958","post","type-post","status-publish","format-standard","has-post-thumbnail","hentry","category-destaques","category-noticias","category-politica"],"better_featured_image":{"id":167959,"alt_text":"","caption":"","description":"","media_type":"image","media_details":{"width":1200,"height":720,"file":"2025\/04\/1_2_2_990x557-44674603.jpg","filesize":139489,"sizes":{"medium":{"file":"1_2_2_990x557-44674603-470x282.jpg","width":470,"height":282,"mime-type":"image\/jpeg","filesize":18066,"source_url":"https:\/\/lavras.tv\/site\/wp-content\/uploads\/2025\/04\/1_2_2_990x557-44674603-470x282.jpg"},"large":{"file":"1_2_2_990x557-44674603-970x582.jpg","width":970,"height":582,"mime-type":"image\/jpeg","filesize":64527,"source_url":"https:\/\/lavras.tv\/site\/wp-content\/uploads\/2025\/04\/1_2_2_990x557-44674603-970x582.jpg"},"thumbnail":{"file":"1_2_2_990x557-44674603-170x102.jpg","width":170,"height":102,"mime-type":"image\/jpeg","filesize":3801,"source_url":"https:\/\/lavras.tv\/site\/wp-content\/uploads\/2025\/04\/1_2_2_990x557-44674603-170x102.jpg"},"lshowcase-thumb":{"file":"1_2_2_990x557-44674603-200x120.jpg","width":200,"height":120,"mime-type":"image\/jpeg","filesize":4662,"source_url":"https:\/\/lavras.tv\/site\/wp-content\/uploads\/2025\/04\/1_2_2_990x557-44674603-200x120.jpg"},"alm-thumbnail":{"file":"1_2_2_990x557-44674603-150x150.jpg","width":150,"height":150,"mime-type":"image\/jpeg","filesize":5016,"source_url":"https:\/\/lavras.tv\/site\/wp-content\/uploads\/2025\/04\/1_2_2_990x557-44674603-150x150.jpg"}},"image_meta":{"aperture":"0","credit":"","camera":"","caption":"","created_timestamp":"0","copyright":"","focal_length":"0","iso":"0","shutter_speed":"0","title":"","orientation":"0","keywords":[]}},"post":167958,"source_url":"https:\/\/lavras.tv\/site\/wp-content\/uploads\/2025\/04\/1_2_2_990x557-44674603.jpg"},"author_meta":{"display_name":"Vinicius Bustamante","author_link":"https:\/\/lavras.tv\/site\/author\/vinicius-bustamante\/"},"featured_img":"https:\/\/lavras.tv\/site\/wp-content\/uploads\/2025\/04\/1_2_2_990x557-44674603-470x282.jpg","coauthors":[],"tax_additional":{"categories":{"linked":["<a href=\"https:\/\/lavras.tv\/site\/category\/destaques\/\" class=\"advgb-post-tax-term\">Destaques<\/a>","<a href=\"https:\/\/lavras.tv\/site\/category\/noticias\/\" class=\"advgb-post-tax-term\">Not\u00edcias<\/a>","<a href=\"https:\/\/lavras.tv\/site\/category\/politica\/\" class=\"advgb-post-tax-term\">Pol\u00edtica<\/a>"],"unlinked":["<span class=\"advgb-post-tax-term\">Destaques<\/span>","<span class=\"advgb-post-tax-term\">Not\u00edcias<\/span>","<span class=\"advgb-post-tax-term\">Pol\u00edtica<\/span>"]}},"comment_count":"0","relative_dates":{"created":"Publicado 1 ano atr\u00e1s","modified":"Atualizado 1 ano atr\u00e1s"},"absolute_dates":{"created":"Publicado em 11 de abril de 2025","modified":"Atualizado em 11 de abril de 2025"},"absolute_dates_time":{"created":"Publicado em 11 de abril de 2025 14:59","modified":"Atualizado em 11 de abril de 2025 14:59"},"featured_img_caption":"","series_order":"","_links":{"self":[{"href":"https:\/\/lavras.tv\/site\/wp-json\/wp\/v2\/posts\/167958","targetHints":{"allow":["GET"]}}],"collection":[{"href":"https:\/\/lavras.tv\/site\/wp-json\/wp\/v2\/posts"}],"about":[{"href":"https:\/\/lavras.tv\/site\/wp-json\/wp\/v2\/types\/post"}],"author":[{"embeddable":true,"href":"https:\/\/lavras.tv\/site\/wp-json\/wp\/v2\/users\/5"}],"replies":[{"embeddable":true,"href":"https:\/\/lavras.tv\/site\/wp-json\/wp\/v2\/comments?post=167958"}],"version-history":[{"count":1,"href":"https:\/\/lavras.tv\/site\/wp-json\/wp\/v2\/posts\/167958\/revisions"}],"predecessor-version":[{"id":167960,"href":"https:\/\/lavras.tv\/site\/wp-json\/wp\/v2\/posts\/167958\/revisions\/167960"}],"wp:featuredmedia":[{"embeddable":true,"href":"https:\/\/lavras.tv\/site\/wp-json\/wp\/v2\/media\/167959"}],"wp:attachment":[{"href":"https:\/\/lavras.tv\/site\/wp-json\/wp\/v2\/media?parent=167958"}],"wp:term":[{"taxonomy":"category","embeddable":true,"href":"https:\/\/lavras.tv\/site\/wp-json\/wp\/v2\/categories?post=167958"},{"taxonomy":"post_tag","embeddable":true,"href":"https:\/\/lavras.tv\/site\/wp-json\/wp\/v2\/tags?post=167958"}],"curies":[{"name":"wp","href":"https:\/\/api.w.org\/{rel}","templated":true}]}}