{"id":167961,"date":"2025-04-11T15:09:44","date_gmt":"2025-04-11T18:09:44","guid":{"rendered":"https:\/\/lavras.tv\/site\/?p=167961"},"modified":"2025-04-11T15:09:45","modified_gmt":"2025-04-11T18:09:45","slug":"ampliacao-infraestrutura-e-mais-os-detalhes-do-estadio-pretendido-pelo-cruzeiro","status":"publish","type":"post","link":"https:\/\/lavras.tv\/site\/2025\/04\/11\/ampliacao-infraestrutura-e-mais-os-detalhes-do-estadio-pretendido-pelo-cruzeiro\/","title":{"rendered":"Amplia\u00e7\u00e3o, infraestrutura e mais: os detalhes do est\u00e1dio pretendido pelo Cruzeiro"},"content":{"rendered":"<div class=\"lavra-antes-do-conteudo_2\" id=\"lavra-3631591948\"><div id=\"lavra-slider-27\" class=\"custom-slider lavra-slider-3974724785 lavra-slider\"><ul><li><div style=\"margin-left: auto;margin-right: auto;text-align: center;\" id=\"lavra-3947230503\"><a href=\"https:\/\/sistemas.lavras.mg.gov.br\/portalcidadao\/#df1b1a7c7b2a290bcb31e32771e610784662739a88807c0dacac58ede5f391a7530e299dc302d611ee73cb143fc22eaf93592e53e7b5bdb01b00a0b8d28dae460c141dd2ff83412e4dc1c31b16b25f33144a9e5620ea73b13f5bc1c59411d98439ad226e8af03840603796067d87afe130812cf3de24982d0e306f9e61e764e5\" aria-label=\"Lavras-TV&#8211;720x104px (1) (1)\"><img src=\"https:\/\/lavras.tv\/site\/wp-content\/uploads\/2025\/01\/Lavras-TV-720x104px-1-1.png\" alt=\"\"  srcset=\"https:\/\/lavras.tv\/site\/wp-content\/uploads\/2025\/01\/Lavras-TV-720x104px-1-1.png 720w, https:\/\/lavras.tv\/site\/wp-content\/uploads\/2025\/01\/Lavras-TV-720x104px-1-1-470x68.png 470w, https:\/\/lavras.tv\/site\/wp-content\/uploads\/2025\/01\/Lavras-TV-720x104px-1-1-170x25.png 170w, https:\/\/lavras.tv\/site\/wp-content\/uploads\/2025\/01\/Lavras-TV-720x104px-1-1-200x29.png 200w\" sizes=\"(max-width: 720px) 100vw, 720px\" width=\"720\" height=\"104\"  style=\"display: inline-block;\" \/><\/a><\/div><\/li><li><a href=\"https:\/\/sistemas.lavras.mg.gov.br\/portalcidadao\/#df1b1a7c7b2a290bcb31e32771e610784662739a88807c0dacac58ede5f391a7530e299dc302d611ee73cb143fc22eaf93592e53e7b5bdb01b00a0b8d28dae460c141dd2ff83412e4dc1c31b16b25f33144a9e5620ea73b13f5bc1c59411d98439ad226e8af03840603796067d87afe130812cf3de24982d0e306f9e61e764e5\" aria-label=\"Banner_Emprego_PortallavrasTV\"><img src=\"https:\/\/lavras.tv\/site\/wp-content\/uploads\/2025\/03\/Banner_Emprego_PortallavrasTV.png\" alt=\"\"  srcset=\"https:\/\/lavras.tv\/site\/wp-content\/uploads\/2025\/03\/Banner_Emprego_PortallavrasTV.png 720w, https:\/\/lavras.tv\/site\/wp-content\/uploads\/2025\/03\/Banner_Emprego_PortallavrasTV-470x68.png 470w, https:\/\/lavras.tv\/site\/wp-content\/uploads\/2025\/03\/Banner_Emprego_PortallavrasTV-170x25.png 170w, https:\/\/lavras.tv\/site\/wp-content\/uploads\/2025\/03\/Banner_Emprego_PortallavrasTV-200x29.png 200w\" sizes=\"(max-width: 720px) 100vw, 720px\" width=\"720\" height=\"104\"   \/><\/a><\/li><li><a href=\"https:\/\/sistemas.lavras.mg.gov.br\/portalcidadao\/#df1b1a7c7b2a290bcb31e32771e610784662739a88807c0dacac58ede5f391a7530e299dc302d611ee73cb143fc22eaf93592e53e7b5bdb01b00a0b8d28dae460c141dd2ff83412e4dc1c31b16b25f33144a9e5620ea73b13f5bc1c59411d98439ad226e8af03840603796067d87afe130812cf3de24982d0e306f9e61e764e5\" aria-label=\"Banner_Obras_PortallavrasTV\"><img src=\"https:\/\/lavras.tv\/site\/wp-content\/uploads\/2025\/03\/Banner_Obras_PortallavrasTV.png\" alt=\"\"  srcset=\"https:\/\/lavras.tv\/site\/wp-content\/uploads\/2025\/03\/Banner_Obras_PortallavrasTV.png 720w, https:\/\/lavras.tv\/site\/wp-content\/uploads\/2025\/03\/Banner_Obras_PortallavrasTV-470x68.png 470w, https:\/\/lavras.tv\/site\/wp-content\/uploads\/2025\/03\/Banner_Obras_PortallavrasTV-170x25.png 170w, https:\/\/lavras.tv\/site\/wp-content\/uploads\/2025\/03\/Banner_Obras_PortallavrasTV-200x29.png 200w\" sizes=\"(max-width: 720px) 100vw, 720px\" width=\"720\" height=\"104\"   \/><\/a><\/li><li><div style=\"margin-left: auto;margin-right: auto;text-align: center;\" id=\"lavra-156010236\"><a href=\"https:\/\/sistemas.lavras.mg.gov.br\/portalcidadao\/#df1b1a7c7b2a290bcb31e32771e610784662739a88807c0dacac58ede5f391a7530e299dc302d611ee73cb143fc22eaf93592e53e7b5bdb01b00a0b8d28dae460c141dd2ff83412e4dc1c31b16b25f33144a9e5620ea73b13f5bc1c59411d98439ad226e8af03840603796067d87afe130812cf3de24982d0e306f9e61e764e5\" aria-label=\"Banner_Educa\u00e7\u00e3o_PortallavrasTV\"><img src=\"https:\/\/lavras.tv\/site\/wp-content\/uploads\/2025\/01\/Banner_Educacao_PortallavrasTV.png\" alt=\"\"  srcset=\"https:\/\/lavras.tv\/site\/wp-content\/uploads\/2025\/01\/Banner_Educacao_PortallavrasTV.png 720w, https:\/\/lavras.tv\/site\/wp-content\/uploads\/2025\/01\/Banner_Educacao_PortallavrasTV-470x68.png 470w, https:\/\/lavras.tv\/site\/wp-content\/uploads\/2025\/01\/Banner_Educacao_PortallavrasTV-170x25.png 170w, https:\/\/lavras.tv\/site\/wp-content\/uploads\/2025\/01\/Banner_Educacao_PortallavrasTV-200x29.png 200w\" sizes=\"(max-width: 720px) 100vw, 720px\" width=\"720\" height=\"104\"  style=\"display: inline-block;\" \/><\/a><\/div><\/li><li><a href=\"https:\/\/sistemas.lavras.mg.gov.br\/portalcidadao\/#df1b1a7c7b2a290bcb31e32771e610784662739a88807c0dacac58ede5f391a7530e299dc302d611ee73cb143fc22eaf93592e53e7b5bdb01b00a0b8d28dae460c141dd2ff83412e4dc1c31b16b25f33144a9e5620ea73b13f5bc1c59411d98439ad226e8af03840603796067d87afe130812cf3de24982d0e306f9e61e764e5\" aria-label=\"Banner_Sa\u00fade_PortallavrasTV\"><img src=\"https:\/\/lavras.tv\/site\/wp-content\/uploads\/2025\/03\/Banner_Saude_PortallavrasTV.png\" alt=\"\"  srcset=\"https:\/\/lavras.tv\/site\/wp-content\/uploads\/2025\/03\/Banner_Saude_PortallavrasTV.png 720w, https:\/\/lavras.tv\/site\/wp-content\/uploads\/2025\/03\/Banner_Saude_PortallavrasTV-470x68.png 470w, https:\/\/lavras.tv\/site\/wp-content\/uploads\/2025\/03\/Banner_Saude_PortallavrasTV-170x25.png 170w, https:\/\/lavras.tv\/site\/wp-content\/uploads\/2025\/03\/Banner_Saude_PortallavrasTV-200x29.png 200w\" sizes=\"(max-width: 720px) 100vw, 720px\" width=\"720\" height=\"104\"   \/><\/a><\/li><li><div id=\"lavra-268713289\" style=\"width:720px;height:104px;background-color:#ddd;overflow:scroll;\">\n\t<strong>Sa\u00edda da depura\u00e7\u00e3o de an\u00fancios<\/strong>\n\t<br><br>\n\tO an\u00fancio n\u00e3o \u00e9 exibido na p\u00e1gina<br><br>post atual: Amplia\u00e7\u00e3o, infraestrutura e mais: os detalhes do est\u00e1dio pretendido pelo Cruzeiro, ID: 167961<br><br><span style=\"color: red;\">O post atual n\u00e3o \u00e9 id\u00eantico ao post principal.<\/span><br><br>An\u00fancios: ROXO - TOPO INTERNA - ROTATIVO 2 (197)<br \/>Grupo de an\u00fancios: Princ_Meio01_720x104 (27)<br><br>Condi\u00e7\u00f5es de exibi\u00e7\u00e3o<div style=\"margin-bottom: 20px; white-space: pre-wrap; font-family: monospace; width: 100%; background: #ffe9e9;\"><strong>condi\u00e7\u00f5es gerais<\/strong><table border=\"1\"><thead><tr><th><\/th><th>An\u00fancios<\/th><th>wp_the_query<\/th><\/tr><\/thead><tr><td>is_main_query<\/td><td>1<\/td><td>1<\/td><\/tr><tr><td>is_rest_api<\/td><td>0<\/td><td>1<\/td><\/tr><tr><td>page<\/td><td>0<\/td><td>1<\/td><\/tr><tr><td>numpages<\/td><td>0<\/td><td>1<\/td><\/tr><tr><td>is_archive<\/td><td>1<\/td><td><\/td><\/tr><tr><td>is_search<\/td><td>1<\/td><td><\/td><\/tr><tr><td>is_home<\/td><td>1<\/td><td><\/td><\/tr><tr><td>is_404<\/td><td>1<\/td><td><\/td><\/tr><tr><td>is_attachment<\/td><td>1<\/td><td><\/td><\/tr><tr><td>is_singular<\/td><td>1<\/td><td><\/td><\/tr><tr><td>is_front_page<\/td><td>1<\/td><td><\/td><\/tr><tr><td>is_feed<\/td><td>1<\/td><td><\/td><\/tr><\/table><\/div><br><br><span style=\"color: red;\">Seu site usa HTTPS, mas o c\u00f3digo do an\u00fancio cont\u00e9m HTTP e pode n\u00e3o funcionar.<\/span>\t<br><br>\n\t<a style=\"color: green;\" href=\"https:\/\/wpadvancedads.com\/manual\/ad-debug-mode\/?utm_source=advanced-ads&utm_medium=link&utm_campaign=ad-debug-mode\" target=\"_blank\" rel=\"nofollow\">Encontre solu\u00e7\u00f5es no manual<\/a>\n<\/div>\n<\/li><\/ul><\/div><script>( window.advanced_ads_ready || jQuery( document ).ready ).call( null, function() {var $lavraslider3974724785 = jQuery( \".lavra-slider-3974724785\" );$lavraslider3974724785.on( \"unslider.ready\", function() { jQuery( \"div.custom-slider ul li\" ).css( \"display\", \"block\" ); });$lavraslider3974724785.unslider({ delay:4000, autoplay:true, nav:false, arrows:false, infinite:true });$lavraslider3974724785.on(\"mouseover\", function() {$lavraslider3974724785.unslider(\"stop\");}).on(\"mouseout\", function() {$lavraslider3974724785.unslider(\"start\");});});<\/script><\/div>\n<p>Arena Gregor\u00e3o atraiu o interesse de Pedro Louren\u00e7o, dono do Cruzeiro; clube busca &#8216;casa&#8217; para time feminino e base masculina<\/p>\n\n\n\n<figure class=\"wp-block-image size-full\"><img fetchpriority=\"high\" decoding=\"async\" width=\"900\" height=\"506\" src=\"https:\/\/lavras.tv\/site\/wp-content\/uploads\/2025\/04\/a-greg-900x506-1.jpg\" alt=\"\" class=\"wp-image-167962\" srcset=\"https:\/\/lavras.tv\/site\/wp-content\/uploads\/2025\/04\/a-greg-900x506-1.jpg 900w, https:\/\/lavras.tv\/site\/wp-content\/uploads\/2025\/04\/a-greg-900x506-1-470x264.jpg 470w, https:\/\/lavras.tv\/site\/wp-content\/uploads\/2025\/04\/a-greg-900x506-1-170x96.jpg 170w, https:\/\/lavras.tv\/site\/wp-content\/uploads\/2025\/04\/a-greg-900x506-1-200x112.jpg 200w\" sizes=\"(max-width: 900px) 100vw, 900px\" \/><\/figure>\n\n\n\n<p>Um dos principais palcos do futebol de base de Minas Gerais, a&nbsp;<strong>Arena Gregor\u00e3o<\/strong>&nbsp;encantou o acionista da SAF do&nbsp;<strong>Cruzeiro<\/strong>, Pedro Louren\u00e7o, que se mostrou interessado em comprar o espa\u00e7o para transform\u00e1-lo na casa do time sub-20 e da equipe feminina. O que levou o dono dos Supermercados BH a voltar os olhares para o est\u00e1dio em Contagem, na Regi\u00e3o Metropolitana de Belo Horizonte? O&nbsp;<strong>No Ataque<\/strong>&nbsp;visitou o local e traz nesta reportagem o que foi aprimorado na infraestrutura da pra\u00e7a esportiva.<\/p>\n\n\n\n<p>A&nbsp;<a href=\"https:\/\/noataque.com.br\/futebol\/time\/cruzeiro\/noticia\/2025\/03\/28\/conheca-o-estadio-na-grande-bh-que-dono-do-cruzeiro-quer-comprar\/\" target=\"_blank\" rel=\"noreferrer noopener\">Arena Gregor\u00e3o<\/a>&nbsp;fica no bairro Ch\u00e1cara Novo Horizonte, nos arredores do limite de Contagem com Belo Horizonte. De carro, est\u00e1 a 15 minutos da Toca da Raposa 2 (cerca de 6 quil\u00f4metros), centro de treinamento do time profissional do Cruzeiro, e a 20 minutos da Toca da Raposa 1 (7,5 km), onde se preparam as categorias de base. O est\u00e1dio se encontra relativamente pr\u00f3ximo \u00e0 BR-040 e \u00e0s avenidas Severino Ballesteros (Contagem) e Professor Cl\u00f3vis Salgado (BH), vias de acesso \u00e0 Ceasa Minas. A vizinhan\u00e7a \u00e9 composta majoritariamente por im\u00f3veis residenciais e por uma \u00e1rea de preserva\u00e7\u00e3o ambiental.<\/p>\n\n\n\n<p>Inicialmente, o campo de futebol foi constru\u00eddo para receber as peladas de fim de semana de familiares e amigos de Ren\u00ea Greg\u00f3rio, s\u00f3cio da Distribuidora Relite, que atua no com\u00e9rcio por atacado de frutas, sendo o mam\u00e3o o carro-chefe da empresa. Ao longo de mais de 10 anos, passou por sucessivas reformas at\u00e9 se tornar um est\u00e1dio moderno e preparado para abrigar eventos esportivos de alcance nacional. O respons\u00e1vel pela gest\u00e3o do complexo esportivo \u00e9 o jornalista Carlos Cruz, ex-editor de esportes do Estado de Minas\/Di\u00e1rio da Tarde e com passagens por TV Alterosa, TV Bandeirantes, TV Horizonte e assessoria de comunica\u00e7\u00e3o do Am\u00e9rica.<\/p>\n\n\n\n<figure class=\"wp-block-image\"><img decoding=\"async\" src=\"https:\/\/noataque.com.br\/wp-content\/uploads\/2025\/04\/resized_1200_ees030425ag36.jpg\" alt=\"Banheiro da Arena Gregor\u00e3o\"\/><\/figure>\n\n\n\n<p>Banheiro da Arena Gregor\u00e3o<\/p>\n\n\n\n<h2 class=\"wp-block-heading\" id=\"h-gramado-e-arquibancada\"><strong>Gramado e arquibancada<\/strong><\/h2>\n\n\n\n<p>Quando houve a primeira expans\u00e3o, o gramado da Arena Gregor\u00e3o recebeu as medidas de 90 metros de comprimento por 60 de largura. Entretanto, para sediar partidas oficiais de base de atletas com idade entre 18 e 20 anos, foi preciso aumentar o campo e adequ\u00e1-lo aos padr\u00f5es da Fifa, de 105x68m.<\/p>\n\n\n\n<p>Essa interven\u00e7\u00e3o mobilizou a constru\u00e7\u00e3o de assentos atr\u00e1s de um dos gols, fazendo com que a capacidade do est\u00e1dio chegasse a aproximadamente 2 mil pessoas. Todavia, por medidas de seguran\u00e7a do Corpo de Bombeiros e da Pol\u00edcia Militar, \u00e9 permitido o acesso de apenas 1.179 torcedores nas arquibancadas.<\/p>\n\n\n\n<figure class=\"wp-block-image\"><img decoding=\"async\" src=\"https:\/\/noataque.com.br\/wp-content\/uploads\/2025\/04\/resized_1200_ees030425ag26.jpg\" alt=\"\" title=\"\"\/><figcaption class=\"wp-element-caption\"><small>Arquibancada atr\u00e1s de um dos gols da Arena Gregor\u00e3o&nbsp;<em>(foto: Alexandre Guzanshe\/EM D.A Press)<\/em><\/small><\/figcaption><\/figure>\n\n\n\n<p>Futuramente, a Arena Gregor\u00e3o vai comportar de 3 a 5 mil espectadores. O primeiro passo j\u00e1 foi dado: a aquisi\u00e7\u00e3o de um terreno de 7 mil metros quadrados atr\u00e1s da arquibancada lateral por R$ 3 milh\u00f5es. Com isso, a atual estrutura ser\u00e1 demolida e dar\u00e1 lugar a uma nova. O projeto de amplia\u00e7\u00e3o ainda contempla a instala\u00e7\u00e3o de refletores para a realiza\u00e7\u00e3o de jogos noturnos.<\/p>\n\n\n\n<h2 class=\"wp-block-heading\" id=\"h-vestiarios-e-salas-de-trabalho\"><strong>Vesti\u00e1rios e salas de trabalho<\/strong><\/h2>\n\n\n\n<p>A administra\u00e7\u00e3o da Arena Gregor\u00e3o tem investido em melhorias que comparam o complexo a renomados est\u00e1dios, como o Mineir\u00e3o. Prova disso \u00e9 a preocupa\u00e7\u00e3o com a disponibilidade de locais para atender atletas e outros profissionais que atuam em dias de jogos.<\/p>\n\n\n\n<p>A Arena Gregor\u00e3o conta com quatro vesti\u00e1rios completos \u2013 os dois principais, inclusive, s\u00e3o equipados com banheira para crioterapia. Ter \u00e0 disposi\u00e7\u00e3o espa\u00e7os semelhantes facilita a log\u00edstica em dias ou fins de semana de rodada dupla. H\u00e1 tamb\u00e9m, no \u2018t\u00fanel\u2019 do complexo, uma sala para \u00e1rbitro e outra para \u00e1rbitras; sala de enfermaria apta a receber os equipamentos dos clubes; e salas de trabalho (CBF\/FMF, antidoping, monitoramento e seguran\u00e7a).<\/p>\n\n\n\n<figure class=\"wp-block-image\"><img decoding=\"async\" src=\"https:\/\/noataque.com.br\/wp-content\/uploads\/2025\/04\/resized_1200_ees030425ag07.jpg\" alt=\"\" title=\"\"\/><figcaption class=\"wp-element-caption\"><small>Arena Gregor\u00e3o disp\u00f5e de quatro vesti\u00e1rios&nbsp;<em>(foto: Alexandre Guzanshe\/EM D.A Press)<\/em><\/small><\/figcaption><\/figure>\n\n\n\n<p>O est\u00e1dio ainda oferece duas \u00e1reas de aquecimento para os jogadores com gramado natural \u2013 a maior \u00e9 utilizada pelo clube mandante. Para facilitar o servi\u00e7o de comunica\u00e7\u00e3o dos clubes que agendam jogos na Arena Gregor\u00e3o e oferecer estrutura aos jornalistas, uma sala de imprensa ganhou espa\u00e7o recentemente.<\/p>\n\n\n\n<h2 class=\"wp-block-heading\" id=\"h-academia-alojamento-e-servicos\"><strong>Academia, alojamento e servi\u00e7os<\/strong><\/h2>\n\n\n\n<p>Outro cuidado diz respeito \u00e0 viabiliza\u00e7\u00e3o das hospedagens de delega\u00e7\u00f5es. Para dar suporte completo aos atletas, a Arena Gregor\u00e3o contar\u00e1 com uma academia \u2013 ainda inativa, \u00e0 espera de equipamentos. No terceiro andar do pr\u00e9dio administrativo, os gestores constru\u00edram cinco quartos, que ser\u00e3o ocupados por beliches.<\/p>\n\n\n\n<p>O mesmo edif\u00edcio, composto por tr\u00eas andares, tamb\u00e9m recebe as salas da dire\u00e7\u00e3o, camarotes, banheiros e espa\u00e7os para lanchonetes. Ao lado est\u00e1 o estacionamento disponibilizado para os clubes e os profissionais da partida em quest\u00e3o. A torcida pode usufruir de outro lugar para deixar os carros, na Rua Oito, mediante pagamento.<\/p>\n\n\n\n<figure class=\"wp-block-image\"><img decoding=\"async\" src=\"https:\/\/noataque.com.br\/wp-content\/uploads\/2025\/04\/resized_1200_ees030425ag32.jpg\" alt=\"\" title=\"\"\/><figcaption class=\"wp-element-caption\"><small>Espa\u00e7o receber\u00e1 equipamentos de academia<em>&nbsp;(foto: Alexandre Guzanshe\/EM D.A Press)<\/em><\/small><\/figcaption><\/figure>\n\n\n\n<p>O est\u00e1dio tem diferentes setores de entretenimento. Pr\u00f3ximo \u00e0s \u00e1reas de aquecimento, h\u00e1 um palco para shows e pequenas apresenta\u00e7\u00f5es. Atr\u00e1s de uma das arquibancadas est\u00e1 a \u2018esplanada do Gregor\u00e3o\u2019 \u2013 onde h\u00e1 lanchonetes para confraterniza\u00e7\u00f5es.<\/p>\n\n\n\n<p>A arena ainda tem um bar com fotos de jogadores renomados que estiveram em algum momento no local, seja para participar de eventos beneficentes de fim de ano ou em visita. Nos quadros na parede est\u00e3o Fred (ex-Cruzeiro, Atl\u00e9tico e Am\u00e9rica), Marques (ex-Atl\u00e9tico), Dagoberto (ex-Cruzeiro), Bernard (Atl\u00e9tico), Leonardo Silva (ex-Atl\u00e9tico e Cruzeiro), Alessandro (ex-Am\u00e9rica, Atl\u00e9tico e Cruzeiro), Ailton Delfino (ex-Atl\u00e9tico, Am\u00e9rica e Cruzeiro) e outros.<\/p>\n\n\n\n<h2 class=\"wp-block-heading\" id=\"h-manutencao-diaria-do-campo\"><strong>Manuten\u00e7\u00e3o di\u00e1ria do campo<\/strong><\/h2>\n\n\n\n<p>A grama da Arena Gregor\u00e3o \u00e9 da esp\u00e9cie&nbsp;<em>Bermudas Celebration<\/em>, a mesma do Mineir\u00e3o e do Independ\u00eancia. Segundo os fabricantes, \u00e9 resistente ao pisoteio, \u00e0 seca e \u00e0 sombra, al\u00e9m de ter alto poder de recupera\u00e7\u00e3o. Tais caracter\u00edsticas n\u00e3o a eximem de manuten\u00e7\u00e3o. No complexo em Contagem, o funcion\u00e1rio Wallace Borges \u00e9 respons\u00e1vel pelos cuidados di\u00e1rios com o campo.<\/p>\n\n\n\n<figure class=\"wp-block-image\"><img decoding=\"async\" src=\"https:\/\/noataque.com.br\/wp-content\/uploads\/2025\/04\/resized_1200_ees030425ag40-1.jpg\" alt=\"\" title=\"\"\/><figcaption class=\"wp-element-caption\"><small>Gramado da Arena Gregor\u00e3o passa por manuten\u00e7\u00e3o di\u00e1ria&nbsp;<em>(foto: Alexandre Guzanshe\/EM D.A Press)<\/em><\/small><\/figcaption><\/figure>\n\n\n\n<h2 class=\"wp-block-heading\" id=\"h-calendario-da-arena-gregorao\"><strong>Calend\u00e1rio da Arena Gregor\u00e3o<\/strong><\/h2>\n\n\n\n<p>A Arena Gregor\u00e3o recebe partidas de diferentes competi\u00e7\u00f5es: S\u00e9rie A1 e S\u00e9rie A2 do Campeonato Brasileiro Feminino, com jogos de Am\u00e9rica, Atl\u00e9tico e Cruzeiro; Segunda Divis\u00e3o do Campeonato Mineiro Masculino, com mandos de Coimbra e Contagem; al\u00e9m de torneios de base.<\/p>\n\n\n\n<p>A m\u00e9dia \u00e9 de 12 jogos por m\u00eas. Em datas de partidas de times profissionais ou sub-20, h\u00e1 somente um duelo no dia. Em dias de eventos de crian\u00e7as e adolescentes, \u00e9 poss\u00edvel organizar dois confrontos. Diante da necessidade de manter a qualidade do gramado, h\u00e1 uma s\u00e9rie de medidas cruciais de conserva\u00e7\u00e3o.<\/p>\n\n\n\n<p>O pr\u00f3ximo jogo na Arena Gregor\u00e3o est\u00e1 marcado para este s\u00e1bado (12\/4), quando o Cruzeiro recebe o Juventude a partir das 15h, pela quarta rodada do Brasileiro Feminino.<\/p>\n\n\n\n<figure class=\"wp-block-image\"><img decoding=\"async\" src=\"https:\/\/noataque.com.br\/wp-content\/uploads\/2025\/04\/resized_1200_ees030425ag17.jpg\" alt=\"\" title=\"\"\/><figcaption class=\"wp-element-caption\"><small>Corredor de acesso a vesti\u00e1rios e salas de trabalho da Arena Gregor\u00e3o&nbsp;<em>(foto: Alexandre Guzanshe\/EM D.A Press)<\/em><\/small><\/figcaption><\/figure>\n\n\n\n<h2 class=\"wp-block-heading\" id=\"h-quanto-custa-construir-um-estadio-do-zero\"><strong>Quanto custa construir um est\u00e1dio \u2018do zero\u2019?<\/strong><\/h2>\n\n\n\n<p>A moderniza\u00e7\u00e3o da Arena Gregor\u00e3o foi efetuada de forma gradativa e em intervalo de pelo menos 10 anos. Por isso, avaliar o valor do empreendimento requer um estudo minucioso.<\/p>\n\n\n\n<p>Um terreno de 30 mil metros quadrados na mesma regi\u00e3o em Contagem n\u00e3o sairia por menos de R$ 13 milh\u00f5es, levando em considera\u00e7\u00e3o o valor de R$ 420 por m\u00b2. Soma-se a isso tudo o que j\u00e1 foi implantado em \u00e1rea constru\u00edda, mas nos valores atuais.<\/p>\n\n\n\n<p>Alguns projetos existentes d\u00e3o a dimens\u00e3o de quanto um clube de futebol gastaria para erguer um est\u00e1dio \u201cdo zero\u201d. Em outubro de 2024, o&nbsp;<strong>No Ataque<\/strong>&nbsp;trouxe detalhes da Arena Boston City, em Manhua\u00e7u,&nbsp;<a href=\"https:\/\/noataque.com.br\/futebol\/noticia\/2024\/10\/14\/futebol-e-shows-os-detalhes-do-estadio-de-r-50-milhoes-no-interior-de-minas\/\" target=\"_blank\" rel=\"noreferrer noopener\">que ter\u00e1 capacidade para 12 mil pessoas e est\u00e1 or\u00e7ada em R$ 50 milh\u00f5es<\/a>. O prazo de conclus\u00e3o \u00e9 dezembro de 2026.<\/p>\n\n\n\n<figure class=\"wp-block-image\"><img decoding=\"async\" src=\"https:\/\/noataque.com.br\/wp-content\/uploads\/2024\/09\/b-city.jpg\" alt=\"Est\u00e1dio do Boston City - (foto: Divulga\u00e7\u00e3o)\" title=\"Est\u00e1dio do Boston City - (foto: Divulga\u00e7\u00e3o)\"\/><figcaption class=\"wp-element-caption\"><small>Projeto da Arena Boston City, em Manhua\u00e7u; est\u00e1dio comportar\u00e1 12 mil pessoas<\/small><small>(foto: Divulga\u00e7\u00e3o)<\/small><\/figcaption><\/figure>\n\n\n\n<p>J\u00e1 o Betim Futebol, que conquistou a classifica\u00e7\u00e3o para a S\u00e9rie D do Campeonato Brasileiro de 2026,&nbsp;<a href=\"https:\/\/noataque.com.br\/futebol\/campeonato-mineiro\/time\/betim\/noticia\/2025\/01\/24\/clube-sensacao-do-mineiro-investira-r-60-milhoes-em-construcao-de-estadio\/\" target=\"_blank\" rel=\"noreferrer noopener\">apresentou em agosto de 2024 o plano de ter uma arena multiuso com 10 mil lugares<\/a>. O investimento gira em torno de R$ 60 milh\u00f5es, com expectativa de entrega em 2027 ou 2028.<\/p>\n\n\n\n<p>Os dois exemplos s\u00e3o de est\u00e1dios pequenos \u2013 como \u00e9 a ideia do Cruzeiro para a base masculina e o futebol feminino. Tratando-se de equipe principal, a necessidade seria de uma espa\u00e7o muito mais amplo, com 40 a 50 mil lugares. Nesse sentido, o rival Atl\u00e9tico teve um custo de mais de R$ 1 bilh\u00e3o na Arena MRV, sendo R$ 335 milh\u00f5es somente de contrapartidas de obras p\u00fablicas para a Prefeitura de Belo Horizonte.<\/p>\n\n\n\n<h2 class=\"wp-block-heading\" id=\"h-pedrinho-comprara-a-arena-gregorao\"><strong>Pedrinho comprar\u00e1 a Arena Gregor\u00e3o?<\/strong><\/h2>\n\n\n\n<p>O&nbsp;<strong>No Ataque<\/strong>&nbsp;apurou que Ren\u00ea Greg\u00f3rio n\u00e3o pretende vender a Arena Gregor\u00e3o no momento. A primeira conversa dele com Pedro Louren\u00e7o sobre a hip\u00f3tese de negociar o est\u00e1dio ocorreu em outubro de 2024. Posteriormente, o propriet\u00e1rio da SAF do Cruzeiro e dos Supermercados BH revelou o desejo de comprar o complexo esportivo em conversa com jornalistas na Toca da Raposa 2.<\/p>\n","protected":false},"excerpt":{"rendered":"<p>Arena Gregor\u00e3o atraiu o interesse de Pedro Louren\u00e7o, dono do Cruzeiro; clube busca &#8216;casa&#8217; para time feminino e base masculina Um dos principais palcos do futebol de base de Minas Gerais, a&nbsp;Arena Gregor\u00e3o&nbsp;encantou o acionista da SAF do&nbsp;Cruzeiro, Pedro Louren\u00e7o, que se mostrou interessado em comprar o espa\u00e7o para transform\u00e1-lo na casa do time sub-20 [&hellip;]<\/p>\n","protected":false},"author":5,"featured_media":167962,"comment_status":"closed","ping_status":"open","sticky":false,"template":"","format":"standard","meta":{"advgb_blocks_editor_width":"","advgb_blocks_columns_visual_guide":"","_exactmetrics_skip_tracking":false,"_exactmetrics_sitenote_active":false,"_exactmetrics_sitenote_note":"","_exactmetrics_sitenote_category":0,"footnotes":""},"categories":[7,3,2],"tags":[],"class_list":["post-167961","post","type-post","status-publish","format-standard","has-post-thumbnail","hentry","category-destaques","category-esportes","category-noticias"],"better_featured_image":{"id":167962,"alt_text":"","caption":"","description":"","media_type":"image","media_details":{"width":900,"height":506,"file":"2025\/04\/a-greg-900x506-1.jpg","filesize":106430,"sizes":{"medium":{"file":"a-greg-900x506-1-470x264.jpg","width":470,"height":264,"mime-type":"image\/jpeg","filesize":35286,"source_url":"https:\/\/lavras.tv\/site\/wp-content\/uploads\/2025\/04\/a-greg-900x506-1-470x264.jpg"},"thumbnail":{"file":"a-greg-900x506-1-170x96.jpg","width":170,"height":96,"mime-type":"image\/jpeg","filesize":9199,"source_url":"https:\/\/lavras.tv\/site\/wp-content\/uploads\/2025\/04\/a-greg-900x506-1-170x96.jpg"},"lshowcase-thumb":{"file":"a-greg-900x506-1-200x112.jpg","width":200,"height":112,"mime-type":"image\/jpeg","filesize":10756,"source_url":"https:\/\/lavras.tv\/site\/wp-content\/uploads\/2025\/04\/a-greg-900x506-1-200x112.jpg"},"alm-thumbnail":{"file":"a-greg-900x506-1-150x150.jpg","width":150,"height":150,"mime-type":"image\/jpeg","filesize":10284,"source_url":"https:\/\/lavras.tv\/site\/wp-content\/uploads\/2025\/04\/a-greg-900x506-1-150x150.jpg"}},"image_meta":{"aperture":"0","credit":"","camera":"","caption":"","created_timestamp":"0","copyright":"","focal_length":"0","iso":"0","shutter_speed":"0","title":"","orientation":"0","keywords":[]}},"post":167961,"source_url":"https:\/\/lavras.tv\/site\/wp-content\/uploads\/2025\/04\/a-greg-900x506-1.jpg"},"author_meta":{"display_name":"Vinicius Bustamante","author_link":"https:\/\/lavras.tv\/site\/author\/vinicius-bustamante\/"},"featured_img":"https:\/\/lavras.tv\/site\/wp-content\/uploads\/2025\/04\/a-greg-900x506-1-470x264.jpg","coauthors":[],"tax_additional":{"categories":{"linked":["<a href=\"https:\/\/lavras.tv\/site\/category\/destaques\/\" class=\"advgb-post-tax-term\">Destaques<\/a>","<a href=\"https:\/\/lavras.tv\/site\/category\/esportes\/\" class=\"advgb-post-tax-term\">Esportes<\/a>","<a href=\"https:\/\/lavras.tv\/site\/category\/noticias\/\" class=\"advgb-post-tax-term\">Not\u00edcias<\/a>"],"unlinked":["<span class=\"advgb-post-tax-term\">Destaques<\/span>","<span class=\"advgb-post-tax-term\">Esportes<\/span>","<span class=\"advgb-post-tax-term\">Not\u00edcias<\/span>"]}},"comment_count":"0","relative_dates":{"created":"Publicado 1 ano atr\u00e1s","modified":"Atualizado 1 ano atr\u00e1s"},"absolute_dates":{"created":"Publicado em 11 de abril de 2025","modified":"Atualizado em 11 de abril de 2025"},"absolute_dates_time":{"created":"Publicado em 11 de abril de 2025 15:09","modified":"Atualizado em 11 de abril de 2025 15:09"},"featured_img_caption":"","series_order":"","_links":{"self":[{"href":"https:\/\/lavras.tv\/site\/wp-json\/wp\/v2\/posts\/167961","targetHints":{"allow":["GET"]}}],"collection":[{"href":"https:\/\/lavras.tv\/site\/wp-json\/wp\/v2\/posts"}],"about":[{"href":"https:\/\/lavras.tv\/site\/wp-json\/wp\/v2\/types\/post"}],"author":[{"embeddable":true,"href":"https:\/\/lavras.tv\/site\/wp-json\/wp\/v2\/users\/5"}],"replies":[{"embeddable":true,"href":"https:\/\/lavras.tv\/site\/wp-json\/wp\/v2\/comments?post=167961"}],"version-history":[{"count":1,"href":"https:\/\/lavras.tv\/site\/wp-json\/wp\/v2\/posts\/167961\/revisions"}],"predecessor-version":[{"id":167963,"href":"https:\/\/lavras.tv\/site\/wp-json\/wp\/v2\/posts\/167961\/revisions\/167963"}],"wp:featuredmedia":[{"embeddable":true,"href":"https:\/\/lavras.tv\/site\/wp-json\/wp\/v2\/media\/167962"}],"wp:attachment":[{"href":"https:\/\/lavras.tv\/site\/wp-json\/wp\/v2\/media?parent=167961"}],"wp:term":[{"taxonomy":"category","embeddable":true,"href":"https:\/\/lavras.tv\/site\/wp-json\/wp\/v2\/categories?post=167961"},{"taxonomy":"post_tag","embeddable":true,"href":"https:\/\/lavras.tv\/site\/wp-json\/wp\/v2\/tags?post=167961"}],"curies":[{"name":"wp","href":"https:\/\/api.w.org\/{rel}","templated":true}]}}