{"id":168786,"date":"2026-01-07T11:33:16","date_gmt":"2026-01-07T14:33:16","guid":{"rendered":"https:\/\/lavras.tv\/site\/?p=168786"},"modified":"2026-01-07T11:33:17","modified_gmt":"2026-01-07T14:33:17","slug":"mesmo-com-queda-nos-eua-brasil-bate-recorde-de-exportacoes-em-2025","status":"publish","type":"post","link":"https:\/\/lavras.tv\/site\/2026\/01\/07\/mesmo-com-queda-nos-eua-brasil-bate-recorde-de-exportacoes-em-2025\/","title":{"rendered":"Mesmo com queda nos EUA, Brasil bate recorde de exporta\u00e7\u00f5es em 2025"},"content":{"rendered":"<div class=\"lavra-antes-do-conteudo_2\" id=\"lavra-1596470525\"><div id=\"lavra-slider-27\" class=\"custom-slider lavra-slider-1703165529 lavra-slider\"><ul><li><div style=\"margin-left: auto;margin-right: auto;text-align: center;\" id=\"lavra-2097956854\"><a href=\"https:\/\/sistemas.lavras.mg.gov.br\/portalcidadao\/#df1b1a7c7b2a290bcb31e32771e610784662739a88807c0dacac58ede5f391a7530e299dc302d611ee73cb143fc22eaf93592e53e7b5bdb01b00a0b8d28dae460c141dd2ff83412e4dc1c31b16b25f33144a9e5620ea73b13f5bc1c59411d98439ad226e8af03840603796067d87afe130812cf3de24982d0e306f9e61e764e5\" aria-label=\"Lavras-TV&#8211;720x104px (1) (1)\"><img src=\"https:\/\/lavras.tv\/site\/wp-content\/uploads\/2025\/01\/Lavras-TV-720x104px-1-1.png\" alt=\"\"  srcset=\"https:\/\/lavras.tv\/site\/wp-content\/uploads\/2025\/01\/Lavras-TV-720x104px-1-1.png 720w, https:\/\/lavras.tv\/site\/wp-content\/uploads\/2025\/01\/Lavras-TV-720x104px-1-1-470x68.png 470w, https:\/\/lavras.tv\/site\/wp-content\/uploads\/2025\/01\/Lavras-TV-720x104px-1-1-170x25.png 170w, https:\/\/lavras.tv\/site\/wp-content\/uploads\/2025\/01\/Lavras-TV-720x104px-1-1-200x29.png 200w\" sizes=\"(max-width: 720px) 100vw, 720px\" width=\"720\" height=\"104\"  style=\"display: inline-block;\" \/><\/a><\/div><\/li><li><a href=\"https:\/\/sistemas.lavras.mg.gov.br\/portalcidadao\/#df1b1a7c7b2a290bcb31e32771e610784662739a88807c0dacac58ede5f391a7530e299dc302d611ee73cb143fc22eaf93592e53e7b5bdb01b00a0b8d28dae460c141dd2ff83412e4dc1c31b16b25f33144a9e5620ea73b13f5bc1c59411d98439ad226e8af03840603796067d87afe130812cf3de24982d0e306f9e61e764e5\" aria-label=\"Banner_Emprego_PortallavrasTV\"><img src=\"https:\/\/lavras.tv\/site\/wp-content\/uploads\/2025\/03\/Banner_Emprego_PortallavrasTV.png\" alt=\"\"  srcset=\"https:\/\/lavras.tv\/site\/wp-content\/uploads\/2025\/03\/Banner_Emprego_PortallavrasTV.png 720w, https:\/\/lavras.tv\/site\/wp-content\/uploads\/2025\/03\/Banner_Emprego_PortallavrasTV-470x68.png 470w, https:\/\/lavras.tv\/site\/wp-content\/uploads\/2025\/03\/Banner_Emprego_PortallavrasTV-170x25.png 170w, https:\/\/lavras.tv\/site\/wp-content\/uploads\/2025\/03\/Banner_Emprego_PortallavrasTV-200x29.png 200w\" sizes=\"(max-width: 720px) 100vw, 720px\" width=\"720\" height=\"104\"   \/><\/a><\/li><li><a href=\"https:\/\/sistemas.lavras.mg.gov.br\/portalcidadao\/#df1b1a7c7b2a290bcb31e32771e610784662739a88807c0dacac58ede5f391a7530e299dc302d611ee73cb143fc22eaf93592e53e7b5bdb01b00a0b8d28dae460c141dd2ff83412e4dc1c31b16b25f33144a9e5620ea73b13f5bc1c59411d98439ad226e8af03840603796067d87afe130812cf3de24982d0e306f9e61e764e5\" aria-label=\"Banner_Obras_PortallavrasTV\"><img src=\"https:\/\/lavras.tv\/site\/wp-content\/uploads\/2025\/03\/Banner_Obras_PortallavrasTV.png\" alt=\"\"  srcset=\"https:\/\/lavras.tv\/site\/wp-content\/uploads\/2025\/03\/Banner_Obras_PortallavrasTV.png 720w, https:\/\/lavras.tv\/site\/wp-content\/uploads\/2025\/03\/Banner_Obras_PortallavrasTV-470x68.png 470w, https:\/\/lavras.tv\/site\/wp-content\/uploads\/2025\/03\/Banner_Obras_PortallavrasTV-170x25.png 170w, https:\/\/lavras.tv\/site\/wp-content\/uploads\/2025\/03\/Banner_Obras_PortallavrasTV-200x29.png 200w\" sizes=\"(max-width: 720px) 100vw, 720px\" width=\"720\" height=\"104\"   \/><\/a><\/li><li><div style=\"margin-left: auto;margin-right: auto;text-align: center;\" id=\"lavra-856365499\"><a href=\"https:\/\/sistemas.lavras.mg.gov.br\/portalcidadao\/#df1b1a7c7b2a290bcb31e32771e610784662739a88807c0dacac58ede5f391a7530e299dc302d611ee73cb143fc22eaf93592e53e7b5bdb01b00a0b8d28dae460c141dd2ff83412e4dc1c31b16b25f33144a9e5620ea73b13f5bc1c59411d98439ad226e8af03840603796067d87afe130812cf3de24982d0e306f9e61e764e5\" aria-label=\"Banner_Educa\u00e7\u00e3o_PortallavrasTV\"><img src=\"https:\/\/lavras.tv\/site\/wp-content\/uploads\/2025\/01\/Banner_Educacao_PortallavrasTV.png\" alt=\"\"  srcset=\"https:\/\/lavras.tv\/site\/wp-content\/uploads\/2025\/01\/Banner_Educacao_PortallavrasTV.png 720w, https:\/\/lavras.tv\/site\/wp-content\/uploads\/2025\/01\/Banner_Educacao_PortallavrasTV-470x68.png 470w, https:\/\/lavras.tv\/site\/wp-content\/uploads\/2025\/01\/Banner_Educacao_PortallavrasTV-170x25.png 170w, https:\/\/lavras.tv\/site\/wp-content\/uploads\/2025\/01\/Banner_Educacao_PortallavrasTV-200x29.png 200w\" sizes=\"(max-width: 720px) 100vw, 720px\" width=\"720\" height=\"104\"  style=\"display: inline-block;\" \/><\/a><\/div><\/li><li><a href=\"https:\/\/sistemas.lavras.mg.gov.br\/portalcidadao\/#df1b1a7c7b2a290bcb31e32771e610784662739a88807c0dacac58ede5f391a7530e299dc302d611ee73cb143fc22eaf93592e53e7b5bdb01b00a0b8d28dae460c141dd2ff83412e4dc1c31b16b25f33144a9e5620ea73b13f5bc1c59411d98439ad226e8af03840603796067d87afe130812cf3de24982d0e306f9e61e764e5\" aria-label=\"Banner_Sa\u00fade_PortallavrasTV\"><img src=\"https:\/\/lavras.tv\/site\/wp-content\/uploads\/2025\/03\/Banner_Saude_PortallavrasTV.png\" alt=\"\"  srcset=\"https:\/\/lavras.tv\/site\/wp-content\/uploads\/2025\/03\/Banner_Saude_PortallavrasTV.png 720w, https:\/\/lavras.tv\/site\/wp-content\/uploads\/2025\/03\/Banner_Saude_PortallavrasTV-470x68.png 470w, https:\/\/lavras.tv\/site\/wp-content\/uploads\/2025\/03\/Banner_Saude_PortallavrasTV-170x25.png 170w, https:\/\/lavras.tv\/site\/wp-content\/uploads\/2025\/03\/Banner_Saude_PortallavrasTV-200x29.png 200w\" sizes=\"(max-width: 720px) 100vw, 720px\" width=\"720\" height=\"104\"   \/><\/a><\/li><li><div id=\"lavra-2249635961\" style=\"width:720px;height:104px;background-color:#ddd;overflow:scroll;\">\n\t<strong>Sa\u00edda da depura\u00e7\u00e3o de an\u00fancios<\/strong>\n\t<br><br>\n\tO an\u00fancio n\u00e3o \u00e9 exibido na p\u00e1gina<br><br>post atual: Mesmo com queda nos EUA, Brasil bate recorde de exporta\u00e7\u00f5es em 2025, ID: 168786<br><br><span style=\"color: red;\">O post atual n\u00e3o \u00e9 id\u00eantico ao post principal.<\/span><br><br>An\u00fancios: ROXO - TOPO INTERNA - ROTATIVO 2 (197)<br \/>Grupo de an\u00fancios: Princ_Meio01_720x104 (27)<br><br>Condi\u00e7\u00f5es de exibi\u00e7\u00e3o<div style=\"margin-bottom: 20px; white-space: pre-wrap; font-family: monospace; width: 100%; background: #ffe9e9;\"><strong>condi\u00e7\u00f5es gerais<\/strong><table border=\"1\"><thead><tr><th><\/th><th>An\u00fancios<\/th><th>wp_the_query<\/th><\/tr><\/thead><tr><td>is_main_query<\/td><td>1<\/td><td>1<\/td><\/tr><tr><td>is_rest_api<\/td><td>0<\/td><td>1<\/td><\/tr><tr><td>page<\/td><td>0<\/td><td>1<\/td><\/tr><tr><td>numpages<\/td><td>0<\/td><td>1<\/td><\/tr><tr><td>is_archive<\/td><td>1<\/td><td><\/td><\/tr><tr><td>is_search<\/td><td>1<\/td><td><\/td><\/tr><tr><td>is_home<\/td><td>1<\/td><td><\/td><\/tr><tr><td>is_404<\/td><td>1<\/td><td><\/td><\/tr><tr><td>is_attachment<\/td><td>1<\/td><td><\/td><\/tr><tr><td>is_singular<\/td><td>1<\/td><td><\/td><\/tr><tr><td>is_front_page<\/td><td>1<\/td><td><\/td><\/tr><tr><td>is_feed<\/td><td>1<\/td><td><\/td><\/tr><\/table><\/div><br><br><span style=\"color: red;\">Seu site usa HTTPS, mas o c\u00f3digo do an\u00fancio cont\u00e9m HTTP e pode n\u00e3o funcionar.<\/span>\t<br><br>\n\t<a style=\"color: green;\" href=\"https:\/\/wpadvancedads.com\/manual\/ad-debug-mode\/?utm_source=advanced-ads&utm_medium=link&utm_campaign=ad-debug-mode\" target=\"_blank\" rel=\"nofollow\">Encontre solu\u00e7\u00f5es no manual<\/a>\n<\/div>\n<\/li><\/ul><\/div><script>( window.advanced_ads_ready || jQuery( document ).ready ).call( null, function() {var $lavraslider1703165529 = jQuery( \".lavra-slider-1703165529\" );$lavraslider1703165529.on( \"unslider.ready\", function() { jQuery( \"div.custom-slider ul li\" ).css( \"display\", \"block\" ); });$lavraslider1703165529.unslider({ delay:4000, autoplay:true, nav:false, arrows:false, infinite:true });$lavraslider1703165529.on(\"mouseover\", function() {$lavraslider1703165529.unslider(\"stop\");}).on(\"mouseout\", function() {$lavraslider1703165529.unslider(\"start\");});});<\/script><\/div>\n<p>Dados da balan\u00e7a comercial de 2025 foram divulgados nesta ter\u00e7a-feira (6) pelo Minist\u00e9rio do Desenvolvimento, Ind\u00fastria, Com\u00e9rcio e Servi\u00e7os<\/p>\n\n\n\n<p><\/p>\n\n\n\n<p><img fetchpriority=\"high\" decoding=\"async\" alt=\"Quase 50% das exporta\u00e7\u00f5es dos EUA ao Brasil entram sem tarifa, diz entidade | CNN Brasil\" width=\"1000\" height=\"563\" src=\"https:\/\/medias.itatiaia.com.br\/dims4\/default\/5b5f9bf\/2147483647\/strip\/true\/crop\/2560x1441+0+74\/resize\/1000x563!\/quality\/90\/?url=https%3A%2F%2Fk2-prod-radio-itatiaia.s3.us-east-1.amazonaws.com%2Fbrightspot%2F96%2F8a%2F3a61f37345510ce218ee8da947ee%2Fporto-santos.jpg\"><\/p>\n\n\n\n<p>Cr\u00e9ditos: CNN Brasil<\/p>\n\n\n\n<p>Foram US$ 348,7 bilh\u00f5es em produtos vendidos para o exterior<\/p>\n\n\n\n<p>Mesmo com uma&nbsp;<a href=\"https:\/\/www.itatiaia.com.br\/economia\/tarifaco-de-trump-faz-exportacoes-para-os-eua-cairem-6-6-em-2025\"><strong>queda nas vendas para os Estados Unidos<\/strong><\/a>, em raz\u00e3o do tarifa\u00e7o, o Brasil bateu um novo recorde de exporta\u00e7\u00f5es em 2025. Ao todo, foram US$ 348,7 bilh\u00f5es em produtos vendidos para o exterior, superando em US$ 9 bilh\u00f5es o recorde de 2023, de acordo com dados divulgados pelo Minist\u00e9rio do Desenvolvimento, Ind\u00fastria, Com\u00e9rcio e Servi\u00e7os (MDIC) nesta ter\u00e7a-feira (6).<\/p>\n\n\n\n<p>Segundo a pasta, as exporta\u00e7\u00f5es tiveram um aumento de 3,5% em valores em rela\u00e7\u00e3o ao ano passado, enquanto em volume o crescimento foi de 5,7%. O percentual \u00e9 maior que o dobro previsto pela Organiza\u00e7\u00e3o Mundial do Com\u00e9rcio (OMC) para o crescimento global das exporta\u00e7\u00f5es em 2025, de 2,4%.<\/p>\n\n\n\n<p>O resultado foi impulsionado pelas vendas para a China, que se consolidou como o principal parceiro comercial brasileiro. De janeiro a dezembro de 2025, as exporta\u00e7\u00f5es aumentaram de US$ 94,37 bilh\u00f5es para US$ 100 bilh\u00f5es com o gigante asi\u00e1tico, um avan\u00e7o de 6%.<\/p>\n\n\n\n<p>Na teoria, em n\u00fameros totais, a expans\u00e3o do com\u00e9rcio com os chineses compensou a queda com os Estados Unidos. As vendas para os americanos tiveram uma queda de 6,6% em 2025. Foram vendidos para os americanos o equivalente a US$ 37,7 bilh\u00f5es no ano passado, ante US$ 40,3 bilh\u00f5es em 2024.<\/p>\n\n\n\n<p>O resultado se d\u00e1 em um contexto afetado por sobretaxas que somadas chegaram a 50%. Assim que assumiu o mandato, o presidente Donald Trump anunciou uma tarifa de 10% b\u00e1sica para quase todos os parceiros comerciais dos americanos, com o objetivo de fortalecer a produ\u00e7\u00e3o local.<\/p>\n\n\n\n<p>Por\u00e9m, em julho, o Brasil foi alvo de uma sobretaxa de 40% sobre centenas de produtos importantes da pauta do com\u00e9rcio bilateral, incluindo caf\u00e9, carne e outros produtos do agro e da ind\u00fastria. Em novembro, Trump anunciou a retirada da tarifa adicional de 40% para uma s\u00e9rie de produtos, em especial do Agro. A medida fez com que as exporta\u00e7\u00f5es sa\u00edssem de uma queda de 35,4% em outubro, para uma queda de apenas 7,2% em dezembro.<\/p>\n\n\n\n<p>\u201cEm meio \u00e0s dificuldades geopol\u00edticas, conseguimos conquistar novos mercados e ampliar os que j\u00e1 t\u00ednhamos. O resultado reflete tamb\u00e9m o conjunto de programas e a\u00e7\u00f5es do governo do presidente Lula para aumentar a produtividade e a competitividade de nossas empresas no exterior, sobretudo com a Nova Ind\u00fastria Brasil (NIB) e com o Plano Brasil Soberano\u201d, disse o ministro e vice-presidente Geraldo Alckmin (PSB).<\/p>\n\n\n\n<h2 class=\"wp-block-heading\"><strong>Importa\u00e7\u00f5es batem recorde e pressionam o super\u00e1vit<\/strong><\/h2>\n\n\n\n<p>Apesar do recorde nas exporta\u00e7\u00f5es, as importa\u00e7\u00f5es do pa\u00eds tamb\u00e9m tiveram uma nova alta em 2025, alcan\u00e7ando US$ 280,4 bilh\u00f5es, valor 6,7% superior ao de 2024. O resultado pressionou o super\u00e1vit, que ficou em US$ 68,3 bilh\u00f5es, o terceiro maior da s\u00e9rie hist\u00f3rica, atr\u00e1s de 2023 e 2024.<\/p>\n\n\n\n<p>O pa\u00eds registrou&nbsp;<a href=\"https:\/\/www.itatiaia.com.br\/economia\/china-vai-taxar-em-55-a-carne-bovina-do-brasil-em-caso-de-excesso-de-importacao\"><strong>recorde nas exporta\u00e7\u00f5es de carne bovina (US$ 16,6 bilh\u00f5es),<\/strong><\/a>&nbsp;carne su\u00edna (US$ 3,4 bi), alumina (US$ 3,4 bi), ve\u00edculos autom\u00f3veis para transporte de mercadorias (US$ 3,1 bi), caminh\u00f5es (US$ 1,8 bi), caf\u00e9 torrado (US$ 1,2 bi), m\u00e1quinas e aparelhos el\u00e9tricos (US$ 1,0 bi), m\u00e1quinas e ferramentas mec\u00e2nicas (US$ 729 mi), produtos de perfumaria (US$ 721 mi), cacau em p\u00f3 (US$ 598 mi), instrumentos e aparelhos de medi\u00e7\u00e3o (US$ 593 mi) e defensivos agr\u00edcolas (US$ 495 mi).<\/p>\n\n\n\n<p>Em rela\u00e7\u00e3o \u00e0s importa\u00e7\u00f5es, os bens de capital tiveram aumento de 23,7%, seguidos por bens intermedi\u00e1rios (+5,9%) e bens de consumo (+5,7%). As importa\u00e7\u00f5es de combust\u00edveis recuaram 8,6%. Cresceram as compras de produtos origin\u00e1rios da China (11,5%), Estados Unidos (11,3%) e Uni\u00e3o Europeia (6,4%). A importa\u00e7\u00e3o de produtos argentinos recuou 4,7%.<\/p>\n","protected":false},"excerpt":{"rendered":"<p>Dados da balan\u00e7a comercial de 2025 foram divulgados nesta ter\u00e7a-feira (6) pelo Minist\u00e9rio do Desenvolvimento, Ind\u00fastria, Com\u00e9rcio e Servi\u00e7os Cr\u00e9ditos: CNN Brasil Foram US$ 348,7 bilh\u00f5es em produtos vendidos para o exterior Mesmo com uma&nbsp;queda nas vendas para os Estados Unidos, em raz\u00e3o do tarifa\u00e7o, o Brasil bateu um novo recorde de exporta\u00e7\u00f5es em 2025. [&hellip;]<\/p>\n","protected":false},"author":5,"featured_media":168787,"comment_status":"closed","ping_status":"open","sticky":false,"template":"","format":"standard","meta":{"advgb_blocks_editor_width":"","advgb_blocks_columns_visual_guide":"","_exactmetrics_skip_tracking":false,"_exactmetrics_sitenote_active":false,"_exactmetrics_sitenote_note":"","_exactmetrics_sitenote_category":0,"footnotes":""},"categories":[7,2],"tags":[],"class_list":["post-168786","post","type-post","status-publish","format-standard","has-post-thumbnail","hentry","category-destaques","category-noticias"],"better_featured_image":{"id":168787,"alt_text":"","caption":"","description":"","media_type":"image","media_details":{"width":1000,"height":563,"file":"2026\/01\/download.webp","filesize":108878,"sizes":{"medium":{"file":"download-470x265.webp","width":470,"height":265,"mime-type":"image\/webp","filesize":35478,"source_url":"https:\/\/lavras.tv\/site\/wp-content\/uploads\/2026\/01\/download-470x265.webp"},"large":{"file":"download-970x546.webp","width":970,"height":546,"mime-type":"image\/webp","filesize":98116,"source_url":"https:\/\/lavras.tv\/site\/wp-content\/uploads\/2026\/01\/download-970x546.webp"},"thumbnail":{"file":"download-170x96.webp","width":170,"height":96,"mime-type":"image\/webp","filesize":6026,"source_url":"https:\/\/lavras.tv\/site\/wp-content\/uploads\/2026\/01\/download-170x96.webp"},"alm-thumbnail":{"file":"download-150x150.webp","width":150,"height":150,"mime-type":"image\/webp","filesize":9026,"source_url":"https:\/\/lavras.tv\/site\/wp-content\/uploads\/2026\/01\/download-150x150.webp"},"sow-carousel-default":{"file":"download-272x182.webp","width":272,"height":182,"mime-type":"image\/webp","filesize":16874,"source_url":"https:\/\/lavras.tv\/site\/wp-content\/uploads\/2026\/01\/download-272x182.webp"}},"image_meta":{"aperture":"0","credit":"","camera":"","caption":"","created_timestamp":"0","copyright":"","focal_length":"0","iso":"0","shutter_speed":"0","title":"","orientation":"0","keywords":[]}},"post":168786,"source_url":"https:\/\/lavras.tv\/site\/wp-content\/uploads\/2026\/01\/download.webp"},"author_meta":{"display_name":"Vinicius Bustamante","author_link":"https:\/\/lavras.tv\/site\/author\/vinicius-bustamante\/"},"featured_img":"https:\/\/lavras.tv\/site\/wp-content\/uploads\/2026\/01\/download-470x265.webp","coauthors":[],"tax_additional":{"categories":{"linked":["<a href=\"https:\/\/lavras.tv\/site\/category\/destaques\/\" class=\"advgb-post-tax-term\">Destaques<\/a>","<a href=\"https:\/\/lavras.tv\/site\/category\/noticias\/\" class=\"advgb-post-tax-term\">Not\u00edcias<\/a>"],"unlinked":["<span class=\"advgb-post-tax-term\">Destaques<\/span>","<span class=\"advgb-post-tax-term\">Not\u00edcias<\/span>"]}},"comment_count":"0","relative_dates":{"created":"Publicado 4 meses atr\u00e1s","modified":"Atualizado 4 meses atr\u00e1s"},"absolute_dates":{"created":"Publicado em 7 de janeiro de 2026","modified":"Atualizado em 7 de janeiro de 2026"},"absolute_dates_time":{"created":"Publicado em 7 de janeiro de 2026 11:33","modified":"Atualizado em 7 de janeiro de 2026 11:33"},"featured_img_caption":"","series_order":"","_links":{"self":[{"href":"https:\/\/lavras.tv\/site\/wp-json\/wp\/v2\/posts\/168786","targetHints":{"allow":["GET"]}}],"collection":[{"href":"https:\/\/lavras.tv\/site\/wp-json\/wp\/v2\/posts"}],"about":[{"href":"https:\/\/lavras.tv\/site\/wp-json\/wp\/v2\/types\/post"}],"author":[{"embeddable":true,"href":"https:\/\/lavras.tv\/site\/wp-json\/wp\/v2\/users\/5"}],"replies":[{"embeddable":true,"href":"https:\/\/lavras.tv\/site\/wp-json\/wp\/v2\/comments?post=168786"}],"version-history":[{"count":1,"href":"https:\/\/lavras.tv\/site\/wp-json\/wp\/v2\/posts\/168786\/revisions"}],"predecessor-version":[{"id":168788,"href":"https:\/\/lavras.tv\/site\/wp-json\/wp\/v2\/posts\/168786\/revisions\/168788"}],"wp:featuredmedia":[{"embeddable":true,"href":"https:\/\/lavras.tv\/site\/wp-json\/wp\/v2\/media\/168787"}],"wp:attachment":[{"href":"https:\/\/lavras.tv\/site\/wp-json\/wp\/v2\/media?parent=168786"}],"wp:term":[{"taxonomy":"category","embeddable":true,"href":"https:\/\/lavras.tv\/site\/wp-json\/wp\/v2\/categories?post=168786"},{"taxonomy":"post_tag","embeddable":true,"href":"https:\/\/lavras.tv\/site\/wp-json\/wp\/v2\/tags?post=168786"}],"curies":[{"name":"wp","href":"https:\/\/api.w.org\/{rel}","templated":true}]}}