{"id":168791,"date":"2026-01-07T14:12:13","date_gmt":"2026-01-07T17:12:13","guid":{"rendered":"http:\/\/lavras.tv\/site\/?p=168791"},"modified":"2026-01-07T14:12:14","modified_gmt":"2026-01-07T17:12:14","slug":"atletico-hulk-rompe-silencio-fala-em-cumprir-contrato-mas-se-diz-desvalorizado-esportivamente","status":"publish","type":"post","link":"https:\/\/lavras.tv\/site\/2026\/01\/07\/atletico-hulk-rompe-silencio-fala-em-cumprir-contrato-mas-se-diz-desvalorizado-esportivamente\/","title":{"rendered":"Atl\u00e9tico: Hulk rompe sil\u00eancio, fala em cumprir contrato, mas se diz \u2018desvalorizado esportivamente\u2019"},"content":{"rendered":"<div class=\"lavra-antes-do-conteudo_2\" id=\"lavra-1207584247\"><div id=\"lavra-slider-27\" class=\"custom-slider lavra-slider-3277389951 lavra-slider\"><ul><li><div style=\"margin-left: auto;margin-right: auto;text-align: center;\" id=\"lavra-1126088670\"><a href=\"https:\/\/sistemas.lavras.mg.gov.br\/portalcidadao\/#df1b1a7c7b2a290bcb31e32771e610784662739a88807c0dacac58ede5f391a7530e299dc302d611ee73cb143fc22eaf93592e53e7b5bdb01b00a0b8d28dae460c141dd2ff83412e4dc1c31b16b25f33144a9e5620ea73b13f5bc1c59411d98439ad226e8af03840603796067d87afe130812cf3de24982d0e306f9e61e764e5\" aria-label=\"Lavras-TV&#8211;720x104px (1) (1)\"><img src=\"https:\/\/lavras.tv\/site\/wp-content\/uploads\/2025\/01\/Lavras-TV-720x104px-1-1.png\" alt=\"\"  srcset=\"https:\/\/lavras.tv\/site\/wp-content\/uploads\/2025\/01\/Lavras-TV-720x104px-1-1.png 720w, https:\/\/lavras.tv\/site\/wp-content\/uploads\/2025\/01\/Lavras-TV-720x104px-1-1-470x68.png 470w, https:\/\/lavras.tv\/site\/wp-content\/uploads\/2025\/01\/Lavras-TV-720x104px-1-1-170x25.png 170w, https:\/\/lavras.tv\/site\/wp-content\/uploads\/2025\/01\/Lavras-TV-720x104px-1-1-200x29.png 200w\" sizes=\"(max-width: 720px) 100vw, 720px\" width=\"720\" height=\"104\"  style=\"display: inline-block;\" \/><\/a><\/div><\/li><li><a href=\"https:\/\/sistemas.lavras.mg.gov.br\/portalcidadao\/#df1b1a7c7b2a290bcb31e32771e610784662739a88807c0dacac58ede5f391a7530e299dc302d611ee73cb143fc22eaf93592e53e7b5bdb01b00a0b8d28dae460c141dd2ff83412e4dc1c31b16b25f33144a9e5620ea73b13f5bc1c59411d98439ad226e8af03840603796067d87afe130812cf3de24982d0e306f9e61e764e5\" aria-label=\"Banner_Emprego_PortallavrasTV\"><img src=\"https:\/\/lavras.tv\/site\/wp-content\/uploads\/2025\/03\/Banner_Emprego_PortallavrasTV.png\" alt=\"\"  srcset=\"https:\/\/lavras.tv\/site\/wp-content\/uploads\/2025\/03\/Banner_Emprego_PortallavrasTV.png 720w, https:\/\/lavras.tv\/site\/wp-content\/uploads\/2025\/03\/Banner_Emprego_PortallavrasTV-470x68.png 470w, https:\/\/lavras.tv\/site\/wp-content\/uploads\/2025\/03\/Banner_Emprego_PortallavrasTV-170x25.png 170w, https:\/\/lavras.tv\/site\/wp-content\/uploads\/2025\/03\/Banner_Emprego_PortallavrasTV-200x29.png 200w\" sizes=\"(max-width: 720px) 100vw, 720px\" width=\"720\" height=\"104\"   \/><\/a><\/li><li><a href=\"https:\/\/sistemas.lavras.mg.gov.br\/portalcidadao\/#df1b1a7c7b2a290bcb31e32771e610784662739a88807c0dacac58ede5f391a7530e299dc302d611ee73cb143fc22eaf93592e53e7b5bdb01b00a0b8d28dae460c141dd2ff83412e4dc1c31b16b25f33144a9e5620ea73b13f5bc1c59411d98439ad226e8af03840603796067d87afe130812cf3de24982d0e306f9e61e764e5\" aria-label=\"Banner_Obras_PortallavrasTV\"><img src=\"https:\/\/lavras.tv\/site\/wp-content\/uploads\/2025\/03\/Banner_Obras_PortallavrasTV.png\" alt=\"\"  srcset=\"https:\/\/lavras.tv\/site\/wp-content\/uploads\/2025\/03\/Banner_Obras_PortallavrasTV.png 720w, https:\/\/lavras.tv\/site\/wp-content\/uploads\/2025\/03\/Banner_Obras_PortallavrasTV-470x68.png 470w, https:\/\/lavras.tv\/site\/wp-content\/uploads\/2025\/03\/Banner_Obras_PortallavrasTV-170x25.png 170w, https:\/\/lavras.tv\/site\/wp-content\/uploads\/2025\/03\/Banner_Obras_PortallavrasTV-200x29.png 200w\" sizes=\"(max-width: 720px) 100vw, 720px\" width=\"720\" height=\"104\"   \/><\/a><\/li><li><div style=\"margin-left: auto;margin-right: auto;text-align: center;\" id=\"lavra-1516807906\"><a href=\"https:\/\/sistemas.lavras.mg.gov.br\/portalcidadao\/#df1b1a7c7b2a290bcb31e32771e610784662739a88807c0dacac58ede5f391a7530e299dc302d611ee73cb143fc22eaf93592e53e7b5bdb01b00a0b8d28dae460c141dd2ff83412e4dc1c31b16b25f33144a9e5620ea73b13f5bc1c59411d98439ad226e8af03840603796067d87afe130812cf3de24982d0e306f9e61e764e5\" aria-label=\"Banner_Educa\u00e7\u00e3o_PortallavrasTV\"><img src=\"https:\/\/lavras.tv\/site\/wp-content\/uploads\/2025\/01\/Banner_Educacao_PortallavrasTV.png\" alt=\"\"  srcset=\"https:\/\/lavras.tv\/site\/wp-content\/uploads\/2025\/01\/Banner_Educacao_PortallavrasTV.png 720w, https:\/\/lavras.tv\/site\/wp-content\/uploads\/2025\/01\/Banner_Educacao_PortallavrasTV-470x68.png 470w, https:\/\/lavras.tv\/site\/wp-content\/uploads\/2025\/01\/Banner_Educacao_PortallavrasTV-170x25.png 170w, https:\/\/lavras.tv\/site\/wp-content\/uploads\/2025\/01\/Banner_Educacao_PortallavrasTV-200x29.png 200w\" sizes=\"(max-width: 720px) 100vw, 720px\" width=\"720\" height=\"104\"  style=\"display: inline-block;\" \/><\/a><\/div><\/li><li><a href=\"https:\/\/sistemas.lavras.mg.gov.br\/portalcidadao\/#df1b1a7c7b2a290bcb31e32771e610784662739a88807c0dacac58ede5f391a7530e299dc302d611ee73cb143fc22eaf93592e53e7b5bdb01b00a0b8d28dae460c141dd2ff83412e4dc1c31b16b25f33144a9e5620ea73b13f5bc1c59411d98439ad226e8af03840603796067d87afe130812cf3de24982d0e306f9e61e764e5\" aria-label=\"Banner_Sa\u00fade_PortallavrasTV\"><img src=\"https:\/\/lavras.tv\/site\/wp-content\/uploads\/2025\/03\/Banner_Saude_PortallavrasTV.png\" alt=\"\"  srcset=\"https:\/\/lavras.tv\/site\/wp-content\/uploads\/2025\/03\/Banner_Saude_PortallavrasTV.png 720w, https:\/\/lavras.tv\/site\/wp-content\/uploads\/2025\/03\/Banner_Saude_PortallavrasTV-470x68.png 470w, https:\/\/lavras.tv\/site\/wp-content\/uploads\/2025\/03\/Banner_Saude_PortallavrasTV-170x25.png 170w, https:\/\/lavras.tv\/site\/wp-content\/uploads\/2025\/03\/Banner_Saude_PortallavrasTV-200x29.png 200w\" sizes=\"(max-width: 720px) 100vw, 720px\" width=\"720\" height=\"104\"   \/><\/a><\/li><li><div id=\"lavra-2719287972\" style=\"width:720px;height:104px;background-color:#ddd;overflow:scroll;\">\n\t<strong>Sa\u00edda da depura\u00e7\u00e3o de an\u00fancios<\/strong>\n\t<br><br>\n\tO an\u00fancio n\u00e3o \u00e9 exibido na p\u00e1gina<br><br>post atual: Atl\u00e9tico: Hulk rompe sil\u00eancio, fala em cumprir contrato, mas se diz \u2018desvalorizado esportivamente\u2019, ID: 168791<br><br><span style=\"color: red;\">O post atual n\u00e3o \u00e9 id\u00eantico ao post principal.<\/span><br><br>An\u00fancios: ROXO - TOPO INTERNA - ROTATIVO 2 (197)<br \/>Grupo de an\u00fancios: Princ_Meio01_720x104 (27)<br><br>Condi\u00e7\u00f5es de exibi\u00e7\u00e3o<div style=\"margin-bottom: 20px; white-space: pre-wrap; font-family: monospace; width: 100%; background: #ffe9e9;\"><strong>condi\u00e7\u00f5es gerais<\/strong><table border=\"1\"><thead><tr><th><\/th><th>An\u00fancios<\/th><th>wp_the_query<\/th><\/tr><\/thead><tr><td>is_main_query<\/td><td>1<\/td><td>1<\/td><\/tr><tr><td>is_rest_api<\/td><td>0<\/td><td>1<\/td><\/tr><tr><td>page<\/td><td>0<\/td><td>1<\/td><\/tr><tr><td>numpages<\/td><td>0<\/td><td>1<\/td><\/tr><tr><td>is_archive<\/td><td>1<\/td><td><\/td><\/tr><tr><td>is_search<\/td><td>1<\/td><td><\/td><\/tr><tr><td>is_home<\/td><td>1<\/td><td><\/td><\/tr><tr><td>is_404<\/td><td>1<\/td><td><\/td><\/tr><tr><td>is_attachment<\/td><td>1<\/td><td><\/td><\/tr><tr><td>is_singular<\/td><td>1<\/td><td><\/td><\/tr><tr><td>is_front_page<\/td><td>1<\/td><td><\/td><\/tr><tr><td>is_feed<\/td><td>1<\/td><td><\/td><\/tr><\/table><\/div><br><br><span style=\"color: red;\">Seu site usa HTTPS, mas o c\u00f3digo do an\u00fancio cont\u00e9m HTTP e pode n\u00e3o funcionar.<\/span>\t<br><br>\n\t<a style=\"color: green;\" href=\"https:\/\/wpadvancedads.com\/manual\/ad-debug-mode\/?utm_source=advanced-ads&utm_medium=link&utm_campaign=ad-debug-mode\" target=\"_blank\" rel=\"nofollow\">Encontre solu\u00e7\u00f5es no manual<\/a>\n<\/div>\n<\/li><\/ul><\/div><script>( window.advanced_ads_ready || jQuery( document ).ready ).call( null, function() {var $lavraslider3277389951 = jQuery( \".lavra-slider-3277389951\" );$lavraslider3277389951.on( \"unslider.ready\", function() { jQuery( \"div.custom-slider ul li\" ).css( \"display\", \"block\" ); });$lavraslider3277389951.unslider({ delay:4000, autoplay:true, nav:false, arrows:false, infinite:true });$lavraslider3277389951.on(\"mouseover\", function() {$lavraslider3277389951.unslider(\"stop\");}).on(\"mouseout\", function() {$lavraslider3277389951.unslider(\"start\");});});<\/script><\/div>\n<h2 class=\"wp-block-heading\">Hulk foi \u00e0s redes sociais nesta ter\u00e7a-feira (6) para falar sobre as negocia\u00e7\u00f5es com o Atl\u00e9tico<\/h2>\n\n\n\n<p><img fetchpriority=\"high\" decoding=\"async\" alt=\"Hulk em treino pelo Atl\u00e9tico\" width=\"1000\" height=\"563\" src=\"https:\/\/medias.itatiaia.com.br\/dims4\/default\/d3d47d7\/2147483647\/strip\/true\/crop\/1176x662+0+0\/resize\/1000x563!\/quality\/90\/?url=https%3A%2F%2Fk2-prod-radio-itatiaia.s3.us-east-1.amazonaws.com%2Fbrightspot%2Ff6%2F9e%2Fa0895d3e4bac98214c3e9066f290%2F55028027325-12f4ae6f7c-k.jpg\"><\/p>\n\n\n\n<p>PEDRO SOUZA\/Atl\u00e9tico<\/p>\n\n\n\n<p>Hulk se pronunciou por meio do story do Instagram sobre sua situa\u00e7\u00e3o no Atl\u00e9tico, na noite desta ter\u00e7a-feira (6). O atacante de 39 anos manifestou publicamente que se sentiu desvalorizado esportivamente, mas garantiu que n\u00e3o for\u00e7ou sua sa\u00edda do clube.<\/p>\n\n\n\n<p>Veja o que disse Hulk no post:<\/p>\n\n\n\n<p>\u201c<em>1 &#8211; Pedi rescis\u00e3o de contrato? N\u00c3O!!!<\/em><\/p>\n\n\n\n<p><em>2 &#8211; Forcei minha sa\u00edda do Atl\u00e9tico? N\u00c3O!!!<\/em><\/p>\n\n\n\n<p><em>3 &#8211; Me senti desvalorizado esportivamente? SIM!!!<\/em><\/p>\n\n\n\n<p><em>4 &#8211; Houve proposta comercial do clube? Sim. Mas diferente do que est\u00e1 saindo na m\u00eddia.<\/em><\/p>\n\n\n\n<p><em>5 &#8211; Houve um projeto esportivo claro, garantido e definido pelo Galo? N\u00c3O!!!<\/em><\/p>\n\n\n\n<p><em>6 &#8211; O Atl\u00e9tico deu aval para clubes apresentarem propostas para mim? SIM!!!<\/em><\/p>\n\n\n\n<p><em>7 &#8211; Houve uma manifesta\u00e7\u00e3o do desejo do clube para que eu me aposentasse esse ano? SIM!!!<\/em><\/p>\n\n\n\n<p><em>8 &#8211; Outro clube apresentou proposta esportiva clara por dois anos diretos? SIM!!!<\/em><\/p>\n\n\n\n<p><em>9 &#8211; Essa proposta me valorizava esportivamente? SIM!!!<\/em><\/p>\n\n\n\n<p><em>10 &#8211; Sou mercen\u00e1rio? Jamais!!!<\/em><\/p>\n\n\n\n<p><em>11 &#8211; As propostas recebidas eram financeiramente as do Atl\u00e9tico? N\u00e3o. Eram inclusive um pouco menores.<\/em><\/p>\n\n\n\n<p><em>12 &#8211; Ent\u00e3o isso \u00e9 sobre dinheiro? N\u00e3o. \u00c9 sobre reconhecimento esportivo.<\/em><\/p>\n\n\n\n<p><em>13 &#8211; Vou cumprir meu contrato com o Atl\u00e9tico? SIM!<\/em><\/p>\n\n\n\n<p><em>14 &#8211; Vou continuar honrando essa camisa enquanto estiver aqui? Sim, como sempre fiz.<\/em><\/p>\n\n\n\n<p><em>15 &#8211; Meu amor pelo Galo mudo? N\u00e3o. Nunca, jamais mudou. Nem mudar\u00e1!!<\/em><\/p>\n\n\n\n<p><em>16 &#8211; Pedi titularidade? JAMAIS!!! Eu respeito o treinador e dou o meu melhor para ter meu espa\u00e7o!<\/em><\/p>\n\n\n\n<p><em>Vou honrar essa camisa e dar meu m\u00e1ximo pelo clube e pela torcida, como sempre fiz!!!\u201d.<\/em><\/p>\n\n\n\n<p>\u00a0<a href=\"https:\/\/www.itatiaia.com.br\/esportes\/futebol\/futebol-nacional\/futebol-mineiro\/atletico\/hulk-pede-rescisao-amigavel-mas-atletico-quer-compensacao-financeira-para-saida\">O atacante\u00a0<strong>Hulk pediu ao Atl\u00e9tico rescis\u00e3o amig\u00e1vel do contrato com validade at\u00e9 o fim de 2026<\/strong><\/a>. As conversas sobre o futuro do jogador de 39 anos est\u00e3o sendo conduzidas entre clube e a advogada Marisa Ajila, que representa o \u00eddolo alvinegro.<\/p>\n\n\n\n<h2 class=\"wp-block-heading\">Na mira do Fluminense<\/h2>\n\n\n\n<p>Hulk desperta o interesse do\u00a0<a href=\"https:\/\/www.itatiaia.com.br\/esportes\/futebol\/futebol-nacional\/futebol-carioca\/fluminense\" target=\"_blank\" rel=\"noreferrer noopener\"><strong>Fluminense<\/strong><\/a>. O Tricolor das Laranjeiras elaborou um contrato de dois anos de dura\u00e7\u00e3o, prorrog\u00e1vel por mais um e com aumento gradual de sal\u00e1rio.<\/p>\n\n\n\n<h2 class=\"wp-block-heading\">Hulk pelo Atl\u00e9tico<\/h2>\n\n\n\n<p>Ap\u00f3s defender o Shanghai SIPG-CHN, Hulk foi contratado pelo Atl\u00e9tico em 29 de janeiro de 2021 para se tornar um dos maiores \u00eddolos do clube. S\u00e3o 289 jogos com a camisa do Galo, 135 gols com a camisa alvinegra e oito t\u00edtulos conquistados como atleticano.<\/p>\n\n\n\n<p>Foram eles: Campeonato Brasileiro (2021), Copa do Brasil (2021), Supercopa do Brasil (2022) e Campeonato Mineiro (2021, 2022, 2023, 2024 e 2025).<\/p>\n\n\n\n<p>Em 2025, contudo, Hulk viveu altos e baixos. Apesar de ter marcado 21 gols e dado oito assist\u00eancias na temporada em 61 jogos oficiais, o atacante chegou a ser reserva com o t\u00e9cnico argentino Jorge Sampaoli.<\/p>\n\n\n\n<p>Sampaoli chegou ao Galo em setembro de 2025 e foi mantido para 2026, com contrato at\u00e9 o fim de 2027. O Galo estrear\u00e1 na temporada no domingo (11), \u00e0s 18h (de Bras\u00edlia).<\/p>\n\n\n\n<p>Na ocasi\u00e3o, o Atl\u00e9tico receber\u00e1 o Betim na Arena MRV, em BH, pela primeira rodada do Mineiro. A tend\u00eancia \u00e9 de Sampaoli usar um time alternativo nestes primeiros jogos do Estadual.<\/p>\n","protected":false},"excerpt":{"rendered":"<p>Hulk foi \u00e0s redes sociais nesta ter\u00e7a-feira (6) para falar sobre as negocia\u00e7\u00f5es com o Atl\u00e9tico PEDRO SOUZA\/Atl\u00e9tico Hulk se pronunciou por meio do story do Instagram sobre sua situa\u00e7\u00e3o no Atl\u00e9tico, na noite desta ter\u00e7a-feira (6). O atacante de 39 anos manifestou publicamente que se sentiu desvalorizado esportivamente, mas garantiu que n\u00e3o for\u00e7ou sua [&hellip;]<\/p>\n","protected":false},"author":5,"featured_media":168792,"comment_status":"closed","ping_status":"open","sticky":false,"template":"","format":"standard","meta":{"advgb_blocks_editor_width":"","advgb_blocks_columns_visual_guide":"","_exactmetrics_skip_tracking":false,"_exactmetrics_sitenote_active":false,"_exactmetrics_sitenote_note":"","_exactmetrics_sitenote_category":0,"footnotes":""},"categories":[7,3,2],"tags":[],"class_list":["post-168791","post","type-post","status-publish","format-standard","has-post-thumbnail","hentry","category-destaques","category-esportes","category-noticias"],"better_featured_image":{"id":168792,"alt_text":"","caption":"","description":"","media_type":"image","media_details":{"width":1000,"height":563,"file":"2026\/01\/download-1.webp","filesize":35710,"sizes":{"medium":{"file":"download-1-470x265.webp","width":470,"height":265,"mime-type":"image\/webp","filesize":8818,"source_url":"https:\/\/lavras.tv\/site\/wp-content\/uploads\/2026\/01\/download-1-470x265.webp"},"large":{"file":"download-1-970x546.webp","width":970,"height":546,"mime-type":"image\/webp","filesize":21034,"source_url":"https:\/\/lavras.tv\/site\/wp-content\/uploads\/2026\/01\/download-1-970x546.webp"},"thumbnail":{"file":"download-1-170x96.webp","width":170,"height":96,"mime-type":"image\/webp","filesize":2318,"source_url":"https:\/\/lavras.tv\/site\/wp-content\/uploads\/2026\/01\/download-1-170x96.webp"},"alm-thumbnail":{"file":"download-1-150x150.webp","width":150,"height":150,"mime-type":"image\/webp","filesize":3868,"source_url":"https:\/\/lavras.tv\/site\/wp-content\/uploads\/2026\/01\/download-1-150x150.webp"},"sow-carousel-default":{"file":"download-1-272x182.webp","width":272,"height":182,"mime-type":"image\/webp","filesize":5422,"source_url":"https:\/\/lavras.tv\/site\/wp-content\/uploads\/2026\/01\/download-1-272x182.webp"}},"image_meta":{"aperture":"0","credit":"","camera":"","caption":"","created_timestamp":"0","copyright":"","focal_length":"0","iso":"0","shutter_speed":"0","title":"","orientation":"0","keywords":[]}},"post":168791,"source_url":"https:\/\/lavras.tv\/site\/wp-content\/uploads\/2026\/01\/download-1.webp"},"author_meta":{"display_name":"Vinicius Bustamante","author_link":"https:\/\/lavras.tv\/site\/author\/vinicius-bustamante\/"},"featured_img":"https:\/\/lavras.tv\/site\/wp-content\/uploads\/2026\/01\/download-1-470x265.webp","coauthors":[],"tax_additional":{"categories":{"linked":["<a href=\"https:\/\/lavras.tv\/site\/category\/destaques\/\" class=\"advgb-post-tax-term\">Destaques<\/a>","<a href=\"https:\/\/lavras.tv\/site\/category\/esportes\/\" class=\"advgb-post-tax-term\">Esportes<\/a>","<a href=\"https:\/\/lavras.tv\/site\/category\/noticias\/\" class=\"advgb-post-tax-term\">Not\u00edcias<\/a>"],"unlinked":["<span class=\"advgb-post-tax-term\">Destaques<\/span>","<span class=\"advgb-post-tax-term\">Esportes<\/span>","<span class=\"advgb-post-tax-term\">Not\u00edcias<\/span>"]}},"comment_count":"0","relative_dates":{"created":"Publicado 4 meses atr\u00e1s","modified":"Atualizado 4 meses atr\u00e1s"},"absolute_dates":{"created":"Publicado em 7 de janeiro de 2026","modified":"Atualizado em 7 de janeiro de 2026"},"absolute_dates_time":{"created":"Publicado em 7 de janeiro de 2026 14:12","modified":"Atualizado em 7 de janeiro de 2026 14:12"},"featured_img_caption":"","series_order":"","_links":{"self":[{"href":"https:\/\/lavras.tv\/site\/wp-json\/wp\/v2\/posts\/168791","targetHints":{"allow":["GET"]}}],"collection":[{"href":"https:\/\/lavras.tv\/site\/wp-json\/wp\/v2\/posts"}],"about":[{"href":"https:\/\/lavras.tv\/site\/wp-json\/wp\/v2\/types\/post"}],"author":[{"embeddable":true,"href":"https:\/\/lavras.tv\/site\/wp-json\/wp\/v2\/users\/5"}],"replies":[{"embeddable":true,"href":"https:\/\/lavras.tv\/site\/wp-json\/wp\/v2\/comments?post=168791"}],"version-history":[{"count":1,"href":"https:\/\/lavras.tv\/site\/wp-json\/wp\/v2\/posts\/168791\/revisions"}],"predecessor-version":[{"id":168793,"href":"https:\/\/lavras.tv\/site\/wp-json\/wp\/v2\/posts\/168791\/revisions\/168793"}],"wp:featuredmedia":[{"embeddable":true,"href":"https:\/\/lavras.tv\/site\/wp-json\/wp\/v2\/media\/168792"}],"wp:attachment":[{"href":"https:\/\/lavras.tv\/site\/wp-json\/wp\/v2\/media?parent=168791"}],"wp:term":[{"taxonomy":"category","embeddable":true,"href":"https:\/\/lavras.tv\/site\/wp-json\/wp\/v2\/categories?post=168791"},{"taxonomy":"post_tag","embeddable":true,"href":"https:\/\/lavras.tv\/site\/wp-json\/wp\/v2\/tags?post=168791"}],"curies":[{"name":"wp","href":"https:\/\/api.w.org\/{rel}","templated":true}]}}