{"id":168794,"date":"2026-01-07T14:19:00","date_gmt":"2026-01-07T17:19:00","guid":{"rendered":"https:\/\/lavras.tv\/site\/?p=168794"},"modified":"2026-01-07T14:19:02","modified_gmt":"2026-01-07T17:19:02","slug":"minas-esta-entre-os-melhores-lugares-do-mundo-para-visitar-em-2026-segundo-revista","status":"publish","type":"post","link":"https:\/\/lavras.tv\/site\/2026\/01\/07\/minas-esta-entre-os-melhores-lugares-do-mundo-para-visitar-em-2026-segundo-revista\/","title":{"rendered":"Minas est\u00e1 entre os melhores lugares do mundo para visitar em 2026, segundo revista"},"content":{"rendered":"<div class=\"lavra-antes-do-conteudo_2\" id=\"lavra-496672347\"><div id=\"lavra-slider-27\" class=\"custom-slider lavra-slider-2438302033 lavra-slider\"><ul><li><div style=\"margin-left: auto;margin-right: auto;text-align: center;\" id=\"lavra-2720896660\"><a href=\"https:\/\/sistemas.lavras.mg.gov.br\/portalcidadao\/#df1b1a7c7b2a290bcb31e32771e610784662739a88807c0dacac58ede5f391a7530e299dc302d611ee73cb143fc22eaf93592e53e7b5bdb01b00a0b8d28dae460c141dd2ff83412e4dc1c31b16b25f33144a9e5620ea73b13f5bc1c59411d98439ad226e8af03840603796067d87afe130812cf3de24982d0e306f9e61e764e5\" aria-label=\"Lavras-TV&#8211;720x104px (1) (1)\"><img src=\"https:\/\/lavras.tv\/site\/wp-content\/uploads\/2025\/01\/Lavras-TV-720x104px-1-1.png\" alt=\"\"  srcset=\"https:\/\/lavras.tv\/site\/wp-content\/uploads\/2025\/01\/Lavras-TV-720x104px-1-1.png 720w, https:\/\/lavras.tv\/site\/wp-content\/uploads\/2025\/01\/Lavras-TV-720x104px-1-1-470x68.png 470w, https:\/\/lavras.tv\/site\/wp-content\/uploads\/2025\/01\/Lavras-TV-720x104px-1-1-170x25.png 170w, https:\/\/lavras.tv\/site\/wp-content\/uploads\/2025\/01\/Lavras-TV-720x104px-1-1-200x29.png 200w\" sizes=\"(max-width: 720px) 100vw, 720px\" width=\"720\" height=\"104\"  style=\"display: inline-block;\" \/><\/a><\/div><\/li><li><a href=\"https:\/\/sistemas.lavras.mg.gov.br\/portalcidadao\/#df1b1a7c7b2a290bcb31e32771e610784662739a88807c0dacac58ede5f391a7530e299dc302d611ee73cb143fc22eaf93592e53e7b5bdb01b00a0b8d28dae460c141dd2ff83412e4dc1c31b16b25f33144a9e5620ea73b13f5bc1c59411d98439ad226e8af03840603796067d87afe130812cf3de24982d0e306f9e61e764e5\" aria-label=\"Banner_Emprego_PortallavrasTV\"><img src=\"https:\/\/lavras.tv\/site\/wp-content\/uploads\/2025\/03\/Banner_Emprego_PortallavrasTV.png\" alt=\"\"  srcset=\"https:\/\/lavras.tv\/site\/wp-content\/uploads\/2025\/03\/Banner_Emprego_PortallavrasTV.png 720w, https:\/\/lavras.tv\/site\/wp-content\/uploads\/2025\/03\/Banner_Emprego_PortallavrasTV-470x68.png 470w, https:\/\/lavras.tv\/site\/wp-content\/uploads\/2025\/03\/Banner_Emprego_PortallavrasTV-170x25.png 170w, https:\/\/lavras.tv\/site\/wp-content\/uploads\/2025\/03\/Banner_Emprego_PortallavrasTV-200x29.png 200w\" sizes=\"(max-width: 720px) 100vw, 720px\" width=\"720\" height=\"104\"   \/><\/a><\/li><li><a href=\"https:\/\/sistemas.lavras.mg.gov.br\/portalcidadao\/#df1b1a7c7b2a290bcb31e32771e610784662739a88807c0dacac58ede5f391a7530e299dc302d611ee73cb143fc22eaf93592e53e7b5bdb01b00a0b8d28dae460c141dd2ff83412e4dc1c31b16b25f33144a9e5620ea73b13f5bc1c59411d98439ad226e8af03840603796067d87afe130812cf3de24982d0e306f9e61e764e5\" aria-label=\"Banner_Obras_PortallavrasTV\"><img src=\"https:\/\/lavras.tv\/site\/wp-content\/uploads\/2025\/03\/Banner_Obras_PortallavrasTV.png\" alt=\"\"  srcset=\"https:\/\/lavras.tv\/site\/wp-content\/uploads\/2025\/03\/Banner_Obras_PortallavrasTV.png 720w, https:\/\/lavras.tv\/site\/wp-content\/uploads\/2025\/03\/Banner_Obras_PortallavrasTV-470x68.png 470w, https:\/\/lavras.tv\/site\/wp-content\/uploads\/2025\/03\/Banner_Obras_PortallavrasTV-170x25.png 170w, https:\/\/lavras.tv\/site\/wp-content\/uploads\/2025\/03\/Banner_Obras_PortallavrasTV-200x29.png 200w\" sizes=\"(max-width: 720px) 100vw, 720px\" width=\"720\" height=\"104\"   \/><\/a><\/li><li><div style=\"margin-left: auto;margin-right: auto;text-align: center;\" id=\"lavra-3744884967\"><a href=\"https:\/\/sistemas.lavras.mg.gov.br\/portalcidadao\/#df1b1a7c7b2a290bcb31e32771e610784662739a88807c0dacac58ede5f391a7530e299dc302d611ee73cb143fc22eaf93592e53e7b5bdb01b00a0b8d28dae460c141dd2ff83412e4dc1c31b16b25f33144a9e5620ea73b13f5bc1c59411d98439ad226e8af03840603796067d87afe130812cf3de24982d0e306f9e61e764e5\" aria-label=\"Banner_Educa\u00e7\u00e3o_PortallavrasTV\"><img src=\"https:\/\/lavras.tv\/site\/wp-content\/uploads\/2025\/01\/Banner_Educacao_PortallavrasTV.png\" alt=\"\"  srcset=\"https:\/\/lavras.tv\/site\/wp-content\/uploads\/2025\/01\/Banner_Educacao_PortallavrasTV.png 720w, https:\/\/lavras.tv\/site\/wp-content\/uploads\/2025\/01\/Banner_Educacao_PortallavrasTV-470x68.png 470w, https:\/\/lavras.tv\/site\/wp-content\/uploads\/2025\/01\/Banner_Educacao_PortallavrasTV-170x25.png 170w, https:\/\/lavras.tv\/site\/wp-content\/uploads\/2025\/01\/Banner_Educacao_PortallavrasTV-200x29.png 200w\" sizes=\"(max-width: 720px) 100vw, 720px\" width=\"720\" height=\"104\"  style=\"display: inline-block;\" \/><\/a><\/div><\/li><li><a href=\"https:\/\/sistemas.lavras.mg.gov.br\/portalcidadao\/#df1b1a7c7b2a290bcb31e32771e610784662739a88807c0dacac58ede5f391a7530e299dc302d611ee73cb143fc22eaf93592e53e7b5bdb01b00a0b8d28dae460c141dd2ff83412e4dc1c31b16b25f33144a9e5620ea73b13f5bc1c59411d98439ad226e8af03840603796067d87afe130812cf3de24982d0e306f9e61e764e5\" aria-label=\"Banner_Sa\u00fade_PortallavrasTV\"><img src=\"https:\/\/lavras.tv\/site\/wp-content\/uploads\/2025\/03\/Banner_Saude_PortallavrasTV.png\" alt=\"\"  srcset=\"https:\/\/lavras.tv\/site\/wp-content\/uploads\/2025\/03\/Banner_Saude_PortallavrasTV.png 720w, https:\/\/lavras.tv\/site\/wp-content\/uploads\/2025\/03\/Banner_Saude_PortallavrasTV-470x68.png 470w, https:\/\/lavras.tv\/site\/wp-content\/uploads\/2025\/03\/Banner_Saude_PortallavrasTV-170x25.png 170w, https:\/\/lavras.tv\/site\/wp-content\/uploads\/2025\/03\/Banner_Saude_PortallavrasTV-200x29.png 200w\" sizes=\"(max-width: 720px) 100vw, 720px\" width=\"720\" height=\"104\"   \/><\/a><\/li><li><div id=\"lavra-3228135049\" style=\"width:720px;height:104px;background-color:#ddd;overflow:scroll;\">\n\t<strong>Sa\u00edda da depura\u00e7\u00e3o de an\u00fancios<\/strong>\n\t<br><br>\n\tO an\u00fancio n\u00e3o \u00e9 exibido na p\u00e1gina<br><br>post atual: Minas est\u00e1 entre os melhores lugares do mundo para visitar em 2026, segundo revista, ID: 168794<br><br><span style=\"color: red;\">O post atual n\u00e3o \u00e9 id\u00eantico ao post principal.<\/span><br><br>An\u00fancios: ROXO - TOPO INTERNA - ROTATIVO 2 (197)<br \/>Grupo de an\u00fancios: Princ_Meio01_720x104 (27)<br><br>Condi\u00e7\u00f5es de exibi\u00e7\u00e3o<div style=\"margin-bottom: 20px; white-space: pre-wrap; font-family: monospace; width: 100%; background: #ffe9e9;\"><strong>condi\u00e7\u00f5es gerais<\/strong><table border=\"1\"><thead><tr><th><\/th><th>An\u00fancios<\/th><th>wp_the_query<\/th><\/tr><\/thead><tr><td>is_main_query<\/td><td>1<\/td><td>1<\/td><\/tr><tr><td>is_rest_api<\/td><td>0<\/td><td>1<\/td><\/tr><tr><td>page<\/td><td>0<\/td><td>1<\/td><\/tr><tr><td>numpages<\/td><td>0<\/td><td>1<\/td><\/tr><tr><td>is_archive<\/td><td>1<\/td><td><\/td><\/tr><tr><td>is_search<\/td><td>1<\/td><td><\/td><\/tr><tr><td>is_home<\/td><td>1<\/td><td><\/td><\/tr><tr><td>is_404<\/td><td>1<\/td><td><\/td><\/tr><tr><td>is_attachment<\/td><td>1<\/td><td><\/td><\/tr><tr><td>is_singular<\/td><td>1<\/td><td><\/td><\/tr><tr><td>is_front_page<\/td><td>1<\/td><td><\/td><\/tr><tr><td>is_feed<\/td><td>1<\/td><td><\/td><\/tr><\/table><\/div><br><br><span style=\"color: red;\">Seu site usa HTTPS, mas o c\u00f3digo do an\u00fancio cont\u00e9m HTTP e pode n\u00e3o funcionar.<\/span>\t<br><br>\n\t<a style=\"color: green;\" href=\"https:\/\/wpadvancedads.com\/manual\/ad-debug-mode\/?utm_source=advanced-ads&utm_medium=link&utm_campaign=ad-debug-mode\" target=\"_blank\" rel=\"nofollow\">Encontre solu\u00e7\u00f5es no manual<\/a>\n<\/div>\n<\/li><\/ul><\/div><script>( window.advanced_ads_ready || jQuery( document ).ready ).call( null, function() {var $lavraslider2438302033 = jQuery( \".lavra-slider-2438302033\" );$lavraslider2438302033.on( \"unslider.ready\", function() { jQuery( \"div.custom-slider ul li\" ).css( \"display\", \"block\" ); });$lavraslider2438302033.unslider({ delay:4000, autoplay:true, nav:false, arrows:false, infinite:true });$lavraslider2438302033.on(\"mouseover\", function() {$lavraslider2438302033.unslider(\"stop\");}).on(\"mouseout\", function() {$lavraslider2438302033.unslider(\"start\");});});<\/script><\/div>\n<h3 class=\"wp-block-heading\">Estado \u00e9 o \u00fanico destino do pa\u00eds na lista da revista internacional \u2018Cond\u00e9 Nast Traveler&#8217;; texto elogia arte, arquitetura, tradi\u00e7\u00e3o e considera MG um \u2018tesouro brasileiro ainda subestimado\u2019<\/h3>\n\n\n\n<p><img fetchpriority=\"high\" decoding=\"async\" alt=\"Tiradentes, cidade hist\u00f3rica em Minas Gerais\" width=\"1000\" height=\"563\" src=\"https:\/\/medias.itatiaia.com.br\/dims4\/default\/409decb\/2147483647\/strip\/true\/crop\/1600x901+0+0\/resize\/1000x563!\/quality\/90\/?url=https%3A%2F%2Fk2-prod-radio-itatiaia.s3.us-east-1.amazonaws.com%2Fbrightspot%2F52%2F51%2Fbf3ed5c14c36805ea5dcf889c919%2Fcopia-de-tiradentes-renata-bottoni-23.jpeg\"><\/p>\n\n\n\n<p>Renata Botton\/ Reprodu\u00e7\u00e3o Ag\u00eancia Minas<\/p>\n\n\n\n<p>Tiradentes, cidade hist\u00f3rica em Minas Gerais<\/p>\n\n\n\n<p>Depois de se destacar na&nbsp;<a href=\"https:\/\/www.itatiaia.com.br\/turismo\/minas-esta-entre-os-melhores-lugares-do-mundo-para-comer-em-2026-segundo-revista\">&#8220;&gt;<strong>lista dos \u201c<em>melhores lugares para comer em 2026&#8243;<\/em><\/strong><\/a>, a revista internacional Cond\u00e9 Nast Traveler, uma das mais respeitadas do mundo nos segmentos de turismo e gastronomia, voltou a exaltar Minas Gerais, que tamb\u00e9m aparece como um dos melhores destinos do mundo para visitar em 2026, ao lado de locais na Europa, \u00c1sia e Am\u00e9rica Central.<\/p>\n\n\n\n<p>Minas \u00e9 o \u00fanico destino brasileiro da lista. E est\u00e1 enganado quem pensa que o estado chamou aten\u00e7\u00e3o somente pela tradi\u00e7\u00e3o culin\u00e1ria. Desta vez, a revista descreve Minas Gerais como \u201co sonho de qualquer amante do design\u201d e diz que Belo Horizonte \u00e9 uma \u201ccapital em ascens\u00e3o\u201d.<\/p>\n\n\n\n<h2 class=\"wp-block-heading\"><strong>Arte, arquitetura e tradi\u00e7\u00e3o<\/strong><\/h2>\n\n\n\n<p>A Cond\u00e9 Nast Traveler recomenda Minas para quem busca arte moderna. De acordo com a publica\u00e7\u00e3o, embora o estado esteja localizado na regi\u00e3o central do pa\u00eds, ele ainda passa despercebido por parte do p\u00fablico internacional, mesmo abrigando algumas das melhores arquiteturas contempor\u00e2neas do mundo.<\/p>\n\n\n\n<p>A revista ressalta que, al\u00e9m da capital moderna, Minas ganhou novos hot\u00e9is e restaurantes que \u201crivalizam com os do Rio de Janeiro\u201d.<\/p>\n\n\n\n<h2 class=\"wp-block-heading\"><strong>Tesouro brasileiro ainda subestimado<\/strong><\/h2>\n\n\n\n<p><a><\/a><img decoding=\"async\" alt=\"Comida mineira aparece em lista internacional\" width=\"1000\" height=\"563\" src=\"https:\/\/medias.itatiaia.com.br\/dims4\/default\/fe745fb\/2147483647\/strip\/true\/crop\/1888x1063+1+0\/resize\/1000x563!\/quality\/90\/?url=https%3A%2F%2Fk2-prod-radio-itatiaia.s3.us-east-1.amazonaws.com%2Fbrightspot%2F7b%2F82%2F10a82b7a44599b027eef9972f700%2Fitatiaia-image-2026-01-05t185208-659.jpg\"><\/p>\n\n\n\n<p><sub>Ricardo Cozo \/ Acervo Secult<\/sub><\/p>\n\n\n\n<p>Comida mineira aparece em lista internacional<\/p>\n\n\n\n<p>Ao contextualizar o Brasil como um pa\u00eds de dimens\u00f5es continentais, a Cond\u00e9 Nast Traveler lembra a diversidade de paisagens nacionais, que vai das praias do Nordeste aos vinhedos do Sul e ao Pantanal. Nesse cen\u00e1rio, Minas Gerais \u00e9 descrita como um dos tesouros mais subestimados do pa\u00eds, especialmente para visitantes estrangeiros.<\/p>\n\n\n\n<p>A publica\u00e7\u00e3o destaca as profundas tradi\u00e7\u00f5es culin\u00e1rias, os ecos da arquitetura colonial e a hospitalidade calorosa como marcas do estado, que figura entre as maiores do Brasil em extens\u00e3o territorial.<\/p>\n\n\n\n<h2 class=\"wp-block-heading\"><strong>Belo Horizonte, capital em ascens\u00e3o<\/strong><\/h2>\n\n\n\n<p>A Cond\u00e9 Nast Traveler afirma que Belo Horizonte vem se transformando de forma discreta em um destino imperd\u00edvel, impulsionada pela cultura dos botecos. Segundo a revista, bares simples e, muitas vezes, pouco conhecidos s\u00e3o respons\u00e1veis por servir comida de qualidade e cerveja sempre gelada, criando uma identidade gastron\u00f4mica pr\u00f3pria.<\/p>\n\n\n\n<p>De acordo com a revista, inspirando-se em movimentos como a bistronomia parisiense, jovens chefs t\u00eam reinventado cl\u00e1ssicos regionais em espa\u00e7os modernos. Entre os exemplos citados est\u00e3o o Bar Pirex, de Caio Soter, e A Porca Voadora, de Bruna Resende. Paralelamente, a cena art\u00edstica da capital segue em expans\u00e3o.<\/p>\n\n\n\n<p>Como exemplo, Cond\u00e9 cita a Galeria Ficus, projeto da equipe de arquitetura respons\u00e1vel pelo Mercado Novo, apontado pela revista como um polo cultural e gastron\u00f4mico que ajudou a remodelar o tecido urbano da cidade na \u00faltima d\u00e9cada.<a><\/a><img decoding=\"async\" alt=\"Mercado Novo, em Belo Horizonte\" width=\"1000\" height=\"563\" src=\"https:\/\/medias.itatiaia.com.br\/dims4\/default\/73a32e4\/2147483647\/strip\/true\/crop\/1600x901+0+160\/resize\/1000x563!\/quality\/90\/?url=https%3A%2F%2Fk2-prod-radio-itatiaia.s3.us-east-1.amazonaws.com%2Fbrightspot%2F17%2F84%2Fba4f92944c72ba83928b6e3d4485%2Fwhatsapp-image-2025-12-12-at-17-27-58-1.jpeg\"><\/p>\n\n\n\n<p>Bernardo Silva<\/p>\n\n\n\n<p>Mercado Novo, em Belo Horizonte<\/p>\n\n\n\n<h2 class=\"wp-block-heading\"><strong>Savassi e a for\u00e7a da arte contempor\u00e2nea<\/strong><\/h2>\n\n\n\n<p>No bairro da Savassi, a rec\u00e9m-reinaugurada Albuquerque Contempor\u00e2nea \u00e9 apontada pela revista como um polo em r\u00e1pida consolida\u00e7\u00e3o da arte contempor\u00e2nea brasileira. \u201cO espa\u00e7o tem apostado em artistas locais em ascens\u00e3o, como Mateus Moreira, que inaugura exposi\u00e7\u00e3o em mar\u00e7o de 2026, e tamb\u00e9m representa nomes de proje\u00e7\u00e3o internacional, como Ana Maria Tavares\u201d.<\/p>\n\n\n\n<p>Para a Cond\u00e9 Nast Traveler, esse movimento contribui para colocar Belo Horizonte em di\u00e1logo com centros culturais como S\u00e3o Paulo e Rio de Janeiro. A publica\u00e7\u00e3o tamb\u00e9m destaca a chegada do primeiro hotel Tribe, da rede Accor, no Brasil, inaugurado na capital mineira em setembro de 2025.<\/p>\n\n\n\n<h2 class=\"wp-block-heading\"><strong>Inhotim celebra 20 anos em 2026<\/strong><\/h2>\n\n\n\n<p><a><\/a><img loading=\"lazy\" decoding=\"async\" alt=\"Confira os destinos mais procurados por turistas em Minas Gerais\" width=\"1000\" height=\"563\" src=\"https:\/\/medias.itatiaia.com.br\/dims4\/default\/f452441\/2147483647\/strip\/true\/crop\/1000x563+0+52\/resize\/1000x563!\/quality\/90\/?url=https%3A%2F%2Fk2-prod-radio-itatiaia.s3.us-east-1.amazonaws.com%2Fbrightspot%2F16%2Fdb%2Fcde64747458297b21d2512307500%2Fimg-1566.jpeg\"><\/p>\n\n\n\n<p>Pedro Vilela\/ Mtur<\/p>\n\n\n\n<p>Confira os destinos mais procurados por turistas em Minas Gerais<\/p>\n\n\n\n<p>A cerca de uma hora e meia de carro de Belo Horizonte, o&nbsp;<a href=\"https:\/\/www.itatiaia.com.br\/cultura-e-lazer\/em-familia-artista-da-guatemala-apresenta-no-inhotim-mostra-sobre-arte-e-ancestralidade\"><strong>Inhotim<\/strong><\/a>, maior museu de arte a c\u00e9u aberto da Am\u00e9rica Latina, \u00e9 outro destaque da lista, que a revista considera imperd\u00edvel. O espa\u00e7o abriga cerca de 800 obras de mais de 50 artistas de 18 pa\u00edses e celebrar\u00e1 seu 20\u00ba anivers\u00e1rio em 2026, com novas exposi\u00e7\u00f5es previstas para abril e outubro.<\/p>\n\n\n\n<h2 class=\"wp-block-heading\"><strong>Dicas da revista para planejar a viagem<\/strong><\/h2>\n\n\n\n<p>Ao final do texto, a Cond\u00e9 Nast Traveler orienta que Belo Horizonte n\u00e3o conta com muitos voos internacionais diretos, mas possui boas conex\u00f5es com cidades como S\u00e3o Paulo e Rio de Janeiro, com v\u00e1rias partidas di\u00e1rias.<\/p>\n\n\n\n<p>Para visitar o Inhotim, a recomenda\u00e7\u00e3o \u00e9 alugar um carro, o que tamb\u00e9m permite explorar cidades menores e rotas gastron\u00f4micas pelo estado. A revista alerta para a import\u00e2ncia de um ve\u00edculo adequado, j\u00e1 que algumas estradas s\u00e3o de terra.<\/p>\n\n\n\n<p>Segundo a publica\u00e7\u00e3o, o per\u00edodo entre maio e setembro apresenta temperaturas mais amenas, embora Minas Gerais seja descrita como um destino atraente durante todo o ano.<\/p>\n\n\n\n<p><\/p>\n","protected":false},"excerpt":{"rendered":"<p>Estado \u00e9 o \u00fanico destino do pa\u00eds na lista da revista internacional \u2018Cond\u00e9 Nast Traveler&#8217;; texto elogia arte, arquitetura, tradi\u00e7\u00e3o e considera MG um \u2018tesouro brasileiro ainda subestimado\u2019 Renata Botton\/ Reprodu\u00e7\u00e3o Ag\u00eancia Minas Tiradentes, cidade hist\u00f3rica em Minas Gerais Depois de se destacar na&nbsp;&#8220;&gt;lista dos \u201cmelhores lugares para comer em 2026&#8243;, a revista internacional Cond\u00e9 [&hellip;]<\/p>\n","protected":false},"author":5,"featured_media":168795,"comment_status":"closed","ping_status":"open","sticky":false,"template":"","format":"standard","meta":{"advgb_blocks_editor_width":"","advgb_blocks_columns_visual_guide":"","_exactmetrics_skip_tracking":false,"_exactmetrics_sitenote_active":false,"_exactmetrics_sitenote_note":"","_exactmetrics_sitenote_category":0,"footnotes":""},"categories":[7,2,16],"tags":[],"class_list":["post-168794","post","type-post","status-publish","format-standard","has-post-thumbnail","hentry","category-destaques","category-noticias","category-turismo"],"better_featured_image":{"id":168795,"alt_text":"","caption":"","description":"","media_type":"image","media_details":{"width":1000,"height":563,"file":"2026\/01\/download-2.webp","filesize":165816,"sizes":{"medium":{"file":"download-2-470x265.webp","width":470,"height":265,"mime-type":"image\/webp","filesize":30022,"source_url":"https:\/\/lavras.tv\/site\/wp-content\/uploads\/2026\/01\/download-2-470x265.webp"},"large":{"file":"download-2-970x546.webp","width":970,"height":546,"mime-type":"image\/webp","filesize":93254,"source_url":"https:\/\/lavras.tv\/site\/wp-content\/uploads\/2026\/01\/download-2-970x546.webp"},"thumbnail":{"file":"download-2-170x96.webp","width":170,"height":96,"mime-type":"image\/webp","filesize":5256,"source_url":"https:\/\/lavras.tv\/site\/wp-content\/uploads\/2026\/01\/download-2-170x96.webp"},"alm-thumbnail":{"file":"download-2-150x150.webp","width":150,"height":150,"mime-type":"image\/webp","filesize":6948,"source_url":"https:\/\/lavras.tv\/site\/wp-content\/uploads\/2026\/01\/download-2-150x150.webp"},"sow-carousel-default":{"file":"download-2-272x182.webp","width":272,"height":182,"mime-type":"image\/webp","filesize":13676,"source_url":"https:\/\/lavras.tv\/site\/wp-content\/uploads\/2026\/01\/download-2-272x182.webp"}},"image_meta":{"aperture":"0","credit":"","camera":"","caption":"","created_timestamp":"0","copyright":"","focal_length":"0","iso":"0","shutter_speed":"0","title":"","orientation":"0","keywords":[]}},"post":168794,"source_url":"https:\/\/lavras.tv\/site\/wp-content\/uploads\/2026\/01\/download-2.webp"},"author_meta":{"display_name":"Vinicius Bustamante","author_link":"https:\/\/lavras.tv\/site\/author\/vinicius-bustamante\/"},"featured_img":"https:\/\/lavras.tv\/site\/wp-content\/uploads\/2026\/01\/download-2-470x265.webp","coauthors":[],"tax_additional":{"categories":{"linked":["<a href=\"https:\/\/lavras.tv\/site\/category\/destaques\/\" class=\"advgb-post-tax-term\">Destaques<\/a>","<a href=\"https:\/\/lavras.tv\/site\/category\/noticias\/\" class=\"advgb-post-tax-term\">Not\u00edcias<\/a>","<a href=\"https:\/\/lavras.tv\/site\/category\/turismo\/\" class=\"advgb-post-tax-term\">Turismo<\/a>"],"unlinked":["<span class=\"advgb-post-tax-term\">Destaques<\/span>","<span class=\"advgb-post-tax-term\">Not\u00edcias<\/span>","<span class=\"advgb-post-tax-term\">Turismo<\/span>"]}},"comment_count":"0","relative_dates":{"created":"Publicado 4 meses atr\u00e1s","modified":"Atualizado 4 meses atr\u00e1s"},"absolute_dates":{"created":"Publicado em 7 de janeiro de 2026","modified":"Atualizado em 7 de janeiro de 2026"},"absolute_dates_time":{"created":"Publicado em 7 de janeiro de 2026 14:19","modified":"Atualizado em 7 de janeiro de 2026 14:19"},"featured_img_caption":"","series_order":"","_links":{"self":[{"href":"https:\/\/lavras.tv\/site\/wp-json\/wp\/v2\/posts\/168794","targetHints":{"allow":["GET"]}}],"collection":[{"href":"https:\/\/lavras.tv\/site\/wp-json\/wp\/v2\/posts"}],"about":[{"href":"https:\/\/lavras.tv\/site\/wp-json\/wp\/v2\/types\/post"}],"author":[{"embeddable":true,"href":"https:\/\/lavras.tv\/site\/wp-json\/wp\/v2\/users\/5"}],"replies":[{"embeddable":true,"href":"https:\/\/lavras.tv\/site\/wp-json\/wp\/v2\/comments?post=168794"}],"version-history":[{"count":1,"href":"https:\/\/lavras.tv\/site\/wp-json\/wp\/v2\/posts\/168794\/revisions"}],"predecessor-version":[{"id":168796,"href":"https:\/\/lavras.tv\/site\/wp-json\/wp\/v2\/posts\/168794\/revisions\/168796"}],"wp:featuredmedia":[{"embeddable":true,"href":"https:\/\/lavras.tv\/site\/wp-json\/wp\/v2\/media\/168795"}],"wp:attachment":[{"href":"https:\/\/lavras.tv\/site\/wp-json\/wp\/v2\/media?parent=168794"}],"wp:term":[{"taxonomy":"category","embeddable":true,"href":"https:\/\/lavras.tv\/site\/wp-json\/wp\/v2\/categories?post=168794"},{"taxonomy":"post_tag","embeddable":true,"href":"https:\/\/lavras.tv\/site\/wp-json\/wp\/v2\/tags?post=168794"}],"curies":[{"name":"wp","href":"https:\/\/api.w.org\/{rel}","templated":true}]}}