{"id":168797,"date":"2026-01-07T14:24:33","date_gmt":"2026-01-07T17:24:33","guid":{"rendered":"https:\/\/lavras.tv\/site\/?p=168797"},"modified":"2026-01-07T14:25:17","modified_gmt":"2026-01-07T17:25:17","slug":"saque-aniversario-do-fgts-veja-calendario-de-pagamentos-para-2026","status":"publish","type":"post","link":"https:\/\/lavras.tv\/site\/2026\/01\/07\/saque-aniversario-do-fgts-veja-calendario-de-pagamentos-para-2026\/","title":{"rendered":"Saque-anivers\u00e1rio do FGTS: veja calend\u00e1rio de pagamentos para 2026"},"content":{"rendered":"<div class=\"lavra-antes-do-conteudo_2\" id=\"lavra-3822184317\"><div id=\"lavra-slider-27\" class=\"custom-slider lavra-slider-1354649769 lavra-slider\"><ul><li><div style=\"margin-left: auto;margin-right: auto;text-align: center;\" id=\"lavra-2892875293\"><a href=\"https:\/\/sistemas.lavras.mg.gov.br\/portalcidadao\/#df1b1a7c7b2a290bcb31e32771e610784662739a88807c0dacac58ede5f391a7530e299dc302d611ee73cb143fc22eaf93592e53e7b5bdb01b00a0b8d28dae460c141dd2ff83412e4dc1c31b16b25f33144a9e5620ea73b13f5bc1c59411d98439ad226e8af03840603796067d87afe130812cf3de24982d0e306f9e61e764e5\" aria-label=\"Lavras-TV&#8211;720x104px (1) (1)\"><img src=\"https:\/\/lavras.tv\/site\/wp-content\/uploads\/2025\/01\/Lavras-TV-720x104px-1-1.png\" alt=\"\"  srcset=\"https:\/\/lavras.tv\/site\/wp-content\/uploads\/2025\/01\/Lavras-TV-720x104px-1-1.png 720w, https:\/\/lavras.tv\/site\/wp-content\/uploads\/2025\/01\/Lavras-TV-720x104px-1-1-470x68.png 470w, https:\/\/lavras.tv\/site\/wp-content\/uploads\/2025\/01\/Lavras-TV-720x104px-1-1-170x25.png 170w, https:\/\/lavras.tv\/site\/wp-content\/uploads\/2025\/01\/Lavras-TV-720x104px-1-1-200x29.png 200w\" sizes=\"(max-width: 720px) 100vw, 720px\" width=\"720\" height=\"104\"  style=\"display: inline-block;\" \/><\/a><\/div><\/li><li><a href=\"https:\/\/sistemas.lavras.mg.gov.br\/portalcidadao\/#df1b1a7c7b2a290bcb31e32771e610784662739a88807c0dacac58ede5f391a7530e299dc302d611ee73cb143fc22eaf93592e53e7b5bdb01b00a0b8d28dae460c141dd2ff83412e4dc1c31b16b25f33144a9e5620ea73b13f5bc1c59411d98439ad226e8af03840603796067d87afe130812cf3de24982d0e306f9e61e764e5\" aria-label=\"Banner_Emprego_PortallavrasTV\"><img src=\"https:\/\/lavras.tv\/site\/wp-content\/uploads\/2025\/03\/Banner_Emprego_PortallavrasTV.png\" alt=\"\"  srcset=\"https:\/\/lavras.tv\/site\/wp-content\/uploads\/2025\/03\/Banner_Emprego_PortallavrasTV.png 720w, https:\/\/lavras.tv\/site\/wp-content\/uploads\/2025\/03\/Banner_Emprego_PortallavrasTV-470x68.png 470w, https:\/\/lavras.tv\/site\/wp-content\/uploads\/2025\/03\/Banner_Emprego_PortallavrasTV-170x25.png 170w, https:\/\/lavras.tv\/site\/wp-content\/uploads\/2025\/03\/Banner_Emprego_PortallavrasTV-200x29.png 200w\" sizes=\"(max-width: 720px) 100vw, 720px\" width=\"720\" height=\"104\"   \/><\/a><\/li><li><a href=\"https:\/\/sistemas.lavras.mg.gov.br\/portalcidadao\/#df1b1a7c7b2a290bcb31e32771e610784662739a88807c0dacac58ede5f391a7530e299dc302d611ee73cb143fc22eaf93592e53e7b5bdb01b00a0b8d28dae460c141dd2ff83412e4dc1c31b16b25f33144a9e5620ea73b13f5bc1c59411d98439ad226e8af03840603796067d87afe130812cf3de24982d0e306f9e61e764e5\" aria-label=\"Banner_Obras_PortallavrasTV\"><img src=\"https:\/\/lavras.tv\/site\/wp-content\/uploads\/2025\/03\/Banner_Obras_PortallavrasTV.png\" alt=\"\"  srcset=\"https:\/\/lavras.tv\/site\/wp-content\/uploads\/2025\/03\/Banner_Obras_PortallavrasTV.png 720w, https:\/\/lavras.tv\/site\/wp-content\/uploads\/2025\/03\/Banner_Obras_PortallavrasTV-470x68.png 470w, https:\/\/lavras.tv\/site\/wp-content\/uploads\/2025\/03\/Banner_Obras_PortallavrasTV-170x25.png 170w, https:\/\/lavras.tv\/site\/wp-content\/uploads\/2025\/03\/Banner_Obras_PortallavrasTV-200x29.png 200w\" sizes=\"(max-width: 720px) 100vw, 720px\" width=\"720\" height=\"104\"   \/><\/a><\/li><li><div style=\"margin-left: auto;margin-right: auto;text-align: center;\" id=\"lavra-295526465\"><a href=\"https:\/\/sistemas.lavras.mg.gov.br\/portalcidadao\/#df1b1a7c7b2a290bcb31e32771e610784662739a88807c0dacac58ede5f391a7530e299dc302d611ee73cb143fc22eaf93592e53e7b5bdb01b00a0b8d28dae460c141dd2ff83412e4dc1c31b16b25f33144a9e5620ea73b13f5bc1c59411d98439ad226e8af03840603796067d87afe130812cf3de24982d0e306f9e61e764e5\" aria-label=\"Banner_Educa\u00e7\u00e3o_PortallavrasTV\"><img src=\"https:\/\/lavras.tv\/site\/wp-content\/uploads\/2025\/01\/Banner_Educacao_PortallavrasTV.png\" alt=\"\"  srcset=\"https:\/\/lavras.tv\/site\/wp-content\/uploads\/2025\/01\/Banner_Educacao_PortallavrasTV.png 720w, https:\/\/lavras.tv\/site\/wp-content\/uploads\/2025\/01\/Banner_Educacao_PortallavrasTV-470x68.png 470w, https:\/\/lavras.tv\/site\/wp-content\/uploads\/2025\/01\/Banner_Educacao_PortallavrasTV-170x25.png 170w, https:\/\/lavras.tv\/site\/wp-content\/uploads\/2025\/01\/Banner_Educacao_PortallavrasTV-200x29.png 200w\" sizes=\"(max-width: 720px) 100vw, 720px\" width=\"720\" height=\"104\"  style=\"display: inline-block;\" \/><\/a><\/div><\/li><li><a href=\"https:\/\/sistemas.lavras.mg.gov.br\/portalcidadao\/#df1b1a7c7b2a290bcb31e32771e610784662739a88807c0dacac58ede5f391a7530e299dc302d611ee73cb143fc22eaf93592e53e7b5bdb01b00a0b8d28dae460c141dd2ff83412e4dc1c31b16b25f33144a9e5620ea73b13f5bc1c59411d98439ad226e8af03840603796067d87afe130812cf3de24982d0e306f9e61e764e5\" aria-label=\"Banner_Sa\u00fade_PortallavrasTV\"><img src=\"https:\/\/lavras.tv\/site\/wp-content\/uploads\/2025\/03\/Banner_Saude_PortallavrasTV.png\" alt=\"\"  srcset=\"https:\/\/lavras.tv\/site\/wp-content\/uploads\/2025\/03\/Banner_Saude_PortallavrasTV.png 720w, https:\/\/lavras.tv\/site\/wp-content\/uploads\/2025\/03\/Banner_Saude_PortallavrasTV-470x68.png 470w, https:\/\/lavras.tv\/site\/wp-content\/uploads\/2025\/03\/Banner_Saude_PortallavrasTV-170x25.png 170w, https:\/\/lavras.tv\/site\/wp-content\/uploads\/2025\/03\/Banner_Saude_PortallavrasTV-200x29.png 200w\" sizes=\"(max-width: 720px) 100vw, 720px\" width=\"720\" height=\"104\"   \/><\/a><\/li><li><div id=\"lavra-735423312\" style=\"width:720px;height:104px;background-color:#ddd;overflow:scroll;\">\n\t<strong>Sa\u00edda da depura\u00e7\u00e3o de an\u00fancios<\/strong>\n\t<br><br>\n\tO an\u00fancio n\u00e3o \u00e9 exibido na p\u00e1gina<br><br>post atual: Saque-anivers\u00e1rio do FGTS: veja calend\u00e1rio de pagamentos para 2026, ID: 168797<br><br><span style=\"color: red;\">O post atual n\u00e3o \u00e9 id\u00eantico ao post principal.<\/span><br><br>An\u00fancios: ROXO - TOPO INTERNA - ROTATIVO 2 (197)<br \/>Grupo de an\u00fancios: Princ_Meio01_720x104 (27)<br><br>Condi\u00e7\u00f5es de exibi\u00e7\u00e3o<div style=\"margin-bottom: 20px; white-space: pre-wrap; font-family: monospace; width: 100%; background: #ffe9e9;\"><strong>condi\u00e7\u00f5es gerais<\/strong><table border=\"1\"><thead><tr><th><\/th><th>An\u00fancios<\/th><th>wp_the_query<\/th><\/tr><\/thead><tr><td>is_main_query<\/td><td>1<\/td><td>1<\/td><\/tr><tr><td>is_rest_api<\/td><td>0<\/td><td>1<\/td><\/tr><tr><td>page<\/td><td>0<\/td><td>1<\/td><\/tr><tr><td>numpages<\/td><td>0<\/td><td>1<\/td><\/tr><tr><td>is_archive<\/td><td>1<\/td><td><\/td><\/tr><tr><td>is_search<\/td><td>1<\/td><td><\/td><\/tr><tr><td>is_home<\/td><td>1<\/td><td><\/td><\/tr><tr><td>is_404<\/td><td>1<\/td><td><\/td><\/tr><tr><td>is_attachment<\/td><td>1<\/td><td><\/td><\/tr><tr><td>is_singular<\/td><td>1<\/td><td><\/td><\/tr><tr><td>is_front_page<\/td><td>1<\/td><td><\/td><\/tr><tr><td>is_feed<\/td><td>1<\/td><td><\/td><\/tr><\/table><\/div><br><br><span style=\"color: red;\">Seu site usa HTTPS, mas o c\u00f3digo do an\u00fancio cont\u00e9m HTTP e pode n\u00e3o funcionar.<\/span>\t<br><br>\n\t<a style=\"color: green;\" href=\"https:\/\/wpadvancedads.com\/manual\/ad-debug-mode\/?utm_source=advanced-ads&utm_medium=link&utm_campaign=ad-debug-mode\" target=\"_blank\" rel=\"nofollow\">Encontre solu\u00e7\u00f5es no manual<\/a>\n<\/div>\n<\/li><\/ul><\/div><script>( window.advanced_ads_ready || jQuery( document ).ready ).call( null, function() {var $lavraslider1354649769 = jQuery( \".lavra-slider-1354649769\" );$lavraslider1354649769.on( \"unslider.ready\", function() { jQuery( \"div.custom-slider ul li\" ).css( \"display\", \"block\" ); });$lavraslider1354649769.unslider({ delay:4000, autoplay:true, nav:false, arrows:false, infinite:true });$lavraslider1354649769.on(\"mouseover\", function() {$lavraslider1354649769.unslider(\"stop\");}).on(\"mouseout\", function() {$lavraslider1354649769.unslider(\"start\");});});<\/script><\/div>\n<h3 class=\"wp-block-heading\">Pagamentos do saque-anivers\u00e1rio j\u00e1 come\u00e7aram a ser liberados pelo governo federal<\/h3>\n\n\n\n<p><img fetchpriority=\"high\" decoding=\"async\" alt=\"FGTS distribuir\u00e1 R$ 15,2 bi a trabalhadores\" width=\"1000\" height=\"563\" src=\"https:\/\/medias.itatiaia.com.br\/dims4\/default\/a1e611f\/2147483647\/strip\/true\/crop\/746x420+0+18\/resize\/1000x563!\/quality\/90\/?url=https%3A%2F%2Fk2-prod-radio-itatiaia.s3.us-east-1.amazonaws.com%2Fbrightspot%2Fe1%2F9f%2F3fe885d0439f8a5b3348a5407a97%2Ffgts.jpg\"><\/p>\n\n\n\n<p>Jo\u00e9dson Alves\/Ag\u00eancia Brasil<\/p>\n\n\n\n<p>FGTS distribuir\u00e1 R$ 15,2 bi a trabalhadores<\/p>\n\n\n\n<p>Os trabalhadores que aderiram ao saque-anivers\u00e1rio do Fundo de Garantia do Tempo de Servi\u00e7os (FGTS), j\u00e1 come\u00e7aram a ter os valores liberados pelo governo federal. Quem nasceu em janeiro pode retirar os valores desde o dia 2 deste m\u00eas, primeiro dia \u00fatil do ano de 2026.<\/p>\n\n\n\n<p>Assim que liberado, o saque-anivers\u00e1rio fica dispon\u00edvel por at\u00e9 90 dias e pode ser feito por meios digitais no aplicativo do FGTS ou presencialmente nas unidades da Caixa Econ\u00f4mica Federal. Podem sacar o benef\u00edcio aqueles que possuem contas ativas ou inativas no FGTS, aderiram previamente \u00e0 modalidade, e n\u00e3o fizeram op\u00e7\u00e3o continua automaticamente no saque-rescis\u00e3o.<\/p>\n\n\n\n<p>O calend\u00e1rio de pagamento segue a l\u00f3gica de disponibilidade a partir do primeiro dia \u00fatil do m\u00eas de anivers\u00e1rio do benefici\u00e1rio. Assim, quem nasceu em fevereiro pode retirar o pagamento no dia 2 do mesmo m\u00eas at\u00e9 o dia 30 de abril de 2026.<\/p>\n\n\n\n<h2 class=\"wp-block-heading\"><strong>Confira o calend\u00e1rio<\/strong><\/h2>\n\n\n\n<ul class=\"wp-block-list\">\n<li>Janeiro: 2 de janeiro a 31 de mar\u00e7o de 2026;<\/li>\n\n\n\n<li>Fevereiro: 2 de fevereiro a 30 de abril de 2026;<\/li>\n\n\n\n<li>Mar\u00e7o: 2 de mar\u00e7o a 29 de maio de 2026;<\/li>\n\n\n\n<li>Abril: 1\u00ba de abril a 30 de junho de 2026;<\/li>\n\n\n\n<li>Maio: 4 de maio a 31 de julho de 2026;<\/li>\n\n\n\n<li>Junho: 1\u00ba de junho a 31 de agosto de 2026;<\/li>\n\n\n\n<li>Julho: 1\u00ba de julho a 30 de setembro de 2026;<\/li>\n\n\n\n<li>Agosto: 3 de agosto a 30 de outubro de 2026;<\/li>\n\n\n\n<li>Setembro: 1\u00ba de setembro a 30 de novembro de 2026;<\/li>\n\n\n\n<li>Outubro: 1\u00ba de outubro a 30 de dezembro de 2026;<\/li>\n\n\n\n<li>Novembro: 2 de novembro de 2026 a 29 de janeiro de 2027;<\/li>\n\n\n\n<li>Dezembro: 1\u00ba de dezembro de 2026 a 26 de fevereiro de 2027.<\/li>\n<\/ul>\n\n\n\n<h2 class=\"wp-block-heading\"><strong>Saiba como sacar o saque-anivers\u00e1rio do FGTS<\/strong><\/h2>\n\n\n\n<p>Para resgatar o saque online, o benefici\u00e1rio pode acessar o aplicativo do FGTS com sua conta no&nbsp;<a href=\"http:\/\/gov.br\/\" target=\"_blank\" rel=\"noreferrer noopener\"><u>Gov.br<\/u><\/a>:<\/p>\n\n\n\n<ul class=\"wp-block-list\">\n<li>No menu inicial, clique em \u201csaque-anivers\u00e1rio\u201d;<\/li>\n\n\n\n<li>Selecione \u201cindicar conta para cr\u00e9dito\u201d;<\/li>\n\n\n\n<li>Cadastre uma conta corrente ou poupan\u00e7a;<\/li>\n\n\n\n<li>Confirme os dados e aguarde o pagamento.<\/li>\n<\/ul>\n\n\n\n<p>O valor a ser liberado depende da tabela progressiva, com al\u00edquotas que variam de 5% a 50%, mais uma parcela adicional fixa. Quem tem R$ 1 mil no FGTS, por exemplo, pode sacar R$ 400 e recebe ainda R$ 50 de parcela adicional.<\/p>\n\n\n\n<p><\/p>\n","protected":false},"excerpt":{"rendered":"<p>Pagamentos do saque-anivers\u00e1rio j\u00e1 come\u00e7aram a ser liberados pelo governo federal Jo\u00e9dson Alves\/Ag\u00eancia Brasil FGTS distribuir\u00e1 R$ 15,2 bi a trabalhadores Os trabalhadores que aderiram ao saque-anivers\u00e1rio do Fundo de Garantia do Tempo de Servi\u00e7os (FGTS), j\u00e1 come\u00e7aram a ter os valores liberados pelo governo federal. Quem nasceu em janeiro pode retirar os valores desde [&hellip;]<\/p>\n","protected":false},"author":5,"featured_media":168798,"comment_status":"closed","ping_status":"open","sticky":false,"template":"","format":"standard","meta":{"advgb_blocks_editor_width":"","advgb_blocks_columns_visual_guide":"","_exactmetrics_skip_tracking":false,"_exactmetrics_sitenote_active":false,"_exactmetrics_sitenote_note":"","_exactmetrics_sitenote_category":0,"footnotes":""},"categories":[17,2,5760],"tags":[],"class_list":["post-168797","post","type-post","status-publish","format-standard","has-post-thumbnail","hentry","category-jornal-cidade","category-noticias","category-noticias-jornal-cidade"],"better_featured_image":{"id":168798,"alt_text":"","caption":"","description":"","media_type":"image","media_details":{"width":1000,"height":563,"file":"2026\/01\/download-3.webp","filesize":34792,"sizes":{"medium":{"file":"download-3-470x265.webp","width":470,"height":265,"mime-type":"image\/webp","filesize":9686,"source_url":"https:\/\/lavras.tv\/site\/wp-content\/uploads\/2026\/01\/download-3-470x265.webp"},"large":{"file":"download-3-970x546.webp","width":970,"height":546,"mime-type":"image\/webp","filesize":21902,"source_url":"https:\/\/lavras.tv\/site\/wp-content\/uploads\/2026\/01\/download-3-970x546.webp"},"thumbnail":{"file":"download-3-170x96.webp","width":170,"height":96,"mime-type":"image\/webp","filesize":2722,"source_url":"https:\/\/lavras.tv\/site\/wp-content\/uploads\/2026\/01\/download-3-170x96.webp"},"alm-thumbnail":{"file":"download-3-150x150.webp","width":150,"height":150,"mime-type":"image\/webp","filesize":3318,"source_url":"https:\/\/lavras.tv\/site\/wp-content\/uploads\/2026\/01\/download-3-150x150.webp"},"sow-carousel-default":{"file":"download-3-272x182.webp","width":272,"height":182,"mime-type":"image\/webp","filesize":5904,"source_url":"https:\/\/lavras.tv\/site\/wp-content\/uploads\/2026\/01\/download-3-272x182.webp"}},"image_meta":{"aperture":"0","credit":"","camera":"","caption":"","created_timestamp":"0","copyright":"","focal_length":"0","iso":"0","shutter_speed":"0","title":"","orientation":"0","keywords":[]}},"post":168797,"source_url":"https:\/\/lavras.tv\/site\/wp-content\/uploads\/2026\/01\/download-3.webp"},"author_meta":{"display_name":"Vinicius Bustamante","author_link":"https:\/\/lavras.tv\/site\/author\/vinicius-bustamante\/"},"featured_img":"https:\/\/lavras.tv\/site\/wp-content\/uploads\/2026\/01\/download-3-470x265.webp","coauthors":[],"tax_additional":{"categories":{"linked":["<a href=\"https:\/\/lavras.tv\/site\/category\/sem-categoria\/jornal-cidade\/\" class=\"advgb-post-tax-term\">DESTAQUE PRINCIPAL<\/a>","<a href=\"https:\/\/lavras.tv\/site\/category\/noticias\/\" class=\"advgb-post-tax-term\">Not\u00edcias<\/a>","<a href=\"https:\/\/lavras.tv\/site\/category\/sem-categoria\/jornal-cidade\/noticias-jornal-cidade\/\" class=\"advgb-post-tax-term\">NOT\u00cdCIAS<\/a>"],"unlinked":["<span class=\"advgb-post-tax-term\">DESTAQUE PRINCIPAL<\/span>","<span class=\"advgb-post-tax-term\">Not\u00edcias<\/span>","<span class=\"advgb-post-tax-term\">NOT\u00cdCIAS<\/span>"]}},"comment_count":"0","relative_dates":{"created":"Publicado 4 meses atr\u00e1s","modified":"Atualizado 4 meses atr\u00e1s"},"absolute_dates":{"created":"Publicado em 7 de janeiro de 2026","modified":"Atualizado em 7 de janeiro de 2026"},"absolute_dates_time":{"created":"Publicado em 7 de janeiro de 2026 14:24","modified":"Atualizado em 7 de janeiro de 2026 14:25"},"featured_img_caption":"","series_order":"","_links":{"self":[{"href":"https:\/\/lavras.tv\/site\/wp-json\/wp\/v2\/posts\/168797","targetHints":{"allow":["GET"]}}],"collection":[{"href":"https:\/\/lavras.tv\/site\/wp-json\/wp\/v2\/posts"}],"about":[{"href":"https:\/\/lavras.tv\/site\/wp-json\/wp\/v2\/types\/post"}],"author":[{"embeddable":true,"href":"https:\/\/lavras.tv\/site\/wp-json\/wp\/v2\/users\/5"}],"replies":[{"embeddable":true,"href":"https:\/\/lavras.tv\/site\/wp-json\/wp\/v2\/comments?post=168797"}],"version-history":[{"count":1,"href":"https:\/\/lavras.tv\/site\/wp-json\/wp\/v2\/posts\/168797\/revisions"}],"predecessor-version":[{"id":168799,"href":"https:\/\/lavras.tv\/site\/wp-json\/wp\/v2\/posts\/168797\/revisions\/168799"}],"wp:featuredmedia":[{"embeddable":true,"href":"https:\/\/lavras.tv\/site\/wp-json\/wp\/v2\/media\/168798"}],"wp:attachment":[{"href":"https:\/\/lavras.tv\/site\/wp-json\/wp\/v2\/media?parent=168797"}],"wp:term":[{"taxonomy":"category","embeddable":true,"href":"https:\/\/lavras.tv\/site\/wp-json\/wp\/v2\/categories?post=168797"},{"taxonomy":"post_tag","embeddable":true,"href":"https:\/\/lavras.tv\/site\/wp-json\/wp\/v2\/tags?post=168797"}],"curies":[{"name":"wp","href":"https:\/\/api.w.org\/{rel}","templated":true}]}}