{"id":168803,"date":"2026-01-08T15:44:35","date_gmt":"2026-01-08T18:44:35","guid":{"rendered":"https:\/\/lavras.tv\/site\/?p=168803"},"modified":"2026-01-08T15:44:36","modified_gmt":"2026-01-08T18:44:36","slug":"presenca-policial-resposta-imediata-operacao-da-pm-prende-tres-homens-em-lavras","status":"publish","type":"post","link":"https:\/\/lavras.tv\/site\/2026\/01\/08\/presenca-policial-resposta-imediata-operacao-da-pm-prende-tres-homens-em-lavras\/","title":{"rendered":"PRESEN\u00c7A POLICIAL, RESPOSTA IMEDIATA: OPERA\u00c7\u00c3O DA PM PRENDE TR\u00caS HOMENS EM LAVRAS"},"content":{"rendered":"<div class=\"lavra-antes-do-conteudo_2\" id=\"lavra-418401234\"><div id=\"lavra-slider-27\" class=\"custom-slider lavra-slider-1137141477 lavra-slider\"><ul><li><div style=\"margin-left: auto;margin-right: auto;text-align: center;\" id=\"lavra-2731162166\"><a href=\"https:\/\/sistemas.lavras.mg.gov.br\/portalcidadao\/#df1b1a7c7b2a290bcb31e32771e610784662739a88807c0dacac58ede5f391a7530e299dc302d611ee73cb143fc22eaf93592e53e7b5bdb01b00a0b8d28dae460c141dd2ff83412e4dc1c31b16b25f33144a9e5620ea73b13f5bc1c59411d98439ad226e8af03840603796067d87afe130812cf3de24982d0e306f9e61e764e5\" aria-label=\"Lavras-TV&#8211;720x104px (1) (1)\"><img src=\"https:\/\/lavras.tv\/site\/wp-content\/uploads\/2025\/01\/Lavras-TV-720x104px-1-1.png\" alt=\"\"  srcset=\"https:\/\/lavras.tv\/site\/wp-content\/uploads\/2025\/01\/Lavras-TV-720x104px-1-1.png 720w, https:\/\/lavras.tv\/site\/wp-content\/uploads\/2025\/01\/Lavras-TV-720x104px-1-1-470x68.png 470w, https:\/\/lavras.tv\/site\/wp-content\/uploads\/2025\/01\/Lavras-TV-720x104px-1-1-170x25.png 170w, https:\/\/lavras.tv\/site\/wp-content\/uploads\/2025\/01\/Lavras-TV-720x104px-1-1-200x29.png 200w\" sizes=\"(max-width: 720px) 100vw, 720px\" width=\"720\" height=\"104\"  style=\"display: inline-block;\" \/><\/a><\/div><\/li><li><a href=\"https:\/\/sistemas.lavras.mg.gov.br\/portalcidadao\/#df1b1a7c7b2a290bcb31e32771e610784662739a88807c0dacac58ede5f391a7530e299dc302d611ee73cb143fc22eaf93592e53e7b5bdb01b00a0b8d28dae460c141dd2ff83412e4dc1c31b16b25f33144a9e5620ea73b13f5bc1c59411d98439ad226e8af03840603796067d87afe130812cf3de24982d0e306f9e61e764e5\" aria-label=\"Banner_Emprego_PortallavrasTV\"><img src=\"https:\/\/lavras.tv\/site\/wp-content\/uploads\/2025\/03\/Banner_Emprego_PortallavrasTV.png\" alt=\"\"  srcset=\"https:\/\/lavras.tv\/site\/wp-content\/uploads\/2025\/03\/Banner_Emprego_PortallavrasTV.png 720w, https:\/\/lavras.tv\/site\/wp-content\/uploads\/2025\/03\/Banner_Emprego_PortallavrasTV-470x68.png 470w, https:\/\/lavras.tv\/site\/wp-content\/uploads\/2025\/03\/Banner_Emprego_PortallavrasTV-170x25.png 170w, https:\/\/lavras.tv\/site\/wp-content\/uploads\/2025\/03\/Banner_Emprego_PortallavrasTV-200x29.png 200w\" sizes=\"(max-width: 720px) 100vw, 720px\" width=\"720\" height=\"104\"   \/><\/a><\/li><li><a href=\"https:\/\/sistemas.lavras.mg.gov.br\/portalcidadao\/#df1b1a7c7b2a290bcb31e32771e610784662739a88807c0dacac58ede5f391a7530e299dc302d611ee73cb143fc22eaf93592e53e7b5bdb01b00a0b8d28dae460c141dd2ff83412e4dc1c31b16b25f33144a9e5620ea73b13f5bc1c59411d98439ad226e8af03840603796067d87afe130812cf3de24982d0e306f9e61e764e5\" aria-label=\"Banner_Obras_PortallavrasTV\"><img src=\"https:\/\/lavras.tv\/site\/wp-content\/uploads\/2025\/03\/Banner_Obras_PortallavrasTV.png\" alt=\"\"  srcset=\"https:\/\/lavras.tv\/site\/wp-content\/uploads\/2025\/03\/Banner_Obras_PortallavrasTV.png 720w, https:\/\/lavras.tv\/site\/wp-content\/uploads\/2025\/03\/Banner_Obras_PortallavrasTV-470x68.png 470w, https:\/\/lavras.tv\/site\/wp-content\/uploads\/2025\/03\/Banner_Obras_PortallavrasTV-170x25.png 170w, https:\/\/lavras.tv\/site\/wp-content\/uploads\/2025\/03\/Banner_Obras_PortallavrasTV-200x29.png 200w\" sizes=\"(max-width: 720px) 100vw, 720px\" width=\"720\" height=\"104\"   \/><\/a><\/li><li><div style=\"margin-left: auto;margin-right: auto;text-align: center;\" id=\"lavra-1335874514\"><a href=\"https:\/\/sistemas.lavras.mg.gov.br\/portalcidadao\/#df1b1a7c7b2a290bcb31e32771e610784662739a88807c0dacac58ede5f391a7530e299dc302d611ee73cb143fc22eaf93592e53e7b5bdb01b00a0b8d28dae460c141dd2ff83412e4dc1c31b16b25f33144a9e5620ea73b13f5bc1c59411d98439ad226e8af03840603796067d87afe130812cf3de24982d0e306f9e61e764e5\" aria-label=\"Banner_Educa\u00e7\u00e3o_PortallavrasTV\"><img src=\"https:\/\/lavras.tv\/site\/wp-content\/uploads\/2025\/01\/Banner_Educacao_PortallavrasTV.png\" alt=\"\"  srcset=\"https:\/\/lavras.tv\/site\/wp-content\/uploads\/2025\/01\/Banner_Educacao_PortallavrasTV.png 720w, https:\/\/lavras.tv\/site\/wp-content\/uploads\/2025\/01\/Banner_Educacao_PortallavrasTV-470x68.png 470w, https:\/\/lavras.tv\/site\/wp-content\/uploads\/2025\/01\/Banner_Educacao_PortallavrasTV-170x25.png 170w, https:\/\/lavras.tv\/site\/wp-content\/uploads\/2025\/01\/Banner_Educacao_PortallavrasTV-200x29.png 200w\" sizes=\"(max-width: 720px) 100vw, 720px\" width=\"720\" height=\"104\"  style=\"display: inline-block;\" \/><\/a><\/div><\/li><li><a href=\"https:\/\/sistemas.lavras.mg.gov.br\/portalcidadao\/#df1b1a7c7b2a290bcb31e32771e610784662739a88807c0dacac58ede5f391a7530e299dc302d611ee73cb143fc22eaf93592e53e7b5bdb01b00a0b8d28dae460c141dd2ff83412e4dc1c31b16b25f33144a9e5620ea73b13f5bc1c59411d98439ad226e8af03840603796067d87afe130812cf3de24982d0e306f9e61e764e5\" aria-label=\"Banner_Sa\u00fade_PortallavrasTV\"><img src=\"https:\/\/lavras.tv\/site\/wp-content\/uploads\/2025\/03\/Banner_Saude_PortallavrasTV.png\" alt=\"\"  srcset=\"https:\/\/lavras.tv\/site\/wp-content\/uploads\/2025\/03\/Banner_Saude_PortallavrasTV.png 720w, https:\/\/lavras.tv\/site\/wp-content\/uploads\/2025\/03\/Banner_Saude_PortallavrasTV-470x68.png 470w, https:\/\/lavras.tv\/site\/wp-content\/uploads\/2025\/03\/Banner_Saude_PortallavrasTV-170x25.png 170w, https:\/\/lavras.tv\/site\/wp-content\/uploads\/2025\/03\/Banner_Saude_PortallavrasTV-200x29.png 200w\" sizes=\"(max-width: 720px) 100vw, 720px\" width=\"720\" height=\"104\"   \/><\/a><\/li><li><div id=\"lavra-2462268050\" style=\"width:720px;height:104px;background-color:#ddd;overflow:scroll;\">\n\t<strong>Sa\u00edda da depura\u00e7\u00e3o de an\u00fancios<\/strong>\n\t<br><br>\n\tO an\u00fancio n\u00e3o \u00e9 exibido na p\u00e1gina<br><br>post atual: PRESEN\u00c7A POLICIAL, RESPOSTA IMEDIATA: OPERA\u00c7\u00c3O DA PM PRENDE TR\u00caS HOMENS EM LAVRAS, ID: 168803<br><br><span style=\"color: red;\">O post atual n\u00e3o \u00e9 id\u00eantico ao post principal.<\/span><br><br>An\u00fancios: ROXO - TOPO INTERNA - ROTATIVO 2 (197)<br \/>Grupo de an\u00fancios: Princ_Meio01_720x104 (27)<br><br>Condi\u00e7\u00f5es de exibi\u00e7\u00e3o<div style=\"margin-bottom: 20px; white-space: pre-wrap; font-family: monospace; width: 100%; background: #ffe9e9;\"><strong>condi\u00e7\u00f5es gerais<\/strong><table border=\"1\"><thead><tr><th><\/th><th>An\u00fancios<\/th><th>wp_the_query<\/th><\/tr><\/thead><tr><td>is_main_query<\/td><td>1<\/td><td>1<\/td><\/tr><tr><td>is_rest_api<\/td><td>0<\/td><td>1<\/td><\/tr><tr><td>page<\/td><td>0<\/td><td>1<\/td><\/tr><tr><td>numpages<\/td><td>0<\/td><td>1<\/td><\/tr><tr><td>is_archive<\/td><td>1<\/td><td><\/td><\/tr><tr><td>is_search<\/td><td>1<\/td><td><\/td><\/tr><tr><td>is_home<\/td><td>1<\/td><td><\/td><\/tr><tr><td>is_404<\/td><td>1<\/td><td><\/td><\/tr><tr><td>is_attachment<\/td><td>1<\/td><td><\/td><\/tr><tr><td>is_singular<\/td><td>1<\/td><td><\/td><\/tr><tr><td>is_front_page<\/td><td>1<\/td><td><\/td><\/tr><tr><td>is_feed<\/td><td>1<\/td><td><\/td><\/tr><\/table><\/div><br><br><span style=\"color: red;\">Seu site usa HTTPS, mas o c\u00f3digo do an\u00fancio cont\u00e9m HTTP e pode n\u00e3o funcionar.<\/span>\t<br><br>\n\t<a style=\"color: green;\" href=\"https:\/\/wpadvancedads.com\/manual\/ad-debug-mode\/?utm_source=advanced-ads&utm_medium=link&utm_campaign=ad-debug-mode\" target=\"_blank\" rel=\"nofollow\">Encontre solu\u00e7\u00f5es no manual<\/a>\n<\/div>\n<\/li><\/ul><\/div><script>( window.advanced_ads_ready || jQuery( document ).ready ).call( null, function() {var $lavraslider1137141477 = jQuery( \".lavra-slider-1137141477\" );$lavraslider1137141477.on( \"unslider.ready\", function() { jQuery( \"div.custom-slider ul li\" ).css( \"display\", \"block\" ); });$lavraslider1137141477.unslider({ delay:4000, autoplay:true, nav:false, arrows:false, infinite:true });$lavraslider1137141477.on(\"mouseover\", function() {$lavraslider1137141477.unslider(\"stop\");}).on(\"mouseout\", function() {$lavraslider1137141477.unslider(\"start\");});});<\/script><\/div>\n<figure class=\"wp-block-image size-large\"><img fetchpriority=\"high\" decoding=\"async\" width=\"970\" height=\"546\" src=\"http:\/\/lavras.tv\/site\/wp-content\/uploads\/2026\/01\/WhatsApp-Image-2026-01-08-at-13.43.49-970x546.jpeg\" alt=\"\" class=\"wp-image-168804\" srcset=\"https:\/\/lavras.tv\/site\/wp-content\/uploads\/2026\/01\/WhatsApp-Image-2026-01-08-at-13.43.49-970x546.jpeg 970w, https:\/\/lavras.tv\/site\/wp-content\/uploads\/2026\/01\/WhatsApp-Image-2026-01-08-at-13.43.49-470x264.jpeg 470w, https:\/\/lavras.tv\/site\/wp-content\/uploads\/2026\/01\/WhatsApp-Image-2026-01-08-at-13.43.49-170x96.jpeg 170w, https:\/\/lavras.tv\/site\/wp-content\/uploads\/2026\/01\/WhatsApp-Image-2026-01-08-at-13.43.49-1536x864.jpeg 1536w, https:\/\/lavras.tv\/site\/wp-content\/uploads\/2026\/01\/WhatsApp-Image-2026-01-08-at-13.43.49.jpeg 1600w\" sizes=\"(max-width: 970px) 100vw, 970px\" \/><\/figure>\n\n\n\n<p>Na noite de ontem (07\/01), a Pol\u00edcia Militar realizou Opera\u00e7\u00e3o Batida Policial na Rua Quatorze de Agosto, no bairro Vila Murad, em Lavras. A a\u00e7\u00e3o destaca o aumento da presen\u00e7a policial e a pronta resposta da Pol\u00edcia Militar \u00e0s den\u00fancias da comunidade.<\/p>\n\n\n\n<p>A opera\u00e7\u00e3o resultou na pris\u00e3o de tr\u00eas indiv\u00edduos reincidentes em crimes de furto e tr\u00e1fico de drogas, al\u00e9m de serem suspeitos na recepta\u00e7\u00e3o de produtos furtados na cidade.<\/p>\n\n\n\n<p>Durante a interven\u00e7\u00e3o policial, foram apreendidos uma arma de fogo, drogas, dinheiro, celulares e instrumentos utilizados para o tr\u00e1fico. Os autores de 18, 21 e 39 anos, respectivamente, foram presos e encaminhados \u00e0 delegacia, juntamente com os materiais apreendidos, para as demais provid\u00eancias legais.<\/p>\n\n\n\n<p>A opera\u00e7\u00e3o demonstra que o policiamento ostensivo, aliado \u00e0 a\u00e7\u00e3o estrat\u00e9gica e integrada das equipes, \u00e9 fundamental para retirar de circula\u00e7\u00e3o criminosos, mantendo a ordem p\u00fablica e a tranquilidade da comunidade.<\/p>\n\n\n\n<p>Pol\u00edcia Militar de Minas Gerais, 250 anos. A for\u00e7a do povo mineiro. Presen\u00e7a que protege.<\/p>\n\n\n\n<p>ALCO\/8\u00ba BPM<\/p>\n\n\n\n<figure class=\"wp-block-image size-large\"><img decoding=\"async\" width=\"576\" height=\"1024\" src=\"http:\/\/lavras.tv\/site\/wp-content\/uploads\/2026\/01\/WhatsApp-Image-2026-01-08-at-13.43.49-2-576x1024.jpeg\" alt=\"\" class=\"wp-image-168806\" srcset=\"https:\/\/lavras.tv\/site\/wp-content\/uploads\/2026\/01\/WhatsApp-Image-2026-01-08-at-13.43.49-2-576x1024.jpeg 576w, https:\/\/lavras.tv\/site\/wp-content\/uploads\/2026\/01\/WhatsApp-Image-2026-01-08-at-13.43.49-2-169x300.jpeg 169w, https:\/\/lavras.tv\/site\/wp-content\/uploads\/2026\/01\/WhatsApp-Image-2026-01-08-at-13.43.49-2-84x150.jpeg 84w, https:\/\/lavras.tv\/site\/wp-content\/uploads\/2026\/01\/WhatsApp-Image-2026-01-08-at-13.43.49-2-864x1536.jpeg 864w, https:\/\/lavras.tv\/site\/wp-content\/uploads\/2026\/01\/WhatsApp-Image-2026-01-08-at-13.43.49-2.jpeg 900w\" sizes=\"(max-width: 576px) 100vw, 576px\" \/><\/figure>\n","protected":false},"excerpt":{"rendered":"<p>Na noite de ontem (07\/01), a Pol\u00edcia Militar realizou Opera\u00e7\u00e3o Batida Policial na Rua Quatorze de Agosto, no bairro Vila Murad, em Lavras. A a\u00e7\u00e3o destaca o aumento da presen\u00e7a policial e a pronta resposta da Pol\u00edcia Militar \u00e0s den\u00fancias da comunidade. A opera\u00e7\u00e3o resultou na pris\u00e3o de tr\u00eas indiv\u00edduos reincidentes em crimes de furto [&hellip;]<\/p>\n","protected":false},"author":5,"featured_media":168804,"comment_status":"closed","ping_status":"open","sticky":false,"template":"","format":"standard","meta":{"advgb_blocks_editor_width":"","advgb_blocks_columns_visual_guide":"","_exactmetrics_skip_tracking":false,"_exactmetrics_sitenote_active":false,"_exactmetrics_sitenote_note":"","_exactmetrics_sitenote_category":0,"footnotes":""},"categories":[17,2,5760],"tags":[],"class_list":["post-168803","post","type-post","status-publish","format-standard","has-post-thumbnail","hentry","category-jornal-cidade","category-noticias","category-noticias-jornal-cidade"],"better_featured_image":{"id":168804,"alt_text":"","caption":"","description":"","media_type":"image","media_details":{"width":1600,"height":900,"file":"2026\/01\/WhatsApp-Image-2026-01-08-at-13.43.49.jpeg","filesize":368173,"sizes":{"medium":{"file":"WhatsApp-Image-2026-01-08-at-13.43.49-470x264.jpeg","width":470,"height":264,"mime-type":"image\/jpeg","filesize":29794,"source_url":"https:\/\/lavras.tv\/site\/wp-content\/uploads\/2026\/01\/WhatsApp-Image-2026-01-08-at-13.43.49-470x264.jpeg"},"large":{"file":"WhatsApp-Image-2026-01-08-at-13.43.49-970x546.jpeg","width":970,"height":546,"mime-type":"image\/jpeg","filesize":128474,"source_url":"https:\/\/lavras.tv\/site\/wp-content\/uploads\/2026\/01\/WhatsApp-Image-2026-01-08-at-13.43.49-970x546.jpeg"},"thumbnail":{"file":"WhatsApp-Image-2026-01-08-at-13.43.49-170x96.jpeg","width":170,"height":96,"mime-type":"image\/jpeg","filesize":4928,"source_url":"https:\/\/lavras.tv\/site\/wp-content\/uploads\/2026\/01\/WhatsApp-Image-2026-01-08-at-13.43.49-170x96.jpeg"},"1536x1536":{"file":"WhatsApp-Image-2026-01-08-at-13.43.49-1536x864.jpeg","width":1536,"height":864,"mime-type":"image\/jpeg","filesize":318238,"source_url":"https:\/\/lavras.tv\/site\/wp-content\/uploads\/2026\/01\/WhatsApp-Image-2026-01-08-at-13.43.49-1536x864.jpeg"},"alm-thumbnail":{"file":"WhatsApp-Image-2026-01-08-at-13.43.49-150x150.jpeg","width":150,"height":150,"mime-type":"image\/jpeg","filesize":6315,"source_url":"https:\/\/lavras.tv\/site\/wp-content\/uploads\/2026\/01\/WhatsApp-Image-2026-01-08-at-13.43.49-150x150.jpeg"},"sow-carousel-default":{"file":"WhatsApp-Image-2026-01-08-at-13.43.49-272x182.jpeg","width":272,"height":182,"mime-type":"image\/jpeg","filesize":12648,"source_url":"https:\/\/lavras.tv\/site\/wp-content\/uploads\/2026\/01\/WhatsApp-Image-2026-01-08-at-13.43.49-272x182.jpeg"}},"image_meta":{"aperture":"0","credit":"","camera":"","caption":"","created_timestamp":"0","copyright":"","focal_length":"0","iso":"0","shutter_speed":"0","title":"","orientation":"0","keywords":[]}},"post":168803,"source_url":"https:\/\/lavras.tv\/site\/wp-content\/uploads\/2026\/01\/WhatsApp-Image-2026-01-08-at-13.43.49.jpeg"},"author_meta":{"display_name":"Vinicius Bustamante","author_link":"https:\/\/lavras.tv\/site\/author\/vinicius-bustamante\/"},"featured_img":"https:\/\/lavras.tv\/site\/wp-content\/uploads\/2026\/01\/WhatsApp-Image-2026-01-08-at-13.43.49-470x264.jpeg","coauthors":[],"tax_additional":{"categories":{"linked":["<a href=\"https:\/\/lavras.tv\/site\/category\/sem-categoria\/jornal-cidade\/\" class=\"advgb-post-tax-term\">DESTAQUE PRINCIPAL<\/a>","<a href=\"https:\/\/lavras.tv\/site\/category\/noticias\/\" class=\"advgb-post-tax-term\">Not\u00edcias<\/a>","<a href=\"https:\/\/lavras.tv\/site\/category\/sem-categoria\/jornal-cidade\/noticias-jornal-cidade\/\" class=\"advgb-post-tax-term\">NOT\u00cdCIAS<\/a>"],"unlinked":["<span class=\"advgb-post-tax-term\">DESTAQUE PRINCIPAL<\/span>","<span class=\"advgb-post-tax-term\">Not\u00edcias<\/span>","<span class=\"advgb-post-tax-term\">NOT\u00cdCIAS<\/span>"]}},"comment_count":"0","relative_dates":{"created":"Publicado 4 meses atr\u00e1s","modified":"Atualizado 4 meses atr\u00e1s"},"absolute_dates":{"created":"Publicado em 8 de janeiro de 2026","modified":"Atualizado em 8 de janeiro de 2026"},"absolute_dates_time":{"created":"Publicado em 8 de janeiro de 2026 15:44","modified":"Atualizado em 8 de janeiro de 2026 15:44"},"featured_img_caption":"","series_order":"","_links":{"self":[{"href":"https:\/\/lavras.tv\/site\/wp-json\/wp\/v2\/posts\/168803","targetHints":{"allow":["GET"]}}],"collection":[{"href":"https:\/\/lavras.tv\/site\/wp-json\/wp\/v2\/posts"}],"about":[{"href":"https:\/\/lavras.tv\/site\/wp-json\/wp\/v2\/types\/post"}],"author":[{"embeddable":true,"href":"https:\/\/lavras.tv\/site\/wp-json\/wp\/v2\/users\/5"}],"replies":[{"embeddable":true,"href":"https:\/\/lavras.tv\/site\/wp-json\/wp\/v2\/comments?post=168803"}],"version-history":[{"count":1,"href":"https:\/\/lavras.tv\/site\/wp-json\/wp\/v2\/posts\/168803\/revisions"}],"predecessor-version":[{"id":168807,"href":"https:\/\/lavras.tv\/site\/wp-json\/wp\/v2\/posts\/168803\/revisions\/168807"}],"wp:featuredmedia":[{"embeddable":true,"href":"https:\/\/lavras.tv\/site\/wp-json\/wp\/v2\/media\/168804"}],"wp:attachment":[{"href":"https:\/\/lavras.tv\/site\/wp-json\/wp\/v2\/media?parent=168803"}],"wp:term":[{"taxonomy":"category","embeddable":true,"href":"https:\/\/lavras.tv\/site\/wp-json\/wp\/v2\/categories?post=168803"},{"taxonomy":"post_tag","embeddable":true,"href":"https:\/\/lavras.tv\/site\/wp-json\/wp\/v2\/tags?post=168803"}],"curies":[{"name":"wp","href":"https:\/\/api.w.org\/{rel}","templated":true}]}}