{"id":168809,"date":"2026-01-08T18:02:19","date_gmt":"2026-01-08T21:02:19","guid":{"rendered":"http:\/\/lavras.tv\/site\/?p=168809"},"modified":"2026-01-08T18:02:20","modified_gmt":"2026-01-08T21:02:20","slug":"minas-sedia-maior-encontro-de-pesquisa-sobre-feijao-do-brasil-confira-detalhes","status":"publish","type":"post","link":"https:\/\/lavras.tv\/site\/2026\/01\/08\/minas-sedia-maior-encontro-de-pesquisa-sobre-feijao-do-brasil-confira-detalhes\/","title":{"rendered":"Minas sedia maior encontro de pesquisa sobre feij\u00e3o do Brasil; confira detalhes"},"content":{"rendered":"<div class=\"lavra-antes-do-conteudo_2\" id=\"lavra-2598921454\"><div id=\"lavra-slider-27\" class=\"custom-slider lavra-slider-2851050078 lavra-slider\"><ul><li><div style=\"margin-left: auto;margin-right: auto;text-align: center;\" id=\"lavra-397848602\"><a href=\"https:\/\/sistemas.lavras.mg.gov.br\/portalcidadao\/#df1b1a7c7b2a290bcb31e32771e610784662739a88807c0dacac58ede5f391a7530e299dc302d611ee73cb143fc22eaf93592e53e7b5bdb01b00a0b8d28dae460c141dd2ff83412e4dc1c31b16b25f33144a9e5620ea73b13f5bc1c59411d98439ad226e8af03840603796067d87afe130812cf3de24982d0e306f9e61e764e5\" aria-label=\"Lavras-TV&#8211;720x104px (1) (1)\"><img src=\"https:\/\/lavras.tv\/site\/wp-content\/uploads\/2025\/01\/Lavras-TV-720x104px-1-1.png\" alt=\"\"  srcset=\"https:\/\/lavras.tv\/site\/wp-content\/uploads\/2025\/01\/Lavras-TV-720x104px-1-1.png 720w, https:\/\/lavras.tv\/site\/wp-content\/uploads\/2025\/01\/Lavras-TV-720x104px-1-1-470x68.png 470w, https:\/\/lavras.tv\/site\/wp-content\/uploads\/2025\/01\/Lavras-TV-720x104px-1-1-170x25.png 170w, https:\/\/lavras.tv\/site\/wp-content\/uploads\/2025\/01\/Lavras-TV-720x104px-1-1-200x29.png 200w\" sizes=\"(max-width: 720px) 100vw, 720px\" width=\"720\" height=\"104\"  style=\"display: inline-block;\" \/><\/a><\/div><\/li><li><a href=\"https:\/\/sistemas.lavras.mg.gov.br\/portalcidadao\/#df1b1a7c7b2a290bcb31e32771e610784662739a88807c0dacac58ede5f391a7530e299dc302d611ee73cb143fc22eaf93592e53e7b5bdb01b00a0b8d28dae460c141dd2ff83412e4dc1c31b16b25f33144a9e5620ea73b13f5bc1c59411d98439ad226e8af03840603796067d87afe130812cf3de24982d0e306f9e61e764e5\" aria-label=\"Banner_Emprego_PortallavrasTV\"><img src=\"https:\/\/lavras.tv\/site\/wp-content\/uploads\/2025\/03\/Banner_Emprego_PortallavrasTV.png\" alt=\"\"  srcset=\"https:\/\/lavras.tv\/site\/wp-content\/uploads\/2025\/03\/Banner_Emprego_PortallavrasTV.png 720w, https:\/\/lavras.tv\/site\/wp-content\/uploads\/2025\/03\/Banner_Emprego_PortallavrasTV-470x68.png 470w, https:\/\/lavras.tv\/site\/wp-content\/uploads\/2025\/03\/Banner_Emprego_PortallavrasTV-170x25.png 170w, https:\/\/lavras.tv\/site\/wp-content\/uploads\/2025\/03\/Banner_Emprego_PortallavrasTV-200x29.png 200w\" sizes=\"(max-width: 720px) 100vw, 720px\" width=\"720\" height=\"104\"   \/><\/a><\/li><li><a href=\"https:\/\/sistemas.lavras.mg.gov.br\/portalcidadao\/#df1b1a7c7b2a290bcb31e32771e610784662739a88807c0dacac58ede5f391a7530e299dc302d611ee73cb143fc22eaf93592e53e7b5bdb01b00a0b8d28dae460c141dd2ff83412e4dc1c31b16b25f33144a9e5620ea73b13f5bc1c59411d98439ad226e8af03840603796067d87afe130812cf3de24982d0e306f9e61e764e5\" aria-label=\"Banner_Obras_PortallavrasTV\"><img src=\"https:\/\/lavras.tv\/site\/wp-content\/uploads\/2025\/03\/Banner_Obras_PortallavrasTV.png\" alt=\"\"  srcset=\"https:\/\/lavras.tv\/site\/wp-content\/uploads\/2025\/03\/Banner_Obras_PortallavrasTV.png 720w, https:\/\/lavras.tv\/site\/wp-content\/uploads\/2025\/03\/Banner_Obras_PortallavrasTV-470x68.png 470w, https:\/\/lavras.tv\/site\/wp-content\/uploads\/2025\/03\/Banner_Obras_PortallavrasTV-170x25.png 170w, https:\/\/lavras.tv\/site\/wp-content\/uploads\/2025\/03\/Banner_Obras_PortallavrasTV-200x29.png 200w\" sizes=\"(max-width: 720px) 100vw, 720px\" width=\"720\" height=\"104\"   \/><\/a><\/li><li><div style=\"margin-left: auto;margin-right: auto;text-align: center;\" id=\"lavra-4242345560\"><a href=\"https:\/\/sistemas.lavras.mg.gov.br\/portalcidadao\/#df1b1a7c7b2a290bcb31e32771e610784662739a88807c0dacac58ede5f391a7530e299dc302d611ee73cb143fc22eaf93592e53e7b5bdb01b00a0b8d28dae460c141dd2ff83412e4dc1c31b16b25f33144a9e5620ea73b13f5bc1c59411d98439ad226e8af03840603796067d87afe130812cf3de24982d0e306f9e61e764e5\" aria-label=\"Banner_Educa\u00e7\u00e3o_PortallavrasTV\"><img src=\"https:\/\/lavras.tv\/site\/wp-content\/uploads\/2025\/01\/Banner_Educacao_PortallavrasTV.png\" alt=\"\"  srcset=\"https:\/\/lavras.tv\/site\/wp-content\/uploads\/2025\/01\/Banner_Educacao_PortallavrasTV.png 720w, https:\/\/lavras.tv\/site\/wp-content\/uploads\/2025\/01\/Banner_Educacao_PortallavrasTV-470x68.png 470w, https:\/\/lavras.tv\/site\/wp-content\/uploads\/2025\/01\/Banner_Educacao_PortallavrasTV-170x25.png 170w, https:\/\/lavras.tv\/site\/wp-content\/uploads\/2025\/01\/Banner_Educacao_PortallavrasTV-200x29.png 200w\" sizes=\"(max-width: 720px) 100vw, 720px\" width=\"720\" height=\"104\"  style=\"display: inline-block;\" \/><\/a><\/div><\/li><li><a href=\"https:\/\/sistemas.lavras.mg.gov.br\/portalcidadao\/#df1b1a7c7b2a290bcb31e32771e610784662739a88807c0dacac58ede5f391a7530e299dc302d611ee73cb143fc22eaf93592e53e7b5bdb01b00a0b8d28dae460c141dd2ff83412e4dc1c31b16b25f33144a9e5620ea73b13f5bc1c59411d98439ad226e8af03840603796067d87afe130812cf3de24982d0e306f9e61e764e5\" aria-label=\"Banner_Sa\u00fade_PortallavrasTV\"><img src=\"https:\/\/lavras.tv\/site\/wp-content\/uploads\/2025\/03\/Banner_Saude_PortallavrasTV.png\" alt=\"\"  srcset=\"https:\/\/lavras.tv\/site\/wp-content\/uploads\/2025\/03\/Banner_Saude_PortallavrasTV.png 720w, https:\/\/lavras.tv\/site\/wp-content\/uploads\/2025\/03\/Banner_Saude_PortallavrasTV-470x68.png 470w, https:\/\/lavras.tv\/site\/wp-content\/uploads\/2025\/03\/Banner_Saude_PortallavrasTV-170x25.png 170w, https:\/\/lavras.tv\/site\/wp-content\/uploads\/2025\/03\/Banner_Saude_PortallavrasTV-200x29.png 200w\" sizes=\"(max-width: 720px) 100vw, 720px\" width=\"720\" height=\"104\"   \/><\/a><\/li><li><div id=\"lavra-3780152286\" style=\"width:720px;height:104px;background-color:#ddd;overflow:scroll;\">\n\t<strong>Sa\u00edda da depura\u00e7\u00e3o de an\u00fancios<\/strong>\n\t<br><br>\n\tO an\u00fancio n\u00e3o \u00e9 exibido na p\u00e1gina<br><br>post atual: Minas sedia maior encontro de pesquisa sobre feij\u00e3o do Brasil; confira detalhes, ID: 168809<br><br><span style=\"color: red;\">O post atual n\u00e3o \u00e9 id\u00eantico ao post principal.<\/span><br><br>An\u00fancios: ROXO - TOPO INTERNA - ROTATIVO 2 (197)<br \/>Grupo de an\u00fancios: Princ_Meio01_720x104 (27)<br><br>Condi\u00e7\u00f5es de exibi\u00e7\u00e3o<div style=\"margin-bottom: 20px; white-space: pre-wrap; font-family: monospace; width: 100%; background: #ffe9e9;\"><strong>condi\u00e7\u00f5es gerais<\/strong><table border=\"1\"><thead><tr><th><\/th><th>An\u00fancios<\/th><th>wp_the_query<\/th><\/tr><\/thead><tr><td>is_main_query<\/td><td>1<\/td><td>1<\/td><\/tr><tr><td>is_rest_api<\/td><td>0<\/td><td>1<\/td><\/tr><tr><td>page<\/td><td>0<\/td><td>1<\/td><\/tr><tr><td>numpages<\/td><td>0<\/td><td>1<\/td><\/tr><tr><td>is_archive<\/td><td>1<\/td><td><\/td><\/tr><tr><td>is_search<\/td><td>1<\/td><td><\/td><\/tr><tr><td>is_home<\/td><td>1<\/td><td><\/td><\/tr><tr><td>is_404<\/td><td>1<\/td><td><\/td><\/tr><tr><td>is_attachment<\/td><td>1<\/td><td><\/td><\/tr><tr><td>is_singular<\/td><td>1<\/td><td><\/td><\/tr><tr><td>is_front_page<\/td><td>1<\/td><td><\/td><\/tr><tr><td>is_feed<\/td><td>1<\/td><td><\/td><\/tr><\/table><\/div><br><br><span style=\"color: red;\">Seu site usa HTTPS, mas o c\u00f3digo do an\u00fancio cont\u00e9m HTTP e pode n\u00e3o funcionar.<\/span>\t<br><br>\n\t<a style=\"color: green;\" href=\"https:\/\/wpadvancedads.com\/manual\/ad-debug-mode\/?utm_source=advanced-ads&utm_medium=link&utm_campaign=ad-debug-mode\" target=\"_blank\" rel=\"nofollow\">Encontre solu\u00e7\u00f5es no manual<\/a>\n<\/div>\n<\/li><\/ul><\/div><script>( window.advanced_ads_ready || jQuery( document ).ready ).call( null, function() {var $lavraslider2851050078 = jQuery( \".lavra-slider-2851050078\" );$lavraslider2851050078.on( \"unslider.ready\", function() { jQuery( \"div.custom-slider ul li\" ).css( \"display\", \"block\" ); });$lavraslider2851050078.unslider({ delay:4000, autoplay:true, nav:false, arrows:false, infinite:true });$lavraslider2851050078.on(\"mouseover\", function() {$lavraslider2851050078.unslider(\"stop\");}).on(\"mouseout\", function() {$lavraslider2851050078.unslider(\"start\");});});<\/script><\/div>\n<p><strong>Tema central desta edi\u00e7\u00e3o ser\u00e1 \u2018Feij\u00e3o &#8211; alimento que gera sa\u00fade<\/strong><\/p>\n\n\n\n<figure class=\"wp-block-image\"><img decoding=\"async\" src=\"https:\/\/medias.itatiaia.com.br\/dims4\/default\/495b760\/2147483647\/strip\/true\/crop\/1199x675+1+0\/resize\/1000x563!\/quality\/90\/?url=https%3A%2F%2Fk2-prod-radio-itatiaia.s3.us-east-1.amazonaws.com%2Fbrightspot%2F00%2F3b%2Fe92ab0fe417e8a45f7d39628ee2c%2Fc-52.jpg\" alt=\"Feij\u00e3o\"\/><\/figure>\n\n\n\n<p>Canva\/Banco de imagem<\/p>\n\n\n\n<p>Evento ser\u00e1 realizado entre os dias 27 e 29 de maio, em BH<\/p>\n\n\n\n<p>O maior evento cient\u00edfico do pa\u00eds voltado para a cultura do\u00a0<a href=\"https:\/\/www.itatiaia.com.br\/agro\/exportacoes-de-feijao-batem-recorde-historico-apesar-de-variacoes-no-mercado-interno\"><strong>feij\u00e3o<\/strong><\/a><br>, o\u00a0<strong>Congresso Nacional de Pesquisa do Feij\u00e3o (Conafe)<\/strong>\u00a0j\u00e1 tem data e local para a 14\u00aa edi\u00e7\u00e3o. O evento ser\u00e1 realizado entre os dias 27 e 29 de maio, no Audit\u00f3rio JK, na Cidade Administrativa, em Belo Horizonte.<\/p>\n\n\n\n<p>Organizado pela Empresa de Pesquisa Agropecu\u00e1ria de Minas Gerais (Epamig), com apoio da Embrapa Arroz e Feij\u00e3o, o congresso retorna ao formato presencial ap\u00f3s a \u00faltima edi\u00e7\u00e3o (2021) ter sido realizada virtualmente devido \u00e0 pandemia. A expectativa \u00e9 reunir cerca de 500 participantes, entre pesquisadores, produtores, estudantes e empresas do setor.<\/p>\n\n\n\n<h2 class=\"wp-block-heading\">\u2018Alimento que gera sa\u00fade\u2019<\/h2>\n\n\n\n<p>O tema central desta edi\u00e7\u00e3o ser\u00e1 \u201cFeij\u00e3o &#8211; alimento que gera sa\u00fade\u201d, abordando a import\u00e2ncia do feij\u00e3o como alimento b\u00e1sico e o impacto de suas caracter\u00edsticas em uma alimenta\u00e7\u00e3o saud\u00e1vel.<\/p>\n\n\n\n<p>No entanto, o debate vai muito al\u00e9m do prato: \u201cDurante os tr\u00eas dias do evento, ser\u00e3o discutidos t\u00f3picos cruciais para o \u00e2mbito da pesquisa, como as\u00a0<strong>tend\u00eancias de mercado<\/strong>\u00a0relacionadas \u00e0 cultura e seus impactos no\u00a0<strong>melhoramento gen\u00e9tico<\/strong>, os efeitos do\u00a0<strong>vazio sanit\u00e1rio<\/strong>\u00a0\u2014 intervalo obrigat\u00f3rio de cultivo adotado para o\u00a0<a href=\"https:\/\/www.itatiaia.com.br\/agro\/pesquisa-desenvolve-tecnologia-inedita-com-fungos-para-controle-da-mosca-branca\"><strong>controle da mosca-branca<\/strong>\u00a0<\/a><br>\u2014 e, consequentemente, das viroses transmitidas pelo inseto. Outro ponto abordado ser\u00e1 como a pesquisa e a cadeia produtiva podem atuar diante da queda no consumo do feij\u00e3o\u201d, destacou F\u00e1bio Aur\u00e9lio Martins, pesquisador da Epamig e um dos organizadores do evento.<\/p>\n\n\n\n<h2 class=\"wp-block-heading\">Ponto de encontro para o agroneg\u00f3cio<\/h2>\n\n\n\n<p>Segundo Martins, o Conafe \u00e9 estrat\u00e9gico por integrar diferentes elos, desde quem desenvolve a semente no laborat\u00f3rio at\u00e9 quem comercializa o gr\u00e3o. \u201cO evento atrai empresas de insumos, consultores e cerealistas, promovendo uma intera\u00e7\u00e3o essencial para o futuro da cultura no Brasil\u201d, destacou.<\/p>\n\n\n\n<h2 class=\"wp-block-heading\"><strong>Servi\u00e7o<\/strong><\/h2>\n\n\n\n<p><strong>Evento:<\/strong>&nbsp;14\u00ba Congresso Nacional de Pesquisa do Feij\u00e3o (Conafe)<br><strong>Data:<\/strong>&nbsp;27 a 29 de maio<br><strong>Local:<\/strong>&nbsp;Audit\u00f3rio JK &#8211; Cidade Administrativa (Belo Horizonte)<br><strong>Inscri\u00e7\u00f5es:<\/strong>&nbsp;Informa\u00e7\u00f5es sobre a programa\u00e7\u00e3o completa e prazos de inscri\u00e7\u00e3o ser\u00e3o divulgadas em breve pelos canais oficiais da Epamig.<\/p>\n","protected":false},"excerpt":{"rendered":"<p>Tema central desta edi\u00e7\u00e3o ser\u00e1 \u2018Feij\u00e3o &#8211; alimento que gera sa\u00fade Canva\/Banco de imagem Evento ser\u00e1 realizado entre os dias 27 e 29 de maio, em BH O maior evento cient\u00edfico do pa\u00eds voltado para a cultura do\u00a0feij\u00e3o, o\u00a0Congresso Nacional de Pesquisa do Feij\u00e3o (Conafe)\u00a0j\u00e1 tem data e local para a 14\u00aa edi\u00e7\u00e3o. O evento [&hellip;]<\/p>\n","protected":false},"author":5,"featured_media":168810,"comment_status":"closed","ping_status":"open","sticky":false,"template":"","format":"standard","meta":{"advgb_blocks_editor_width":"","advgb_blocks_columns_visual_guide":"","_exactmetrics_skip_tracking":false,"_exactmetrics_sitenote_active":false,"_exactmetrics_sitenote_note":"","_exactmetrics_sitenote_category":0,"footnotes":""},"categories":[7,2],"tags":[],"class_list":["post-168809","post","type-post","status-publish","format-standard","has-post-thumbnail","hentry","category-destaques","category-noticias"],"better_featured_image":{"id":168810,"alt_text":"","caption":"","description":"","media_type":"image","media_details":{"width":1000,"height":563,"file":"2026\/01\/download-4.webp","filesize":122250,"sizes":{"medium":{"file":"download-4-470x265.webp","width":470,"height":265,"mime-type":"image\/webp","filesize":48248,"source_url":"https:\/\/lavras.tv\/site\/wp-content\/uploads\/2026\/01\/download-4-470x265.webp"},"large":{"file":"download-4-970x546.webp","width":970,"height":546,"mime-type":"image\/webp","filesize":119102,"source_url":"https:\/\/lavras.tv\/site\/wp-content\/uploads\/2026\/01\/download-4-970x546.webp"},"thumbnail":{"file":"download-4-170x96.webp","width":170,"height":96,"mime-type":"image\/webp","filesize":8852,"source_url":"https:\/\/lavras.tv\/site\/wp-content\/uploads\/2026\/01\/download-4-170x96.webp"},"alm-thumbnail":{"file":"download-4-150x150.webp","width":150,"height":150,"mime-type":"image\/webp","filesize":11528,"source_url":"https:\/\/lavras.tv\/site\/wp-content\/uploads\/2026\/01\/download-4-150x150.webp"},"sow-carousel-default":{"file":"download-4-272x182.webp","width":272,"height":182,"mime-type":"image\/webp","filesize":22648,"source_url":"https:\/\/lavras.tv\/site\/wp-content\/uploads\/2026\/01\/download-4-272x182.webp"}},"image_meta":{"aperture":"0","credit":"","camera":"","caption":"","created_timestamp":"0","copyright":"","focal_length":"0","iso":"0","shutter_speed":"0","title":"","orientation":"0","keywords":[]}},"post":168809,"source_url":"https:\/\/lavras.tv\/site\/wp-content\/uploads\/2026\/01\/download-4.webp"},"author_meta":{"display_name":"Vinicius Bustamante","author_link":"https:\/\/lavras.tv\/site\/author\/vinicius-bustamante\/"},"featured_img":"https:\/\/lavras.tv\/site\/wp-content\/uploads\/2026\/01\/download-4-470x265.webp","coauthors":[],"tax_additional":{"categories":{"linked":["<a href=\"https:\/\/lavras.tv\/site\/category\/destaques\/\" class=\"advgb-post-tax-term\">Destaques<\/a>","<a href=\"https:\/\/lavras.tv\/site\/category\/noticias\/\" class=\"advgb-post-tax-term\">Not\u00edcias<\/a>"],"unlinked":["<span class=\"advgb-post-tax-term\">Destaques<\/span>","<span class=\"advgb-post-tax-term\">Not\u00edcias<\/span>"]}},"comment_count":"0","relative_dates":{"created":"Publicado 4 meses atr\u00e1s","modified":"Atualizado 4 meses atr\u00e1s"},"absolute_dates":{"created":"Publicado em 8 de janeiro de 2026","modified":"Atualizado em 8 de janeiro de 2026"},"absolute_dates_time":{"created":"Publicado em 8 de janeiro de 2026 18:02","modified":"Atualizado em 8 de janeiro de 2026 18:02"},"featured_img_caption":"","series_order":"","_links":{"self":[{"href":"https:\/\/lavras.tv\/site\/wp-json\/wp\/v2\/posts\/168809","targetHints":{"allow":["GET"]}}],"collection":[{"href":"https:\/\/lavras.tv\/site\/wp-json\/wp\/v2\/posts"}],"about":[{"href":"https:\/\/lavras.tv\/site\/wp-json\/wp\/v2\/types\/post"}],"author":[{"embeddable":true,"href":"https:\/\/lavras.tv\/site\/wp-json\/wp\/v2\/users\/5"}],"replies":[{"embeddable":true,"href":"https:\/\/lavras.tv\/site\/wp-json\/wp\/v2\/comments?post=168809"}],"version-history":[{"count":1,"href":"https:\/\/lavras.tv\/site\/wp-json\/wp\/v2\/posts\/168809\/revisions"}],"predecessor-version":[{"id":168811,"href":"https:\/\/lavras.tv\/site\/wp-json\/wp\/v2\/posts\/168809\/revisions\/168811"}],"wp:featuredmedia":[{"embeddable":true,"href":"https:\/\/lavras.tv\/site\/wp-json\/wp\/v2\/media\/168810"}],"wp:attachment":[{"href":"https:\/\/lavras.tv\/site\/wp-json\/wp\/v2\/media?parent=168809"}],"wp:term":[{"taxonomy":"category","embeddable":true,"href":"https:\/\/lavras.tv\/site\/wp-json\/wp\/v2\/categories?post=168809"},{"taxonomy":"post_tag","embeddable":true,"href":"https:\/\/lavras.tv\/site\/wp-json\/wp\/v2\/tags?post=168809"}],"curies":[{"name":"wp","href":"https:\/\/api.w.org\/{rel}","templated":true}]}}