{"id":168812,"date":"2026-01-08T18:10:07","date_gmt":"2026-01-08T21:10:07","guid":{"rendered":"http:\/\/lavras.tv\/site\/?p=168812"},"modified":"2026-01-08T18:10:08","modified_gmt":"2026-01-08T21:10:08","slug":"meis-tem-ate-o-fim-de-janeiro-para-regularizarem-dividas-com-descontos","status":"publish","type":"post","link":"https:\/\/lavras.tv\/site\/2026\/01\/08\/meis-tem-ate-o-fim-de-janeiro-para-regularizarem-dividas-com-descontos\/","title":{"rendered":"MEIs t\u00eam at\u00e9 o fim de janeiro para regularizarem d\u00edvidas com descontos"},"content":{"rendered":"<div class=\"lavra-antes-do-conteudo_2\" id=\"lavra-1568828433\"><div id=\"lavra-slider-27\" class=\"custom-slider lavra-slider-1503396532 lavra-slider\"><ul><li><div style=\"margin-left: auto;margin-right: auto;text-align: center;\" id=\"lavra-936584952\"><a href=\"https:\/\/sistemas.lavras.mg.gov.br\/portalcidadao\/#df1b1a7c7b2a290bcb31e32771e610784662739a88807c0dacac58ede5f391a7530e299dc302d611ee73cb143fc22eaf93592e53e7b5bdb01b00a0b8d28dae460c141dd2ff83412e4dc1c31b16b25f33144a9e5620ea73b13f5bc1c59411d98439ad226e8af03840603796067d87afe130812cf3de24982d0e306f9e61e764e5\" aria-label=\"Lavras-TV&#8211;720x104px (1) (1)\"><img src=\"https:\/\/lavras.tv\/site\/wp-content\/uploads\/2025\/01\/Lavras-TV-720x104px-1-1.png\" alt=\"\"  srcset=\"https:\/\/lavras.tv\/site\/wp-content\/uploads\/2025\/01\/Lavras-TV-720x104px-1-1.png 720w, https:\/\/lavras.tv\/site\/wp-content\/uploads\/2025\/01\/Lavras-TV-720x104px-1-1-470x68.png 470w, https:\/\/lavras.tv\/site\/wp-content\/uploads\/2025\/01\/Lavras-TV-720x104px-1-1-170x25.png 170w, https:\/\/lavras.tv\/site\/wp-content\/uploads\/2025\/01\/Lavras-TV-720x104px-1-1-200x29.png 200w\" sizes=\"(max-width: 720px) 100vw, 720px\" width=\"720\" height=\"104\"  style=\"display: inline-block;\" \/><\/a><\/div><\/li><li><a href=\"https:\/\/sistemas.lavras.mg.gov.br\/portalcidadao\/#df1b1a7c7b2a290bcb31e32771e610784662739a88807c0dacac58ede5f391a7530e299dc302d611ee73cb143fc22eaf93592e53e7b5bdb01b00a0b8d28dae460c141dd2ff83412e4dc1c31b16b25f33144a9e5620ea73b13f5bc1c59411d98439ad226e8af03840603796067d87afe130812cf3de24982d0e306f9e61e764e5\" aria-label=\"Banner_Emprego_PortallavrasTV\"><img src=\"https:\/\/lavras.tv\/site\/wp-content\/uploads\/2025\/03\/Banner_Emprego_PortallavrasTV.png\" alt=\"\"  srcset=\"https:\/\/lavras.tv\/site\/wp-content\/uploads\/2025\/03\/Banner_Emprego_PortallavrasTV.png 720w, https:\/\/lavras.tv\/site\/wp-content\/uploads\/2025\/03\/Banner_Emprego_PortallavrasTV-470x68.png 470w, https:\/\/lavras.tv\/site\/wp-content\/uploads\/2025\/03\/Banner_Emprego_PortallavrasTV-170x25.png 170w, https:\/\/lavras.tv\/site\/wp-content\/uploads\/2025\/03\/Banner_Emprego_PortallavrasTV-200x29.png 200w\" sizes=\"(max-width: 720px) 100vw, 720px\" width=\"720\" height=\"104\"   \/><\/a><\/li><li><a href=\"https:\/\/sistemas.lavras.mg.gov.br\/portalcidadao\/#df1b1a7c7b2a290bcb31e32771e610784662739a88807c0dacac58ede5f391a7530e299dc302d611ee73cb143fc22eaf93592e53e7b5bdb01b00a0b8d28dae460c141dd2ff83412e4dc1c31b16b25f33144a9e5620ea73b13f5bc1c59411d98439ad226e8af03840603796067d87afe130812cf3de24982d0e306f9e61e764e5\" aria-label=\"Banner_Obras_PortallavrasTV\"><img src=\"https:\/\/lavras.tv\/site\/wp-content\/uploads\/2025\/03\/Banner_Obras_PortallavrasTV.png\" alt=\"\"  srcset=\"https:\/\/lavras.tv\/site\/wp-content\/uploads\/2025\/03\/Banner_Obras_PortallavrasTV.png 720w, https:\/\/lavras.tv\/site\/wp-content\/uploads\/2025\/03\/Banner_Obras_PortallavrasTV-470x68.png 470w, https:\/\/lavras.tv\/site\/wp-content\/uploads\/2025\/03\/Banner_Obras_PortallavrasTV-170x25.png 170w, https:\/\/lavras.tv\/site\/wp-content\/uploads\/2025\/03\/Banner_Obras_PortallavrasTV-200x29.png 200w\" sizes=\"(max-width: 720px) 100vw, 720px\" width=\"720\" height=\"104\"   \/><\/a><\/li><li><div style=\"margin-left: auto;margin-right: auto;text-align: center;\" id=\"lavra-1209390451\"><a href=\"https:\/\/sistemas.lavras.mg.gov.br\/portalcidadao\/#df1b1a7c7b2a290bcb31e32771e610784662739a88807c0dacac58ede5f391a7530e299dc302d611ee73cb143fc22eaf93592e53e7b5bdb01b00a0b8d28dae460c141dd2ff83412e4dc1c31b16b25f33144a9e5620ea73b13f5bc1c59411d98439ad226e8af03840603796067d87afe130812cf3de24982d0e306f9e61e764e5\" aria-label=\"Banner_Educa\u00e7\u00e3o_PortallavrasTV\"><img src=\"https:\/\/lavras.tv\/site\/wp-content\/uploads\/2025\/01\/Banner_Educacao_PortallavrasTV.png\" alt=\"\"  srcset=\"https:\/\/lavras.tv\/site\/wp-content\/uploads\/2025\/01\/Banner_Educacao_PortallavrasTV.png 720w, https:\/\/lavras.tv\/site\/wp-content\/uploads\/2025\/01\/Banner_Educacao_PortallavrasTV-470x68.png 470w, https:\/\/lavras.tv\/site\/wp-content\/uploads\/2025\/01\/Banner_Educacao_PortallavrasTV-170x25.png 170w, https:\/\/lavras.tv\/site\/wp-content\/uploads\/2025\/01\/Banner_Educacao_PortallavrasTV-200x29.png 200w\" sizes=\"(max-width: 720px) 100vw, 720px\" width=\"720\" height=\"104\"  style=\"display: inline-block;\" \/><\/a><\/div><\/li><li><a href=\"https:\/\/sistemas.lavras.mg.gov.br\/portalcidadao\/#df1b1a7c7b2a290bcb31e32771e610784662739a88807c0dacac58ede5f391a7530e299dc302d611ee73cb143fc22eaf93592e53e7b5bdb01b00a0b8d28dae460c141dd2ff83412e4dc1c31b16b25f33144a9e5620ea73b13f5bc1c59411d98439ad226e8af03840603796067d87afe130812cf3de24982d0e306f9e61e764e5\" aria-label=\"Banner_Sa\u00fade_PortallavrasTV\"><img src=\"https:\/\/lavras.tv\/site\/wp-content\/uploads\/2025\/03\/Banner_Saude_PortallavrasTV.png\" alt=\"\"  srcset=\"https:\/\/lavras.tv\/site\/wp-content\/uploads\/2025\/03\/Banner_Saude_PortallavrasTV.png 720w, https:\/\/lavras.tv\/site\/wp-content\/uploads\/2025\/03\/Banner_Saude_PortallavrasTV-470x68.png 470w, https:\/\/lavras.tv\/site\/wp-content\/uploads\/2025\/03\/Banner_Saude_PortallavrasTV-170x25.png 170w, https:\/\/lavras.tv\/site\/wp-content\/uploads\/2025\/03\/Banner_Saude_PortallavrasTV-200x29.png 200w\" sizes=\"(max-width: 720px) 100vw, 720px\" width=\"720\" height=\"104\"   \/><\/a><\/li><li><div id=\"lavra-874396374\" style=\"width:720px;height:104px;background-color:#ddd;overflow:scroll;\">\n\t<strong>Sa\u00edda da depura\u00e7\u00e3o de an\u00fancios<\/strong>\n\t<br><br>\n\tO an\u00fancio n\u00e3o \u00e9 exibido na p\u00e1gina<br><br>post atual: MEIs t\u00eam at\u00e9 o fim de janeiro para regularizarem d\u00edvidas com descontos, ID: 168812<br><br><span style=\"color: red;\">O post atual n\u00e3o \u00e9 id\u00eantico ao post principal.<\/span><br><br>An\u00fancios: ROXO - TOPO INTERNA - ROTATIVO 2 (197)<br \/>Grupo de an\u00fancios: Princ_Meio01_720x104 (27)<br><br>Condi\u00e7\u00f5es de exibi\u00e7\u00e3o<div style=\"margin-bottom: 20px; white-space: pre-wrap; font-family: monospace; width: 100%; background: #ffe9e9;\"><strong>condi\u00e7\u00f5es gerais<\/strong><table border=\"1\"><thead><tr><th><\/th><th>An\u00fancios<\/th><th>wp_the_query<\/th><\/tr><\/thead><tr><td>is_main_query<\/td><td>1<\/td><td>1<\/td><\/tr><tr><td>is_rest_api<\/td><td>0<\/td><td>1<\/td><\/tr><tr><td>page<\/td><td>0<\/td><td>1<\/td><\/tr><tr><td>numpages<\/td><td>0<\/td><td>1<\/td><\/tr><tr><td>is_archive<\/td><td>1<\/td><td><\/td><\/tr><tr><td>is_search<\/td><td>1<\/td><td><\/td><\/tr><tr><td>is_home<\/td><td>1<\/td><td><\/td><\/tr><tr><td>is_404<\/td><td>1<\/td><td><\/td><\/tr><tr><td>is_attachment<\/td><td>1<\/td><td><\/td><\/tr><tr><td>is_singular<\/td><td>1<\/td><td><\/td><\/tr><tr><td>is_front_page<\/td><td>1<\/td><td><\/td><\/tr><tr><td>is_feed<\/td><td>1<\/td><td><\/td><\/tr><\/table><\/div><br><br><span style=\"color: red;\">Seu site usa HTTPS, mas o c\u00f3digo do an\u00fancio cont\u00e9m HTTP e pode n\u00e3o funcionar.<\/span>\t<br><br>\n\t<a style=\"color: green;\" href=\"https:\/\/wpadvancedads.com\/manual\/ad-debug-mode\/?utm_source=advanced-ads&utm_medium=link&utm_campaign=ad-debug-mode\" target=\"_blank\" rel=\"nofollow\">Encontre solu\u00e7\u00f5es no manual<\/a>\n<\/div>\n<\/li><\/ul><\/div><script>( window.advanced_ads_ready || jQuery( document ).ready ).call( null, function() {var $lavraslider1503396532 = jQuery( \".lavra-slider-1503396532\" );$lavraslider1503396532.on( \"unslider.ready\", function() { jQuery( \"div.custom-slider ul li\" ).css( \"display\", \"block\" ); });$lavraslider1503396532.unslider({ delay:4000, autoplay:true, nav:false, arrows:false, infinite:true });$lavraslider1503396532.on(\"mouseover\", function() {$lavraslider1503396532.unslider(\"stop\");}).on(\"mouseout\", function() {$lavraslider1503396532.unslider(\"start\");});});<\/script><\/div>\n<h2 class=\"wp-block-heading\">Governo est\u00e1 oferecendo condi\u00e7\u00f5es espec\u00edficas para negociar as d\u00edvidas de microempreendedores com a Uni\u00e3o<\/h2>\n\n\n\n<p><img fetchpriority=\"high\" decoding=\"async\" alt=\"Microempreendedor Individual (MEI)\" width=\"1000\" height=\"563\" src=\"https:\/\/medias.itatiaia.com.br\/dims4\/default\/00780b5\/2147483647\/strip\/true\/crop\/494x278+3+0\/resize\/1000x563!\/quality\/90\/?url=https%3A%2F%2Fk2-prod-radio-itatiaia.s3.us-east-1.amazonaws.com%2Fbrightspot%2F50%2Fee%2F077029e743b38cc1383ab2b63c37%2Fdiario.jfif\"><\/p>\n\n\n\n<p>Reprodu\u00e7\u00e3o | Associa\u00e7\u00e3o Comercial da Bahia<\/p>\n\n\n\n<p>MEIs podem conseguir um acordo para pagarem d\u00edvidas com at\u00e9 114 presta\u00e7\u00f5es<\/p>\n\n\n\n<p><a href=\"https:\/\/www.itatiaia.com.br\/suldeminas\/contribuicao-do-mei-sobe-para-r-1-627-com-novo-salario-minimo-em-2026\"><strong>Microempreendedores individuais (MEIs)<\/strong><\/a>&nbsp;com pend\u00eancias inscritas na d\u00edvida ativa da Uni\u00e3o t\u00eam at\u00e9 o dia 30 de janeiro para aderirem a um acordo para regularizar a situa\u00e7\u00e3o com descontos que podem chegar a at\u00e9 100% sobre os valores de juros. As condi\u00e7\u00f5es est\u00e3o previstas no Edital n\u00ba 11\/2025 da Procuradoria-Geral da Fazenda Nacional, prorrogado em setembro do ano passado.<\/p>\n\n\n\n<p>O documento prev\u00ea condi\u00e7\u00f5es diferenciadas para o pagamento em quatro situa\u00e7\u00f5es, incluindo uma para d\u00e9bitos de pequeno valor dos MEIs. Confira:<\/p>\n\n\n\n<ul class=\"wp-block-list\">\n<li>Transa\u00e7\u00e3o condicionada \u00e0 capacidade de pagamento: permite ajustar prazos e descontos (65% no geral ou 70% para pessoas f\u00edsicas, MEIs, micro e pequenas empresas e outras;<\/li>\n\n\n\n<li>Transa\u00e7\u00e3o de d\u00e9bitos considerados irrecuper\u00e1veis: condi\u00e7\u00f5es vantajosas com descontos que chegam a 65% ou 70%;<\/li>\n\n\n\n<li>Transa\u00e7\u00e3o de pequeno valor: direiconada a d\u00e9bitos consolidados de at\u00e9 60 sal\u00e1rios m\u00ednimos, com faixas de desconto espec\u00edficas e tratamento diferenciado para MEI;<\/li>\n\n\n\n<li>Transa\u00e7\u00e3o de d\u00e9bitos garantidos: possibilita a negocia\u00e7\u00e3o de d\u00edvidas com seguro garantia ou carta fian\u00e7a, focando no parcelamento do valor de entrada, sem descontos sobre o principal.<\/li>\n<\/ul>\n\n\n\n<p>De acordo com o procurador-geral adjunto da D\u00edvida Ativa da Uni\u00e3o e FGTS, Jo\u00e3o Grognet, as condi\u00e7\u00f5es diferenciadas para MEI levaram em conta a hipossufici\u00eancia e vulnerabilidade desses contribuintes que s\u00e3o parte relevante na cadeia econ\u00f4mica do pa\u00eds.<\/p>\n\n\n\n<p>\u201cCom a regulariza\u00e7\u00e3o da d\u00edvida, os microempreendedores tamb\u00e9m se comprometem a manter sua regularidade fiscal daqui para frente, o que \u00e9 ben\u00e9fico para a Uni\u00e3o. Por outro lado, o contribuinte volta a ter, por exemplo, acesso a linhas de cr\u00e9dito, podendo investir no seu neg\u00f3cio e gerar ainda mais renda para a economia do pa\u00eds\u201d, disse.<\/p>\n\n\n\n<p>Nos casos de pagamento condicionados \u00e0 capacidade, os d\u00e9bitos poder\u00e3o ser negociados mediante uma entrada de apenas 6% do valor total da d\u00edvida consolidada. Essa entrada poder\u00e1 ser paga em at\u00e9 seis vezes e o saldo remanescente em at\u00e9 114 presta\u00e7\u00f5es mensais e sucessivas.<\/p>\n\n\n\n<p>Em rela\u00e7\u00e3o aos d\u00e9bitos considerados irrecuper\u00e1veis, o edital pede pagamento de 5% de entrada do valor total da d\u00edvida consolidada, em at\u00e9 12 presta\u00e7\u00f5es mensais, podendo o saldo remanescente ser quitado em at\u00e9 108 presta\u00e7\u00f5es mensais e sucessivas com desconto de at\u00e9 100% sobre os valores de juros, multas e encargos.<\/p>\n\n\n\n<p>Podem aderir ao acordo contribuintes com d\u00edvidas de natureza tribut\u00e1ria ou n\u00e3o tribut\u00e1ria no valor igual ou inferior a R$ 45 milh\u00f5es, inscritos at\u00e9 4 de mar\u00e7o de 2025 no caso da modalidade de transa\u00e7\u00e3o por capacidade de pagamento, transa\u00e7\u00e3o de d\u00e9bitos considerados irrecuper\u00e1veis e transa\u00e7\u00e3o de inscri\u00e7\u00f5es garantidas por seguro garantia ou carta fian\u00e7a; e at\u00e9 2 de junho de 2024 na modalidade de transa\u00e7\u00e3o de pequeno valor.&nbsp;<a href=\"https:\/\/www.gov.br\/pgfn\/pt-br\/assuntos\/noticias\/2025\/novo-edital-de-transacao-da-pgfn\" target=\"_blank\" rel=\"noreferrer noopener\"><strong>Confira o edital.<\/strong><\/a><\/p>\n","protected":false},"excerpt":{"rendered":"<p>Governo est\u00e1 oferecendo condi\u00e7\u00f5es espec\u00edficas para negociar as d\u00edvidas de microempreendedores com a Uni\u00e3o Reprodu\u00e7\u00e3o | Associa\u00e7\u00e3o Comercial da Bahia MEIs podem conseguir um acordo para pagarem d\u00edvidas com at\u00e9 114 presta\u00e7\u00f5es Microempreendedores individuais (MEIs)&nbsp;com pend\u00eancias inscritas na d\u00edvida ativa da Uni\u00e3o t\u00eam at\u00e9 o dia 30 de janeiro para aderirem a um acordo para [&hellip;]<\/p>\n","protected":false},"author":5,"featured_media":168813,"comment_status":"closed","ping_status":"open","sticky":false,"template":"","format":"standard","meta":{"advgb_blocks_editor_width":"","advgb_blocks_columns_visual_guide":"","_exactmetrics_skip_tracking":false,"_exactmetrics_sitenote_active":false,"_exactmetrics_sitenote_note":"","_exactmetrics_sitenote_category":0,"footnotes":""},"categories":[7,2],"tags":[],"class_list":["post-168812","post","type-post","status-publish","format-standard","has-post-thumbnail","hentry","category-destaques","category-noticias"],"better_featured_image":{"id":168813,"alt_text":"","caption":"","description":"","media_type":"image","media_details":{"width":1000,"height":563,"file":"2026\/01\/download-6.webp","filesize":42802,"sizes":{"medium":{"file":"download-6-470x265.webp","width":470,"height":265,"mime-type":"image\/webp","filesize":16746,"source_url":"https:\/\/lavras.tv\/site\/wp-content\/uploads\/2026\/01\/download-6-470x265.webp"},"large":{"file":"download-6-970x546.webp","width":970,"height":546,"mime-type":"image\/webp","filesize":39330,"source_url":"https:\/\/lavras.tv\/site\/wp-content\/uploads\/2026\/01\/download-6-970x546.webp"},"thumbnail":{"file":"download-6-170x96.webp","width":170,"height":96,"mime-type":"image\/webp","filesize":4764,"source_url":"https:\/\/lavras.tv\/site\/wp-content\/uploads\/2026\/01\/download-6-170x96.webp"},"alm-thumbnail":{"file":"download-6-150x150.webp","width":150,"height":150,"mime-type":"image\/webp","filesize":4542,"source_url":"https:\/\/lavras.tv\/site\/wp-content\/uploads\/2026\/01\/download-6-150x150.webp"},"sow-carousel-default":{"file":"download-6-272x182.webp","width":272,"height":182,"mime-type":"image\/webp","filesize":8826,"source_url":"https:\/\/lavras.tv\/site\/wp-content\/uploads\/2026\/01\/download-6-272x182.webp"}},"image_meta":{"aperture":"0","credit":"","camera":"","caption":"","created_timestamp":"0","copyright":"","focal_length":"0","iso":"0","shutter_speed":"0","title":"","orientation":"0","keywords":[]}},"post":168812,"source_url":"https:\/\/lavras.tv\/site\/wp-content\/uploads\/2026\/01\/download-6.webp"},"author_meta":{"display_name":"Vinicius Bustamante","author_link":"https:\/\/lavras.tv\/site\/author\/vinicius-bustamante\/"},"featured_img":"https:\/\/lavras.tv\/site\/wp-content\/uploads\/2026\/01\/download-6-470x265.webp","coauthors":[],"tax_additional":{"categories":{"linked":["<a href=\"https:\/\/lavras.tv\/site\/category\/destaques\/\" class=\"advgb-post-tax-term\">Destaques<\/a>","<a href=\"https:\/\/lavras.tv\/site\/category\/noticias\/\" class=\"advgb-post-tax-term\">Not\u00edcias<\/a>"],"unlinked":["<span class=\"advgb-post-tax-term\">Destaques<\/span>","<span class=\"advgb-post-tax-term\">Not\u00edcias<\/span>"]}},"comment_count":"0","relative_dates":{"created":"Publicado 4 meses atr\u00e1s","modified":"Atualizado 4 meses atr\u00e1s"},"absolute_dates":{"created":"Publicado em 8 de janeiro de 2026","modified":"Atualizado em 8 de janeiro de 2026"},"absolute_dates_time":{"created":"Publicado em 8 de janeiro de 2026 18:10","modified":"Atualizado em 8 de janeiro de 2026 18:10"},"featured_img_caption":"","series_order":"","_links":{"self":[{"href":"https:\/\/lavras.tv\/site\/wp-json\/wp\/v2\/posts\/168812","targetHints":{"allow":["GET"]}}],"collection":[{"href":"https:\/\/lavras.tv\/site\/wp-json\/wp\/v2\/posts"}],"about":[{"href":"https:\/\/lavras.tv\/site\/wp-json\/wp\/v2\/types\/post"}],"author":[{"embeddable":true,"href":"https:\/\/lavras.tv\/site\/wp-json\/wp\/v2\/users\/5"}],"replies":[{"embeddable":true,"href":"https:\/\/lavras.tv\/site\/wp-json\/wp\/v2\/comments?post=168812"}],"version-history":[{"count":1,"href":"https:\/\/lavras.tv\/site\/wp-json\/wp\/v2\/posts\/168812\/revisions"}],"predecessor-version":[{"id":168814,"href":"https:\/\/lavras.tv\/site\/wp-json\/wp\/v2\/posts\/168812\/revisions\/168814"}],"wp:featuredmedia":[{"embeddable":true,"href":"https:\/\/lavras.tv\/site\/wp-json\/wp\/v2\/media\/168813"}],"wp:attachment":[{"href":"https:\/\/lavras.tv\/site\/wp-json\/wp\/v2\/media?parent=168812"}],"wp:term":[{"taxonomy":"category","embeddable":true,"href":"https:\/\/lavras.tv\/site\/wp-json\/wp\/v2\/categories?post=168812"},{"taxonomy":"post_tag","embeddable":true,"href":"https:\/\/lavras.tv\/site\/wp-json\/wp\/v2\/tags?post=168812"}],"curies":[{"name":"wp","href":"https:\/\/api.w.org\/{rel}","templated":true}]}}