{"id":168822,"date":"2026-01-09T13:42:06","date_gmt":"2026-01-09T16:42:06","guid":{"rendered":"https:\/\/lavras.tv\/site\/?p=168822"},"modified":"2026-01-09T13:42:07","modified_gmt":"2026-01-09T16:42:07","slug":"aneel-divulga-calendario-para-acionamento-das-bandeiras-tarifarias-na-conta-de-luz","status":"publish","type":"post","link":"https:\/\/lavras.tv\/site\/2026\/01\/09\/aneel-divulga-calendario-para-acionamento-das-bandeiras-tarifarias-na-conta-de-luz\/","title":{"rendered":"Aneel divulga calend\u00e1rio para acionamento das bandeiras tarif\u00e1rias na conta de luz"},"content":{"rendered":"<div class=\"lavra-antes-do-conteudo_2\" id=\"lavra-1149267432\"><div id=\"lavra-slider-27\" class=\"custom-slider lavra-slider-907582786 lavra-slider\"><ul><li><div style=\"margin-left: auto;margin-right: auto;text-align: center;\" id=\"lavra-1471644957\"><a href=\"https:\/\/sistemas.lavras.mg.gov.br\/portalcidadao\/#df1b1a7c7b2a290bcb31e32771e610784662739a88807c0dacac58ede5f391a7530e299dc302d611ee73cb143fc22eaf93592e53e7b5bdb01b00a0b8d28dae460c141dd2ff83412e4dc1c31b16b25f33144a9e5620ea73b13f5bc1c59411d98439ad226e8af03840603796067d87afe130812cf3de24982d0e306f9e61e764e5\" aria-label=\"Lavras-TV&#8211;720x104px (1) (1)\"><img src=\"https:\/\/lavras.tv\/site\/wp-content\/uploads\/2025\/01\/Lavras-TV-720x104px-1-1.png\" alt=\"\"  srcset=\"https:\/\/lavras.tv\/site\/wp-content\/uploads\/2025\/01\/Lavras-TV-720x104px-1-1.png 720w, https:\/\/lavras.tv\/site\/wp-content\/uploads\/2025\/01\/Lavras-TV-720x104px-1-1-470x68.png 470w, https:\/\/lavras.tv\/site\/wp-content\/uploads\/2025\/01\/Lavras-TV-720x104px-1-1-170x25.png 170w, https:\/\/lavras.tv\/site\/wp-content\/uploads\/2025\/01\/Lavras-TV-720x104px-1-1-200x29.png 200w\" sizes=\"(max-width: 720px) 100vw, 720px\" width=\"720\" height=\"104\"  style=\"display: inline-block;\" \/><\/a><\/div><\/li><li><a href=\"https:\/\/sistemas.lavras.mg.gov.br\/portalcidadao\/#df1b1a7c7b2a290bcb31e32771e610784662739a88807c0dacac58ede5f391a7530e299dc302d611ee73cb143fc22eaf93592e53e7b5bdb01b00a0b8d28dae460c141dd2ff83412e4dc1c31b16b25f33144a9e5620ea73b13f5bc1c59411d98439ad226e8af03840603796067d87afe130812cf3de24982d0e306f9e61e764e5\" aria-label=\"Banner_Emprego_PortallavrasTV\"><img src=\"https:\/\/lavras.tv\/site\/wp-content\/uploads\/2025\/03\/Banner_Emprego_PortallavrasTV.png\" alt=\"\"  srcset=\"https:\/\/lavras.tv\/site\/wp-content\/uploads\/2025\/03\/Banner_Emprego_PortallavrasTV.png 720w, https:\/\/lavras.tv\/site\/wp-content\/uploads\/2025\/03\/Banner_Emprego_PortallavrasTV-470x68.png 470w, https:\/\/lavras.tv\/site\/wp-content\/uploads\/2025\/03\/Banner_Emprego_PortallavrasTV-170x25.png 170w, https:\/\/lavras.tv\/site\/wp-content\/uploads\/2025\/03\/Banner_Emprego_PortallavrasTV-200x29.png 200w\" sizes=\"(max-width: 720px) 100vw, 720px\" width=\"720\" height=\"104\"   \/><\/a><\/li><li><a href=\"https:\/\/sistemas.lavras.mg.gov.br\/portalcidadao\/#df1b1a7c7b2a290bcb31e32771e610784662739a88807c0dacac58ede5f391a7530e299dc302d611ee73cb143fc22eaf93592e53e7b5bdb01b00a0b8d28dae460c141dd2ff83412e4dc1c31b16b25f33144a9e5620ea73b13f5bc1c59411d98439ad226e8af03840603796067d87afe130812cf3de24982d0e306f9e61e764e5\" aria-label=\"Banner_Obras_PortallavrasTV\"><img src=\"https:\/\/lavras.tv\/site\/wp-content\/uploads\/2025\/03\/Banner_Obras_PortallavrasTV.png\" alt=\"\"  srcset=\"https:\/\/lavras.tv\/site\/wp-content\/uploads\/2025\/03\/Banner_Obras_PortallavrasTV.png 720w, https:\/\/lavras.tv\/site\/wp-content\/uploads\/2025\/03\/Banner_Obras_PortallavrasTV-470x68.png 470w, https:\/\/lavras.tv\/site\/wp-content\/uploads\/2025\/03\/Banner_Obras_PortallavrasTV-170x25.png 170w, https:\/\/lavras.tv\/site\/wp-content\/uploads\/2025\/03\/Banner_Obras_PortallavrasTV-200x29.png 200w\" sizes=\"(max-width: 720px) 100vw, 720px\" width=\"720\" height=\"104\"   \/><\/a><\/li><li><div style=\"margin-left: auto;margin-right: auto;text-align: center;\" id=\"lavra-3714497197\"><a href=\"https:\/\/sistemas.lavras.mg.gov.br\/portalcidadao\/#df1b1a7c7b2a290bcb31e32771e610784662739a88807c0dacac58ede5f391a7530e299dc302d611ee73cb143fc22eaf93592e53e7b5bdb01b00a0b8d28dae460c141dd2ff83412e4dc1c31b16b25f33144a9e5620ea73b13f5bc1c59411d98439ad226e8af03840603796067d87afe130812cf3de24982d0e306f9e61e764e5\" aria-label=\"Banner_Educa\u00e7\u00e3o_PortallavrasTV\"><img src=\"https:\/\/lavras.tv\/site\/wp-content\/uploads\/2025\/01\/Banner_Educacao_PortallavrasTV.png\" alt=\"\"  srcset=\"https:\/\/lavras.tv\/site\/wp-content\/uploads\/2025\/01\/Banner_Educacao_PortallavrasTV.png 720w, https:\/\/lavras.tv\/site\/wp-content\/uploads\/2025\/01\/Banner_Educacao_PortallavrasTV-470x68.png 470w, https:\/\/lavras.tv\/site\/wp-content\/uploads\/2025\/01\/Banner_Educacao_PortallavrasTV-170x25.png 170w, https:\/\/lavras.tv\/site\/wp-content\/uploads\/2025\/01\/Banner_Educacao_PortallavrasTV-200x29.png 200w\" sizes=\"(max-width: 720px) 100vw, 720px\" width=\"720\" height=\"104\"  style=\"display: inline-block;\" \/><\/a><\/div><\/li><li><a href=\"https:\/\/sistemas.lavras.mg.gov.br\/portalcidadao\/#df1b1a7c7b2a290bcb31e32771e610784662739a88807c0dacac58ede5f391a7530e299dc302d611ee73cb143fc22eaf93592e53e7b5bdb01b00a0b8d28dae460c141dd2ff83412e4dc1c31b16b25f33144a9e5620ea73b13f5bc1c59411d98439ad226e8af03840603796067d87afe130812cf3de24982d0e306f9e61e764e5\" aria-label=\"Banner_Sa\u00fade_PortallavrasTV\"><img src=\"https:\/\/lavras.tv\/site\/wp-content\/uploads\/2025\/03\/Banner_Saude_PortallavrasTV.png\" alt=\"\"  srcset=\"https:\/\/lavras.tv\/site\/wp-content\/uploads\/2025\/03\/Banner_Saude_PortallavrasTV.png 720w, https:\/\/lavras.tv\/site\/wp-content\/uploads\/2025\/03\/Banner_Saude_PortallavrasTV-470x68.png 470w, https:\/\/lavras.tv\/site\/wp-content\/uploads\/2025\/03\/Banner_Saude_PortallavrasTV-170x25.png 170w, https:\/\/lavras.tv\/site\/wp-content\/uploads\/2025\/03\/Banner_Saude_PortallavrasTV-200x29.png 200w\" sizes=\"(max-width: 720px) 100vw, 720px\" width=\"720\" height=\"104\"   \/><\/a><\/li><li><div id=\"lavra-1681045528\" style=\"width:720px;height:104px;background-color:#ddd;overflow:scroll;\">\n\t<strong>Sa\u00edda da depura\u00e7\u00e3o de an\u00fancios<\/strong>\n\t<br><br>\n\tO an\u00fancio n\u00e3o \u00e9 exibido na p\u00e1gina<br><br>post atual: Aneel divulga calend\u00e1rio para acionamento das bandeiras tarif\u00e1rias na conta de luz, ID: 168822<br><br><span style=\"color: red;\">O post atual n\u00e3o \u00e9 id\u00eantico ao post principal.<\/span><br><br>An\u00fancios: ROXO - TOPO INTERNA - ROTATIVO 2 (197)<br \/>Grupo de an\u00fancios: Princ_Meio01_720x104 (27)<br><br>Condi\u00e7\u00f5es de exibi\u00e7\u00e3o<div style=\"margin-bottom: 20px; white-space: pre-wrap; font-family: monospace; width: 100%; background: #ffe9e9;\"><strong>condi\u00e7\u00f5es gerais<\/strong><table border=\"1\"><thead><tr><th><\/th><th>An\u00fancios<\/th><th>wp_the_query<\/th><\/tr><\/thead><tr><td>is_main_query<\/td><td>1<\/td><td>1<\/td><\/tr><tr><td>is_rest_api<\/td><td>0<\/td><td>1<\/td><\/tr><tr><td>page<\/td><td>0<\/td><td>1<\/td><\/tr><tr><td>numpages<\/td><td>0<\/td><td>1<\/td><\/tr><tr><td>is_archive<\/td><td>1<\/td><td><\/td><\/tr><tr><td>is_search<\/td><td>1<\/td><td><\/td><\/tr><tr><td>is_home<\/td><td>1<\/td><td><\/td><\/tr><tr><td>is_404<\/td><td>1<\/td><td><\/td><\/tr><tr><td>is_attachment<\/td><td>1<\/td><td><\/td><\/tr><tr><td>is_singular<\/td><td>1<\/td><td><\/td><\/tr><tr><td>is_front_page<\/td><td>1<\/td><td><\/td><\/tr><tr><td>is_feed<\/td><td>1<\/td><td><\/td><\/tr><\/table><\/div><br><br><span style=\"color: red;\">Seu site usa HTTPS, mas o c\u00f3digo do an\u00fancio cont\u00e9m HTTP e pode n\u00e3o funcionar.<\/span>\t<br><br>\n\t<a style=\"color: green;\" href=\"https:\/\/wpadvancedads.com\/manual\/ad-debug-mode\/?utm_source=advanced-ads&utm_medium=link&utm_campaign=ad-debug-mode\" target=\"_blank\" rel=\"nofollow\">Encontre solu\u00e7\u00f5es no manual<\/a>\n<\/div>\n<\/li><\/ul><\/div><script>( window.advanced_ads_ready || jQuery( document ).ready ).call( null, function() {var $lavraslider907582786 = jQuery( \".lavra-slider-907582786\" );$lavraslider907582786.on( \"unslider.ready\", function() { jQuery( \"div.custom-slider ul li\" ).css( \"display\", \"block\" ); });$lavraslider907582786.unslider({ delay:4000, autoplay:true, nav:false, arrows:false, infinite:true });$lavraslider907582786.on(\"mouseover\", function() {$lavraslider907582786.unslider(\"stop\");}).on(\"mouseout\", function() {$lavraslider907582786.unslider(\"start\");});});<\/script><\/div>\n<h2 class=\"wp-block-heading\">Ag\u00eancia Nacional de Energia El\u00e9trica detalhou o calend\u00e1rio para a divulga\u00e7\u00e3o da bandeira da conta de luz em todos os os meses de 2026<\/h2>\n\n\n\n<figure class=\"wp-block-image\"><img decoding=\"async\" src=\"https:\/\/medias.itatiaia.com.br\/dims4\/default\/64e0da5\/2147483647\/strip\/true\/crop\/1115x628+42+0\/resize\/1000x563!\/quality\/90\/?url=https%3A%2F%2Fk2-prod-radio-itatiaia.s3.us-east-1.amazonaws.com%2Fbrightspot%2Fe1%2F14%2F76a822b6424596c855b9eebe37fe%2Fwhatsapp-image-2025-08-26-at-09-47-04.jpeg\" alt=\"conta de luz \"\/><\/figure>\n\n\n\n<p>Marcello Casal Jr\/Ag\u00eancia Brasil<\/p>\n\n\n\n<p>Calend\u00e1rio n\u00e3o significa que vai haver custo extra na conta todos os meses<\/p>\n\n\n\n<p>A Ag\u00eancia Nacional de Energia El\u00e9trica (Aneel) divulgou na quarta-feira (7) o calend\u00e1rio de acionamento das bandeiras tarif\u00e1rias que ir\u00e3o vigorar a cada m\u00eas em 2026. Ao longo do ano, a reguladora vai divulgar, nas datas previstas, a cor da bandeira vigente no m\u00eas seguinte.<\/p>\n\n\n\n<p>Em janeiro, por exemplo, a Aneel acionou a bandeira verde na conta de luz, indicando que n\u00e3o h\u00e1 um custo extra na gera\u00e7\u00e3o de energia e que n\u00e3o haver\u00e1 adicional nas contas dos consumidores. Em dezembro, por exemplo, vigorou a bandeira amarela, acionada quando as condi\u00e7\u00f5es n\u00e3o s\u00e3o muito favor\u00e1veis para a gera\u00e7\u00e3o e adicionando R$ 1,88 para cada 100 kW\/h consumido pelo cidad\u00e3o.<\/p>\n\n\n\n<p>Segundo a ag\u00eancia regulat\u00f3ria, mesmo com o per\u00edodo chuvoso abaixo da m\u00e9dia hist\u00f3rica, novembro e dezembro houve uma manuten\u00e7\u00e3o do volume de chuvas e do n\u00edvel dos reservat\u00f3rios das usinas hidrel\u00e9tricas. \u201cEm janeiro de 2026 n\u00e3o ser\u00e1 necess\u00e1rio despachar as usinas termel\u00e9tricas na mesma quantidade do m\u00eas anterior, o que evita a cobran\u00e7a de custos adicionais na conta de energia do consumidor\u201d, disse a Aneel.<\/p>\n\n\n\n<h2 class=\"wp-block-heading\">Entenda as bandeiras tarif\u00e1rias<\/h2>\n\n\n\n<ul class=\"wp-block-list\">\n<li>Bandeira verde, condi\u00e7\u00f5es favor\u00e1veis &#8211; sem custo extra;<\/li>\n\n\n\n<li>Bandeira amarela, condi\u00e7\u00f5es menos favor\u00e1veis &#8211; R$ 1,88 a cada 100 kWh<\/li>\n\n\n\n<li>Bandeira vermelha 1, condi\u00e7\u00f5es desfavor\u00e1veis &#8211; R$ 4,46 a cada 100 kWh<\/li>\n\n\n\n<li>Bandeira vermelha 2, condi\u00e7\u00f5es muito desfavor\u00e1veis &#8211; R$ 7,87 a cada 100 kWh<\/li>\n<\/ul>\n\n\n\n<h2 class=\"wp-block-heading\">Veja o calend\u00e1rio das bandeiras tarif\u00e1rias<\/h2>\n\n\n\n<figure class=\"wp-block-table\"><table class=\"has-fixed-layout\"><tbody><tr><td><strong>M\u00eas<\/strong><\/td><td><strong>Data da publica\u00e7\u00e3o<\/strong><\/td><\/tr><tr><td>Fevereiro<\/td><td>30 de janeiro<\/td><\/tr><tr><td>Mar\u00e7o<\/td><td>27 de fevereiro<\/td><\/tr><tr><td>Abril<\/td><td>27 de mar\u00e7o<\/td><\/tr><tr><td>Maio<\/td><td>24 de abril<\/td><\/tr><tr><td>Junho<\/td><td>29 de maio<\/td><\/tr><tr><td>Julho<\/td><td>26 de junho<\/td><\/tr><tr><td>Agosto<\/td><td>31 de julho<\/td><\/tr><tr><td>Setembro<\/td><td>28 de agosto<\/td><\/tr><tr><td>Outubro<\/td><td>25 de setembro<\/td><\/tr><tr><td>Novembro<\/td><td>30 de outubro<\/td><\/tr><tr><td>Dezembro<\/td><td>27 de novembro<\/td><\/tr><tr><td>Janeiro de 2027<\/td><td>23 de dezembro<\/td><\/tr><\/tbody><\/table><\/figure>\n","protected":false},"excerpt":{"rendered":"<p>Ag\u00eancia Nacional de Energia El\u00e9trica detalhou o calend\u00e1rio para a divulga\u00e7\u00e3o da bandeira da conta de luz em todos os os meses de 2026 Marcello Casal Jr\/Ag\u00eancia Brasil Calend\u00e1rio n\u00e3o significa que vai haver custo extra na conta todos os meses A Ag\u00eancia Nacional de Energia El\u00e9trica (Aneel) divulgou na quarta-feira (7) o calend\u00e1rio de [&hellip;]<\/p>\n","protected":false},"author":5,"featured_media":168823,"comment_status":"closed","ping_status":"open","sticky":false,"template":"","format":"standard","meta":{"advgb_blocks_editor_width":"","advgb_blocks_columns_visual_guide":"","_exactmetrics_skip_tracking":false,"_exactmetrics_sitenote_active":false,"_exactmetrics_sitenote_note":"","_exactmetrics_sitenote_category":0,"footnotes":""},"categories":[7,2],"tags":[],"class_list":["post-168822","post","type-post","status-publish","format-standard","has-post-thumbnail","hentry","category-destaques","category-noticias"],"better_featured_image":{"id":168823,"alt_text":"","caption":"","description":"","media_type":"image","media_details":{"width":1000,"height":563,"file":"2026\/01\/download-8.webp","filesize":41066,"sizes":{"medium":{"file":"download-8-470x265.webp","width":470,"height":265,"mime-type":"image\/webp","filesize":18120,"source_url":"https:\/\/lavras.tv\/site\/wp-content\/uploads\/2026\/01\/download-8-470x265.webp"},"large":{"file":"download-8-970x546.webp","width":970,"height":546,"mime-type":"image\/webp","filesize":42046,"source_url":"https:\/\/lavras.tv\/site\/wp-content\/uploads\/2026\/01\/download-8-970x546.webp"},"thumbnail":{"file":"download-8-170x96.webp","width":170,"height":96,"mime-type":"image\/webp","filesize":4510,"source_url":"https:\/\/lavras.tv\/site\/wp-content\/uploads\/2026\/01\/download-8-170x96.webp"},"alm-thumbnail":{"file":"download-8-150x150.webp","width":150,"height":150,"mime-type":"image\/webp","filesize":5606,"source_url":"https:\/\/lavras.tv\/site\/wp-content\/uploads\/2026\/01\/download-8-150x150.webp"},"sow-carousel-default":{"file":"download-8-272x182.webp","width":272,"height":182,"mime-type":"image\/webp","filesize":9626,"source_url":"https:\/\/lavras.tv\/site\/wp-content\/uploads\/2026\/01\/download-8-272x182.webp"}},"image_meta":{"aperture":"0","credit":"","camera":"","caption":"","created_timestamp":"0","copyright":"","focal_length":"0","iso":"0","shutter_speed":"0","title":"","orientation":"0","keywords":[]}},"post":168822,"source_url":"https:\/\/lavras.tv\/site\/wp-content\/uploads\/2026\/01\/download-8.webp"},"author_meta":{"display_name":"Vinicius Bustamante","author_link":"https:\/\/lavras.tv\/site\/author\/vinicius-bustamante\/"},"featured_img":"https:\/\/lavras.tv\/site\/wp-content\/uploads\/2026\/01\/download-8-470x265.webp","coauthors":[],"tax_additional":{"categories":{"linked":["<a href=\"https:\/\/lavras.tv\/site\/category\/destaques\/\" class=\"advgb-post-tax-term\">Destaques<\/a>","<a href=\"https:\/\/lavras.tv\/site\/category\/noticias\/\" class=\"advgb-post-tax-term\">Not\u00edcias<\/a>"],"unlinked":["<span class=\"advgb-post-tax-term\">Destaques<\/span>","<span class=\"advgb-post-tax-term\">Not\u00edcias<\/span>"]}},"comment_count":"0","relative_dates":{"created":"Publicado 4 meses atr\u00e1s","modified":"Atualizado 4 meses atr\u00e1s"},"absolute_dates":{"created":"Publicado em 9 de janeiro de 2026","modified":"Atualizado em 9 de janeiro de 2026"},"absolute_dates_time":{"created":"Publicado em 9 de janeiro de 2026 13:42","modified":"Atualizado em 9 de janeiro de 2026 13:42"},"featured_img_caption":"","series_order":"","_links":{"self":[{"href":"https:\/\/lavras.tv\/site\/wp-json\/wp\/v2\/posts\/168822","targetHints":{"allow":["GET"]}}],"collection":[{"href":"https:\/\/lavras.tv\/site\/wp-json\/wp\/v2\/posts"}],"about":[{"href":"https:\/\/lavras.tv\/site\/wp-json\/wp\/v2\/types\/post"}],"author":[{"embeddable":true,"href":"https:\/\/lavras.tv\/site\/wp-json\/wp\/v2\/users\/5"}],"replies":[{"embeddable":true,"href":"https:\/\/lavras.tv\/site\/wp-json\/wp\/v2\/comments?post=168822"}],"version-history":[{"count":1,"href":"https:\/\/lavras.tv\/site\/wp-json\/wp\/v2\/posts\/168822\/revisions"}],"predecessor-version":[{"id":168824,"href":"https:\/\/lavras.tv\/site\/wp-json\/wp\/v2\/posts\/168822\/revisions\/168824"}],"wp:featuredmedia":[{"embeddable":true,"href":"https:\/\/lavras.tv\/site\/wp-json\/wp\/v2\/media\/168823"}],"wp:attachment":[{"href":"https:\/\/lavras.tv\/site\/wp-json\/wp\/v2\/media?parent=168822"}],"wp:term":[{"taxonomy":"category","embeddable":true,"href":"https:\/\/lavras.tv\/site\/wp-json\/wp\/v2\/categories?post=168822"},{"taxonomy":"post_tag","embeddable":true,"href":"https:\/\/lavras.tv\/site\/wp-json\/wp\/v2\/tags?post=168822"}],"curies":[{"name":"wp","href":"https:\/\/api.w.org\/{rel}","templated":true}]}}