{"id":168832,"date":"2026-01-12T09:57:37","date_gmt":"2026-01-12T12:57:37","guid":{"rendered":"https:\/\/lavras.tv\/site\/?p=168832"},"modified":"2026-01-12T09:57:38","modified_gmt":"2026-01-12T12:57:38","slug":"caixa-de-som-nas-praias-de-sp-rj-e-es-pode-dar-multa-entenda-as-regras","status":"publish","type":"post","link":"https:\/\/lavras.tv\/site\/2026\/01\/12\/caixa-de-som-nas-praias-de-sp-rj-e-es-pode-dar-multa-entenda-as-regras\/","title":{"rendered":"Caixa de som nas praias de SP RJ e ES pode dar multa? Entenda as regras"},"content":{"rendered":"<div class=\"lavra-antes-do-conteudo_2\" id=\"lavra-2624479335\"><div id=\"lavra-slider-27\" class=\"custom-slider lavra-slider-1856852493 lavra-slider\"><ul><li><div style=\"margin-left: auto;margin-right: auto;text-align: center;\" id=\"lavra-3655525849\"><a href=\"https:\/\/sistemas.lavras.mg.gov.br\/portalcidadao\/#df1b1a7c7b2a290bcb31e32771e610784662739a88807c0dacac58ede5f391a7530e299dc302d611ee73cb143fc22eaf93592e53e7b5bdb01b00a0b8d28dae460c141dd2ff83412e4dc1c31b16b25f33144a9e5620ea73b13f5bc1c59411d98439ad226e8af03840603796067d87afe130812cf3de24982d0e306f9e61e764e5\" aria-label=\"Lavras-TV&#8211;720x104px (1) (1)\"><img src=\"https:\/\/lavras.tv\/site\/wp-content\/uploads\/2025\/01\/Lavras-TV-720x104px-1-1.png\" alt=\"\"  srcset=\"https:\/\/lavras.tv\/site\/wp-content\/uploads\/2025\/01\/Lavras-TV-720x104px-1-1.png 720w, https:\/\/lavras.tv\/site\/wp-content\/uploads\/2025\/01\/Lavras-TV-720x104px-1-1-470x68.png 470w, https:\/\/lavras.tv\/site\/wp-content\/uploads\/2025\/01\/Lavras-TV-720x104px-1-1-170x25.png 170w, https:\/\/lavras.tv\/site\/wp-content\/uploads\/2025\/01\/Lavras-TV-720x104px-1-1-200x29.png 200w\" sizes=\"(max-width: 720px) 100vw, 720px\" width=\"720\" height=\"104\"  style=\"display: inline-block;\" \/><\/a><\/div><\/li><li><a href=\"https:\/\/sistemas.lavras.mg.gov.br\/portalcidadao\/#df1b1a7c7b2a290bcb31e32771e610784662739a88807c0dacac58ede5f391a7530e299dc302d611ee73cb143fc22eaf93592e53e7b5bdb01b00a0b8d28dae460c141dd2ff83412e4dc1c31b16b25f33144a9e5620ea73b13f5bc1c59411d98439ad226e8af03840603796067d87afe130812cf3de24982d0e306f9e61e764e5\" aria-label=\"Banner_Emprego_PortallavrasTV\"><img src=\"https:\/\/lavras.tv\/site\/wp-content\/uploads\/2025\/03\/Banner_Emprego_PortallavrasTV.png\" alt=\"\"  srcset=\"https:\/\/lavras.tv\/site\/wp-content\/uploads\/2025\/03\/Banner_Emprego_PortallavrasTV.png 720w, https:\/\/lavras.tv\/site\/wp-content\/uploads\/2025\/03\/Banner_Emprego_PortallavrasTV-470x68.png 470w, https:\/\/lavras.tv\/site\/wp-content\/uploads\/2025\/03\/Banner_Emprego_PortallavrasTV-170x25.png 170w, https:\/\/lavras.tv\/site\/wp-content\/uploads\/2025\/03\/Banner_Emprego_PortallavrasTV-200x29.png 200w\" sizes=\"(max-width: 720px) 100vw, 720px\" width=\"720\" height=\"104\"   \/><\/a><\/li><li><a href=\"https:\/\/sistemas.lavras.mg.gov.br\/portalcidadao\/#df1b1a7c7b2a290bcb31e32771e610784662739a88807c0dacac58ede5f391a7530e299dc302d611ee73cb143fc22eaf93592e53e7b5bdb01b00a0b8d28dae460c141dd2ff83412e4dc1c31b16b25f33144a9e5620ea73b13f5bc1c59411d98439ad226e8af03840603796067d87afe130812cf3de24982d0e306f9e61e764e5\" aria-label=\"Banner_Obras_PortallavrasTV\"><img src=\"https:\/\/lavras.tv\/site\/wp-content\/uploads\/2025\/03\/Banner_Obras_PortallavrasTV.png\" alt=\"\"  srcset=\"https:\/\/lavras.tv\/site\/wp-content\/uploads\/2025\/03\/Banner_Obras_PortallavrasTV.png 720w, https:\/\/lavras.tv\/site\/wp-content\/uploads\/2025\/03\/Banner_Obras_PortallavrasTV-470x68.png 470w, https:\/\/lavras.tv\/site\/wp-content\/uploads\/2025\/03\/Banner_Obras_PortallavrasTV-170x25.png 170w, https:\/\/lavras.tv\/site\/wp-content\/uploads\/2025\/03\/Banner_Obras_PortallavrasTV-200x29.png 200w\" sizes=\"(max-width: 720px) 100vw, 720px\" width=\"720\" height=\"104\"   \/><\/a><\/li><li><div style=\"margin-left: auto;margin-right: auto;text-align: center;\" id=\"lavra-100556491\"><a href=\"https:\/\/sistemas.lavras.mg.gov.br\/portalcidadao\/#df1b1a7c7b2a290bcb31e32771e610784662739a88807c0dacac58ede5f391a7530e299dc302d611ee73cb143fc22eaf93592e53e7b5bdb01b00a0b8d28dae460c141dd2ff83412e4dc1c31b16b25f33144a9e5620ea73b13f5bc1c59411d98439ad226e8af03840603796067d87afe130812cf3de24982d0e306f9e61e764e5\" aria-label=\"Banner_Educa\u00e7\u00e3o_PortallavrasTV\"><img src=\"https:\/\/lavras.tv\/site\/wp-content\/uploads\/2025\/01\/Banner_Educacao_PortallavrasTV.png\" alt=\"\"  srcset=\"https:\/\/lavras.tv\/site\/wp-content\/uploads\/2025\/01\/Banner_Educacao_PortallavrasTV.png 720w, https:\/\/lavras.tv\/site\/wp-content\/uploads\/2025\/01\/Banner_Educacao_PortallavrasTV-470x68.png 470w, https:\/\/lavras.tv\/site\/wp-content\/uploads\/2025\/01\/Banner_Educacao_PortallavrasTV-170x25.png 170w, https:\/\/lavras.tv\/site\/wp-content\/uploads\/2025\/01\/Banner_Educacao_PortallavrasTV-200x29.png 200w\" sizes=\"(max-width: 720px) 100vw, 720px\" width=\"720\" height=\"104\"  style=\"display: inline-block;\" \/><\/a><\/div><\/li><li><a href=\"https:\/\/sistemas.lavras.mg.gov.br\/portalcidadao\/#df1b1a7c7b2a290bcb31e32771e610784662739a88807c0dacac58ede5f391a7530e299dc302d611ee73cb143fc22eaf93592e53e7b5bdb01b00a0b8d28dae460c141dd2ff83412e4dc1c31b16b25f33144a9e5620ea73b13f5bc1c59411d98439ad226e8af03840603796067d87afe130812cf3de24982d0e306f9e61e764e5\" aria-label=\"Banner_Sa\u00fade_PortallavrasTV\"><img src=\"https:\/\/lavras.tv\/site\/wp-content\/uploads\/2025\/03\/Banner_Saude_PortallavrasTV.png\" alt=\"\"  srcset=\"https:\/\/lavras.tv\/site\/wp-content\/uploads\/2025\/03\/Banner_Saude_PortallavrasTV.png 720w, https:\/\/lavras.tv\/site\/wp-content\/uploads\/2025\/03\/Banner_Saude_PortallavrasTV-470x68.png 470w, https:\/\/lavras.tv\/site\/wp-content\/uploads\/2025\/03\/Banner_Saude_PortallavrasTV-170x25.png 170w, https:\/\/lavras.tv\/site\/wp-content\/uploads\/2025\/03\/Banner_Saude_PortallavrasTV-200x29.png 200w\" sizes=\"(max-width: 720px) 100vw, 720px\" width=\"720\" height=\"104\"   \/><\/a><\/li><li><div id=\"lavra-2450085094\" style=\"width:720px;height:104px;background-color:#ddd;overflow:scroll;\">\n\t<strong>Sa\u00edda da depura\u00e7\u00e3o de an\u00fancios<\/strong>\n\t<br><br>\n\tO an\u00fancio n\u00e3o \u00e9 exibido na p\u00e1gina<br><br>post atual: Caixa de som nas praias de SP RJ e ES pode dar multa? Entenda as regras, ID: 168832<br><br><span style=\"color: red;\">O post atual n\u00e3o \u00e9 id\u00eantico ao post principal.<\/span><br><br>An\u00fancios: ROXO - TOPO INTERNA - ROTATIVO 2 (197)<br \/>Grupo de an\u00fancios: Princ_Meio01_720x104 (27)<br><br>Condi\u00e7\u00f5es de exibi\u00e7\u00e3o<div style=\"margin-bottom: 20px; white-space: pre-wrap; font-family: monospace; width: 100%; background: #ffe9e9;\"><strong>condi\u00e7\u00f5es gerais<\/strong><table border=\"1\"><thead><tr><th><\/th><th>An\u00fancios<\/th><th>wp_the_query<\/th><\/tr><\/thead><tr><td>is_main_query<\/td><td>1<\/td><td>1<\/td><\/tr><tr><td>is_rest_api<\/td><td>0<\/td><td>1<\/td><\/tr><tr><td>page<\/td><td>0<\/td><td>1<\/td><\/tr><tr><td>numpages<\/td><td>0<\/td><td>1<\/td><\/tr><tr><td>is_archive<\/td><td>1<\/td><td><\/td><\/tr><tr><td>is_search<\/td><td>1<\/td><td><\/td><\/tr><tr><td>is_home<\/td><td>1<\/td><td><\/td><\/tr><tr><td>is_404<\/td><td>1<\/td><td><\/td><\/tr><tr><td>is_attachment<\/td><td>1<\/td><td><\/td><\/tr><tr><td>is_singular<\/td><td>1<\/td><td><\/td><\/tr><tr><td>is_front_page<\/td><td>1<\/td><td><\/td><\/tr><tr><td>is_feed<\/td><td>1<\/td><td><\/td><\/tr><\/table><\/div><br><br><span style=\"color: red;\">Seu site usa HTTPS, mas o c\u00f3digo do an\u00fancio cont\u00e9m HTTP e pode n\u00e3o funcionar.<\/span>\t<br><br>\n\t<a style=\"color: green;\" href=\"https:\/\/wpadvancedads.com\/manual\/ad-debug-mode\/?utm_source=advanced-ads&utm_medium=link&utm_campaign=ad-debug-mode\" target=\"_blank\" rel=\"nofollow\">Encontre solu\u00e7\u00f5es no manual<\/a>\n<\/div>\n<\/li><\/ul><\/div><script>( window.advanced_ads_ready || jQuery( document ).ready ).call( null, function() {var $lavraslider1856852493 = jQuery( \".lavra-slider-1856852493\" );$lavraslider1856852493.on( \"unslider.ready\", function() { jQuery( \"div.custom-slider ul li\" ).css( \"display\", \"block\" ); });$lavraslider1856852493.unslider({ delay:4000, autoplay:true, nav:false, arrows:false, infinite:true });$lavraslider1856852493.on(\"mouseover\", function() {$lavraslider1856852493.unslider(\"stop\");}).on(\"mouseout\", function() {$lavraslider1856852493.unslider(\"start\");});});<\/script><\/div>\n<h2 class=\"wp-block-heading\">Apesar de n\u00e3o existir uma lei federal espec\u00edfica sobre o tema, estados e munic\u00edpios adotam normas pr\u00f3prias para coibir o barulho excessivo<\/h2>\n\n\n\n<p><img fetchpriority=\"high\" decoding=\"async\" alt=\"Caixa de som JBL em praia do Guaruj\u00e1 (SP)\" width=\"1000\" height=\"563\" src=\"https:\/\/medias.itatiaia.com.br\/dims4\/default\/1439663\/2147483647\/strip\/true\/crop\/2048x1153+0+106\/resize\/1000x563!\/quality\/90\/?url=https%3A%2F%2Fk2-prod-radio-itatiaia.s3.us-east-1.amazonaws.com%2Fbrightspot%2Ff3%2Fb5%2F470eff4c4d2eb30833384bcb890f%2F53444381564-c16fd9fb19-k.jpg\"><\/p>\n\n\n\n<p>Helder Lima\/Prefeitura de Guaruj\u00e1<\/p>\n\n\n\n<p>O uso de caixas de som nas praias pode resultar em multa, apreens\u00e3o do equipamento e at\u00e9 retirada do local, dependendo da cidade. Apesar de n\u00e3o existir uma lei federal espec\u00edfica sobre o tema, estados e munic\u00edpios adotam normas pr\u00f3prias para coibir o barulho excessivo.<\/p>\n\n\n\n<p>No Sudeste, especialmente nos litorais de S\u00e3o Paulo, Rio de Janeiro e Esp\u00edrito Santo, a fiscaliza\u00e7\u00e3o tem sido intensificada, principalmente durante feriados e alta temporada.<\/p>\n\n\n\n<p>A seguir, veja como funcionam as regras em cada regi\u00e3o.<\/p>\n\n\n\n<h2 class=\"wp-block-heading\">Rio de Janeiro (capital)<\/h2>\n\n\n\n<p><a><\/a><img decoding=\"async\" alt=\"Capital fluminense teve menor temperatura nos \u00faltimos 13 anos\" width=\"1000\" height=\"563\" src=\"https:\/\/medias.itatiaia.com.br\/dims4\/default\/0d17aa7\/2147483647\/strip\/true\/crop\/1170x659+0+8\/resize\/1000x563!\/quality\/90\/?url=https%3A%2F%2Fk2-prod-radio-itatiaia.s3.us-east-1.amazonaws.com%2Fbrightspot%2F2c%2F93%2Fdce539e14f0db14b81b92e1fd30f%2Frio-de-janeiro.jpeg\"><\/p>\n\n\n\n<p>Tomaz Silva | Ag\u00eancia Brasil<\/p>\n\n\n\n<p>Capital fluminense<\/p>\n\n\n\n<p>Na cidade do Rio de Janeiro, o uso de caixas de som \u00e9 proibido em todas as praias.<\/p>\n\n\n\n<p>A fiscaliza\u00e7\u00e3o funciona de forma escalonada:<\/p>\n\n\n\n<ul class=\"wp-block-list\">\n<li>primeiro flagrante: advert\u00eancia por escrito e ordem para desligar o som;<\/li>\n\n\n\n<li>segunda ocorr\u00eancia: multa em torno de R$ 550;<\/li>\n\n\n\n<li>reincid\u00eancia: apreens\u00e3o do equipamento.<\/li>\n<\/ul>\n\n\n\n<p>A regra vale independentemente do volume do som.<\/p>\n\n\n\n<h2 class=\"wp-block-heading\">Sul do Rio e Regi\u00e3o dos Lagos (RJ)<\/h2>\n\n\n\n<h3 class=\"wp-block-heading\">Arma\u00e7\u00e3o dos B\u00fazios<\/h3>\n\n\n\n<p>O uso de caixas de som nas praias \u00e9 proibido. Em caso de descumprimento, o equipamento \u00e9 apreendido. Para retirada, \u00e9 necess\u00e1rio pagar:<\/p>\n\n\n\n<ul class=\"wp-block-list\">\n<li>R$ 144 de multa,<\/li>\n\n\n\n<li>R$ 36 por dia de taxa de armazenamento.<\/li>\n<\/ul>\n\n\n\n<h3 class=\"wp-block-heading\">Cabo Frio<\/h3>\n\n\n\n<p>O uso de caixas de som \u00e9 proibido em todas as praias. A multa aplicada \u00e9 de R$ 565,65, al\u00e9m da possibilidade de apreens\u00e3o do aparelho.<\/p>\n\n\n\n<h3 class=\"wp-block-heading\">Paraty<\/h3>\n\n\n\n<p>Tamb\u00e9m h\u00e1 proibi\u00e7\u00e3o do uso de caixas de som nas praias. O valor da multa \u00e9 definido no momento da autua\u00e7\u00e3o, conforme a infra\u00e7\u00e3o registrada.<\/p>\n\n\n\n<h2 class=\"wp-block-heading\">Litoral Norte de S\u00e3o Paulo<\/h2>\n\n\n\n<p><a><\/a><img decoding=\"async\" alt=\"Ilhabela (SP)\" width=\"1000\" height=\"563\" src=\"https:\/\/medias.itatiaia.com.br\/dims4\/default\/af1749b\/2147483647\/strip\/true\/crop\/1000x563+0+52\/resize\/1000x563!\/quality\/90\/?url=https%3A%2F%2Fk2-prod-radio-itatiaia.s3.us-east-1.amazonaws.com%2Fbrightspot%2Fcf%2F07%2Faaeea5054362843344df113b527d%2Fwhatsapp-image-2024-12-27-at-18-49-27.jpeg\"><\/p>\n\n\n\n<p>Divulga\u00e7\u00e3o\/ Prefeitura de Ilhabela<\/p>\n\n\n\n<p>Ilhabela (SP)<\/p>\n\n\n\n<p>No Litoral Norte paulista, as regras est\u00e3o entre as mais r\u00edgidas do pa\u00eds.<\/p>\n\n\n\n<h3 class=\"wp-block-heading\">Ubatuba<\/h3>\n\n\n\n<p>\u00c9 proibido usar caixas de som em qualquer praia do munic\u00edpio. A multa pode chegar a R$ 5 mil, al\u00e9m da apreens\u00e3o do equipamento.<\/p>\n\n\n\n<h3 class=\"wp-block-heading\">S\u00e3o Sebasti\u00e3o<\/h3>\n\n\n\n<p>Caixas de som s\u00e3o proibidas nas praias. As multas variam de R$ 5 mil a R$ 10 mil, dependendo da gravidade, reincid\u00eancia ou realiza\u00e7\u00e3o de festas sem autoriza\u00e7\u00e3o.<\/p>\n\n\n\n<h3 class=\"wp-block-heading\">Ilhabela<\/h3>\n\n\n\n<p>O uso de caixas de som n\u00e3o \u00e9 permitido. O infrator pode receber multa de at\u00e9 R$ 3 mil, al\u00e9m de apreens\u00e3o do equipamento ou retirada do local.<\/p>\n\n\n\n<h3 class=\"wp-block-heading\">Caraguatatuba<\/h3>\n\n\n\n<p>As caixas de som s\u00e3o proibidas nas praias. A multa gira em torno de R$ 2 mil, com apreens\u00e3o do aparelho.<\/p>\n\n\n\n<h2 class=\"wp-block-heading\">Litoral Sul de S\u00e3o Paulo<\/h2>\n\n\n\n<h3 class=\"wp-block-heading\">Praia Grande<\/h3>\n\n\n\n<p>O uso de caixas de som \u00e9 proibido. A multa \u00e9 de R$ 629,94, com possibilidade de apreens\u00e3o. A Guarda Civil Municipal costuma orientar o banhista antes da autua\u00e7\u00e3o, mas a insist\u00eancia gera multa.<\/p>\n\n\n\n<h3 class=\"wp-block-heading\">Guaruj\u00e1<\/h3>\n\n\n\n<p>A fiscaliza\u00e7\u00e3o come\u00e7a com orienta\u00e7\u00e3o. Em caso de reincid\u00eancia, o equipamento pode ser apreendido e o infrator multado em cerca de R$ 1 mil.<\/p>\n\n\n\n<h2 class=\"wp-block-heading\">Esp\u00edrito Santo<\/h2>\n\n\n\n<p><a><\/a><img loading=\"lazy\" decoding=\"async\" alt=\"Praia do Morro est\u00e1 entre as preferidas dos mineiros \" width=\"1000\" height=\"563\" src=\"https:\/\/medias.itatiaia.com.br\/dims4\/default\/12e16b3\/2147483647\/strip\/true\/crop\/737x415+0+5\/resize\/1000x563!\/quality\/90\/?url=https%3A%2F%2Fk2-prod-radio-itatiaia.s3.us-east-1.amazonaws.com%2Fbrightspot%2Fd3%2F06%2F39fedf61418382f06916c354370b%2Fguarapari-carnaval.jpg\"><\/p>\n\n\n\n<p>Instagram Prefeitura de Guarapari<\/p>\n\n\n\n<p>Praia do Morro<\/p>\n\n\n\n<h3 class=\"wp-block-heading\">Vit\u00f3ria<\/h3>\n\n\n\n<p>Na capital capixaba, \u00e9 proibido usar caixas de som em \u00e1reas p\u00fablicas, incluindo praias. As multas variam de R$ 672,14 a R$ 2.604,51, conforme a pot\u00eancia do equipamento. A fiscaliza\u00e7\u00e3o pode apreender o aparelho.<\/p>\n\n\n\n<h3 class=\"wp-block-heading\">Vila Velha<\/h3>\n\n\n\n<p>N\u00e3o h\u00e1 legisla\u00e7\u00e3o espec\u00edfica voltada exclusivamente para caixas de som em praias, mas outras normas de perturba\u00e7\u00e3o do sossego podem ser aplicadas.<\/p>\n\n\n\n<h3 class=\"wp-block-heading\">Guarapari<\/h3>\n\n\n\n<p>\u00c9 proibido o uso de caixas de som, aparelhos amplificados ou som automotivo na faixa de areia. A multa \u00e9 de R$ 1,9 mil, com apreens\u00e3o do equipamento. Em caso de reincid\u00eancia, o valor pode dobrar ou triplicar. O infrator tem 20 dias para apresentar defesa.<\/p>\n\n\n\n<p><\/p>\n","protected":false},"excerpt":{"rendered":"<p>Apesar de n\u00e3o existir uma lei federal espec\u00edfica sobre o tema, estados e munic\u00edpios adotam normas pr\u00f3prias para coibir o barulho excessivo Helder Lima\/Prefeitura de Guaruj\u00e1 O uso de caixas de som nas praias pode resultar em multa, apreens\u00e3o do equipamento e at\u00e9 retirada do local, dependendo da cidade. Apesar de n\u00e3o existir uma lei [&hellip;]<\/p>\n","protected":false},"author":5,"featured_media":168833,"comment_status":"closed","ping_status":"open","sticky":false,"template":"","format":"standard","meta":{"advgb_blocks_editor_width":"","advgb_blocks_columns_visual_guide":"","_exactmetrics_skip_tracking":false,"_exactmetrics_sitenote_active":false,"_exactmetrics_sitenote_note":"","_exactmetrics_sitenote_category":0,"footnotes":""},"categories":[7,2],"tags":[],"class_list":["post-168832","post","type-post","status-publish","format-standard","has-post-thumbnail","hentry","category-destaques","category-noticias"],"better_featured_image":{"id":168833,"alt_text":"","caption":"","description":"","media_type":"image","media_details":{"width":1000,"height":563,"file":"2026\/01\/download-1-1.webp","filesize":80586,"sizes":{"medium":{"file":"download-1-1-470x265.webp","width":470,"height":265,"mime-type":"image\/webp","filesize":15438,"source_url":"https:\/\/lavras.tv\/site\/wp-content\/uploads\/2026\/01\/download-1-1-470x265.webp"},"large":{"file":"download-1-1-970x546.webp","width":970,"height":546,"mime-type":"image\/webp","filesize":46964,"source_url":"https:\/\/lavras.tv\/site\/wp-content\/uploads\/2026\/01\/download-1-1-970x546.webp"},"thumbnail":{"file":"download-1-1-170x96.webp","width":170,"height":96,"mime-type":"image\/webp","filesize":3758,"source_url":"https:\/\/lavras.tv\/site\/wp-content\/uploads\/2026\/01\/download-1-1-170x96.webp"},"alm-thumbnail":{"file":"download-1-1-150x150.webp","width":150,"height":150,"mime-type":"image\/webp","filesize":4066,"source_url":"https:\/\/lavras.tv\/site\/wp-content\/uploads\/2026\/01\/download-1-1-150x150.webp"},"sow-carousel-default":{"file":"download-1-1-272x182.webp","width":272,"height":182,"mime-type":"image\/webp","filesize":7520,"source_url":"https:\/\/lavras.tv\/site\/wp-content\/uploads\/2026\/01\/download-1-1-272x182.webp"}},"image_meta":{"aperture":"0","credit":"","camera":"","caption":"","created_timestamp":"0","copyright":"","focal_length":"0","iso":"0","shutter_speed":"0","title":"","orientation":"0","keywords":[]}},"post":168832,"source_url":"https:\/\/lavras.tv\/site\/wp-content\/uploads\/2026\/01\/download-1-1.webp"},"author_meta":{"display_name":"Vinicius Bustamante","author_link":"https:\/\/lavras.tv\/site\/author\/vinicius-bustamante\/"},"featured_img":"https:\/\/lavras.tv\/site\/wp-content\/uploads\/2026\/01\/download-1-1-470x265.webp","coauthors":[],"tax_additional":{"categories":{"linked":["<a href=\"https:\/\/lavras.tv\/site\/category\/destaques\/\" class=\"advgb-post-tax-term\">Destaques<\/a>","<a href=\"https:\/\/lavras.tv\/site\/category\/noticias\/\" class=\"advgb-post-tax-term\">Not\u00edcias<\/a>"],"unlinked":["<span class=\"advgb-post-tax-term\">Destaques<\/span>","<span class=\"advgb-post-tax-term\">Not\u00edcias<\/span>"]}},"comment_count":"0","relative_dates":{"created":"Publicado 4 meses atr\u00e1s","modified":"Atualizado 4 meses atr\u00e1s"},"absolute_dates":{"created":"Publicado em 12 de janeiro de 2026","modified":"Atualizado em 12 de janeiro de 2026"},"absolute_dates_time":{"created":"Publicado em 12 de janeiro de 2026 09:57","modified":"Atualizado em 12 de janeiro de 2026 09:57"},"featured_img_caption":"","series_order":"","_links":{"self":[{"href":"https:\/\/lavras.tv\/site\/wp-json\/wp\/v2\/posts\/168832","targetHints":{"allow":["GET"]}}],"collection":[{"href":"https:\/\/lavras.tv\/site\/wp-json\/wp\/v2\/posts"}],"about":[{"href":"https:\/\/lavras.tv\/site\/wp-json\/wp\/v2\/types\/post"}],"author":[{"embeddable":true,"href":"https:\/\/lavras.tv\/site\/wp-json\/wp\/v2\/users\/5"}],"replies":[{"embeddable":true,"href":"https:\/\/lavras.tv\/site\/wp-json\/wp\/v2\/comments?post=168832"}],"version-history":[{"count":1,"href":"https:\/\/lavras.tv\/site\/wp-json\/wp\/v2\/posts\/168832\/revisions"}],"predecessor-version":[{"id":168834,"href":"https:\/\/lavras.tv\/site\/wp-json\/wp\/v2\/posts\/168832\/revisions\/168834"}],"wp:featuredmedia":[{"embeddable":true,"href":"https:\/\/lavras.tv\/site\/wp-json\/wp\/v2\/media\/168833"}],"wp:attachment":[{"href":"https:\/\/lavras.tv\/site\/wp-json\/wp\/v2\/media?parent=168832"}],"wp:term":[{"taxonomy":"category","embeddable":true,"href":"https:\/\/lavras.tv\/site\/wp-json\/wp\/v2\/categories?post=168832"},{"taxonomy":"post_tag","embeddable":true,"href":"https:\/\/lavras.tv\/site\/wp-json\/wp\/v2\/tags?post=168832"}],"curies":[{"name":"wp","href":"https:\/\/api.w.org\/{rel}","templated":true}]}}