{"id":168835,"date":"2026-01-12T10:03:07","date_gmt":"2026-01-12T13:03:07","guid":{"rendered":"https:\/\/lavras.tv\/site\/?p=168835"},"modified":"2026-01-12T10:03:08","modified_gmt":"2026-01-12T13:03:08","slug":"dez-filmes-de-terror-que-estreiam-em-2026-e-prometem-fazer-sucesso","status":"publish","type":"post","link":"https:\/\/lavras.tv\/site\/2026\/01\/12\/dez-filmes-de-terror-que-estreiam-em-2026-e-prometem-fazer-sucesso\/","title":{"rendered":"Dez filmes de terror que estreiam em 2026 e prometem fazer sucesso"},"content":{"rendered":"<div class=\"lavra-antes-do-conteudo_2\" id=\"lavra-771480356\"><div id=\"lavra-slider-27\" class=\"custom-slider lavra-slider-1538853248 lavra-slider\"><ul><li><div style=\"margin-left: auto;margin-right: auto;text-align: center;\" id=\"lavra-2282940896\"><a href=\"https:\/\/sistemas.lavras.mg.gov.br\/portalcidadao\/#df1b1a7c7b2a290bcb31e32771e610784662739a88807c0dacac58ede5f391a7530e299dc302d611ee73cb143fc22eaf93592e53e7b5bdb01b00a0b8d28dae460c141dd2ff83412e4dc1c31b16b25f33144a9e5620ea73b13f5bc1c59411d98439ad226e8af03840603796067d87afe130812cf3de24982d0e306f9e61e764e5\" aria-label=\"Lavras-TV&#8211;720x104px (1) (1)\"><img src=\"https:\/\/lavras.tv\/site\/wp-content\/uploads\/2025\/01\/Lavras-TV-720x104px-1-1.png\" alt=\"\"  srcset=\"https:\/\/lavras.tv\/site\/wp-content\/uploads\/2025\/01\/Lavras-TV-720x104px-1-1.png 720w, https:\/\/lavras.tv\/site\/wp-content\/uploads\/2025\/01\/Lavras-TV-720x104px-1-1-470x68.png 470w, https:\/\/lavras.tv\/site\/wp-content\/uploads\/2025\/01\/Lavras-TV-720x104px-1-1-170x25.png 170w, https:\/\/lavras.tv\/site\/wp-content\/uploads\/2025\/01\/Lavras-TV-720x104px-1-1-200x29.png 200w\" sizes=\"(max-width: 720px) 100vw, 720px\" width=\"720\" height=\"104\"  style=\"display: inline-block;\" \/><\/a><\/div><\/li><li><a href=\"https:\/\/sistemas.lavras.mg.gov.br\/portalcidadao\/#df1b1a7c7b2a290bcb31e32771e610784662739a88807c0dacac58ede5f391a7530e299dc302d611ee73cb143fc22eaf93592e53e7b5bdb01b00a0b8d28dae460c141dd2ff83412e4dc1c31b16b25f33144a9e5620ea73b13f5bc1c59411d98439ad226e8af03840603796067d87afe130812cf3de24982d0e306f9e61e764e5\" aria-label=\"Banner_Emprego_PortallavrasTV\"><img src=\"https:\/\/lavras.tv\/site\/wp-content\/uploads\/2025\/03\/Banner_Emprego_PortallavrasTV.png\" alt=\"\"  srcset=\"https:\/\/lavras.tv\/site\/wp-content\/uploads\/2025\/03\/Banner_Emprego_PortallavrasTV.png 720w, https:\/\/lavras.tv\/site\/wp-content\/uploads\/2025\/03\/Banner_Emprego_PortallavrasTV-470x68.png 470w, https:\/\/lavras.tv\/site\/wp-content\/uploads\/2025\/03\/Banner_Emprego_PortallavrasTV-170x25.png 170w, https:\/\/lavras.tv\/site\/wp-content\/uploads\/2025\/03\/Banner_Emprego_PortallavrasTV-200x29.png 200w\" sizes=\"(max-width: 720px) 100vw, 720px\" width=\"720\" height=\"104\"   \/><\/a><\/li><li><a href=\"https:\/\/sistemas.lavras.mg.gov.br\/portalcidadao\/#df1b1a7c7b2a290bcb31e32771e610784662739a88807c0dacac58ede5f391a7530e299dc302d611ee73cb143fc22eaf93592e53e7b5bdb01b00a0b8d28dae460c141dd2ff83412e4dc1c31b16b25f33144a9e5620ea73b13f5bc1c59411d98439ad226e8af03840603796067d87afe130812cf3de24982d0e306f9e61e764e5\" aria-label=\"Banner_Obras_PortallavrasTV\"><img src=\"https:\/\/lavras.tv\/site\/wp-content\/uploads\/2025\/03\/Banner_Obras_PortallavrasTV.png\" alt=\"\"  srcset=\"https:\/\/lavras.tv\/site\/wp-content\/uploads\/2025\/03\/Banner_Obras_PortallavrasTV.png 720w, https:\/\/lavras.tv\/site\/wp-content\/uploads\/2025\/03\/Banner_Obras_PortallavrasTV-470x68.png 470w, https:\/\/lavras.tv\/site\/wp-content\/uploads\/2025\/03\/Banner_Obras_PortallavrasTV-170x25.png 170w, https:\/\/lavras.tv\/site\/wp-content\/uploads\/2025\/03\/Banner_Obras_PortallavrasTV-200x29.png 200w\" sizes=\"(max-width: 720px) 100vw, 720px\" width=\"720\" height=\"104\"   \/><\/a><\/li><li><div style=\"margin-left: auto;margin-right: auto;text-align: center;\" id=\"lavra-1586390697\"><a href=\"https:\/\/sistemas.lavras.mg.gov.br\/portalcidadao\/#df1b1a7c7b2a290bcb31e32771e610784662739a88807c0dacac58ede5f391a7530e299dc302d611ee73cb143fc22eaf93592e53e7b5bdb01b00a0b8d28dae460c141dd2ff83412e4dc1c31b16b25f33144a9e5620ea73b13f5bc1c59411d98439ad226e8af03840603796067d87afe130812cf3de24982d0e306f9e61e764e5\" aria-label=\"Banner_Educa\u00e7\u00e3o_PortallavrasTV\"><img src=\"https:\/\/lavras.tv\/site\/wp-content\/uploads\/2025\/01\/Banner_Educacao_PortallavrasTV.png\" alt=\"\"  srcset=\"https:\/\/lavras.tv\/site\/wp-content\/uploads\/2025\/01\/Banner_Educacao_PortallavrasTV.png 720w, https:\/\/lavras.tv\/site\/wp-content\/uploads\/2025\/01\/Banner_Educacao_PortallavrasTV-470x68.png 470w, https:\/\/lavras.tv\/site\/wp-content\/uploads\/2025\/01\/Banner_Educacao_PortallavrasTV-170x25.png 170w, https:\/\/lavras.tv\/site\/wp-content\/uploads\/2025\/01\/Banner_Educacao_PortallavrasTV-200x29.png 200w\" sizes=\"(max-width: 720px) 100vw, 720px\" width=\"720\" height=\"104\"  style=\"display: inline-block;\" \/><\/a><\/div><\/li><li><a href=\"https:\/\/sistemas.lavras.mg.gov.br\/portalcidadao\/#df1b1a7c7b2a290bcb31e32771e610784662739a88807c0dacac58ede5f391a7530e299dc302d611ee73cb143fc22eaf93592e53e7b5bdb01b00a0b8d28dae460c141dd2ff83412e4dc1c31b16b25f33144a9e5620ea73b13f5bc1c59411d98439ad226e8af03840603796067d87afe130812cf3de24982d0e306f9e61e764e5\" aria-label=\"Banner_Sa\u00fade_PortallavrasTV\"><img src=\"https:\/\/lavras.tv\/site\/wp-content\/uploads\/2025\/03\/Banner_Saude_PortallavrasTV.png\" alt=\"\"  srcset=\"https:\/\/lavras.tv\/site\/wp-content\/uploads\/2025\/03\/Banner_Saude_PortallavrasTV.png 720w, https:\/\/lavras.tv\/site\/wp-content\/uploads\/2025\/03\/Banner_Saude_PortallavrasTV-470x68.png 470w, https:\/\/lavras.tv\/site\/wp-content\/uploads\/2025\/03\/Banner_Saude_PortallavrasTV-170x25.png 170w, https:\/\/lavras.tv\/site\/wp-content\/uploads\/2025\/03\/Banner_Saude_PortallavrasTV-200x29.png 200w\" sizes=\"(max-width: 720px) 100vw, 720px\" width=\"720\" height=\"104\"   \/><\/a><\/li><li><div id=\"lavra-2028191577\" style=\"width:720px;height:104px;background-color:#ddd;overflow:scroll;\">\n\t<strong>Sa\u00edda da depura\u00e7\u00e3o de an\u00fancios<\/strong>\n\t<br><br>\n\tO an\u00fancio n\u00e3o \u00e9 exibido na p\u00e1gina<br><br>post atual: Dez filmes de terror que estreiam em 2026 e prometem fazer sucesso, ID: 168835<br><br><span style=\"color: red;\">O post atual n\u00e3o \u00e9 id\u00eantico ao post principal.<\/span><br><br>An\u00fancios: ROXO - TOPO INTERNA - ROTATIVO 2 (197)<br \/>Grupo de an\u00fancios: Princ_Meio01_720x104 (27)<br><br>Condi\u00e7\u00f5es de exibi\u00e7\u00e3o<div style=\"margin-bottom: 20px; white-space: pre-wrap; font-family: monospace; width: 100%; background: #ffe9e9;\"><strong>condi\u00e7\u00f5es gerais<\/strong><table border=\"1\"><thead><tr><th><\/th><th>An\u00fancios<\/th><th>wp_the_query<\/th><\/tr><\/thead><tr><td>is_main_query<\/td><td>1<\/td><td>1<\/td><\/tr><tr><td>is_rest_api<\/td><td>0<\/td><td>1<\/td><\/tr><tr><td>page<\/td><td>0<\/td><td>1<\/td><\/tr><tr><td>numpages<\/td><td>0<\/td><td>1<\/td><\/tr><tr><td>is_archive<\/td><td>1<\/td><td><\/td><\/tr><tr><td>is_search<\/td><td>1<\/td><td><\/td><\/tr><tr><td>is_home<\/td><td>1<\/td><td><\/td><\/tr><tr><td>is_404<\/td><td>1<\/td><td><\/td><\/tr><tr><td>is_attachment<\/td><td>1<\/td><td><\/td><\/tr><tr><td>is_singular<\/td><td>1<\/td><td><\/td><\/tr><tr><td>is_front_page<\/td><td>1<\/td><td><\/td><\/tr><tr><td>is_feed<\/td><td>1<\/td><td><\/td><\/tr><\/table><\/div><br><br><span style=\"color: red;\">Seu site usa HTTPS, mas o c\u00f3digo do an\u00fancio cont\u00e9m HTTP e pode n\u00e3o funcionar.<\/span>\t<br><br>\n\t<a style=\"color: green;\" href=\"https:\/\/wpadvancedads.com\/manual\/ad-debug-mode\/?utm_source=advanced-ads&utm_medium=link&utm_campaign=ad-debug-mode\" target=\"_blank\" rel=\"nofollow\">Encontre solu\u00e7\u00f5es no manual<\/a>\n<\/div>\n<\/li><\/ul><\/div><script>( window.advanced_ads_ready || jQuery( document ).ready ).call( null, function() {var $lavraslider1538853248 = jQuery( \".lavra-slider-1538853248\" );$lavraslider1538853248.on( \"unslider.ready\", function() { jQuery( \"div.custom-slider ul li\" ).css( \"display\", \"block\" ); });$lavraslider1538853248.unslider({ delay:4000, autoplay:true, nav:false, arrows:false, infinite:true });$lavraslider1538853248.on(\"mouseover\", function() {$lavraslider1538853248.unslider(\"stop\");}).on(\"mouseout\", function() {$lavraslider1538853248.unslider(\"start\");});});<\/script><\/div>\n<h2 class=\"wp-block-heading\">Cr\u00edticos apostam que este ano deve ser um dos mais fortes do g\u00eanero nos cinemas e no streaming<\/h2>\n\n\n\n<figure class=\"wp-block-image\"><img decoding=\"async\" src=\"https:\/\/medias.itatiaia.com.br\/dims4\/default\/8112c1d\/2147483647\/strip\/true\/crop\/1918x1080+1+0\/resize\/1000x563!\/quality\/90\/?url=https%3A%2F%2Fk2-prod-radio-itatiaia.s3.us-east-1.amazonaws.com%2Fbrightspot%2F94%2Fa6%2F8d55b2cc4291887f1bb8002a6a3f%2Festreia-historia-e-o-que-mais-sabemos-sobre-panico-7-novo-capitulo-da-franquia.jpg\" alt=\"panico 7\"\/><\/figure>\n\n\n\n<p>Divulga\u00e7\u00e3o<\/p>\n\n\n\n<p>A nova sequ\u00eancia de \u2018P\u00e2nico 7&#8242; promete resgatar o esp\u00edrito original da franquia<\/p>\n\n\n\n<p>O\u00a0<a href=\"https:\/\/www.itatiaia.com.br\/entretenimento\/2025\/05\/28\/morre-ed-gale-ator-que-interpretou-chucky-na-franquia-de-terror\">terror<\/a>\u00a0busca recuperar prest\u00edgio e\u00a0<a href=\"https:\/\/www.itatiaia.com.br\/porlucasmachado\/curiosidade-no-trabalho-habito-simples-que-aumenta-criatividade-e-oportunidades\">criatividade<\/a>, e 2026 surge como um ano decisivo para o\u00a0<a href=\"https:\/\/www.itatiaia.com.br\/itacast\/observatorio-feminino\/2023\/06\/25\/observatorio-feminino-debate-a-desigualdade-de-genero-no-mercado-de-trabalho\">g\u00eanero<\/a><br>. Est\u00fadios e diretores apostam tanto no retorno de\u00a0<a href=\"https:\/\/www.itatiaia.com.br\/economia\/2024\/08\/07\/empreender-com-flexibilidade-franquias-que-nao-exigem-trabalho-integral\">franquias<\/a> consagradas quanto em propostas autorais que exploram o medo de forma mais\u00a0<a href=\"https:\/\/www.itatiaia.com.br\/pets-e-animais\/2025\/05\/18\/gravidez-psicologica-em-cadelas-entenda-os-sinais-duracao-e-cuidados-essenciais\">psicol\u00f3gica<\/a>, intensa e contempor\u00e2nea. Para quem gosta de sustos, tens\u00e3o e narrativas sombrias, o calend\u00e1rio j\u00e1 desenha um per\u00edodo recheado de\u00a0<a href=\"https:\/\/www.itatiaia.com.br\/entretenimento\/bbb\/que-horas-comeca-o-bbb-26-saiba-tudo-sobre-a-estreia-do-reality-show\">estreias<\/a> imperd\u00edveis.<\/p>\n\n\n\n<p>Os filmes de terror mais esperados de 2026 t\u00eam a proposta de ir al\u00e9m do susto f\u00e1cil. As produ\u00e7\u00f5es investem em hist\u00f3rias mais densas, personagens complexos e atmosferas que permanecem com o espectador muito depois dos cr\u00e9ditos finais. Do horror sobrenatural ao slasher, passando pelo terror psicol\u00f3gico e pelo apocalipse zumbi, o ano promete agradar diferentes perfis de f\u00e3s.<\/p>\n\n\n\n<p><strong>A seguir, veja dez lan\u00e7amentos de terror que mais geram expectativa para 2026:<\/strong><\/p>\n\n\n\n<h2 class=\"wp-block-heading\">1) A Noiva!<\/h2>\n\n\n\n<p>Com estreia marcada para 6 de mar\u00e7o de 2026, \u2018A Noiva!\u2019 surge como uma releitura ambiciosa de um dos maiores cl\u00e1ssicos do horror. Dirigido por Maggie Gyllenhaal, o filme revisita o universo de \u2018A Noiva de Frankenstein\u2019 sob um olhar mais intimista e social.<\/p>\n\n\n\n<p>Ambientada na Chicago dos anos 30, a trama acompanha um Frankenstein solit\u00e1rio que recorre ao misterioso Dr. Euphronius para criar uma companheira. O elenco re\u00fane nomes de peso como Christian Bale, Jessie Buckley, Peter Sarsgaard e Annette Bening. Mais do que sustos, o filme promete discutir solid\u00e3o, desejo e transforma\u00e7\u00e3o social, apostando em um terror psicol\u00f3gico sofisticado.<\/p>\n\n\n\n<h2 class=\"wp-block-heading\">2) Casamento Sangrento: A Vi\u00fava<\/h2>\n\n\n\n<p>Ap\u00f3s se tornar um sucesso cult em 2019, \u2018Casamento Sangrento\u2019 ganha uma continua\u00e7\u00e3o aguardada pelos f\u00e3s. \u2018Casamento Sangrento: A Vi\u00fava\u2019 chega aos cinemas em 10 de abril de 2026, novamente sob a dire\u00e7\u00e3o de Tyler Gillett e Matt Bettinelli-Olpin.<\/p>\n\n\n\n<p>Samara Weaving retorna como Grace, agora enfrentando novas situa\u00e7\u00f5es de perigo ap\u00f3s sobreviver ao jogo mortal que marcou o primeiro filme. Mesmo com poucos detalhes revelados, a expectativa \u00e9 alta para mais uma mistura de humor \u00e1cido, viol\u00eancia gr\u00e1fica e tens\u00e3o crescente.<\/p>\n\n\n\n<h2 class=\"wp-block-heading\">3) O Primata<\/h2>\n\n\n\n<p>Estreando em 6 de janeiro de 2026, \u2018O Primata\u2019 aposta em um medo direto e instintivo. Dirigido por Johannes Roberts, o filme acompanha um grupo de amigos em f\u00e9rias em um para\u00edso tropical que se transforma em cen\u00e1rio de horror quando um chimpanz\u00e9 extremamente agressivo passa a ca\u00e7\u00e1-los.<\/p>\n\n\n\n<p>O longa se apoia no subg\u00eanero de ataque animal para explorar o medo do imprevis\u00edvel e da natureza fora de controle. Com ritmo acelerado e alto n\u00edvel de viol\u00eancia, a produ\u00e7\u00e3o promete ser uma experi\u00eancia intensa para quem gosta de terror sem rodeios.<\/p>\n\n\n\n<h2 class=\"wp-block-heading\">4) Exterm\u00ednio: O Templo dos Ossos<\/h2>\n\n\n\n<p>A franquia que redefiniu o terror p\u00f3s-apocal\u00edptico retorna em grande estilo. \u2018Exterm\u00ednio: O Templo dos Ossos\u2019 chega em 16 de janeiro de 2026 como sequ\u00eancia direta de \u2018Exterm\u00ednio: A Evolu\u00e7\u00e3o\u2019.<\/p>\n\n\n\n<p>Dirigido por Nia DaCosta e escrito por Alex Garland, o filme continua a jornada de Spike em um mundo devastado pelo v\u00edrus da raiva. O retorno de Cillian Murphy ao papel de Jim adiciona ainda mais peso emocional \u00e0 narrativa, que deve explorar comunidades isoladas, cultos e o limite da sobreviv\u00eancia humana.<\/p>\n\n\n\n<h2 class=\"wp-block-heading\">5) Terror em Silent Hill: Regresso para o Inferno<\/h2>\n\n\n\n<p>Os f\u00e3s de games aguardam com ansiedade \u2018Terror em Silent Hill: Regresso para o Inferno\u2019, previsto para 23 de janeiro de 2026. Baseado em \u2018Silent Hill 2&#8242;, o filme marca o retorno do diretor Christophe Gans ao universo da cidade envolta em n\u00e9voa.<\/p>\n\n\n\n<p>A hist\u00f3ria segue James, um homem atormentado que viaja at\u00e9 Silent Hill ap\u00f3s receber uma carta de sua esposa falecida. A promessa \u00e9 de um terror psicol\u00f3gico pesado, fiel \u00e0 atmosfera opressiva e aos monstros simb\u00f3licos que tornaram a franquia um \u00edcone dos videogames.<\/p>\n\n\n\n<h2 class=\"wp-block-heading\">6) P\u00e2nico 7<\/h2>\n\n\n\n<p>Mesmo ap\u00f3s turbul\u00eancias nos bastidores, \u2018P\u00e2nico 7&#8242; se firma como um dos slashers mais aguardados de 2026. O filme estreia em 27 de fevereiro e traz de volta Neve Campbell como Sidney Prescott, al\u00e9m de Courteney Cox.<\/p>\n\n\n\n<p>Com Kevin Williamson assumindo a dire\u00e7\u00e3o, a nova sequ\u00eancia promete resgatar o esp\u00edrito original da franquia. Rumores sobre o retorno de personagens considerados mortos aumentam ainda mais o mist\u00e9rio em torno de quem ser\u00e1 a pr\u00f3xima v\u00edtima de Ghostface.<\/p>\n\n\n\n<h2 class=\"wp-block-heading\">7) Evil Dead: Burn<\/h2>\n\n\n\n<p>A franquia \u2018Evil Dead\u2019 continua firme como refer\u00eancia em horror extremo. \u2018Evil Dead: Burn\u2019 tem estreia prevista para 24 de julho de 2026 e ser\u00e1 dirigido por S\u00e9bastien Vani\u010dek.<\/p>\n\n\n\n<p>Mesmo com a trama mantida em segredo, a expectativa \u00e9 de mais um cap\u00edtulo marcado por viol\u00eancia intensa, efeitos pr\u00e1ticos e dem\u00f4nios libertados pelo infame Necronomicon. As filmagens j\u00e1 foram conclu\u00eddas, o que refor\u00e7a a confian\u00e7a em um lan\u00e7amento tecnicamente caprichado.<\/p>\n\n\n\n<h2 class=\"wp-block-heading\">8) Werwulf<\/h2>\n\n\n\n<p>Robert Eggers retorna ao terror hist\u00f3rico com \u2018Werwulf\u2019, previsto para o Natal de 2026. Ambientado na Inglaterra do s\u00e9culo XIII, o filme aborda o mito do lobisomem sob uma perspectiva crua e realista.<\/p>\n\n\n\n<p>Com Aaron Taylor-Johnson, Lily-Rose Depp e Willem Dafoe no elenco, a produ\u00e7\u00e3o promete uma atmosfera sufocante, explorando supersti\u00e7\u00e3o, viol\u00eancia e o medo do desconhecido em uma era marcada pela brutalidade.<\/p>\n\n\n\n<h2 class=\"wp-block-heading\">9) Sobrenatural 6<\/h2>\n\n\n\n<p>A franquia \u2018Sobrenatural\u2019 segue expandindo seu universo com o sexto filme, que estreia em 21 de agosto de 2026. Lin Shaye retorna como a ic\u00f4nica Elise Rainier, agora sob a dire\u00e7\u00e3o de Jacob Chase.<\/p>\n\n\n\n<p>Conhecida por trabalhar o sil\u00eancio e o suspense de forma eficiente, a saga promete aprofundar ainda mais os mist\u00e9rios do Distante, entregando sustos bem constru\u00eddos e uma mitologia cada vez mais complexa.<\/p>\n\n\n\n<h2 class=\"wp-block-heading\">10) Resident Evil<\/h2>\n\n\n\n<p>No topo da lista est\u00e1 o novo reboot de \u2018Resident Evil\u2019, marcado para 18 de setembro de 2026. A grande aposta \u00e9 o diretor Zach Cregger, que chamou aten\u00e7\u00e3o com \u2018Noites Brutais\u2019 ao subverter expectativas do p\u00fablico.<\/p>\n\n\n\n<p>Diferente das adapta\u00e7\u00f5es anteriores, o novo filme deve priorizar o horror de sobreviv\u00eancia, com foco na escassez de recursos, na atmosfera claustrof\u00f3bica e no medo constante. A promessa \u00e9 de uma adapta\u00e7\u00e3o mais fiel aos jogos, finalmente fazendo justi\u00e7a ao legado da franquia no cinema.<\/p>\n","protected":false},"excerpt":{"rendered":"<p>Cr\u00edticos apostam que este ano deve ser um dos mais fortes do g\u00eanero nos cinemas e no streaming Divulga\u00e7\u00e3o A nova sequ\u00eancia de \u2018P\u00e2nico 7&#8242; promete resgatar o esp\u00edrito original da franquia O\u00a0terror\u00a0busca recuperar prest\u00edgio e\u00a0criatividade, e 2026 surge como um ano decisivo para o\u00a0g\u00eanero. Est\u00fadios e diretores apostam tanto no retorno de\u00a0franquias consagradas quanto [&hellip;]<\/p>\n","protected":false},"author":5,"featured_media":168836,"comment_status":"closed","ping_status":"open","sticky":false,"template":"","format":"standard","meta":{"advgb_blocks_editor_width":"","advgb_blocks_columns_visual_guide":"","_exactmetrics_skip_tracking":false,"_exactmetrics_sitenote_active":false,"_exactmetrics_sitenote_note":"","_exactmetrics_sitenote_category":0,"footnotes":""},"categories":[7,2],"tags":[],"class_list":["post-168835","post","type-post","status-publish","format-standard","has-post-thumbnail","hentry","category-destaques","category-noticias"],"better_featured_image":{"id":168836,"alt_text":"","caption":"","description":"","media_type":"image","media_details":{"width":1000,"height":563,"file":"2026\/01\/download-2-1.webp","filesize":19858,"sizes":{"medium":{"file":"download-2-1-470x265.webp","width":470,"height":265,"mime-type":"image\/webp","filesize":7694,"source_url":"https:\/\/lavras.tv\/site\/wp-content\/uploads\/2026\/01\/download-2-1-470x265.webp"},"large":{"file":"download-2-1-970x546.webp","width":970,"height":546,"mime-type":"image\/webp","filesize":18724,"source_url":"https:\/\/lavras.tv\/site\/wp-content\/uploads\/2026\/01\/download-2-1-970x546.webp"},"thumbnail":{"file":"download-2-1-170x96.webp","width":170,"height":96,"mime-type":"image\/webp","filesize":2076,"source_url":"https:\/\/lavras.tv\/site\/wp-content\/uploads\/2026\/01\/download-2-1-170x96.webp"},"alm-thumbnail":{"file":"download-2-1-150x150.webp","width":150,"height":150,"mime-type":"image\/webp","filesize":3184,"source_url":"https:\/\/lavras.tv\/site\/wp-content\/uploads\/2026\/01\/download-2-1-150x150.webp"},"sow-carousel-default":{"file":"download-2-1-272x182.webp","width":272,"height":182,"mime-type":"image\/webp","filesize":4828,"source_url":"https:\/\/lavras.tv\/site\/wp-content\/uploads\/2026\/01\/download-2-1-272x182.webp"}},"image_meta":{"aperture":"0","credit":"","camera":"","caption":"","created_timestamp":"0","copyright":"","focal_length":"0","iso":"0","shutter_speed":"0","title":"","orientation":"0","keywords":[]}},"post":168835,"source_url":"https:\/\/lavras.tv\/site\/wp-content\/uploads\/2026\/01\/download-2-1.webp"},"author_meta":{"display_name":"Vinicius Bustamante","author_link":"https:\/\/lavras.tv\/site\/author\/vinicius-bustamante\/"},"featured_img":"https:\/\/lavras.tv\/site\/wp-content\/uploads\/2026\/01\/download-2-1-470x265.webp","coauthors":[],"tax_additional":{"categories":{"linked":["<a href=\"https:\/\/lavras.tv\/site\/category\/destaques\/\" class=\"advgb-post-tax-term\">Destaques<\/a>","<a href=\"https:\/\/lavras.tv\/site\/category\/noticias\/\" class=\"advgb-post-tax-term\">Not\u00edcias<\/a>"],"unlinked":["<span class=\"advgb-post-tax-term\">Destaques<\/span>","<span class=\"advgb-post-tax-term\">Not\u00edcias<\/span>"]}},"comment_count":"0","relative_dates":{"created":"Publicado 4 meses atr\u00e1s","modified":"Atualizado 4 meses atr\u00e1s"},"absolute_dates":{"created":"Publicado em 12 de janeiro de 2026","modified":"Atualizado em 12 de janeiro de 2026"},"absolute_dates_time":{"created":"Publicado em 12 de janeiro de 2026 10:03","modified":"Atualizado em 12 de janeiro de 2026 10:03"},"featured_img_caption":"","series_order":"","_links":{"self":[{"href":"https:\/\/lavras.tv\/site\/wp-json\/wp\/v2\/posts\/168835","targetHints":{"allow":["GET"]}}],"collection":[{"href":"https:\/\/lavras.tv\/site\/wp-json\/wp\/v2\/posts"}],"about":[{"href":"https:\/\/lavras.tv\/site\/wp-json\/wp\/v2\/types\/post"}],"author":[{"embeddable":true,"href":"https:\/\/lavras.tv\/site\/wp-json\/wp\/v2\/users\/5"}],"replies":[{"embeddable":true,"href":"https:\/\/lavras.tv\/site\/wp-json\/wp\/v2\/comments?post=168835"}],"version-history":[{"count":1,"href":"https:\/\/lavras.tv\/site\/wp-json\/wp\/v2\/posts\/168835\/revisions"}],"predecessor-version":[{"id":168837,"href":"https:\/\/lavras.tv\/site\/wp-json\/wp\/v2\/posts\/168835\/revisions\/168837"}],"wp:featuredmedia":[{"embeddable":true,"href":"https:\/\/lavras.tv\/site\/wp-json\/wp\/v2\/media\/168836"}],"wp:attachment":[{"href":"https:\/\/lavras.tv\/site\/wp-json\/wp\/v2\/media?parent=168835"}],"wp:term":[{"taxonomy":"category","embeddable":true,"href":"https:\/\/lavras.tv\/site\/wp-json\/wp\/v2\/categories?post=168835"},{"taxonomy":"post_tag","embeddable":true,"href":"https:\/\/lavras.tv\/site\/wp-json\/wp\/v2\/tags?post=168835"}],"curies":[{"name":"wp","href":"https:\/\/api.w.org\/{rel}","templated":true}]}}