{"id":168838,"date":"2026-01-12T10:07:39","date_gmt":"2026-01-12T13:07:39","guid":{"rendered":"https:\/\/lavras.tv\/site\/?p=168838"},"modified":"2026-01-12T10:07:40","modified_gmt":"2026-01-12T13:07:40","slug":"feijao-tropeiro-entra-em-ranking-internacional-e-projeta-a-cozinha-mineira-no-cenario-global","status":"publish","type":"post","link":"https:\/\/lavras.tv\/site\/2026\/01\/12\/feijao-tropeiro-entra-em-ranking-internacional-e-projeta-a-cozinha-mineira-no-cenario-global\/","title":{"rendered":"Feij\u00e3o tropeiro entra em ranking internacional e projeta a cozinha mineira no cen\u00e1rio global"},"content":{"rendered":"<div class=\"lavra-antes-do-conteudo_2\" id=\"lavra-3975615801\"><div id=\"lavra-slider-27\" class=\"custom-slider lavra-slider-646641409 lavra-slider\"><ul><li><div style=\"margin-left: auto;margin-right: auto;text-align: center;\" id=\"lavra-3247324302\"><a href=\"https:\/\/sistemas.lavras.mg.gov.br\/portalcidadao\/#df1b1a7c7b2a290bcb31e32771e610784662739a88807c0dacac58ede5f391a7530e299dc302d611ee73cb143fc22eaf93592e53e7b5bdb01b00a0b8d28dae460c141dd2ff83412e4dc1c31b16b25f33144a9e5620ea73b13f5bc1c59411d98439ad226e8af03840603796067d87afe130812cf3de24982d0e306f9e61e764e5\" aria-label=\"Lavras-TV&#8211;720x104px (1) (1)\"><img src=\"https:\/\/lavras.tv\/site\/wp-content\/uploads\/2025\/01\/Lavras-TV-720x104px-1-1.png\" alt=\"\"  srcset=\"https:\/\/lavras.tv\/site\/wp-content\/uploads\/2025\/01\/Lavras-TV-720x104px-1-1.png 720w, https:\/\/lavras.tv\/site\/wp-content\/uploads\/2025\/01\/Lavras-TV-720x104px-1-1-470x68.png 470w, https:\/\/lavras.tv\/site\/wp-content\/uploads\/2025\/01\/Lavras-TV-720x104px-1-1-170x25.png 170w, https:\/\/lavras.tv\/site\/wp-content\/uploads\/2025\/01\/Lavras-TV-720x104px-1-1-200x29.png 200w\" sizes=\"(max-width: 720px) 100vw, 720px\" width=\"720\" height=\"104\"  style=\"display: inline-block;\" \/><\/a><\/div><\/li><li><a href=\"https:\/\/sistemas.lavras.mg.gov.br\/portalcidadao\/#df1b1a7c7b2a290bcb31e32771e610784662739a88807c0dacac58ede5f391a7530e299dc302d611ee73cb143fc22eaf93592e53e7b5bdb01b00a0b8d28dae460c141dd2ff83412e4dc1c31b16b25f33144a9e5620ea73b13f5bc1c59411d98439ad226e8af03840603796067d87afe130812cf3de24982d0e306f9e61e764e5\" aria-label=\"Banner_Emprego_PortallavrasTV\"><img src=\"https:\/\/lavras.tv\/site\/wp-content\/uploads\/2025\/03\/Banner_Emprego_PortallavrasTV.png\" alt=\"\"  srcset=\"https:\/\/lavras.tv\/site\/wp-content\/uploads\/2025\/03\/Banner_Emprego_PortallavrasTV.png 720w, https:\/\/lavras.tv\/site\/wp-content\/uploads\/2025\/03\/Banner_Emprego_PortallavrasTV-470x68.png 470w, https:\/\/lavras.tv\/site\/wp-content\/uploads\/2025\/03\/Banner_Emprego_PortallavrasTV-170x25.png 170w, https:\/\/lavras.tv\/site\/wp-content\/uploads\/2025\/03\/Banner_Emprego_PortallavrasTV-200x29.png 200w\" sizes=\"(max-width: 720px) 100vw, 720px\" width=\"720\" height=\"104\"   \/><\/a><\/li><li><a href=\"https:\/\/sistemas.lavras.mg.gov.br\/portalcidadao\/#df1b1a7c7b2a290bcb31e32771e610784662739a88807c0dacac58ede5f391a7530e299dc302d611ee73cb143fc22eaf93592e53e7b5bdb01b00a0b8d28dae460c141dd2ff83412e4dc1c31b16b25f33144a9e5620ea73b13f5bc1c59411d98439ad226e8af03840603796067d87afe130812cf3de24982d0e306f9e61e764e5\" aria-label=\"Banner_Obras_PortallavrasTV\"><img src=\"https:\/\/lavras.tv\/site\/wp-content\/uploads\/2025\/03\/Banner_Obras_PortallavrasTV.png\" alt=\"\"  srcset=\"https:\/\/lavras.tv\/site\/wp-content\/uploads\/2025\/03\/Banner_Obras_PortallavrasTV.png 720w, https:\/\/lavras.tv\/site\/wp-content\/uploads\/2025\/03\/Banner_Obras_PortallavrasTV-470x68.png 470w, https:\/\/lavras.tv\/site\/wp-content\/uploads\/2025\/03\/Banner_Obras_PortallavrasTV-170x25.png 170w, https:\/\/lavras.tv\/site\/wp-content\/uploads\/2025\/03\/Banner_Obras_PortallavrasTV-200x29.png 200w\" sizes=\"(max-width: 720px) 100vw, 720px\" width=\"720\" height=\"104\"   \/><\/a><\/li><li><div style=\"margin-left: auto;margin-right: auto;text-align: center;\" id=\"lavra-3992572769\"><a href=\"https:\/\/sistemas.lavras.mg.gov.br\/portalcidadao\/#df1b1a7c7b2a290bcb31e32771e610784662739a88807c0dacac58ede5f391a7530e299dc302d611ee73cb143fc22eaf93592e53e7b5bdb01b00a0b8d28dae460c141dd2ff83412e4dc1c31b16b25f33144a9e5620ea73b13f5bc1c59411d98439ad226e8af03840603796067d87afe130812cf3de24982d0e306f9e61e764e5\" aria-label=\"Banner_Educa\u00e7\u00e3o_PortallavrasTV\"><img src=\"https:\/\/lavras.tv\/site\/wp-content\/uploads\/2025\/01\/Banner_Educacao_PortallavrasTV.png\" alt=\"\"  srcset=\"https:\/\/lavras.tv\/site\/wp-content\/uploads\/2025\/01\/Banner_Educacao_PortallavrasTV.png 720w, https:\/\/lavras.tv\/site\/wp-content\/uploads\/2025\/01\/Banner_Educacao_PortallavrasTV-470x68.png 470w, https:\/\/lavras.tv\/site\/wp-content\/uploads\/2025\/01\/Banner_Educacao_PortallavrasTV-170x25.png 170w, https:\/\/lavras.tv\/site\/wp-content\/uploads\/2025\/01\/Banner_Educacao_PortallavrasTV-200x29.png 200w\" sizes=\"(max-width: 720px) 100vw, 720px\" width=\"720\" height=\"104\"  style=\"display: inline-block;\" \/><\/a><\/div><\/li><li><a href=\"https:\/\/sistemas.lavras.mg.gov.br\/portalcidadao\/#df1b1a7c7b2a290bcb31e32771e610784662739a88807c0dacac58ede5f391a7530e299dc302d611ee73cb143fc22eaf93592e53e7b5bdb01b00a0b8d28dae460c141dd2ff83412e4dc1c31b16b25f33144a9e5620ea73b13f5bc1c59411d98439ad226e8af03840603796067d87afe130812cf3de24982d0e306f9e61e764e5\" aria-label=\"Banner_Sa\u00fade_PortallavrasTV\"><img src=\"https:\/\/lavras.tv\/site\/wp-content\/uploads\/2025\/03\/Banner_Saude_PortallavrasTV.png\" alt=\"\"  srcset=\"https:\/\/lavras.tv\/site\/wp-content\/uploads\/2025\/03\/Banner_Saude_PortallavrasTV.png 720w, https:\/\/lavras.tv\/site\/wp-content\/uploads\/2025\/03\/Banner_Saude_PortallavrasTV-470x68.png 470w, https:\/\/lavras.tv\/site\/wp-content\/uploads\/2025\/03\/Banner_Saude_PortallavrasTV-170x25.png 170w, https:\/\/lavras.tv\/site\/wp-content\/uploads\/2025\/03\/Banner_Saude_PortallavrasTV-200x29.png 200w\" sizes=\"(max-width: 720px) 100vw, 720px\" width=\"720\" height=\"104\"   \/><\/a><\/li><li><div id=\"lavra-2611720022\" style=\"width:720px;height:104px;background-color:#ddd;overflow:scroll;\">\n\t<strong>Sa\u00edda da depura\u00e7\u00e3o de an\u00fancios<\/strong>\n\t<br><br>\n\tO an\u00fancio n\u00e3o \u00e9 exibido na p\u00e1gina<br><br>post atual: Feij\u00e3o tropeiro entra em ranking internacional e projeta a cozinha mineira no cen\u00e1rio global, ID: 168838<br><br><span style=\"color: red;\">O post atual n\u00e3o \u00e9 id\u00eantico ao post principal.<\/span><br><br>An\u00fancios: ROXO - TOPO INTERNA - ROTATIVO 2 (197)<br \/>Grupo de an\u00fancios: Princ_Meio01_720x104 (27)<br><br>Condi\u00e7\u00f5es de exibi\u00e7\u00e3o<div style=\"margin-bottom: 20px; white-space: pre-wrap; font-family: monospace; width: 100%; background: #ffe9e9;\"><strong>condi\u00e7\u00f5es gerais<\/strong><table border=\"1\"><thead><tr><th><\/th><th>An\u00fancios<\/th><th>wp_the_query<\/th><\/tr><\/thead><tr><td>is_main_query<\/td><td>1<\/td><td>1<\/td><\/tr><tr><td>is_rest_api<\/td><td>0<\/td><td>1<\/td><\/tr><tr><td>page<\/td><td>0<\/td><td>1<\/td><\/tr><tr><td>numpages<\/td><td>0<\/td><td>1<\/td><\/tr><tr><td>is_archive<\/td><td>1<\/td><td><\/td><\/tr><tr><td>is_search<\/td><td>1<\/td><td><\/td><\/tr><tr><td>is_home<\/td><td>1<\/td><td><\/td><\/tr><tr><td>is_404<\/td><td>1<\/td><td><\/td><\/tr><tr><td>is_attachment<\/td><td>1<\/td><td><\/td><\/tr><tr><td>is_singular<\/td><td>1<\/td><td><\/td><\/tr><tr><td>is_front_page<\/td><td>1<\/td><td><\/td><\/tr><tr><td>is_feed<\/td><td>1<\/td><td><\/td><\/tr><\/table><\/div><br><br><span style=\"color: red;\">Seu site usa HTTPS, mas o c\u00f3digo do an\u00fancio cont\u00e9m HTTP e pode n\u00e3o funcionar.<\/span>\t<br><br>\n\t<a style=\"color: green;\" href=\"https:\/\/wpadvancedads.com\/manual\/ad-debug-mode\/?utm_source=advanced-ads&utm_medium=link&utm_campaign=ad-debug-mode\" target=\"_blank\" rel=\"nofollow\">Encontre solu\u00e7\u00f5es no manual<\/a>\n<\/div>\n<\/li><\/ul><\/div><script>( window.advanced_ads_ready || jQuery( document ).ready ).call( null, function() {var $lavraslider646641409 = jQuery( \".lavra-slider-646641409\" );$lavraslider646641409.on( \"unslider.ready\", function() { jQuery( \"div.custom-slider ul li\" ).css( \"display\", \"block\" ); });$lavraslider646641409.unslider({ delay:4000, autoplay:true, nav:false, arrows:false, infinite:true });$lavraslider646641409.on(\"mouseover\", function() {$lavraslider646641409.unslider(\"stop\");}).on(\"mouseout\", function() {$lavraslider646641409.unslider(\"start\");});});<\/script><\/div>\n<p><img decoding=\"async\" src=\"https:\/\/www.secult.mg.gov.br\/images\/2025\/WhatsApp_Image_2026-01-08_at_18.31.57.jpg\" alt=\"WhatsApp Image 2026 01 08 at 18.31.57\"><em>No ranking da TasteAtlas, o prato divide espa\u00e7o com outras receitas tradicionais da It\u00e1lia, como parmigiana, a sopa de pedra portuguesa e o malai kofta da \u00cdndia (Foto:&nbsp;Mateus Baranowski)<\/em><\/p>\n\n\n\n<p>O feij\u00e3o tropeiro acaba de ganhar destaque internacional ao integrar o ranking da plataforma TasteAtlas, figurando na 5\u00aa coloca\u00e7\u00e3o entre os melhores pratos da categoria \u201cpratos vegetais\u201d do mundo. O reconhecimento coloca a cozinha mineira ao lado de tradi\u00e7\u00f5es gastron\u00f4micas consagradas da It\u00e1lia, Portugal e \u00cdndia, e refor\u00e7a a proje\u00e7\u00e3o global dos sabores de Minas.<\/p>\n\n\n\n<p>Com avalia\u00e7\u00e3o de 4,29, o prato \u00e9 apresentado pela plataforma como uma receita tradicional de Minas Gerais, associada \u00e0 hist\u00f3ria dos tropeiros que cruzavam o interior do Brasil transportando mercadorias e saberes.<\/p>\n\n\n\n<p>Preparado com feij\u00e3o cozido, farinha de mandioca e temperos como alho, cebola, couve e cheiro-verde, o feij\u00e3o tropeiro re\u00fane simplicidade, sust\u00e2ncia e identidade, marcas registradas da cozinha mineira. A TasteAtlas tamb\u00e9m destaca as diferentes varia\u00e7\u00f5es regionais da receita, reflexo da diversidade cultural e territorial do estado.<\/p>\n\n\n\n<p>Para a secret\u00e1ria de Estado de Cultura e Turismo de Minas Gerais (Secult-MG), B\u00e1rbara Botega, o reconhecimento internacional reafirma a for\u00e7a da gastronomia mineira. &#8220;Nossa cozinha \u00e9 feita de hist\u00f3ria, afeto e saberes transmitidos de gera\u00e7\u00e3o em gera\u00e7\u00e3o. Esse reconhecimento valoriza n\u00e3o apenas um prato, mas toda uma cultura alimentar que expressa a identidade do nosso povo e fortalece Minas como destino gastron\u00f4mico no cen\u00e1rio internacional&#8221;, destaca a secret\u00e1ria.<\/p>\n\n\n\n<p>A presen\u00e7a do feij\u00e3o tropeiro nesse ranking internacional n\u00e3o \u00e9 um fato isolado, mas parte de um movimento mais amplo de valoriza\u00e7\u00e3o da cozinha mineira, reconhecida por sua autenticidade, t\u00e9cnicas tradicionais e profunda rela\u00e7\u00e3o com o territ\u00f3rio. Herdeira de influ\u00eancias ind\u00edgenas, africanas e portuguesas, a cozinha de Minas se construiu a partir do aproveitamento integral dos alimentos, do saber transmitido entre gera\u00e7\u00f5es e da criatividade diante das condi\u00e7\u00f5es do interior do pa\u00eds.<\/p>\n\n\n\n<p>Esse reconhecimento internacional dialoga com o trabalho cont\u00ednuo do Governo de Minas, por meio da Secult-MG, que vem promovendo a cozinha mineira como patrim\u00f4nio cultural e ativo estrat\u00e9gico do turismo. A secretaria atua na divulga\u00e7\u00e3o da gastronomia do estado em feiras nacionais e internacionais, festivais, eventos, semin\u00e1rios e a\u00e7\u00f5es de promo\u00e7\u00e3o tur\u00edstica, integrando cultura, turismo e economia criativa.<\/p>\n\n\n\n<p>Recentemente, Minas Gerais tamb\u00e9m foi citada pela revista Cond\u00e9 Nast Traveler como um dos destinos gastron\u00f4micos de 2026, refor\u00e7ando o interesse internacional pela culin\u00e1ria do estado e pelos seus modos de fazer. A presen\u00e7a em rankings e publica\u00e7\u00f5es especializadas amplia a visibilidade dos pratos, dos produtores locais, dos chefs, das cozinheiras tradicionais e dos territ\u00f3rios que d\u00e3o origem a esses sabores.<\/p>\n","protected":false},"excerpt":{"rendered":"<p>No ranking da TasteAtlas, o prato divide espa\u00e7o com outras receitas tradicionais da It\u00e1lia, como parmigiana, a sopa de pedra portuguesa e o malai kofta da \u00cdndia (Foto:&nbsp;Mateus Baranowski) O feij\u00e3o tropeiro acaba de ganhar destaque internacional ao integrar o ranking da plataforma TasteAtlas, figurando na 5\u00aa coloca\u00e7\u00e3o entre os melhores pratos da categoria \u201cpratos [&hellip;]<\/p>\n","protected":false},"author":5,"featured_media":168839,"comment_status":"closed","ping_status":"open","sticky":false,"template":"","format":"standard","meta":{"advgb_blocks_editor_width":"","advgb_blocks_columns_visual_guide":"","_exactmetrics_skip_tracking":false,"_exactmetrics_sitenote_active":false,"_exactmetrics_sitenote_note":"","_exactmetrics_sitenote_category":0,"footnotes":""},"categories":[7,2],"tags":[],"class_list":["post-168838","post","type-post","status-publish","format-standard","has-post-thumbnail","hentry","category-destaques","category-noticias"],"better_featured_image":{"id":168839,"alt_text":"","caption":"","description":"","media_type":"image","media_details":{"width":1057,"height":867,"file":"2026\/01\/WhatsApp_Image_2026-01-08_at_18.31.57.jpg","filesize":327355,"sizes":{"medium":{"file":"WhatsApp_Image_2026-01-08_at_18.31.57-366x300.jpg","width":366,"height":300,"mime-type":"image\/jpeg","filesize":31714,"source_url":"https:\/\/lavras.tv\/site\/wp-content\/uploads\/2026\/01\/WhatsApp_Image_2026-01-08_at_18.31.57-366x300.jpg"},"large":{"file":"WhatsApp_Image_2026-01-08_at_18.31.57-970x796.jpg","width":970,"height":796,"mime-type":"image\/jpeg","filesize":149542,"source_url":"https:\/\/lavras.tv\/site\/wp-content\/uploads\/2026\/01\/WhatsApp_Image_2026-01-08_at_18.31.57-970x796.jpg"},"thumbnail":{"file":"WhatsApp_Image_2026-01-08_at_18.31.57-170x139.jpg","width":170,"height":139,"mime-type":"image\/jpeg","filesize":8894,"source_url":"https:\/\/lavras.tv\/site\/wp-content\/uploads\/2026\/01\/WhatsApp_Image_2026-01-08_at_18.31.57-170x139.jpg"},"alm-thumbnail":{"file":"WhatsApp_Image_2026-01-08_at_18.31.57-150x150.jpg","width":150,"height":150,"mime-type":"image\/jpeg","filesize":8543,"source_url":"https:\/\/lavras.tv\/site\/wp-content\/uploads\/2026\/01\/WhatsApp_Image_2026-01-08_at_18.31.57-150x150.jpg"},"sow-carousel-default":{"file":"WhatsApp_Image_2026-01-08_at_18.31.57-272x182.jpg","width":272,"height":182,"mime-type":"image\/jpeg","filesize":16634,"source_url":"https:\/\/lavras.tv\/site\/wp-content\/uploads\/2026\/01\/WhatsApp_Image_2026-01-08_at_18.31.57-272x182.jpg"}},"image_meta":{"aperture":"0","credit":"","camera":"","caption":"","created_timestamp":"0","copyright":"","focal_length":"0","iso":"0","shutter_speed":"0","title":"","orientation":"1","keywords":[]}},"post":168838,"source_url":"https:\/\/lavras.tv\/site\/wp-content\/uploads\/2026\/01\/WhatsApp_Image_2026-01-08_at_18.31.57.jpg"},"author_meta":{"display_name":"Vinicius Bustamante","author_link":"https:\/\/lavras.tv\/site\/author\/vinicius-bustamante\/"},"featured_img":"https:\/\/lavras.tv\/site\/wp-content\/uploads\/2026\/01\/WhatsApp_Image_2026-01-08_at_18.31.57-366x300.jpg","coauthors":[],"tax_additional":{"categories":{"linked":["<a href=\"https:\/\/lavras.tv\/site\/category\/destaques\/\" class=\"advgb-post-tax-term\">Destaques<\/a>","<a href=\"https:\/\/lavras.tv\/site\/category\/noticias\/\" class=\"advgb-post-tax-term\">Not\u00edcias<\/a>"],"unlinked":["<span class=\"advgb-post-tax-term\">Destaques<\/span>","<span class=\"advgb-post-tax-term\">Not\u00edcias<\/span>"]}},"comment_count":"0","relative_dates":{"created":"Publicado 4 meses atr\u00e1s","modified":"Atualizado 4 meses atr\u00e1s"},"absolute_dates":{"created":"Publicado em 12 de janeiro de 2026","modified":"Atualizado em 12 de janeiro de 2026"},"absolute_dates_time":{"created":"Publicado em 12 de janeiro de 2026 10:07","modified":"Atualizado em 12 de janeiro de 2026 10:07"},"featured_img_caption":"","series_order":"","_links":{"self":[{"href":"https:\/\/lavras.tv\/site\/wp-json\/wp\/v2\/posts\/168838","targetHints":{"allow":["GET"]}}],"collection":[{"href":"https:\/\/lavras.tv\/site\/wp-json\/wp\/v2\/posts"}],"about":[{"href":"https:\/\/lavras.tv\/site\/wp-json\/wp\/v2\/types\/post"}],"author":[{"embeddable":true,"href":"https:\/\/lavras.tv\/site\/wp-json\/wp\/v2\/users\/5"}],"replies":[{"embeddable":true,"href":"https:\/\/lavras.tv\/site\/wp-json\/wp\/v2\/comments?post=168838"}],"version-history":[{"count":1,"href":"https:\/\/lavras.tv\/site\/wp-json\/wp\/v2\/posts\/168838\/revisions"}],"predecessor-version":[{"id":168840,"href":"https:\/\/lavras.tv\/site\/wp-json\/wp\/v2\/posts\/168838\/revisions\/168840"}],"wp:featuredmedia":[{"embeddable":true,"href":"https:\/\/lavras.tv\/site\/wp-json\/wp\/v2\/media\/168839"}],"wp:attachment":[{"href":"https:\/\/lavras.tv\/site\/wp-json\/wp\/v2\/media?parent=168838"}],"wp:term":[{"taxonomy":"category","embeddable":true,"href":"https:\/\/lavras.tv\/site\/wp-json\/wp\/v2\/categories?post=168838"},{"taxonomy":"post_tag","embeddable":true,"href":"https:\/\/lavras.tv\/site\/wp-json\/wp\/v2\/tags?post=168838"}],"curies":[{"name":"wp","href":"https:\/\/api.w.org\/{rel}","templated":true}]}}