{"id":168841,"date":"2026-01-12T10:12:34","date_gmt":"2026-01-12T13:12:34","guid":{"rendered":"https:\/\/lavras.tv\/site\/?p=168841"},"modified":"2026-01-12T10:13:53","modified_gmt":"2026-01-12T13:13:53","slug":"policia-civil-prende-maior-traficante-de-pasta-base-de-cocaina-de-minas-gerais","status":"publish","type":"post","link":"https:\/\/lavras.tv\/site\/2026\/01\/12\/policia-civil-prende-maior-traficante-de-pasta-base-de-cocaina-de-minas-gerais\/","title":{"rendered":"Pol\u00edcia Civil prende maior traficante de pasta base de coca\u00edna de Minas Gerais"},"content":{"rendered":"<div class=\"lavra-antes-do-conteudo_2\" id=\"lavra-3341533849\"><div id=\"lavra-slider-27\" class=\"custom-slider lavra-slider-125150682 lavra-slider\"><ul><li><div style=\"margin-left: auto;margin-right: auto;text-align: center;\" id=\"lavra-1379104257\"><a href=\"https:\/\/sistemas.lavras.mg.gov.br\/portalcidadao\/#df1b1a7c7b2a290bcb31e32771e610784662739a88807c0dacac58ede5f391a7530e299dc302d611ee73cb143fc22eaf93592e53e7b5bdb01b00a0b8d28dae460c141dd2ff83412e4dc1c31b16b25f33144a9e5620ea73b13f5bc1c59411d98439ad226e8af03840603796067d87afe130812cf3de24982d0e306f9e61e764e5\" aria-label=\"Lavras-TV&#8211;720x104px (1) (1)\"><img src=\"https:\/\/lavras.tv\/site\/wp-content\/uploads\/2025\/01\/Lavras-TV-720x104px-1-1.png\" alt=\"\"  srcset=\"https:\/\/lavras.tv\/site\/wp-content\/uploads\/2025\/01\/Lavras-TV-720x104px-1-1.png 720w, https:\/\/lavras.tv\/site\/wp-content\/uploads\/2025\/01\/Lavras-TV-720x104px-1-1-470x68.png 470w, https:\/\/lavras.tv\/site\/wp-content\/uploads\/2025\/01\/Lavras-TV-720x104px-1-1-170x25.png 170w, https:\/\/lavras.tv\/site\/wp-content\/uploads\/2025\/01\/Lavras-TV-720x104px-1-1-200x29.png 200w\" sizes=\"(max-width: 720px) 100vw, 720px\" width=\"720\" height=\"104\"  style=\"display: inline-block;\" \/><\/a><\/div><\/li><li><a href=\"https:\/\/sistemas.lavras.mg.gov.br\/portalcidadao\/#df1b1a7c7b2a290bcb31e32771e610784662739a88807c0dacac58ede5f391a7530e299dc302d611ee73cb143fc22eaf93592e53e7b5bdb01b00a0b8d28dae460c141dd2ff83412e4dc1c31b16b25f33144a9e5620ea73b13f5bc1c59411d98439ad226e8af03840603796067d87afe130812cf3de24982d0e306f9e61e764e5\" aria-label=\"Banner_Emprego_PortallavrasTV\"><img src=\"https:\/\/lavras.tv\/site\/wp-content\/uploads\/2025\/03\/Banner_Emprego_PortallavrasTV.png\" alt=\"\"  srcset=\"https:\/\/lavras.tv\/site\/wp-content\/uploads\/2025\/03\/Banner_Emprego_PortallavrasTV.png 720w, https:\/\/lavras.tv\/site\/wp-content\/uploads\/2025\/03\/Banner_Emprego_PortallavrasTV-470x68.png 470w, https:\/\/lavras.tv\/site\/wp-content\/uploads\/2025\/03\/Banner_Emprego_PortallavrasTV-170x25.png 170w, https:\/\/lavras.tv\/site\/wp-content\/uploads\/2025\/03\/Banner_Emprego_PortallavrasTV-200x29.png 200w\" sizes=\"(max-width: 720px) 100vw, 720px\" width=\"720\" height=\"104\"   \/><\/a><\/li><li><a href=\"https:\/\/sistemas.lavras.mg.gov.br\/portalcidadao\/#df1b1a7c7b2a290bcb31e32771e610784662739a88807c0dacac58ede5f391a7530e299dc302d611ee73cb143fc22eaf93592e53e7b5bdb01b00a0b8d28dae460c141dd2ff83412e4dc1c31b16b25f33144a9e5620ea73b13f5bc1c59411d98439ad226e8af03840603796067d87afe130812cf3de24982d0e306f9e61e764e5\" aria-label=\"Banner_Obras_PortallavrasTV\"><img src=\"https:\/\/lavras.tv\/site\/wp-content\/uploads\/2025\/03\/Banner_Obras_PortallavrasTV.png\" alt=\"\"  srcset=\"https:\/\/lavras.tv\/site\/wp-content\/uploads\/2025\/03\/Banner_Obras_PortallavrasTV.png 720w, https:\/\/lavras.tv\/site\/wp-content\/uploads\/2025\/03\/Banner_Obras_PortallavrasTV-470x68.png 470w, https:\/\/lavras.tv\/site\/wp-content\/uploads\/2025\/03\/Banner_Obras_PortallavrasTV-170x25.png 170w, https:\/\/lavras.tv\/site\/wp-content\/uploads\/2025\/03\/Banner_Obras_PortallavrasTV-200x29.png 200w\" sizes=\"(max-width: 720px) 100vw, 720px\" width=\"720\" height=\"104\"   \/><\/a><\/li><li><div style=\"margin-left: auto;margin-right: auto;text-align: center;\" id=\"lavra-2103963865\"><a href=\"https:\/\/sistemas.lavras.mg.gov.br\/portalcidadao\/#df1b1a7c7b2a290bcb31e32771e610784662739a88807c0dacac58ede5f391a7530e299dc302d611ee73cb143fc22eaf93592e53e7b5bdb01b00a0b8d28dae460c141dd2ff83412e4dc1c31b16b25f33144a9e5620ea73b13f5bc1c59411d98439ad226e8af03840603796067d87afe130812cf3de24982d0e306f9e61e764e5\" aria-label=\"Banner_Educa\u00e7\u00e3o_PortallavrasTV\"><img src=\"https:\/\/lavras.tv\/site\/wp-content\/uploads\/2025\/01\/Banner_Educacao_PortallavrasTV.png\" alt=\"\"  srcset=\"https:\/\/lavras.tv\/site\/wp-content\/uploads\/2025\/01\/Banner_Educacao_PortallavrasTV.png 720w, https:\/\/lavras.tv\/site\/wp-content\/uploads\/2025\/01\/Banner_Educacao_PortallavrasTV-470x68.png 470w, https:\/\/lavras.tv\/site\/wp-content\/uploads\/2025\/01\/Banner_Educacao_PortallavrasTV-170x25.png 170w, https:\/\/lavras.tv\/site\/wp-content\/uploads\/2025\/01\/Banner_Educacao_PortallavrasTV-200x29.png 200w\" sizes=\"(max-width: 720px) 100vw, 720px\" width=\"720\" height=\"104\"  style=\"display: inline-block;\" \/><\/a><\/div><\/li><li><a href=\"https:\/\/sistemas.lavras.mg.gov.br\/portalcidadao\/#df1b1a7c7b2a290bcb31e32771e610784662739a88807c0dacac58ede5f391a7530e299dc302d611ee73cb143fc22eaf93592e53e7b5bdb01b00a0b8d28dae460c141dd2ff83412e4dc1c31b16b25f33144a9e5620ea73b13f5bc1c59411d98439ad226e8af03840603796067d87afe130812cf3de24982d0e306f9e61e764e5\" aria-label=\"Banner_Sa\u00fade_PortallavrasTV\"><img src=\"https:\/\/lavras.tv\/site\/wp-content\/uploads\/2025\/03\/Banner_Saude_PortallavrasTV.png\" alt=\"\"  srcset=\"https:\/\/lavras.tv\/site\/wp-content\/uploads\/2025\/03\/Banner_Saude_PortallavrasTV.png 720w, https:\/\/lavras.tv\/site\/wp-content\/uploads\/2025\/03\/Banner_Saude_PortallavrasTV-470x68.png 470w, https:\/\/lavras.tv\/site\/wp-content\/uploads\/2025\/03\/Banner_Saude_PortallavrasTV-170x25.png 170w, https:\/\/lavras.tv\/site\/wp-content\/uploads\/2025\/03\/Banner_Saude_PortallavrasTV-200x29.png 200w\" sizes=\"(max-width: 720px) 100vw, 720px\" width=\"720\" height=\"104\"   \/><\/a><\/li><li><div id=\"lavra-2998283409\" style=\"width:720px;height:104px;background-color:#ddd;overflow:scroll;\">\n\t<strong>Sa\u00edda da depura\u00e7\u00e3o de an\u00fancios<\/strong>\n\t<br><br>\n\tO an\u00fancio n\u00e3o \u00e9 exibido na p\u00e1gina<br><br>post atual: Pol\u00edcia Civil prende maior traficante de pasta base de coca\u00edna de Minas Gerais, ID: 168841<br><br><span style=\"color: red;\">O post atual n\u00e3o \u00e9 id\u00eantico ao post principal.<\/span><br><br>An\u00fancios: ROXO - TOPO INTERNA - ROTATIVO 2 (197)<br \/>Grupo de an\u00fancios: Princ_Meio01_720x104 (27)<br><br>Condi\u00e7\u00f5es de exibi\u00e7\u00e3o<div style=\"margin-bottom: 20px; white-space: pre-wrap; font-family: monospace; width: 100%; background: #ffe9e9;\"><strong>condi\u00e7\u00f5es gerais<\/strong><table border=\"1\"><thead><tr><th><\/th><th>An\u00fancios<\/th><th>wp_the_query<\/th><\/tr><\/thead><tr><td>is_main_query<\/td><td>1<\/td><td>1<\/td><\/tr><tr><td>is_rest_api<\/td><td>0<\/td><td>1<\/td><\/tr><tr><td>page<\/td><td>0<\/td><td>1<\/td><\/tr><tr><td>numpages<\/td><td>0<\/td><td>1<\/td><\/tr><tr><td>is_archive<\/td><td>1<\/td><td><\/td><\/tr><tr><td>is_search<\/td><td>1<\/td><td><\/td><\/tr><tr><td>is_home<\/td><td>1<\/td><td><\/td><\/tr><tr><td>is_404<\/td><td>1<\/td><td><\/td><\/tr><tr><td>is_attachment<\/td><td>1<\/td><td><\/td><\/tr><tr><td>is_singular<\/td><td>1<\/td><td><\/td><\/tr><tr><td>is_front_page<\/td><td>1<\/td><td><\/td><\/tr><tr><td>is_feed<\/td><td>1<\/td><td><\/td><\/tr><\/table><\/div><br><br><span style=\"color: red;\">Seu site usa HTTPS, mas o c\u00f3digo do an\u00fancio cont\u00e9m HTTP e pode n\u00e3o funcionar.<\/span>\t<br><br>\n\t<a style=\"color: green;\" href=\"https:\/\/wpadvancedads.com\/manual\/ad-debug-mode\/?utm_source=advanced-ads&utm_medium=link&utm_campaign=ad-debug-mode\" target=\"_blank\" rel=\"nofollow\">Encontre solu\u00e7\u00f5es no manual<\/a>\n<\/div>\n<\/li><\/ul><\/div><script>( window.advanced_ads_ready || jQuery( document ).ready ).call( null, function() {var $lavraslider125150682 = jQuery( \".lavra-slider-125150682\" );$lavraslider125150682.on( \"unslider.ready\", function() { jQuery( \"div.custom-slider ul li\" ).css( \"display\", \"block\" ); });$lavraslider125150682.unslider({ delay:4000, autoplay:true, nav:false, arrows:false, infinite:true });$lavraslider125150682.on(\"mouseover\", function() {$lavraslider125150682.unslider(\"stop\");}).on(\"mouseout\", function() {$lavraslider125150682.unslider(\"start\");});});<\/script><\/div>\n<h2 class=\"wp-block-heading\">Foragido desde 2019, criminoso transportava drogas de pa\u00edses como Bol\u00edvia e Paraguai para o Brasil&nbsp;<\/h2>\n\n\n\n<figure class=\"wp-block-image\"><img decoding=\"async\" src=\"https:\/\/www.agenciaminas.mg.gov.br\/system\/news\/images\/000\/128\/708\/large\/Opera%C3%A7%C3%A3o_PCMG_00100126_%28PCMG%29.jpg?1768066887\" alt=\"imagem de destaque\"\/><\/figure>\n\n\n\n<p>A&nbsp;<a href=\"https:\/\/www.policiacivil.mg.gov.br\/\" target=\"_blank\" rel=\"noreferrer noopener\">Pol\u00edcia Civil de Minas Gerais (PCMG)<\/a>&nbsp;prendeu o maior traficante de pasta base de coca\u00edna do estado, um dos maiores do Brasil, e deu informa\u00e7\u00f5es, neste s\u00e1bado (10\/1), da opera\u00e7\u00e3o de intelig\u00eancia, que durava meses, e resultou na captura de Sonny Clay Dutra, de 43 anos, na cidade de Divin\u00f3polis, no Centro-Oeste de Minas, nessa sexta-feira (9\/1).<\/p>\n\n\n\n<p>O governador Romeu Zema parabenizou o trabalho investigativo e a atua\u00e7\u00e3o dos policiais em suas redes sociais. &#8220;Um dos maiores traficantes de Minas est\u00e1 onde precisa ficar,&nbsp;de volta \u00e0 cadeia.&nbsp;A nossa Pol\u00edcia Civil&nbsp;prendeu, nesta madrugada, Sonny Clay Dutra, ap\u00f3s um preciso trabalho de intelig\u00eancia. Aqui, criminoso n\u00e3o tem paz. E \u00e9 por isso que temos um dos estados mais seguros do pa\u00eds&#8221;.<\/p>\n\n\n\n<p>Com mandado de pris\u00e3o em aberto por uma condena\u00e7\u00e3o a 14 anos, Dutra era respons\u00e1vel pela log\u00edstica do transporte da droga de pa\u00edses vizinhos, como Bol\u00edvia e Paraguai. Ele tamb\u00e9m foi flagrado com porte ilegal de arma de fogo e n\u00e3o ofereceu resist\u00eancia no momento da abordagem policial.<\/p>\n\n\n\n<p>&#8220;\u00c9 uma das pris\u00f5es mais relevantes que fizemos nos \u00faltimos anos, considerando a expressividade dele na atividade criminosa em Minas Gerais, considerado um dos maiores traficantes do Brasil e o maior traficante de pasta base de coca\u00edna de Minas Gerais&#8221;, afirmou a chefe da PCMG, delegada-geral Let\u00edcia Gamboge.<\/p>\n\n\n\n<p>As a\u00e7\u00f5es para chegar ao traficante foram realizadas pela Delegacia de Repress\u00e3o \u00e0s A\u00e7\u00f5es Criminosas Organizadas (Draco), do Departamento Estadual de Opera\u00e7\u00f5es Especiais (Deoesp) da Pol\u00edcia Civil, junto com a Diretoria de Intelig\u00eancia Policial da Superintend\u00eancia de Informa\u00e7\u00f5es e Intelig\u00eancia Policial (SIIP) da PCMG.<\/p>\n\n\n\n<p>Natural de Ouro Preto, onde j\u00e1 havia sido preso pela equipe do Deoesp, em 2019, o homem&nbsp;teve a pris\u00e3o preventiva revogada na \u00e9poca e, desde ent\u00e3o, estava foragido, figurando&nbsp;na&nbsp;<a href=\"https:\/\/www.gov.br\/mj\/pt-br\/assuntos\/sua-seguranca\/seguranca-publica\/operacoes-integradas\/projeto-captura\/lista-de-procurados\/sonny-clay-dutra-minas-gerais\/view\" target=\"_blank\" rel=\"noreferrer noopener\">lista dos criminosos mais procurados<\/a>&nbsp;do Minist\u00e9rio da Justi\u00e7a e Seguran\u00e7a P\u00fablica (MJSP).<\/p>\n\n\n\n<p>As investiga\u00e7\u00f5es que levaram ao paradeiro de Sonny Clay Dutra, em uma boate de Divin\u00f3polis, indicam que ele residia em Ita\u00fana, na mesma regi\u00e3o do estado.&nbsp;<\/p>\n\n\n\n<p>A delegada-geral da Pol\u00edcia Civil enfatizou a atua\u00e7\u00e3o das For\u00e7as de Seguran\u00e7a para coibir esse tipo de crime e de atua\u00e7\u00e3o no estado. &#8220;Com esta a\u00e7\u00e3o, reafirmamos o compromisso inabal\u00e1vel da Pol\u00edcia Civil e do&nbsp;<a href=\"https:\/\/www.mg.gov.br\/\" target=\"_blank\" rel=\"noreferrer noopener\">Governo de Minas<\/a>&nbsp;no combate ao crime organizado, \u00e0s fac\u00e7\u00f5es e ao tr\u00e1fico de drogas. Aqui em Minas Gerais, n\u00e3o tem impunidade. N\u00e3o vamos tolerar criminosos e prenderemos quem quer que seja&#8221;, disse Let\u00edcia Gamboge.<\/p>\n\n\n\n<p>O delegado da Draco 1, Davi Batista Gomes, detalhou os desafios para capturar o criminoso. &#8220;As investiga\u00e7\u00f5es para localiz\u00e1-lo v\u00eam de muito tempo e demandaram muito trabalho de intelig\u00eancia e de campo, ele j\u00e1 foi preso diversas vezes, tem uma grande rede de prote\u00e7\u00e3o, tem muito dinheiro, ent\u00e3o consegue trocar frequentemente de endere\u00e7o, ent\u00e3o conseguimos dar um golpe muito forte no tr\u00e1fico de drogas do estado, principalmente na quest\u00e3o da grande log\u00edstica, que abastece os pontos de droga&#8221;.<\/p>\n\n\n\n<p><strong>Pr\u00f3ximos passos<\/strong><\/p>\n\n\n\n<p>O chefe da opera\u00e7\u00e3o especializada do Deoesp, Marcus Vin\u00edcius Lobo Leite Vieira, recapitulou que Sonny Clay Dutra \u00e9 investigado pela Pol\u00edcia Civil desde 2013. &#8220;\u00c9 um criminoso contumaz, tem grandes contatos em regi\u00f5es de fronteira, por isso se tornou o maior narcotraficante do estado de Minas Gerais e um dos maiores do pa\u00eds e n\u00e3o tem v\u00ednculo com nenhuma fac\u00e7\u00e3o espec\u00edfica, mantendo interlocu\u00e7\u00e3o com todas, atua em um n\u00edvel acima da log\u00edstica de drogas e \u00e9 o respons\u00e1vel por trazer grandes quantidades de coca\u00edna para Minas Gerais&#8221;, completou o delegado, que apontou as a\u00e7\u00f5es a partir de agora.&nbsp;<\/p>\n\n\n\n<p>&#8220;Vamos entrar uma segunda fase em que vamos esmiu\u00e7ar a quest\u00e3o da lavagem de dinheiro e tentar as outras ramifica\u00e7\u00f5es da organiza\u00e7\u00e3o da qual ele faz parte. Conseguimos atingir o topo, agora vamos atacar a capilaridade dessa organiza\u00e7\u00e3o e chegar nas outras conex\u00f5es&#8221;, explicou o delegado Marcus Vin\u00edcius Lobo Leite Vieira.<\/p>\n\n\n\n<p>Essa lavagem de dinheiro envolve empresas de setores como de alimentos&nbsp;e de postos de combust\u00edveis, de diversos estados al\u00e9m de Minas Gerais, como S\u00e3o Paulo, Paran\u00e1, Mato Grosso do Sul, Goi\u00e1s e Distrito Federal.<\/p>\n","protected":false},"excerpt":{"rendered":"<p>Foragido desde 2019, criminoso transportava drogas de pa\u00edses como Bol\u00edvia e Paraguai para o Brasil&nbsp; A&nbsp;Pol\u00edcia Civil de Minas Gerais (PCMG)&nbsp;prendeu o maior traficante de pasta base de coca\u00edna do estado, um dos maiores do Brasil, e deu informa\u00e7\u00f5es, neste s\u00e1bado (10\/1), da opera\u00e7\u00e3o de intelig\u00eancia, que durava meses, e resultou na captura de Sonny [&hellip;]<\/p>\n","protected":false},"author":5,"featured_media":168842,"comment_status":"closed","ping_status":"open","sticky":false,"template":"","format":"standard","meta":{"advgb_blocks_editor_width":"","advgb_blocks_columns_visual_guide":"","_exactmetrics_skip_tracking":false,"_exactmetrics_sitenote_active":false,"_exactmetrics_sitenote_note":"","_exactmetrics_sitenote_category":0,"footnotes":""},"categories":[17,2,5760],"tags":[],"class_list":["post-168841","post","type-post","status-publish","format-standard","has-post-thumbnail","hentry","category-jornal-cidade","category-noticias","category-noticias-jornal-cidade"],"better_featured_image":{"id":168842,"alt_text":"","caption":"","description":"","media_type":"image","media_details":{"width":1280,"height":853,"file":"2026\/01\/Operacao_PCMG_00100126_PCMG.jpg","filesize":543508,"sizes":{"medium":{"file":"Operacao_PCMG_00100126_PCMG-450x300.jpg","width":450,"height":300,"mime-type":"image\/jpeg","filesize":45160,"source_url":"https:\/\/lavras.tv\/site\/wp-content\/uploads\/2026\/01\/Operacao_PCMG_00100126_PCMG-450x300.jpg"},"large":{"file":"Operacao_PCMG_00100126_PCMG-970x646.jpg","width":970,"height":646,"mime-type":"image\/jpeg","filesize":144884,"source_url":"https:\/\/lavras.tv\/site\/wp-content\/uploads\/2026\/01\/Operacao_PCMG_00100126_PCMG-970x646.jpg"},"thumbnail":{"file":"Operacao_PCMG_00100126_PCMG-170x113.jpg","width":170,"height":113,"mime-type":"image\/jpeg","filesize":9741,"source_url":"https:\/\/lavras.tv\/site\/wp-content\/uploads\/2026\/01\/Operacao_PCMG_00100126_PCMG-170x113.jpg"},"alm-thumbnail":{"file":"Operacao_PCMG_00100126_PCMG-150x150.jpg","width":150,"height":150,"mime-type":"image\/jpeg","filesize":10787,"source_url":"https:\/\/lavras.tv\/site\/wp-content\/uploads\/2026\/01\/Operacao_PCMG_00100126_PCMG-150x150.jpg"},"sow-carousel-default":{"file":"Operacao_PCMG_00100126_PCMG-272x182.jpg","width":272,"height":182,"mime-type":"image\/jpeg","filesize":20237,"source_url":"https:\/\/lavras.tv\/site\/wp-content\/uploads\/2026\/01\/Operacao_PCMG_00100126_PCMG-272x182.jpg"}},"image_meta":{"aperture":"0","credit":"","camera":"","caption":"","created_timestamp":"0","copyright":"","focal_length":"0","iso":"0","shutter_speed":"0","title":"","orientation":"0","keywords":[]}},"post":168841,"source_url":"https:\/\/lavras.tv\/site\/wp-content\/uploads\/2026\/01\/Operacao_PCMG_00100126_PCMG.jpg"},"author_meta":{"display_name":"Vinicius Bustamante","author_link":"https:\/\/lavras.tv\/site\/author\/vinicius-bustamante\/"},"featured_img":"https:\/\/lavras.tv\/site\/wp-content\/uploads\/2026\/01\/Operacao_PCMG_00100126_PCMG-450x300.jpg","coauthors":[],"tax_additional":{"categories":{"linked":["<a href=\"https:\/\/lavras.tv\/site\/category\/sem-categoria\/jornal-cidade\/\" class=\"advgb-post-tax-term\">DESTAQUE PRINCIPAL<\/a>","<a href=\"https:\/\/lavras.tv\/site\/category\/noticias\/\" class=\"advgb-post-tax-term\">Not\u00edcias<\/a>","<a href=\"https:\/\/lavras.tv\/site\/category\/sem-categoria\/jornal-cidade\/noticias-jornal-cidade\/\" class=\"advgb-post-tax-term\">NOT\u00cdCIAS<\/a>"],"unlinked":["<span class=\"advgb-post-tax-term\">DESTAQUE PRINCIPAL<\/span>","<span class=\"advgb-post-tax-term\">Not\u00edcias<\/span>","<span class=\"advgb-post-tax-term\">NOT\u00cdCIAS<\/span>"]}},"comment_count":"0","relative_dates":{"created":"Publicado 4 meses atr\u00e1s","modified":"Atualizado 4 meses atr\u00e1s"},"absolute_dates":{"created":"Publicado em 12 de janeiro de 2026","modified":"Atualizado em 12 de janeiro de 2026"},"absolute_dates_time":{"created":"Publicado em 12 de janeiro de 2026 10:12","modified":"Atualizado em 12 de janeiro de 2026 10:13"},"featured_img_caption":"","series_order":"","_links":{"self":[{"href":"https:\/\/lavras.tv\/site\/wp-json\/wp\/v2\/posts\/168841","targetHints":{"allow":["GET"]}}],"collection":[{"href":"https:\/\/lavras.tv\/site\/wp-json\/wp\/v2\/posts"}],"about":[{"href":"https:\/\/lavras.tv\/site\/wp-json\/wp\/v2\/types\/post"}],"author":[{"embeddable":true,"href":"https:\/\/lavras.tv\/site\/wp-json\/wp\/v2\/users\/5"}],"replies":[{"embeddable":true,"href":"https:\/\/lavras.tv\/site\/wp-json\/wp\/v2\/comments?post=168841"}],"version-history":[{"count":1,"href":"https:\/\/lavras.tv\/site\/wp-json\/wp\/v2\/posts\/168841\/revisions"}],"predecessor-version":[{"id":168843,"href":"https:\/\/lavras.tv\/site\/wp-json\/wp\/v2\/posts\/168841\/revisions\/168843"}],"wp:featuredmedia":[{"embeddable":true,"href":"https:\/\/lavras.tv\/site\/wp-json\/wp\/v2\/media\/168842"}],"wp:attachment":[{"href":"https:\/\/lavras.tv\/site\/wp-json\/wp\/v2\/media?parent=168841"}],"wp:term":[{"taxonomy":"category","embeddable":true,"href":"https:\/\/lavras.tv\/site\/wp-json\/wp\/v2\/categories?post=168841"},{"taxonomy":"post_tag","embeddable":true,"href":"https:\/\/lavras.tv\/site\/wp-json\/wp\/v2\/tags?post=168841"}],"curies":[{"name":"wp","href":"https:\/\/api.w.org\/{rel}","templated":true}]}}