{"id":168851,"date":"2026-01-13T16:13:57","date_gmt":"2026-01-13T19:13:57","guid":{"rendered":"https:\/\/lavras.tv\/site\/?p=168851"},"modified":"2026-01-13T16:13:59","modified_gmt":"2026-01-13T19:13:59","slug":"avcb-marca-a-conclusao-da-ultima-etapa-para-o-funcionamento-pleno-do-ipetech-lavras","status":"publish","type":"post","link":"https:\/\/lavras.tv\/site\/2026\/01\/13\/avcb-marca-a-conclusao-da-ultima-etapa-para-o-funcionamento-pleno-do-ipetech-lavras\/","title":{"rendered":"AVCB marca a conclus\u00e3o da \u00faltima etapa para o funcionamento pleno do Ip\u00eaTech Lavras"},"content":{"rendered":"<div class=\"lavra-antes-do-conteudo_2\" id=\"lavra-3623498549\"><div id=\"lavra-slider-27\" class=\"custom-slider lavra-slider-4157652535 lavra-slider\"><ul><li><div style=\"margin-left: auto;margin-right: auto;text-align: center;\" id=\"lavra-1014796289\"><a href=\"https:\/\/sistemas.lavras.mg.gov.br\/portalcidadao\/#df1b1a7c7b2a290bcb31e32771e610784662739a88807c0dacac58ede5f391a7530e299dc302d611ee73cb143fc22eaf93592e53e7b5bdb01b00a0b8d28dae460c141dd2ff83412e4dc1c31b16b25f33144a9e5620ea73b13f5bc1c59411d98439ad226e8af03840603796067d87afe130812cf3de24982d0e306f9e61e764e5\" aria-label=\"Lavras-TV&#8211;720x104px (1) (1)\"><img src=\"https:\/\/lavras.tv\/site\/wp-content\/uploads\/2025\/01\/Lavras-TV-720x104px-1-1.png\" alt=\"\"  srcset=\"https:\/\/lavras.tv\/site\/wp-content\/uploads\/2025\/01\/Lavras-TV-720x104px-1-1.png 720w, https:\/\/lavras.tv\/site\/wp-content\/uploads\/2025\/01\/Lavras-TV-720x104px-1-1-470x68.png 470w, https:\/\/lavras.tv\/site\/wp-content\/uploads\/2025\/01\/Lavras-TV-720x104px-1-1-170x25.png 170w, https:\/\/lavras.tv\/site\/wp-content\/uploads\/2025\/01\/Lavras-TV-720x104px-1-1-200x29.png 200w\" sizes=\"(max-width: 720px) 100vw, 720px\" width=\"720\" height=\"104\"  style=\"display: inline-block;\" \/><\/a><\/div><\/li><li><a href=\"https:\/\/sistemas.lavras.mg.gov.br\/portalcidadao\/#df1b1a7c7b2a290bcb31e32771e610784662739a88807c0dacac58ede5f391a7530e299dc302d611ee73cb143fc22eaf93592e53e7b5bdb01b00a0b8d28dae460c141dd2ff83412e4dc1c31b16b25f33144a9e5620ea73b13f5bc1c59411d98439ad226e8af03840603796067d87afe130812cf3de24982d0e306f9e61e764e5\" aria-label=\"Banner_Emprego_PortallavrasTV\"><img src=\"https:\/\/lavras.tv\/site\/wp-content\/uploads\/2025\/03\/Banner_Emprego_PortallavrasTV.png\" alt=\"\"  srcset=\"https:\/\/lavras.tv\/site\/wp-content\/uploads\/2025\/03\/Banner_Emprego_PortallavrasTV.png 720w, https:\/\/lavras.tv\/site\/wp-content\/uploads\/2025\/03\/Banner_Emprego_PortallavrasTV-470x68.png 470w, https:\/\/lavras.tv\/site\/wp-content\/uploads\/2025\/03\/Banner_Emprego_PortallavrasTV-170x25.png 170w, https:\/\/lavras.tv\/site\/wp-content\/uploads\/2025\/03\/Banner_Emprego_PortallavrasTV-200x29.png 200w\" sizes=\"(max-width: 720px) 100vw, 720px\" width=\"720\" height=\"104\"   \/><\/a><\/li><li><a href=\"https:\/\/sistemas.lavras.mg.gov.br\/portalcidadao\/#df1b1a7c7b2a290bcb31e32771e610784662739a88807c0dacac58ede5f391a7530e299dc302d611ee73cb143fc22eaf93592e53e7b5bdb01b00a0b8d28dae460c141dd2ff83412e4dc1c31b16b25f33144a9e5620ea73b13f5bc1c59411d98439ad226e8af03840603796067d87afe130812cf3de24982d0e306f9e61e764e5\" aria-label=\"Banner_Obras_PortallavrasTV\"><img src=\"https:\/\/lavras.tv\/site\/wp-content\/uploads\/2025\/03\/Banner_Obras_PortallavrasTV.png\" alt=\"\"  srcset=\"https:\/\/lavras.tv\/site\/wp-content\/uploads\/2025\/03\/Banner_Obras_PortallavrasTV.png 720w, https:\/\/lavras.tv\/site\/wp-content\/uploads\/2025\/03\/Banner_Obras_PortallavrasTV-470x68.png 470w, https:\/\/lavras.tv\/site\/wp-content\/uploads\/2025\/03\/Banner_Obras_PortallavrasTV-170x25.png 170w, https:\/\/lavras.tv\/site\/wp-content\/uploads\/2025\/03\/Banner_Obras_PortallavrasTV-200x29.png 200w\" sizes=\"(max-width: 720px) 100vw, 720px\" width=\"720\" height=\"104\"   \/><\/a><\/li><li><div style=\"margin-left: auto;margin-right: auto;text-align: center;\" id=\"lavra-2841302038\"><a href=\"https:\/\/sistemas.lavras.mg.gov.br\/portalcidadao\/#df1b1a7c7b2a290bcb31e32771e610784662739a88807c0dacac58ede5f391a7530e299dc302d611ee73cb143fc22eaf93592e53e7b5bdb01b00a0b8d28dae460c141dd2ff83412e4dc1c31b16b25f33144a9e5620ea73b13f5bc1c59411d98439ad226e8af03840603796067d87afe130812cf3de24982d0e306f9e61e764e5\" aria-label=\"Banner_Educa\u00e7\u00e3o_PortallavrasTV\"><img src=\"https:\/\/lavras.tv\/site\/wp-content\/uploads\/2025\/01\/Banner_Educacao_PortallavrasTV.png\" alt=\"\"  srcset=\"https:\/\/lavras.tv\/site\/wp-content\/uploads\/2025\/01\/Banner_Educacao_PortallavrasTV.png 720w, https:\/\/lavras.tv\/site\/wp-content\/uploads\/2025\/01\/Banner_Educacao_PortallavrasTV-470x68.png 470w, https:\/\/lavras.tv\/site\/wp-content\/uploads\/2025\/01\/Banner_Educacao_PortallavrasTV-170x25.png 170w, https:\/\/lavras.tv\/site\/wp-content\/uploads\/2025\/01\/Banner_Educacao_PortallavrasTV-200x29.png 200w\" sizes=\"(max-width: 720px) 100vw, 720px\" width=\"720\" height=\"104\"  style=\"display: inline-block;\" \/><\/a><\/div><\/li><li><a href=\"https:\/\/sistemas.lavras.mg.gov.br\/portalcidadao\/#df1b1a7c7b2a290bcb31e32771e610784662739a88807c0dacac58ede5f391a7530e299dc302d611ee73cb143fc22eaf93592e53e7b5bdb01b00a0b8d28dae460c141dd2ff83412e4dc1c31b16b25f33144a9e5620ea73b13f5bc1c59411d98439ad226e8af03840603796067d87afe130812cf3de24982d0e306f9e61e764e5\" aria-label=\"Banner_Sa\u00fade_PortallavrasTV\"><img src=\"https:\/\/lavras.tv\/site\/wp-content\/uploads\/2025\/03\/Banner_Saude_PortallavrasTV.png\" alt=\"\"  srcset=\"https:\/\/lavras.tv\/site\/wp-content\/uploads\/2025\/03\/Banner_Saude_PortallavrasTV.png 720w, https:\/\/lavras.tv\/site\/wp-content\/uploads\/2025\/03\/Banner_Saude_PortallavrasTV-470x68.png 470w, https:\/\/lavras.tv\/site\/wp-content\/uploads\/2025\/03\/Banner_Saude_PortallavrasTV-170x25.png 170w, https:\/\/lavras.tv\/site\/wp-content\/uploads\/2025\/03\/Banner_Saude_PortallavrasTV-200x29.png 200w\" sizes=\"(max-width: 720px) 100vw, 720px\" width=\"720\" height=\"104\"   \/><\/a><\/li><li><div id=\"lavra-3037576315\" style=\"width:720px;height:104px;background-color:#ddd;overflow:scroll;\">\n\t<strong>Sa\u00edda da depura\u00e7\u00e3o de an\u00fancios<\/strong>\n\t<br><br>\n\tO an\u00fancio n\u00e3o \u00e9 exibido na p\u00e1gina<br><br>post atual: AVCB marca a conclus\u00e3o da \u00faltima etapa para o funcionamento pleno do Ip\u00eaTech Lavras, ID: 168851<br><br><span style=\"color: red;\">O post atual n\u00e3o \u00e9 id\u00eantico ao post principal.<\/span><br><br>An\u00fancios: ROXO - TOPO INTERNA - ROTATIVO 2 (197)<br \/>Grupo de an\u00fancios: Princ_Meio01_720x104 (27)<br><br>Condi\u00e7\u00f5es de exibi\u00e7\u00e3o<div style=\"margin-bottom: 20px; white-space: pre-wrap; font-family: monospace; width: 100%; background: #ffe9e9;\"><strong>condi\u00e7\u00f5es gerais<\/strong><table border=\"1\"><thead><tr><th><\/th><th>An\u00fancios<\/th><th>wp_the_query<\/th><\/tr><\/thead><tr><td>is_main_query<\/td><td>1<\/td><td>1<\/td><\/tr><tr><td>is_rest_api<\/td><td>0<\/td><td>1<\/td><\/tr><tr><td>page<\/td><td>0<\/td><td>1<\/td><\/tr><tr><td>numpages<\/td><td>0<\/td><td>1<\/td><\/tr><tr><td>is_archive<\/td><td>1<\/td><td><\/td><\/tr><tr><td>is_search<\/td><td>1<\/td><td><\/td><\/tr><tr><td>is_home<\/td><td>1<\/td><td><\/td><\/tr><tr><td>is_404<\/td><td>1<\/td><td><\/td><\/tr><tr><td>is_attachment<\/td><td>1<\/td><td><\/td><\/tr><tr><td>is_singular<\/td><td>1<\/td><td><\/td><\/tr><tr><td>is_front_page<\/td><td>1<\/td><td><\/td><\/tr><tr><td>is_feed<\/td><td>1<\/td><td><\/td><\/tr><\/table><\/div><br><br><span style=\"color: red;\">Seu site usa HTTPS, mas o c\u00f3digo do an\u00fancio cont\u00e9m HTTP e pode n\u00e3o funcionar.<\/span>\t<br><br>\n\t<a style=\"color: green;\" href=\"https:\/\/wpadvancedads.com\/manual\/ad-debug-mode\/?utm_source=advanced-ads&utm_medium=link&utm_campaign=ad-debug-mode\" target=\"_blank\" rel=\"nofollow\">Encontre solu\u00e7\u00f5es no manual<\/a>\n<\/div>\n<\/li><\/ul><\/div><script>( window.advanced_ads_ready || jQuery( document ).ready ).call( null, function() {var $lavraslider4157652535 = jQuery( \".lavra-slider-4157652535\" );$lavraslider4157652535.on( \"unslider.ready\", function() { jQuery( \"div.custom-slider ul li\" ).css( \"display\", \"block\" ); });$lavraslider4157652535.unslider({ delay:4000, autoplay:true, nav:false, arrows:false, infinite:true });$lavraslider4157652535.on(\"mouseover\", function() {$lavraslider4157652535.unslider(\"stop\");}).on(\"mouseout\", function() {$lavraslider4157652535.unslider(\"start\");});});<\/script><\/div>\n<p>Escrito por&nbsp;<strong>Comunica\u00e7\u00e3o UFLA<\/strong>&nbsp;|&nbsp;Publicado: Segunda, 12 Janeiro 2026 16:04&nbsp;|&nbsp;\u00daltima Atualiza\u00e7\u00e3o: Segunda, 12 Janeiro 2026 16:07<\/p>\n\n\n\n<figure class=\"wp-block-image\"><a href=\"https:\/\/ufla.br\/noticias\/institucional\/18228-avcb-marca-a-conclusao-da-ultima-etapa-para-o-funcionamento-pleno-do-ipetech-lavras#\"><img decoding=\"async\" src=\"https:\/\/ufla.br\/images\/noticias\/2025\/12_DEZ\/WhatsApp_Image_2026-01-12_at_14.46.26.jpeg\" alt=\"Gentileza solicitar descri\u00e7\u00e3o da imagem\" title=\"Imagem padr\u00e3o ufla\"\/><\/a><\/figure>\n\n\n\n<p>A libera\u00e7\u00e3o do Auto de Vistoria do Corpo de Bombeiros (AVCB) marca a conclus\u00e3o da \u00faltima etapa do processo de regulariza\u00e7\u00e3o para o funcionamento pleno do Parque Tecnol\u00f3gico Ip\u00eaTech Lavras, da Universidade Federal de Lavras (UFLA). Com a emiss\u00e3o do documento, o espa\u00e7o passa a reunir todas as condi\u00e7\u00f5es formais necess\u00e1rias, refor\u00e7ando a seguran\u00e7a das pessoas, das equipes e das estruturas, al\u00e9m de ampliar o ambiente dedicado \u00e0 inova\u00e7\u00e3o, \u00e0 pesquisa e ao desenvolvimento tecnol\u00f3gico.<\/p>\n\n\n\n<p>O diretor do Parque Tecnol\u00f3gico da UFLA, professor Antonio Chalfun Junior, sintetiza a proposta do Ip\u00eaTech ao afirmar que \u201cn\u00e3o \u00e9 onde os olhos alcan\u00e7am; \u00e9 onde a mente leva\u201d. Segundo ele, o empreendimento se configura como um ambiente de integra\u00e7\u00e3o entre universidade, empresas e sociedade, com foco no est\u00edmulo \u00e0 inova\u00e7\u00e3o.<\/p>\n\n\n\n<p>Com a conclus\u00e3o do processo e o funcionamento pleno da estrutura, a UFLA fortalece um ambiente permanente de inova\u00e7\u00e3o, apto a receber, de forma regular, empresas de base tecnol\u00f3gica, startups e projetos inovadores. O complexo consolida-se como um ecossistema voltado \u00e0 atra\u00e7\u00e3o de empresas, \u00e0 forma\u00e7\u00e3o e reten\u00e7\u00e3o de talentos, ao est\u00edmulo ao empreendedorismo e ao desenvolvimento regional, com impacto positivo para a Universidade e para a sociedade.<\/p>\n\n\n\n<p>A Funda\u00e7\u00e3o de Desenvolvimento Cient\u00edfico e Cultural (Fundecc) teve papel estrat\u00e9gico na consolida\u00e7\u00e3o do Ip\u00eaTech Lavras, ao viabilizar e gerenciar projetos de consultoria t\u00e9cnica que possibilitaram a adequa\u00e7\u00e3o da estrutura \u00e0s exig\u00eancias do Corpo de Bombeiros e a obten\u00e7\u00e3o do AVCB.<\/p>\n\n\n\n<p>A Pr\u00f3-Reitoria de Infraestrutura da UFLA (Proinfra) tamb\u00e9m teve atua\u00e7\u00e3o central no processo. A pr\u00f3-reitora Eliziane Denize de Castro e Penha, t\u00e9cnica administrativa em Engenharia Civil, explica que a obten\u00e7\u00e3o do AVCB representa a conclus\u00e3o de um trabalho t\u00e9cnico extenso e criterioso, conduzido com foco absoluto na seguran\u00e7a das pessoas e das edifica\u00e7\u00f5es.<\/p>\n\n\n\n<p>Segundo ela, embora o espa\u00e7o j\u00e1 contasse com sistemas e equipamentos de seguran\u00e7a, como extintores e hidrantes, a regulariza\u00e7\u00e3o formal exigiu adequa\u00e7\u00f5es \u00e0s normas vigentes, an\u00e1lises detalhadas de projetos e acompanhamento t\u00e9cnico rigoroso, compat\u00edveis com a complexidade e o porte da estrutura.<\/p>\n\n\n\n<h3 class=\"wp-block-heading\">Estrutura e inova\u00e7\u00e3o na pr\u00e1tica<\/h3>\n\n\n\n<p>Localizado no c\u00e2mpus da UFLA, o Ip\u00eaTech Lavras possui aproximadamente 14 mil metros quadrados de \u00e1rea constru\u00edda, com 108 salas modulares, organizadas para atender empresas e projetos em diferentes est\u00e1gios de desenvolvimento. O complexo conta ainda com 22 lotes edific\u00e1veis, destinados a empresas interessadas em construir e instalar suas pr\u00f3prias unidades.<\/p>\n\n\n\n<p>O ambiente foi concebido para abrigar iniciativas de diversas \u00e1reas tecnol\u00f3gicas, como Agroneg\u00f3cio, Biotecnologia, Ci\u00eancias Humanas e Sociais, Engenharias, Gest\u00e3o, Tecnologia Ambiental, Sa\u00fade e Tecnologia da Informa\u00e7\u00e3o.<\/p>\n\n\n\n<p>Atualmente, oito empresas j\u00e1 possuem contrato assinado para ocupa\u00e7\u00e3o do espa\u00e7o, al\u00e9m de duas que adquiriram lotes para a implanta\u00e7\u00e3o de \u00e1reas de Pesquisa, Desenvolvimento e Inova\u00e7\u00e3o (PD&amp;I). Algumas delas percorreram todas as etapas de incuba\u00e7\u00e3o, gradua\u00e7\u00e3o e resid\u00eancia dentro do pr\u00f3prio ecossistema tecnol\u00f3gico, evidenciando a maturidade do modelo adotado.<\/p>\n\n\n\n<p>Segundo Chalfun, o Ip\u00eaTech n\u00e3o \u00e9 um local destinado a aulas tradicionais, mas um ambiente de conviv\u00eancia, troca de ideias e integra\u00e7\u00e3o entre pesquisa, conhecimento e mercado. Nesse contexto, a presen\u00e7a da empresa Ceifa, incubada no local, exemplifica o papel desse ecossistema na transforma\u00e7\u00e3o do conhecimento acad\u00eamico em solu\u00e7\u00f5es aplicadas. A empresa atua na \u00e1rea de inova\u00e7\u00e3o em mecaniza\u00e7\u00e3o agr\u00edcola e conta com bolsistas que vivenciam, na pr\u00e1tica, a integra\u00e7\u00e3o entre universidade e mercado.<\/p>\n\n\n\n<p>A bolsista Maria Gabriela Ven\u00e2ncio, formada em Agronomia, destaca o Ip\u00eaTech como uma oportunidade de crescimento profissional e aprendizado pr\u00e1tico. J\u00e1 Lucas Gabriel de Lima Abreu, bolsista do curso de Engenharia de Controle e Automa\u00e7\u00e3o, ressalta a expans\u00e3o da iniciativa e o aumento das oportunidades para estudantes participarem de projetos reais, conectados \u00e0s demandas do mercado e da sociedade.<\/p>\n\n\n\n<p><strong>Texto: Simone Paiva, analista de Comunica\u00e7\u00e3o da Fundecc. Revis\u00e3o: Camila Caetano, jornalista UFLA.<\/strong><\/p>\n","protected":false},"excerpt":{"rendered":"<p>Escrito por&nbsp;Comunica\u00e7\u00e3o UFLA&nbsp;|&nbsp;Publicado: Segunda, 12 Janeiro 2026 16:04&nbsp;|&nbsp;\u00daltima Atualiza\u00e7\u00e3o: Segunda, 12 Janeiro 2026 16:07 A libera\u00e7\u00e3o do Auto de Vistoria do Corpo de Bombeiros (AVCB) marca a conclus\u00e3o da \u00faltima etapa do processo de regulariza\u00e7\u00e3o para o funcionamento pleno do Parque Tecnol\u00f3gico Ip\u00eaTech Lavras, da Universidade Federal de Lavras (UFLA). Com a emiss\u00e3o do documento, [&hellip;]<\/p>\n","protected":false},"author":5,"featured_media":168852,"comment_status":"closed","ping_status":"open","sticky":false,"template":"","format":"standard","meta":{"advgb_blocks_editor_width":"","advgb_blocks_columns_visual_guide":"","_exactmetrics_skip_tracking":false,"_exactmetrics_sitenote_active":false,"_exactmetrics_sitenote_note":"","_exactmetrics_sitenote_category":0,"footnotes":""},"categories":[7,2],"tags":[],"class_list":["post-168851","post","type-post","status-publish","format-standard","has-post-thumbnail","hentry","category-destaques","category-noticias"],"better_featured_image":{"id":168852,"alt_text":"","caption":"","description":"","media_type":"image","media_details":{"width":1280,"height":732,"file":"2026\/01\/WhatsApp_Image_2026-01-12_at_14.46.26.jpeg","filesize":234441,"sizes":{"medium":{"file":"WhatsApp_Image_2026-01-12_at_14.46.26-470x269.jpeg","width":470,"height":269,"mime-type":"image\/jpeg","filesize":36871,"source_url":"https:\/\/lavras.tv\/site\/wp-content\/uploads\/2026\/01\/WhatsApp_Image_2026-01-12_at_14.46.26-470x269.jpeg"},"large":{"file":"WhatsApp_Image_2026-01-12_at_14.46.26-970x555.jpeg","width":970,"height":555,"mime-type":"image\/jpeg","filesize":150992,"source_url":"https:\/\/lavras.tv\/site\/wp-content\/uploads\/2026\/01\/WhatsApp_Image_2026-01-12_at_14.46.26-970x555.jpeg"},"thumbnail":{"file":"WhatsApp_Image_2026-01-12_at_14.46.26-170x97.jpeg","width":170,"height":97,"mime-type":"image\/jpeg","filesize":5755,"source_url":"https:\/\/lavras.tv\/site\/wp-content\/uploads\/2026\/01\/WhatsApp_Image_2026-01-12_at_14.46.26-170x97.jpeg"},"alm-thumbnail":{"file":"WhatsApp_Image_2026-01-12_at_14.46.26-150x150.jpeg","width":150,"height":150,"mime-type":"image\/jpeg","filesize":7387,"source_url":"https:\/\/lavras.tv\/site\/wp-content\/uploads\/2026\/01\/WhatsApp_Image_2026-01-12_at_14.46.26-150x150.jpeg"},"sow-carousel-default":{"file":"WhatsApp_Image_2026-01-12_at_14.46.26-272x182.jpeg","width":272,"height":182,"mime-type":"image\/jpeg","filesize":15246,"source_url":"https:\/\/lavras.tv\/site\/wp-content\/uploads\/2026\/01\/WhatsApp_Image_2026-01-12_at_14.46.26-272x182.jpeg"}},"image_meta":{"aperture":"0","credit":"","camera":"","caption":"","created_timestamp":"0","copyright":"","focal_length":"0","iso":"0","shutter_speed":"0","title":"","orientation":"0","keywords":[]}},"post":168851,"source_url":"https:\/\/lavras.tv\/site\/wp-content\/uploads\/2026\/01\/WhatsApp_Image_2026-01-12_at_14.46.26.jpeg"},"author_meta":{"display_name":"Vinicius Bustamante","author_link":"https:\/\/lavras.tv\/site\/author\/vinicius-bustamante\/"},"featured_img":"https:\/\/lavras.tv\/site\/wp-content\/uploads\/2026\/01\/WhatsApp_Image_2026-01-12_at_14.46.26-470x269.jpeg","coauthors":[],"tax_additional":{"categories":{"linked":["<a href=\"https:\/\/lavras.tv\/site\/category\/destaques\/\" class=\"advgb-post-tax-term\">Destaques<\/a>","<a href=\"https:\/\/lavras.tv\/site\/category\/noticias\/\" class=\"advgb-post-tax-term\">Not\u00edcias<\/a>"],"unlinked":["<span class=\"advgb-post-tax-term\">Destaques<\/span>","<span class=\"advgb-post-tax-term\">Not\u00edcias<\/span>"]}},"comment_count":"0","relative_dates":{"created":"Publicado 4 meses atr\u00e1s","modified":"Atualizado 4 meses atr\u00e1s"},"absolute_dates":{"created":"Publicado em 13 de janeiro de 2026","modified":"Atualizado em 13 de janeiro de 2026"},"absolute_dates_time":{"created":"Publicado em 13 de janeiro de 2026 16:13","modified":"Atualizado em 13 de janeiro de 2026 16:13"},"featured_img_caption":"","series_order":"","_links":{"self":[{"href":"https:\/\/lavras.tv\/site\/wp-json\/wp\/v2\/posts\/168851","targetHints":{"allow":["GET"]}}],"collection":[{"href":"https:\/\/lavras.tv\/site\/wp-json\/wp\/v2\/posts"}],"about":[{"href":"https:\/\/lavras.tv\/site\/wp-json\/wp\/v2\/types\/post"}],"author":[{"embeddable":true,"href":"https:\/\/lavras.tv\/site\/wp-json\/wp\/v2\/users\/5"}],"replies":[{"embeddable":true,"href":"https:\/\/lavras.tv\/site\/wp-json\/wp\/v2\/comments?post=168851"}],"version-history":[{"count":1,"href":"https:\/\/lavras.tv\/site\/wp-json\/wp\/v2\/posts\/168851\/revisions"}],"predecessor-version":[{"id":168853,"href":"https:\/\/lavras.tv\/site\/wp-json\/wp\/v2\/posts\/168851\/revisions\/168853"}],"wp:featuredmedia":[{"embeddable":true,"href":"https:\/\/lavras.tv\/site\/wp-json\/wp\/v2\/media\/168852"}],"wp:attachment":[{"href":"https:\/\/lavras.tv\/site\/wp-json\/wp\/v2\/media?parent=168851"}],"wp:term":[{"taxonomy":"category","embeddable":true,"href":"https:\/\/lavras.tv\/site\/wp-json\/wp\/v2\/categories?post=168851"},{"taxonomy":"post_tag","embeddable":true,"href":"https:\/\/lavras.tv\/site\/wp-json\/wp\/v2\/tags?post=168851"}],"curies":[{"name":"wp","href":"https:\/\/api.w.org\/{rel}","templated":true}]}}