{"id":168854,"date":"2026-01-13T16:19:09","date_gmt":"2026-01-13T19:19:09","guid":{"rendered":"https:\/\/lavras.tv\/site\/?p=168854"},"modified":"2026-01-13T16:19:10","modified_gmt":"2026-01-13T19:19:10","slug":"ufla-lanca-graduacao-em-comunicacao-integrada-e-midias-digitais-com-inicio-em-marco-e-ingresso-pelo-sisu-e-pas-2026","status":"publish","type":"post","link":"https:\/\/lavras.tv\/site\/2026\/01\/13\/ufla-lanca-graduacao-em-comunicacao-integrada-e-midias-digitais-com-inicio-em-marco-e-ingresso-pelo-sisu-e-pas-2026\/","title":{"rendered":"UFLA lan\u00e7a gradua\u00e7\u00e3o em Comunica\u00e7\u00e3o Integrada e M\u00eddias Digitais, com in\u00edcio em mar\u00e7o e ingresso pelo Sisu e PAS 2026"},"content":{"rendered":"<div class=\"lavra-antes-do-conteudo_2\" id=\"lavra-3001264519\"><div id=\"lavra-slider-27\" class=\"custom-slider lavra-slider-2944221577 lavra-slider\"><ul><li><div style=\"margin-left: auto;margin-right: auto;text-align: center;\" id=\"lavra-621095245\"><a href=\"https:\/\/sistemas.lavras.mg.gov.br\/portalcidadao\/#df1b1a7c7b2a290bcb31e32771e610784662739a88807c0dacac58ede5f391a7530e299dc302d611ee73cb143fc22eaf93592e53e7b5bdb01b00a0b8d28dae460c141dd2ff83412e4dc1c31b16b25f33144a9e5620ea73b13f5bc1c59411d98439ad226e8af03840603796067d87afe130812cf3de24982d0e306f9e61e764e5\" aria-label=\"Lavras-TV&#8211;720x104px (1) (1)\"><img src=\"https:\/\/lavras.tv\/site\/wp-content\/uploads\/2025\/01\/Lavras-TV-720x104px-1-1.png\" alt=\"\"  srcset=\"https:\/\/lavras.tv\/site\/wp-content\/uploads\/2025\/01\/Lavras-TV-720x104px-1-1.png 720w, https:\/\/lavras.tv\/site\/wp-content\/uploads\/2025\/01\/Lavras-TV-720x104px-1-1-470x68.png 470w, https:\/\/lavras.tv\/site\/wp-content\/uploads\/2025\/01\/Lavras-TV-720x104px-1-1-170x25.png 170w, https:\/\/lavras.tv\/site\/wp-content\/uploads\/2025\/01\/Lavras-TV-720x104px-1-1-200x29.png 200w\" sizes=\"(max-width: 720px) 100vw, 720px\" width=\"720\" height=\"104\"  style=\"display: inline-block;\" \/><\/a><\/div><\/li><li><a href=\"https:\/\/sistemas.lavras.mg.gov.br\/portalcidadao\/#df1b1a7c7b2a290bcb31e32771e610784662739a88807c0dacac58ede5f391a7530e299dc302d611ee73cb143fc22eaf93592e53e7b5bdb01b00a0b8d28dae460c141dd2ff83412e4dc1c31b16b25f33144a9e5620ea73b13f5bc1c59411d98439ad226e8af03840603796067d87afe130812cf3de24982d0e306f9e61e764e5\" aria-label=\"Banner_Emprego_PortallavrasTV\"><img src=\"https:\/\/lavras.tv\/site\/wp-content\/uploads\/2025\/03\/Banner_Emprego_PortallavrasTV.png\" alt=\"\"  srcset=\"https:\/\/lavras.tv\/site\/wp-content\/uploads\/2025\/03\/Banner_Emprego_PortallavrasTV.png 720w, https:\/\/lavras.tv\/site\/wp-content\/uploads\/2025\/03\/Banner_Emprego_PortallavrasTV-470x68.png 470w, https:\/\/lavras.tv\/site\/wp-content\/uploads\/2025\/03\/Banner_Emprego_PortallavrasTV-170x25.png 170w, https:\/\/lavras.tv\/site\/wp-content\/uploads\/2025\/03\/Banner_Emprego_PortallavrasTV-200x29.png 200w\" sizes=\"(max-width: 720px) 100vw, 720px\" width=\"720\" height=\"104\"   \/><\/a><\/li><li><a href=\"https:\/\/sistemas.lavras.mg.gov.br\/portalcidadao\/#df1b1a7c7b2a290bcb31e32771e610784662739a88807c0dacac58ede5f391a7530e299dc302d611ee73cb143fc22eaf93592e53e7b5bdb01b00a0b8d28dae460c141dd2ff83412e4dc1c31b16b25f33144a9e5620ea73b13f5bc1c59411d98439ad226e8af03840603796067d87afe130812cf3de24982d0e306f9e61e764e5\" aria-label=\"Banner_Obras_PortallavrasTV\"><img src=\"https:\/\/lavras.tv\/site\/wp-content\/uploads\/2025\/03\/Banner_Obras_PortallavrasTV.png\" alt=\"\"  srcset=\"https:\/\/lavras.tv\/site\/wp-content\/uploads\/2025\/03\/Banner_Obras_PortallavrasTV.png 720w, https:\/\/lavras.tv\/site\/wp-content\/uploads\/2025\/03\/Banner_Obras_PortallavrasTV-470x68.png 470w, https:\/\/lavras.tv\/site\/wp-content\/uploads\/2025\/03\/Banner_Obras_PortallavrasTV-170x25.png 170w, https:\/\/lavras.tv\/site\/wp-content\/uploads\/2025\/03\/Banner_Obras_PortallavrasTV-200x29.png 200w\" sizes=\"(max-width: 720px) 100vw, 720px\" width=\"720\" height=\"104\"   \/><\/a><\/li><li><div style=\"margin-left: auto;margin-right: auto;text-align: center;\" id=\"lavra-1764919795\"><a href=\"https:\/\/sistemas.lavras.mg.gov.br\/portalcidadao\/#df1b1a7c7b2a290bcb31e32771e610784662739a88807c0dacac58ede5f391a7530e299dc302d611ee73cb143fc22eaf93592e53e7b5bdb01b00a0b8d28dae460c141dd2ff83412e4dc1c31b16b25f33144a9e5620ea73b13f5bc1c59411d98439ad226e8af03840603796067d87afe130812cf3de24982d0e306f9e61e764e5\" aria-label=\"Banner_Educa\u00e7\u00e3o_PortallavrasTV\"><img src=\"https:\/\/lavras.tv\/site\/wp-content\/uploads\/2025\/01\/Banner_Educacao_PortallavrasTV.png\" alt=\"\"  srcset=\"https:\/\/lavras.tv\/site\/wp-content\/uploads\/2025\/01\/Banner_Educacao_PortallavrasTV.png 720w, https:\/\/lavras.tv\/site\/wp-content\/uploads\/2025\/01\/Banner_Educacao_PortallavrasTV-470x68.png 470w, https:\/\/lavras.tv\/site\/wp-content\/uploads\/2025\/01\/Banner_Educacao_PortallavrasTV-170x25.png 170w, https:\/\/lavras.tv\/site\/wp-content\/uploads\/2025\/01\/Banner_Educacao_PortallavrasTV-200x29.png 200w\" sizes=\"(max-width: 720px) 100vw, 720px\" width=\"720\" height=\"104\"  style=\"display: inline-block;\" \/><\/a><\/div><\/li><li><a href=\"https:\/\/sistemas.lavras.mg.gov.br\/portalcidadao\/#df1b1a7c7b2a290bcb31e32771e610784662739a88807c0dacac58ede5f391a7530e299dc302d611ee73cb143fc22eaf93592e53e7b5bdb01b00a0b8d28dae460c141dd2ff83412e4dc1c31b16b25f33144a9e5620ea73b13f5bc1c59411d98439ad226e8af03840603796067d87afe130812cf3de24982d0e306f9e61e764e5\" aria-label=\"Banner_Sa\u00fade_PortallavrasTV\"><img src=\"https:\/\/lavras.tv\/site\/wp-content\/uploads\/2025\/03\/Banner_Saude_PortallavrasTV.png\" alt=\"\"  srcset=\"https:\/\/lavras.tv\/site\/wp-content\/uploads\/2025\/03\/Banner_Saude_PortallavrasTV.png 720w, https:\/\/lavras.tv\/site\/wp-content\/uploads\/2025\/03\/Banner_Saude_PortallavrasTV-470x68.png 470w, https:\/\/lavras.tv\/site\/wp-content\/uploads\/2025\/03\/Banner_Saude_PortallavrasTV-170x25.png 170w, https:\/\/lavras.tv\/site\/wp-content\/uploads\/2025\/03\/Banner_Saude_PortallavrasTV-200x29.png 200w\" sizes=\"(max-width: 720px) 100vw, 720px\" width=\"720\" height=\"104\"   \/><\/a><\/li><li><div id=\"lavra-3633080015\" style=\"width:720px;height:104px;background-color:#ddd;overflow:scroll;\">\n\t<strong>Sa\u00edda da depura\u00e7\u00e3o de an\u00fancios<\/strong>\n\t<br><br>\n\tO an\u00fancio n\u00e3o \u00e9 exibido na p\u00e1gina<br><br>post atual: UFLA lan\u00e7a gradua\u00e7\u00e3o em Comunica\u00e7\u00e3o Integrada e M\u00eddias Digitais, com in\u00edcio em mar\u00e7o e ingresso pelo Sisu e PAS 2026, ID: 168854<br><br><span style=\"color: red;\">O post atual n\u00e3o \u00e9 id\u00eantico ao post principal.<\/span><br><br>An\u00fancios: ROXO - TOPO INTERNA - ROTATIVO 2 (197)<br \/>Grupo de an\u00fancios: Princ_Meio01_720x104 (27)<br><br>Condi\u00e7\u00f5es de exibi\u00e7\u00e3o<div style=\"margin-bottom: 20px; white-space: pre-wrap; font-family: monospace; width: 100%; background: #ffe9e9;\"><strong>condi\u00e7\u00f5es gerais<\/strong><table border=\"1\"><thead><tr><th><\/th><th>An\u00fancios<\/th><th>wp_the_query<\/th><\/tr><\/thead><tr><td>is_main_query<\/td><td>1<\/td><td>1<\/td><\/tr><tr><td>is_rest_api<\/td><td>0<\/td><td>1<\/td><\/tr><tr><td>page<\/td><td>0<\/td><td>1<\/td><\/tr><tr><td>numpages<\/td><td>0<\/td><td>1<\/td><\/tr><tr><td>is_archive<\/td><td>1<\/td><td><\/td><\/tr><tr><td>is_search<\/td><td>1<\/td><td><\/td><\/tr><tr><td>is_home<\/td><td>1<\/td><td><\/td><\/tr><tr><td>is_404<\/td><td>1<\/td><td><\/td><\/tr><tr><td>is_attachment<\/td><td>1<\/td><td><\/td><\/tr><tr><td>is_singular<\/td><td>1<\/td><td><\/td><\/tr><tr><td>is_front_page<\/td><td>1<\/td><td><\/td><\/tr><tr><td>is_feed<\/td><td>1<\/td><td><\/td><\/tr><\/table><\/div><br><br><span style=\"color: red;\">Seu site usa HTTPS, mas o c\u00f3digo do an\u00fancio cont\u00e9m HTTP e pode n\u00e3o funcionar.<\/span>\t<br><br>\n\t<a style=\"color: green;\" href=\"https:\/\/wpadvancedads.com\/manual\/ad-debug-mode\/?utm_source=advanced-ads&utm_medium=link&utm_campaign=ad-debug-mode\" target=\"_blank\" rel=\"nofollow\">Encontre solu\u00e7\u00f5es no manual<\/a>\n<\/div>\n<\/li><\/ul><\/div><script>( window.advanced_ads_ready || jQuery( document ).ready ).call( null, function() {var $lavraslider2944221577 = jQuery( \".lavra-slider-2944221577\" );$lavraslider2944221577.on( \"unslider.ready\", function() { jQuery( \"div.custom-slider ul li\" ).css( \"display\", \"block\" ); });$lavraslider2944221577.unslider({ delay:4000, autoplay:true, nav:false, arrows:false, infinite:true });$lavraslider2944221577.on(\"mouseover\", function() {$lavraslider2944221577.unslider(\"stop\");}).on(\"mouseout\", function() {$lavraslider2944221577.unslider(\"start\");});});<\/script><\/div>\n<p>Escrito por&nbsp;<strong>Karina Mascarenhas<\/strong>&nbsp;|&nbsp;Publicado: Segunda, 12 Janeiro 2026 10:29&nbsp;|&nbsp;\u00daltima Atualiza\u00e7\u00e3o: Segunda, 12 Janeiro 2026 10:55<\/p>\n\n\n\n<figure class=\"wp-block-image\"><a href=\"https:\/\/ufla.br\/noticias\/ensino\/18226-ufla-lanca-graduacao-em-comunicacao-integrada-e-midias-digitais-com-inicio-em-marco-e-ingresso-pelo-sisu-e-pas-2026#\"><img decoding=\"async\" src=\"https:\/\/ufla.br\/images\/noticias\/2025\/01_JAN\/curso_comunica%C3%A7%C3%A3o.jpg\" alt=\"Gentileza solicitar descri\u00e7\u00e3o da imagem\" title=\"Imagem padr\u00e3o ufla\"\/><\/a><\/figure>\n\n\n\n<p>A Universidade Federal de Lavras (UFLA) amplia, a partir do primeiro semestre letivo de 2026, sua oferta de cursos na \u00e1rea de Ci\u00eancias Sociais Aplicadas com a cria\u00e7\u00e3o do Curso Superior de Tecnologia em Comunica\u00e7\u00e3o Integrada e M\u00eddias Digitais. Inovador e com forte \u00eanfase pr\u00e1tica, esse \u00e9 o primeiro curso superior de tecnologia ofertado pela Institui\u00e7\u00e3o e foi concebido para formar profissionais preparados para atuar em um cen\u00e1rio marcado pela presen\u00e7a crescente e diversificada das m\u00eddias digitais.<\/p>\n\n\n\n<p>As discuss\u00f5es para a cria\u00e7\u00e3o do curso tiveram in\u00edcio ainda durante o per\u00edodo da pandemia, quando se intensificou a reflex\u00e3o sobre novas formas de comunica\u00e7\u00e3o e sobre as demandas do mercado regional por profissionais qualificados para lidar com ambientes digitais. A Diretoria de Comunica\u00e7\u00e3o da UFLA e docentes do Departamento de Administra\u00e7\u00e3o e Economia (DAE) estiveram envolvidos nos debates iniciais sobre a proposta, que priorizaram uma forma\u00e7\u00e3o pr\u00e1tica, voltada \u00e0 viv\u00eancia profissional desde os primeiros per\u00edodos do curso. Posteriormente, a iniciativa foi abra\u00e7ada pelo DAE e pela Faculdade de Ci\u00eancias Sociais Aplicadas (FCSA), em um percurso constru\u00eddo ao longo de v\u00e1rios anos at\u00e9 a consolida\u00e7\u00e3o do projeto pedag\u00f3gico.<\/p>\n\n\n\n<h3 class=\"wp-block-heading\">Forma\u00e7\u00e3o pr\u00e1tica e inser\u00e7\u00e3o r\u00e1pida no mercado<\/h3>\n\n\n\n<p>A cria\u00e7\u00e3o da gradua\u00e7\u00e3o representa um avan\u00e7o importante para a Universidade e para a regi\u00e3o, ampliando a&nbsp; atua\u00e7\u00e3o da UFLA na \u00e1rea de Ci\u00eancias Sociais Aplicadas, com uma proposta totalmente inovadora. Com dura\u00e7\u00e3o de seis semestres (tr\u00eas anos), o curso, na modalidade tecn\u00f3loga, foi estruturado para formar profissionais aptos a integrar e liderar equipes de comunica\u00e7\u00e3o em organiza\u00e7\u00f5es p\u00fablicas, privadas e do terceiro setor, atuando desde o planejamento at\u00e9 a execu\u00e7\u00e3o de projetos de comunica\u00e7\u00e3o, com capacidade para desenvolver estrat\u00e9gias, criar conte\u00fados e aprofundar solu\u00e7\u00f5es comunicacionais em ambientes digitais.<\/p>\n\n\n\n<p>A proposta pedag\u00f3gica visa trabalhar com metodologias ativas, levando o estudante a ter contato direto com a pr\u00e1tica desde o in\u00edcio, e que teoria e pr\u00e1tica ser\u00e3o ensinados sempre juntos. A cada semestre, o desenvolvimento de um Projeto Integrador, no qual, os estudantes ir\u00e3o aplicar, de forma articulada, os conte\u00fados aprendidos ao longo do per\u00edodo. Entre as \u00e1reas abordadas, est\u00e3o reda\u00e7\u00e3o para m\u00faltiplas plataformas, novas tecnologias de comunica\u00e7\u00e3o digital, cria\u00e7\u00e3o visual e audiovisual, planejamento e gest\u00e3o de projetos de comunica\u00e7\u00e3o, entre outras.<\/p>\n\n\n\n<p>Desde o in\u00edcio da gradua\u00e7\u00e3o, os estudantes contar\u00e3o com mentoria orientada aos seus interesses profissionais, o que favorece a constru\u00e7\u00e3o de um portf\u00f3lio pr\u00f3prio ao longo do curso. Ao final, ser\u00e1 desenvolvido um projeto experimental que ser\u00e1 um produto pr\u00e1tico, variando entre planejamento de comunica\u00e7\u00e3o, document\u00e1rio, podcast, fotolivro, web reportagem, entre outros, consolidando a forma\u00e7\u00e3o pr\u00e1tica adquirida. O curso contar\u00e1 com laborat\u00f3rios multidisciplinares, est\u00fadio de r\u00e1dio, TV e fotografia, com equipamentos de ponta para produ\u00e7\u00e3o multim\u00eddia. Saiba mais detalhes do curso no podcast&nbsp;<a href=\"http:\/\/www.universitariafm.ufla.br\/ufla-amplia-oferta-no-sisu-2026-com-13-novos-cursos-de-graduacao-confira\/\">Frequ\u00eancia UFLA<\/a>.<\/p>\n\n\n\n<h4 class=\"wp-block-heading\">Dados do curso:<\/h4>\n\n\n\n<ul class=\"wp-block-list\">\n<li>Modalidade: Tecn\u00f3logo<\/li>\n\n\n\n<li>Regime: Semestral<\/li>\n\n\n\n<li>Turno: Integral<\/li>\n\n\n\n<li>Dura\u00e7\u00e3o: 6 semestres<\/li>\n\n\n\n<li>Vagas anuais: 52<\/li>\n\n\n\n<li>C\u00f3digo do curso na UFLA: ?<\/li>\n\n\n\n<li>In\u00edcio das atividades: 09\/03\/2026<\/li>\n\n\n\n<li>Mais informa\u00e7\u00f5es est\u00e3o dispon\u00edveis em\u00a0<a href=\"https:\/\/fcsa.ufla.br\/graduacao\/comunicacao-institucional\">fcsa.ufla.br<\/a>\u00a0<\/li>\n\n\n\n<li>Formas de ingresso: PAS e Sisu<\/li>\n<\/ul>\n\n\n\n<p><\/p>\n","protected":false},"excerpt":{"rendered":"<p>Escrito por&nbsp;Karina Mascarenhas&nbsp;|&nbsp;Publicado: Segunda, 12 Janeiro 2026 10:29&nbsp;|&nbsp;\u00daltima Atualiza\u00e7\u00e3o: Segunda, 12 Janeiro 2026 10:55 A Universidade Federal de Lavras (UFLA) amplia, a partir do primeiro semestre letivo de 2026, sua oferta de cursos na \u00e1rea de Ci\u00eancias Sociais Aplicadas com a cria\u00e7\u00e3o do Curso Superior de Tecnologia em Comunica\u00e7\u00e3o Integrada e M\u00eddias Digitais. Inovador e [&hellip;]<\/p>\n","protected":false},"author":5,"featured_media":168855,"comment_status":"closed","ping_status":"open","sticky":false,"template":"","format":"standard","meta":{"advgb_blocks_editor_width":"","advgb_blocks_columns_visual_guide":"","_exactmetrics_skip_tracking":false,"_exactmetrics_sitenote_active":false,"_exactmetrics_sitenote_note":"","_exactmetrics_sitenote_category":0,"footnotes":""},"categories":[17,2,5760],"tags":[],"class_list":["post-168854","post","type-post","status-publish","format-standard","has-post-thumbnail","hentry","category-jornal-cidade","category-noticias","category-noticias-jornal-cidade"],"better_featured_image":{"id":168855,"alt_text":"","caption":"Man and woman recording podcast talk show on camera, vlogging discussion for social media content. Lifestyle blogger and female guest filming live broadcast stream on channel.","description":"","media_type":"image","media_details":{"width":900,"height":600,"file":"2026\/01\/curso_comunicacao.jpg","filesize":179363,"sizes":{"medium":{"file":"curso_comunicacao-450x300.jpg","width":450,"height":300,"mime-type":"image\/jpeg","filesize":47036,"source_url":"https:\/\/lavras.tv\/site\/wp-content\/uploads\/2026\/01\/curso_comunicacao-450x300.jpg"},"thumbnail":{"file":"curso_comunicacao-170x113.jpg","width":170,"height":113,"mime-type":"image\/jpeg","filesize":24782,"source_url":"https:\/\/lavras.tv\/site\/wp-content\/uploads\/2026\/01\/curso_comunicacao-170x113.jpg"},"alm-thumbnail":{"file":"curso_comunicacao-150x150.jpg","width":150,"height":150,"mime-type":"image\/jpeg","filesize":25175,"source_url":"https:\/\/lavras.tv\/site\/wp-content\/uploads\/2026\/01\/curso_comunicacao-150x150.jpg"},"sow-carousel-default":{"file":"curso_comunicacao-272x182.jpg","width":272,"height":182,"mime-type":"image\/jpeg","filesize":31642,"source_url":"https:\/\/lavras.tv\/site\/wp-content\/uploads\/2026\/01\/curso_comunicacao-272x182.jpg"}},"image_meta":{"aperture":"2.2","credit":"Dragos Condrea","camera":"Canon EOS R6","caption":"Man and woman recording podcast talk show on camera, vlogging discussion for social media content. Lifestyle blogger and female guest filming live broadcast stream on channel.","created_timestamp":"1648883748","copyright":"Dragos Condrea","focal_length":"70","iso":"800","shutter_speed":"0.008","title":"Man and woman recording podcast talk show on camera","orientation":"1","keywords":["podcast","video","camera","podcasting","broadcast","record","film","vlogging","vlog","filming","laptop","recording","computer","livestream","live","blog","streaming","man","woman","blogger","influencer","vlogger","presenter","production","sound","internet","station","online","channel","microphone","entertainment","people","multiethnic","fun","social","diverse","media","african american","neon","lights","rpg","neon lights","black","technology","equipment","leisure","studio","activity","living","room"]}},"post":168854,"source_url":"https:\/\/lavras.tv\/site\/wp-content\/uploads\/2026\/01\/curso_comunicacao.jpg"},"author_meta":{"display_name":"Vinicius Bustamante","author_link":"https:\/\/lavras.tv\/site\/author\/vinicius-bustamante\/"},"featured_img":"https:\/\/lavras.tv\/site\/wp-content\/uploads\/2026\/01\/curso_comunicacao-450x300.jpg","coauthors":[],"tax_additional":{"categories":{"linked":["<a href=\"https:\/\/lavras.tv\/site\/category\/sem-categoria\/jornal-cidade\/\" class=\"advgb-post-tax-term\">DESTAQUE PRINCIPAL<\/a>","<a href=\"https:\/\/lavras.tv\/site\/category\/noticias\/\" class=\"advgb-post-tax-term\">Not\u00edcias<\/a>","<a href=\"https:\/\/lavras.tv\/site\/category\/sem-categoria\/jornal-cidade\/noticias-jornal-cidade\/\" class=\"advgb-post-tax-term\">NOT\u00cdCIAS<\/a>"],"unlinked":["<span class=\"advgb-post-tax-term\">DESTAQUE PRINCIPAL<\/span>","<span class=\"advgb-post-tax-term\">Not\u00edcias<\/span>","<span class=\"advgb-post-tax-term\">NOT\u00cdCIAS<\/span>"]}},"comment_count":"0","relative_dates":{"created":"Publicado 4 meses atr\u00e1s","modified":"Atualizado 4 meses atr\u00e1s"},"absolute_dates":{"created":"Publicado em 13 de janeiro de 2026","modified":"Atualizado em 13 de janeiro de 2026"},"absolute_dates_time":{"created":"Publicado em 13 de janeiro de 2026 16:19","modified":"Atualizado em 13 de janeiro de 2026 16:19"},"featured_img_caption":"Man and woman recording podcast talk show on camera, vlogging discussion for social media content. Lifestyle blogger and female guest filming live broadcast stream on channel.","series_order":"","_links":{"self":[{"href":"https:\/\/lavras.tv\/site\/wp-json\/wp\/v2\/posts\/168854","targetHints":{"allow":["GET"]}}],"collection":[{"href":"https:\/\/lavras.tv\/site\/wp-json\/wp\/v2\/posts"}],"about":[{"href":"https:\/\/lavras.tv\/site\/wp-json\/wp\/v2\/types\/post"}],"author":[{"embeddable":true,"href":"https:\/\/lavras.tv\/site\/wp-json\/wp\/v2\/users\/5"}],"replies":[{"embeddable":true,"href":"https:\/\/lavras.tv\/site\/wp-json\/wp\/v2\/comments?post=168854"}],"version-history":[{"count":1,"href":"https:\/\/lavras.tv\/site\/wp-json\/wp\/v2\/posts\/168854\/revisions"}],"predecessor-version":[{"id":168856,"href":"https:\/\/lavras.tv\/site\/wp-json\/wp\/v2\/posts\/168854\/revisions\/168856"}],"wp:featuredmedia":[{"embeddable":true,"href":"https:\/\/lavras.tv\/site\/wp-json\/wp\/v2\/media\/168855"}],"wp:attachment":[{"href":"https:\/\/lavras.tv\/site\/wp-json\/wp\/v2\/media?parent=168854"}],"wp:term":[{"taxonomy":"category","embeddable":true,"href":"https:\/\/lavras.tv\/site\/wp-json\/wp\/v2\/categories?post=168854"},{"taxonomy":"post_tag","embeddable":true,"href":"https:\/\/lavras.tv\/site\/wp-json\/wp\/v2\/tags?post=168854"}],"curies":[{"name":"wp","href":"https:\/\/api.w.org\/{rel}","templated":true}]}}