{"id":168863,"date":"2026-01-13T16:36:22","date_gmt":"2026-01-13T19:36:22","guid":{"rendered":"https:\/\/lavras.tv\/site\/?p=168863"},"modified":"2026-01-13T16:36:23","modified_gmt":"2026-01-13T19:36:23","slug":"veja-quanto-custa-e-entenda-como-tirar-o-passaporte-em-2026","status":"publish","type":"post","link":"https:\/\/lavras.tv\/site\/2026\/01\/13\/veja-quanto-custa-e-entenda-como-tirar-o-passaporte-em-2026\/","title":{"rendered":"Veja quanto custa e entenda como tirar o passaporte em 2026"},"content":{"rendered":"<div class=\"lavra-antes-do-conteudo_2\" id=\"lavra-702862931\"><div id=\"lavra-slider-27\" class=\"custom-slider lavra-slider-3360675976 lavra-slider\"><ul><li><div style=\"margin-left: auto;margin-right: auto;text-align: center;\" id=\"lavra-288115689\"><a href=\"https:\/\/sistemas.lavras.mg.gov.br\/portalcidadao\/#df1b1a7c7b2a290bcb31e32771e610784662739a88807c0dacac58ede5f391a7530e299dc302d611ee73cb143fc22eaf93592e53e7b5bdb01b00a0b8d28dae460c141dd2ff83412e4dc1c31b16b25f33144a9e5620ea73b13f5bc1c59411d98439ad226e8af03840603796067d87afe130812cf3de24982d0e306f9e61e764e5\" aria-label=\"Lavras-TV&#8211;720x104px (1) (1)\"><img src=\"https:\/\/lavras.tv\/site\/wp-content\/uploads\/2025\/01\/Lavras-TV-720x104px-1-1.png\" alt=\"\"  srcset=\"https:\/\/lavras.tv\/site\/wp-content\/uploads\/2025\/01\/Lavras-TV-720x104px-1-1.png 720w, https:\/\/lavras.tv\/site\/wp-content\/uploads\/2025\/01\/Lavras-TV-720x104px-1-1-470x68.png 470w, https:\/\/lavras.tv\/site\/wp-content\/uploads\/2025\/01\/Lavras-TV-720x104px-1-1-170x25.png 170w, https:\/\/lavras.tv\/site\/wp-content\/uploads\/2025\/01\/Lavras-TV-720x104px-1-1-200x29.png 200w\" sizes=\"(max-width: 720px) 100vw, 720px\" width=\"720\" height=\"104\"  style=\"display: inline-block;\" \/><\/a><\/div><\/li><li><a href=\"https:\/\/sistemas.lavras.mg.gov.br\/portalcidadao\/#df1b1a7c7b2a290bcb31e32771e610784662739a88807c0dacac58ede5f391a7530e299dc302d611ee73cb143fc22eaf93592e53e7b5bdb01b00a0b8d28dae460c141dd2ff83412e4dc1c31b16b25f33144a9e5620ea73b13f5bc1c59411d98439ad226e8af03840603796067d87afe130812cf3de24982d0e306f9e61e764e5\" aria-label=\"Banner_Emprego_PortallavrasTV\"><img src=\"https:\/\/lavras.tv\/site\/wp-content\/uploads\/2025\/03\/Banner_Emprego_PortallavrasTV.png\" alt=\"\"  srcset=\"https:\/\/lavras.tv\/site\/wp-content\/uploads\/2025\/03\/Banner_Emprego_PortallavrasTV.png 720w, https:\/\/lavras.tv\/site\/wp-content\/uploads\/2025\/03\/Banner_Emprego_PortallavrasTV-470x68.png 470w, https:\/\/lavras.tv\/site\/wp-content\/uploads\/2025\/03\/Banner_Emprego_PortallavrasTV-170x25.png 170w, https:\/\/lavras.tv\/site\/wp-content\/uploads\/2025\/03\/Banner_Emprego_PortallavrasTV-200x29.png 200w\" sizes=\"(max-width: 720px) 100vw, 720px\" width=\"720\" height=\"104\"   \/><\/a><\/li><li><a href=\"https:\/\/sistemas.lavras.mg.gov.br\/portalcidadao\/#df1b1a7c7b2a290bcb31e32771e610784662739a88807c0dacac58ede5f391a7530e299dc302d611ee73cb143fc22eaf93592e53e7b5bdb01b00a0b8d28dae460c141dd2ff83412e4dc1c31b16b25f33144a9e5620ea73b13f5bc1c59411d98439ad226e8af03840603796067d87afe130812cf3de24982d0e306f9e61e764e5\" aria-label=\"Banner_Obras_PortallavrasTV\"><img src=\"https:\/\/lavras.tv\/site\/wp-content\/uploads\/2025\/03\/Banner_Obras_PortallavrasTV.png\" alt=\"\"  srcset=\"https:\/\/lavras.tv\/site\/wp-content\/uploads\/2025\/03\/Banner_Obras_PortallavrasTV.png 720w, https:\/\/lavras.tv\/site\/wp-content\/uploads\/2025\/03\/Banner_Obras_PortallavrasTV-470x68.png 470w, https:\/\/lavras.tv\/site\/wp-content\/uploads\/2025\/03\/Banner_Obras_PortallavrasTV-170x25.png 170w, https:\/\/lavras.tv\/site\/wp-content\/uploads\/2025\/03\/Banner_Obras_PortallavrasTV-200x29.png 200w\" sizes=\"(max-width: 720px) 100vw, 720px\" width=\"720\" height=\"104\"   \/><\/a><\/li><li><div style=\"margin-left: auto;margin-right: auto;text-align: center;\" id=\"lavra-2703466647\"><a href=\"https:\/\/sistemas.lavras.mg.gov.br\/portalcidadao\/#df1b1a7c7b2a290bcb31e32771e610784662739a88807c0dacac58ede5f391a7530e299dc302d611ee73cb143fc22eaf93592e53e7b5bdb01b00a0b8d28dae460c141dd2ff83412e4dc1c31b16b25f33144a9e5620ea73b13f5bc1c59411d98439ad226e8af03840603796067d87afe130812cf3de24982d0e306f9e61e764e5\" aria-label=\"Banner_Educa\u00e7\u00e3o_PortallavrasTV\"><img src=\"https:\/\/lavras.tv\/site\/wp-content\/uploads\/2025\/01\/Banner_Educacao_PortallavrasTV.png\" alt=\"\"  srcset=\"https:\/\/lavras.tv\/site\/wp-content\/uploads\/2025\/01\/Banner_Educacao_PortallavrasTV.png 720w, https:\/\/lavras.tv\/site\/wp-content\/uploads\/2025\/01\/Banner_Educacao_PortallavrasTV-470x68.png 470w, https:\/\/lavras.tv\/site\/wp-content\/uploads\/2025\/01\/Banner_Educacao_PortallavrasTV-170x25.png 170w, https:\/\/lavras.tv\/site\/wp-content\/uploads\/2025\/01\/Banner_Educacao_PortallavrasTV-200x29.png 200w\" sizes=\"(max-width: 720px) 100vw, 720px\" width=\"720\" height=\"104\"  style=\"display: inline-block;\" \/><\/a><\/div><\/li><li><a href=\"https:\/\/sistemas.lavras.mg.gov.br\/portalcidadao\/#df1b1a7c7b2a290bcb31e32771e610784662739a88807c0dacac58ede5f391a7530e299dc302d611ee73cb143fc22eaf93592e53e7b5bdb01b00a0b8d28dae460c141dd2ff83412e4dc1c31b16b25f33144a9e5620ea73b13f5bc1c59411d98439ad226e8af03840603796067d87afe130812cf3de24982d0e306f9e61e764e5\" aria-label=\"Banner_Sa\u00fade_PortallavrasTV\"><img src=\"https:\/\/lavras.tv\/site\/wp-content\/uploads\/2025\/03\/Banner_Saude_PortallavrasTV.png\" alt=\"\"  srcset=\"https:\/\/lavras.tv\/site\/wp-content\/uploads\/2025\/03\/Banner_Saude_PortallavrasTV.png 720w, https:\/\/lavras.tv\/site\/wp-content\/uploads\/2025\/03\/Banner_Saude_PortallavrasTV-470x68.png 470w, https:\/\/lavras.tv\/site\/wp-content\/uploads\/2025\/03\/Banner_Saude_PortallavrasTV-170x25.png 170w, https:\/\/lavras.tv\/site\/wp-content\/uploads\/2025\/03\/Banner_Saude_PortallavrasTV-200x29.png 200w\" sizes=\"(max-width: 720px) 100vw, 720px\" width=\"720\" height=\"104\"   \/><\/a><\/li><li><div id=\"lavra-3135307703\" style=\"width:720px;height:104px;background-color:#ddd;overflow:scroll;\">\n\t<strong>Sa\u00edda da depura\u00e7\u00e3o de an\u00fancios<\/strong>\n\t<br><br>\n\tO an\u00fancio n\u00e3o \u00e9 exibido na p\u00e1gina<br><br>post atual: Veja quanto custa e entenda como tirar o passaporte em 2026, ID: 168863<br><br><span style=\"color: red;\">O post atual n\u00e3o \u00e9 id\u00eantico ao post principal.<\/span><br><br>An\u00fancios: ROXO - TOPO INTERNA - ROTATIVO 2 (197)<br \/>Grupo de an\u00fancios: Princ_Meio01_720x104 (27)<br><br>Condi\u00e7\u00f5es de exibi\u00e7\u00e3o<div style=\"margin-bottom: 20px; white-space: pre-wrap; font-family: monospace; width: 100%; background: #ffe9e9;\"><strong>condi\u00e7\u00f5es gerais<\/strong><table border=\"1\"><thead><tr><th><\/th><th>An\u00fancios<\/th><th>wp_the_query<\/th><\/tr><\/thead><tr><td>is_main_query<\/td><td>1<\/td><td>1<\/td><\/tr><tr><td>is_rest_api<\/td><td>0<\/td><td>1<\/td><\/tr><tr><td>page<\/td><td>0<\/td><td>1<\/td><\/tr><tr><td>numpages<\/td><td>0<\/td><td>1<\/td><\/tr><tr><td>is_archive<\/td><td>1<\/td><td><\/td><\/tr><tr><td>is_search<\/td><td>1<\/td><td><\/td><\/tr><tr><td>is_home<\/td><td>1<\/td><td><\/td><\/tr><tr><td>is_404<\/td><td>1<\/td><td><\/td><\/tr><tr><td>is_attachment<\/td><td>1<\/td><td><\/td><\/tr><tr><td>is_singular<\/td><td>1<\/td><td><\/td><\/tr><tr><td>is_front_page<\/td><td>1<\/td><td><\/td><\/tr><tr><td>is_feed<\/td><td>1<\/td><td><\/td><\/tr><\/table><\/div><br><br><span style=\"color: red;\">Seu site usa HTTPS, mas o c\u00f3digo do an\u00fancio cont\u00e9m HTTP e pode n\u00e3o funcionar.<\/span>\t<br><br>\n\t<a style=\"color: green;\" href=\"https:\/\/wpadvancedads.com\/manual\/ad-debug-mode\/?utm_source=advanced-ads&utm_medium=link&utm_campaign=ad-debug-mode\" target=\"_blank\" rel=\"nofollow\">Encontre solu\u00e7\u00f5es no manual<\/a>\n<\/div>\n<\/li><\/ul><\/div><script>( window.advanced_ads_ready || jQuery( document ).ready ).call( null, function() {var $lavraslider3360675976 = jQuery( \".lavra-slider-3360675976\" );$lavraslider3360675976.on( \"unslider.ready\", function() { jQuery( \"div.custom-slider ul li\" ).css( \"display\", \"block\" ); });$lavraslider3360675976.unslider({ delay:4000, autoplay:true, nav:false, arrows:false, infinite:true });$lavraslider3360675976.on(\"mouseover\", function() {$lavraslider3360675976.unslider(\"stop\");}).on(\"mouseout\", function() {$lavraslider3360675976.unslider(\"start\");});});<\/script><\/div>\n<h2 class=\"wp-block-heading\">Documento \u00e9 obrigat\u00f3rio para viagens internacionais fora do Mercosul e deve ser solicitado junto \u00e0 Pol\u00edcia Federal<\/h2>\n\n\n\n<p><img fetchpriority=\"high\" decoding=\"async\" alt=\"Emiss\u00e3o de passaportes segue comprometida por conta de cortes no or\u00e7amento federal\" width=\"1000\" height=\"563\" src=\"https:\/\/medias.itatiaia.com.br\/dims4\/default\/9c319e7\/2147483647\/strip\/true\/crop\/1200x676+0+0\/resize\/1000x563!\/quality\/90\/?url=https%3A%2F%2Fk2-prod-radio-itatiaia.s3.us-east-1.amazonaws.com%2Fbrightspot%2F3c%2Fd9%2F9a755be3d48bee62fe16e382151d%2Femissao-de-passaportes-segue-comprometida-por-conta-de-cortes-no-orcamento-federal-06af90ac-c462-40ba-8491-7d10fd1c7426-large.jpg\"><\/p>\n\n\n\n<p>Divulga\u00e7\u00e3o\/Ag\u00eancia Brasil<\/p>\n\n\n\n<p>Emiss\u00e3o de passaportes<\/p>\n\n\n\n<p>O passaporte \u00e9 o principal documento exigido para quem pretende viajar ao exterior. Em 2026, o processo de emiss\u00e3o segue sob responsabilidade da Pol\u00edcia Federal e \u00e9 feito majoritariamente de forma digital, com etapa presencial obrigat\u00f3ria para coleta de dados biom\u00e9tricos. Veja a seguir para que serve o passaporte, quanto custa e como solicitar.<\/p>\n\n\n\n<h3 class=\"wp-block-heading\">Para que serve o passaporte?<\/h3>\n\n\n\n<p>Para viagens dentro do Brasil ou para pa\u00edses do Mercosul, como Argentina, Uruguai e Paraguai, o documento n\u00e3o \u00e9 exigido. J\u00e1 para destinos fora do bloco, o passaporte \u00e9 obrigat\u00f3rio. Em alguns casos, al\u00e9m do passaporte, o viajante tamb\u00e9m precisa apresentar visto ou autoriza\u00e7\u00e3o eletr\u00f4nica, como o ETIAS, que passar\u00e1 a ser exigido para brasileiros que viajam \u00e0 Uni\u00e3o Europeia.<\/p>\n\n\n\n<h3 class=\"wp-block-heading\">Quanto custa o passaporte em 2026?<\/h3>\n\n\n\n<p>De acordo com valores oficiais da Pol\u00edcia Federal, a taxa para emiss\u00e3o do passaporte comum \u00e9 de R$ 257,25.<\/p>\n\n\n\n<p>O valor pode chegar a R$ 514,50 em situa\u00e7\u00f5es espec\u00edficas, como:<\/p>\n\n\n\n<ul class=\"wp-block-list\">\n<li>perda ou extravio do passaporte anterior;<\/li>\n\n\n\n<li>solicita\u00e7\u00e3o de novo documento ainda v\u00e1lido, sem justificativa legal.<\/li>\n<\/ul>\n\n\n\n<p>A taxa \u00e9 paga por meio da Guia de Recolhimento da Uni\u00e3o (GRU), gerada ao final do preenchimento do formul\u00e1rio.<\/p>\n\n\n\n<h2 class=\"wp-block-heading\">Como tirar o passaporte em 2026<\/h2>\n\n\n\n<p>O processo de solicita\u00e7\u00e3o do passaporte segue as seguintes etapas:<\/p>\n\n\n\n<ol start=\"1\" class=\"wp-block-list\">\n<li>Preenchimento do formul\u00e1rio online<br>O interessado deve acessar o site oficial da Pol\u00edcia Federal e informar dados pessoais, como nome completo, CPF, data de nascimento e documentos de identifica\u00e7\u00e3o.<\/li>\n\n\n\n<li>Pagamento da taxa<br>Ap\u00f3s o envio do formul\u00e1rio, \u00e9 gerada a GRU para pagamento da taxa de emiss\u00e3o.<\/li>\n\n\n\n<li>Agendamento do atendimento presencial<br>Com a taxa paga, o solicitante agenda o atendimento em um posto da Pol\u00edcia Federal para coleta de foto, digitais e confer\u00eancia da documenta\u00e7\u00e3o.<\/li>\n\n\n\n<li>Retirada do passaporte<br>Depois de pronto, o documento deve ser retirado presencialmente no local indicado durante o agendamento.<\/li>\n<\/ol>\n\n\n\n<h3 class=\"wp-block-heading\">Documentos exigidos<\/h3>\n\n\n\n<p>No dia do atendimento, \u00e9 necess\u00e1rio apresentar:<\/p>\n\n\n\n<ul class=\"wp-block-list\">\n<li>documento de identidade v\u00e1lido;<\/li>\n\n\n\n<li>CPF;<\/li>\n\n\n\n<li>certid\u00e3o de nascimento ou casamento, se houver altera\u00e7\u00e3o de nome;<\/li>\n\n\n\n<li>passaporte anterior, se existir.<\/li>\n<\/ul>\n\n\n\n<p>O prazo de entrega pode variar conforme a localidade e a demanda, especialmente em per\u00edodos de alta procura, como f\u00e9rias e feriados prolongados.<\/p>\n\n\n\n<p>Para iniciar o processo, o formul\u00e1rio de solicita\u00e7\u00e3o est\u00e1 dispon\u00edvel no&nbsp;<a href=\"https:\/\/servicos.pf.gov.br\/sinpa\/inicializacaoSolicitacao.do?dispatch=inicializarSolicitacaoPassaporte&amp;utm_source=chatgpt.com\" target=\"_blank\" rel=\"noreferrer noopener\"><strong>site oficial da Pol\u00edcia Federal<\/strong><\/a><strong>.<\/strong><\/p>\n","protected":false},"excerpt":{"rendered":"<p>Documento \u00e9 obrigat\u00f3rio para viagens internacionais fora do Mercosul e deve ser solicitado junto \u00e0 Pol\u00edcia Federal Divulga\u00e7\u00e3o\/Ag\u00eancia Brasil Emiss\u00e3o de passaportes O passaporte \u00e9 o principal documento exigido para quem pretende viajar ao exterior. Em 2026, o processo de emiss\u00e3o segue sob responsabilidade da Pol\u00edcia Federal e \u00e9 feito majoritariamente de forma digital, com [&hellip;]<\/p>\n","protected":false},"author":5,"featured_media":168864,"comment_status":"closed","ping_status":"open","sticky":false,"template":"","format":"standard","meta":{"advgb_blocks_editor_width":"","advgb_blocks_columns_visual_guide":"","_exactmetrics_skip_tracking":false,"_exactmetrics_sitenote_active":false,"_exactmetrics_sitenote_note":"","_exactmetrics_sitenote_category":0,"footnotes":""},"categories":[7,2],"tags":[],"class_list":["post-168863","post","type-post","status-publish","format-standard","has-post-thumbnail","hentry","category-destaques","category-noticias"],"better_featured_image":{"id":168864,"alt_text":"","caption":"","description":"","media_type":"image","media_details":{"width":1000,"height":563,"file":"2026\/01\/download-4-1.webp","filesize":57584,"sizes":{"medium":{"file":"download-4-1-470x265.webp","width":470,"height":265,"mime-type":"image\/webp","filesize":14086,"source_url":"https:\/\/lavras.tv\/site\/wp-content\/uploads\/2026\/01\/download-4-1-470x265.webp"},"large":{"file":"download-4-1-970x546.webp","width":970,"height":546,"mime-type":"image\/webp","filesize":34754,"source_url":"https:\/\/lavras.tv\/site\/wp-content\/uploads\/2026\/01\/download-4-1-970x546.webp"},"thumbnail":{"file":"download-4-1-170x96.webp","width":170,"height":96,"mime-type":"image\/webp","filesize":3242,"source_url":"https:\/\/lavras.tv\/site\/wp-content\/uploads\/2026\/01\/download-4-1-170x96.webp"},"alm-thumbnail":{"file":"download-4-1-150x150.webp","width":150,"height":150,"mime-type":"image\/webp","filesize":4742,"source_url":"https:\/\/lavras.tv\/site\/wp-content\/uploads\/2026\/01\/download-4-1-150x150.webp"},"sow-carousel-default":{"file":"download-4-1-272x182.webp","width":272,"height":182,"mime-type":"image\/webp","filesize":7944,"source_url":"https:\/\/lavras.tv\/site\/wp-content\/uploads\/2026\/01\/download-4-1-272x182.webp"}},"image_meta":{"aperture":"0","credit":"","camera":"","caption":"","created_timestamp":"0","copyright":"","focal_length":"0","iso":"0","shutter_speed":"0","title":"","orientation":"0","keywords":[]}},"post":168863,"source_url":"https:\/\/lavras.tv\/site\/wp-content\/uploads\/2026\/01\/download-4-1.webp"},"author_meta":{"display_name":"Vinicius Bustamante","author_link":"https:\/\/lavras.tv\/site\/author\/vinicius-bustamante\/"},"featured_img":"https:\/\/lavras.tv\/site\/wp-content\/uploads\/2026\/01\/download-4-1-470x265.webp","coauthors":[],"tax_additional":{"categories":{"linked":["<a href=\"https:\/\/lavras.tv\/site\/category\/destaques\/\" class=\"advgb-post-tax-term\">Destaques<\/a>","<a href=\"https:\/\/lavras.tv\/site\/category\/noticias\/\" class=\"advgb-post-tax-term\">Not\u00edcias<\/a>"],"unlinked":["<span class=\"advgb-post-tax-term\">Destaques<\/span>","<span class=\"advgb-post-tax-term\">Not\u00edcias<\/span>"]}},"comment_count":"0","relative_dates":{"created":"Publicado 4 meses atr\u00e1s","modified":"Atualizado 4 meses atr\u00e1s"},"absolute_dates":{"created":"Publicado em 13 de janeiro de 2026","modified":"Atualizado em 13 de janeiro de 2026"},"absolute_dates_time":{"created":"Publicado em 13 de janeiro de 2026 16:36","modified":"Atualizado em 13 de janeiro de 2026 16:36"},"featured_img_caption":"","series_order":"","_links":{"self":[{"href":"https:\/\/lavras.tv\/site\/wp-json\/wp\/v2\/posts\/168863","targetHints":{"allow":["GET"]}}],"collection":[{"href":"https:\/\/lavras.tv\/site\/wp-json\/wp\/v2\/posts"}],"about":[{"href":"https:\/\/lavras.tv\/site\/wp-json\/wp\/v2\/types\/post"}],"author":[{"embeddable":true,"href":"https:\/\/lavras.tv\/site\/wp-json\/wp\/v2\/users\/5"}],"replies":[{"embeddable":true,"href":"https:\/\/lavras.tv\/site\/wp-json\/wp\/v2\/comments?post=168863"}],"version-history":[{"count":1,"href":"https:\/\/lavras.tv\/site\/wp-json\/wp\/v2\/posts\/168863\/revisions"}],"predecessor-version":[{"id":168865,"href":"https:\/\/lavras.tv\/site\/wp-json\/wp\/v2\/posts\/168863\/revisions\/168865"}],"wp:featuredmedia":[{"embeddable":true,"href":"https:\/\/lavras.tv\/site\/wp-json\/wp\/v2\/media\/168864"}],"wp:attachment":[{"href":"https:\/\/lavras.tv\/site\/wp-json\/wp\/v2\/media?parent=168863"}],"wp:term":[{"taxonomy":"category","embeddable":true,"href":"https:\/\/lavras.tv\/site\/wp-json\/wp\/v2\/categories?post=168863"},{"taxonomy":"post_tag","embeddable":true,"href":"https:\/\/lavras.tv\/site\/wp-json\/wp\/v2\/tags?post=168863"}],"curies":[{"name":"wp","href":"https:\/\/api.w.org\/{rel}","templated":true}]}}