{"id":168866,"date":"2026-01-13T16:47:23","date_gmt":"2026-01-13T19:47:23","guid":{"rendered":"https:\/\/lavras.tv\/site\/?p=168866"},"modified":"2026-01-13T16:47:27","modified_gmt":"2026-01-13T19:47:27","slug":"22-grandes-musicos-de-rock-que-completam-80-anos-em-2026","status":"publish","type":"post","link":"https:\/\/lavras.tv\/site\/2026\/01\/13\/22-grandes-musicos-de-rock-que-completam-80-anos-em-2026\/","title":{"rendered":"22 grandes m\u00fasicos de rock que completam 80 anos em 2026"},"content":{"rendered":"<div class=\"lavra-antes-do-conteudo_2\" id=\"lavra-3349193553\"><div id=\"lavra-slider-27\" class=\"custom-slider lavra-slider-3424748463 lavra-slider\"><ul><li><div style=\"margin-left: auto;margin-right: auto;text-align: center;\" id=\"lavra-3814980118\"><a href=\"https:\/\/sistemas.lavras.mg.gov.br\/portalcidadao\/#df1b1a7c7b2a290bcb31e32771e610784662739a88807c0dacac58ede5f391a7530e299dc302d611ee73cb143fc22eaf93592e53e7b5bdb01b00a0b8d28dae460c141dd2ff83412e4dc1c31b16b25f33144a9e5620ea73b13f5bc1c59411d98439ad226e8af03840603796067d87afe130812cf3de24982d0e306f9e61e764e5\" aria-label=\"Lavras-TV&#8211;720x104px (1) (1)\"><img src=\"https:\/\/lavras.tv\/site\/wp-content\/uploads\/2025\/01\/Lavras-TV-720x104px-1-1.png\" alt=\"\"  srcset=\"https:\/\/lavras.tv\/site\/wp-content\/uploads\/2025\/01\/Lavras-TV-720x104px-1-1.png 720w, https:\/\/lavras.tv\/site\/wp-content\/uploads\/2025\/01\/Lavras-TV-720x104px-1-1-470x68.png 470w, https:\/\/lavras.tv\/site\/wp-content\/uploads\/2025\/01\/Lavras-TV-720x104px-1-1-170x25.png 170w, https:\/\/lavras.tv\/site\/wp-content\/uploads\/2025\/01\/Lavras-TV-720x104px-1-1-200x29.png 200w\" sizes=\"(max-width: 720px) 100vw, 720px\" width=\"720\" height=\"104\"  style=\"display: inline-block;\" \/><\/a><\/div><\/li><li><a href=\"https:\/\/sistemas.lavras.mg.gov.br\/portalcidadao\/#df1b1a7c7b2a290bcb31e32771e610784662739a88807c0dacac58ede5f391a7530e299dc302d611ee73cb143fc22eaf93592e53e7b5bdb01b00a0b8d28dae460c141dd2ff83412e4dc1c31b16b25f33144a9e5620ea73b13f5bc1c59411d98439ad226e8af03840603796067d87afe130812cf3de24982d0e306f9e61e764e5\" aria-label=\"Banner_Emprego_PortallavrasTV\"><img src=\"https:\/\/lavras.tv\/site\/wp-content\/uploads\/2025\/03\/Banner_Emprego_PortallavrasTV.png\" alt=\"\"  srcset=\"https:\/\/lavras.tv\/site\/wp-content\/uploads\/2025\/03\/Banner_Emprego_PortallavrasTV.png 720w, https:\/\/lavras.tv\/site\/wp-content\/uploads\/2025\/03\/Banner_Emprego_PortallavrasTV-470x68.png 470w, https:\/\/lavras.tv\/site\/wp-content\/uploads\/2025\/03\/Banner_Emprego_PortallavrasTV-170x25.png 170w, https:\/\/lavras.tv\/site\/wp-content\/uploads\/2025\/03\/Banner_Emprego_PortallavrasTV-200x29.png 200w\" sizes=\"(max-width: 720px) 100vw, 720px\" width=\"720\" height=\"104\"   \/><\/a><\/li><li><a href=\"https:\/\/sistemas.lavras.mg.gov.br\/portalcidadao\/#df1b1a7c7b2a290bcb31e32771e610784662739a88807c0dacac58ede5f391a7530e299dc302d611ee73cb143fc22eaf93592e53e7b5bdb01b00a0b8d28dae460c141dd2ff83412e4dc1c31b16b25f33144a9e5620ea73b13f5bc1c59411d98439ad226e8af03840603796067d87afe130812cf3de24982d0e306f9e61e764e5\" aria-label=\"Banner_Obras_PortallavrasTV\"><img src=\"https:\/\/lavras.tv\/site\/wp-content\/uploads\/2025\/03\/Banner_Obras_PortallavrasTV.png\" alt=\"\"  srcset=\"https:\/\/lavras.tv\/site\/wp-content\/uploads\/2025\/03\/Banner_Obras_PortallavrasTV.png 720w, https:\/\/lavras.tv\/site\/wp-content\/uploads\/2025\/03\/Banner_Obras_PortallavrasTV-470x68.png 470w, https:\/\/lavras.tv\/site\/wp-content\/uploads\/2025\/03\/Banner_Obras_PortallavrasTV-170x25.png 170w, https:\/\/lavras.tv\/site\/wp-content\/uploads\/2025\/03\/Banner_Obras_PortallavrasTV-200x29.png 200w\" sizes=\"(max-width: 720px) 100vw, 720px\" width=\"720\" height=\"104\"   \/><\/a><\/li><li><div style=\"margin-left: auto;margin-right: auto;text-align: center;\" id=\"lavra-2235294250\"><a href=\"https:\/\/sistemas.lavras.mg.gov.br\/portalcidadao\/#df1b1a7c7b2a290bcb31e32771e610784662739a88807c0dacac58ede5f391a7530e299dc302d611ee73cb143fc22eaf93592e53e7b5bdb01b00a0b8d28dae460c141dd2ff83412e4dc1c31b16b25f33144a9e5620ea73b13f5bc1c59411d98439ad226e8af03840603796067d87afe130812cf3de24982d0e306f9e61e764e5\" aria-label=\"Banner_Educa\u00e7\u00e3o_PortallavrasTV\"><img src=\"https:\/\/lavras.tv\/site\/wp-content\/uploads\/2025\/01\/Banner_Educacao_PortallavrasTV.png\" alt=\"\"  srcset=\"https:\/\/lavras.tv\/site\/wp-content\/uploads\/2025\/01\/Banner_Educacao_PortallavrasTV.png 720w, https:\/\/lavras.tv\/site\/wp-content\/uploads\/2025\/01\/Banner_Educacao_PortallavrasTV-470x68.png 470w, https:\/\/lavras.tv\/site\/wp-content\/uploads\/2025\/01\/Banner_Educacao_PortallavrasTV-170x25.png 170w, https:\/\/lavras.tv\/site\/wp-content\/uploads\/2025\/01\/Banner_Educacao_PortallavrasTV-200x29.png 200w\" sizes=\"(max-width: 720px) 100vw, 720px\" width=\"720\" height=\"104\"  style=\"display: inline-block;\" \/><\/a><\/div><\/li><li><a href=\"https:\/\/sistemas.lavras.mg.gov.br\/portalcidadao\/#df1b1a7c7b2a290bcb31e32771e610784662739a88807c0dacac58ede5f391a7530e299dc302d611ee73cb143fc22eaf93592e53e7b5bdb01b00a0b8d28dae460c141dd2ff83412e4dc1c31b16b25f33144a9e5620ea73b13f5bc1c59411d98439ad226e8af03840603796067d87afe130812cf3de24982d0e306f9e61e764e5\" aria-label=\"Banner_Sa\u00fade_PortallavrasTV\"><img src=\"https:\/\/lavras.tv\/site\/wp-content\/uploads\/2025\/03\/Banner_Saude_PortallavrasTV.png\" alt=\"\"  srcset=\"https:\/\/lavras.tv\/site\/wp-content\/uploads\/2025\/03\/Banner_Saude_PortallavrasTV.png 720w, https:\/\/lavras.tv\/site\/wp-content\/uploads\/2025\/03\/Banner_Saude_PortallavrasTV-470x68.png 470w, https:\/\/lavras.tv\/site\/wp-content\/uploads\/2025\/03\/Banner_Saude_PortallavrasTV-170x25.png 170w, https:\/\/lavras.tv\/site\/wp-content\/uploads\/2025\/03\/Banner_Saude_PortallavrasTV-200x29.png 200w\" sizes=\"(max-width: 720px) 100vw, 720px\" width=\"720\" height=\"104\"   \/><\/a><\/li><li><div id=\"lavra-2925875198\" style=\"width:720px;height:104px;background-color:#ddd;overflow:scroll;\">\n\t<strong>Sa\u00edda da depura\u00e7\u00e3o de an\u00fancios<\/strong>\n\t<br><br>\n\tO an\u00fancio n\u00e3o \u00e9 exibido na p\u00e1gina<br><br>post atual: 22 grandes m\u00fasicos de rock que completam 80 anos em 2026, ID: 168866<br><br><span style=\"color: red;\">O post atual n\u00e3o \u00e9 id\u00eantico ao post principal.<\/span><br><br>An\u00fancios: ROXO - TOPO INTERNA - ROTATIVO 2 (197)<br \/>Grupo de an\u00fancios: Princ_Meio01_720x104 (27)<br><br>Condi\u00e7\u00f5es de exibi\u00e7\u00e3o<div style=\"margin-bottom: 20px; white-space: pre-wrap; font-family: monospace; width: 100%; background: #ffe9e9;\"><strong>condi\u00e7\u00f5es gerais<\/strong><table border=\"1\"><thead><tr><th><\/th><th>An\u00fancios<\/th><th>wp_the_query<\/th><\/tr><\/thead><tr><td>is_main_query<\/td><td>1<\/td><td>1<\/td><\/tr><tr><td>is_rest_api<\/td><td>0<\/td><td>1<\/td><\/tr><tr><td>page<\/td><td>0<\/td><td>1<\/td><\/tr><tr><td>numpages<\/td><td>0<\/td><td>1<\/td><\/tr><tr><td>is_archive<\/td><td>1<\/td><td><\/td><\/tr><tr><td>is_search<\/td><td>1<\/td><td><\/td><\/tr><tr><td>is_home<\/td><td>1<\/td><td><\/td><\/tr><tr><td>is_404<\/td><td>1<\/td><td><\/td><\/tr><tr><td>is_attachment<\/td><td>1<\/td><td><\/td><\/tr><tr><td>is_singular<\/td><td>1<\/td><td><\/td><\/tr><tr><td>is_front_page<\/td><td>1<\/td><td><\/td><\/tr><tr><td>is_feed<\/td><td>1<\/td><td><\/td><\/tr><\/table><\/div><br><br><span style=\"color: red;\">Seu site usa HTTPS, mas o c\u00f3digo do an\u00fancio cont\u00e9m HTTP e pode n\u00e3o funcionar.<\/span>\t<br><br>\n\t<a style=\"color: green;\" href=\"https:\/\/wpadvancedads.com\/manual\/ad-debug-mode\/?utm_source=advanced-ads&utm_medium=link&utm_campaign=ad-debug-mode\" target=\"_blank\" rel=\"nofollow\">Encontre solu\u00e7\u00f5es no manual<\/a>\n<\/div>\n<\/li><\/ul><\/div><script>( window.advanced_ads_ready || jQuery( document ).ready ).call( null, function() {var $lavraslider3424748463 = jQuery( \".lavra-slider-3424748463\" );$lavraslider3424748463.on( \"unslider.ready\", function() { jQuery( \"div.custom-slider ul li\" ).css( \"display\", \"block\" ); });$lavraslider3424748463.unslider({ delay:4000, autoplay:true, nav:false, arrows:false, infinite:true });$lavraslider3424748463.on(\"mouseover\", function() {$lavraslider3424748463.unslider(\"stop\");}).on(\"mouseout\", function() {$lavraslider3424748463.unslider(\"start\");});});<\/script><\/div>\n<p>Levantamento inclui \u00edcones do g\u00eanero como John Paul Jones (Led Zeppelin), David Gilmour (Pink Floyd), Patti Smith e Robby Krieger (The Doors), entre outros<\/p>\n\n\n\n<figure class=\"wp-block-image\"><img decoding=\"async\" src=\"https:\/\/rollingstone.com.br\/wp-content\/uploads\/2025\/05\/david-gilmour-pink-floyd-2024-foto-francesco-prandoni-getty-images-2175031356.jpg\" alt=\"David Gilmour, do Pink Floyd, em 2024 - Foto: Francesco Prandoni \/ Getty Images\"\/><\/figure>\n\n\n\n<p>Diversos m\u00fasicos nascidos na d\u00e9cada de 1940 ajudaram a moldar o rock nos anos 1960 e 1970, \u00e9pocas consideradas triviais para o desenvolvimento do g\u00eanero. Aqueles que vieram ao mundo especificamente em 1946 celebram o 80\u00ba anivers\u00e1rio em 2026.<\/p>\n\n\n\n<p>A lista a seguir homenageia 22 m\u00fasicos que agora se tornam octagen\u00e1rios. S\u00e3o lembrados gigantes como\u00a0<strong>John Paul Jones<\/strong>\u00a0(<strong>Led Zeppelin<\/strong>),\u00a0<strong>David Gilmour<\/strong>\u00a0(<strong>Pink Floyd<\/strong>),\u00a0<strong>Patti Smith<\/strong>\u00a0e\u00a0<strong>Robby Krieger<\/strong>\u00a0(<strong>The Doors<\/strong>), entre outros.<\/p>\n\n\n\n<p>Confira!<\/p>\n\n\n\n<h2 class=\"wp-block-heading\">22 grandes m\u00fasicos de rock que completam 80 anos em 2026<\/h2>\n\n\n\n<p><strong>John Paul Jones (nasceu em 3 de janeiro de 1946):<\/strong>&nbsp;Baixista e tecladista brit\u00e2nico, foi membro do Led Zeppelin, atuou como arranjador e m\u00fasico de sess\u00e3o antes e depois da banda, participou de projetos como Them Crooked Vultures e lan\u00e7ou trabalhos solo e colabora\u00e7\u00f5es.<\/p>\n\n\n\n<figure class=\"wp-block-embed is-type-video is-provider-youtube wp-block-embed-youtube wp-embed-aspect-4-3 wp-has-aspect-ratio\"><div class=\"wp-block-embed__wrapper\">\n<div  style=\"display: block; margin: 0px auto;\"  id=\"_ytid_92627\"  width=\"480\" height=\"360\"  data-origwidth=\"480\" data-origheight=\"360\" data-facadesrc=\"https:\/\/www.youtube.com\/embed\/HQmmM_qwG4k?enablejsapi=1&#038;autoplay=0&#038;cc_load_policy=0&#038;cc_lang_pref=&#038;iv_load_policy=1&#038;loop=0&#038;rel=1&#038;fs=1&#038;playsinline=0&#038;autohide=2&#038;theme=dark&#038;color=red&#038;controls=1&#038;disablekb=0&#038;\" class=\"__youtube_prefs__ epyt-facade epyt-is-override  no-lazyload\" data-epautoplay=\"1\" ><img decoding=\"async\" data-spai-excluded=\"true\" class=\"epyt-facade-poster skip-lazy\" loading=\"lazy\"  alt=\"YouTube player\"  src=\"https:\/\/i.ytimg.com\/vi\/HQmmM_qwG4k\/maxresdefault.jpg\"  \/><button class=\"epyt-facade-play\" aria-label=\"Play\"><svg data-no-lazy=\"1\" height=\"100%\" version=\"1.1\" viewBox=\"0 0 68 48\" width=\"100%\"><path class=\"ytp-large-play-button-bg\" d=\"M66.52,7.74c-0.78-2.93-2.49-5.41-5.42-6.19C55.79,.13,34,0,34,0S12.21,.13,6.9,1.55 C3.97,2.33,2.27,4.81,1.48,7.74C0.06,13.05,0,24,0,24s0.06,10.95,1.48,16.26c0.78,2.93,2.49,5.41,5.42,6.19 C12.21,47.87,34,48,34,48s21.79-0.13,27.1-1.55c2.93-0.78,4.64-3.26,5.42-6.19C67.94,34.95,68,24,68,24S67.94,13.05,66.52,7.74z\" fill=\"#f00\"><\/path><path d=\"M 45,24 27,14 27,34\" fill=\"#fff\"><\/path><\/svg><\/button><\/div>\n<\/div><\/figure>\n\n\n\n<p><strong>Robby Krieger (nasceu em 8 de janeiro de 1946):<\/strong>&nbsp;Guitarrista americano, conhecido por integrar The Doors. Escreveu can\u00e7\u00f5es importantes para o grupo e transitou entre rock, blues e ritmos latinos no seu fraseado. Ap\u00f3s o fim dos Doors, seguiu carreira solo e em projetos colaborativos.<\/p>\n\n\n\n<figure class=\"wp-block-embed is-type-video is-provider-youtube wp-block-embed-youtube wp-embed-aspect-16-9 wp-has-aspect-ratio\"><div class=\"wp-block-embed__wrapper\">\n<div  style=\"display: block; margin: 0px auto;\"  id=\"_ytid_65962\"  width=\"480\" height=\"270\"  data-origwidth=\"480\" data-origheight=\"270\" data-facadesrc=\"https:\/\/www.youtube.com\/embed\/mbj1RFaoyLk?enablejsapi=1&#038;autoplay=0&#038;cc_load_policy=0&#038;cc_lang_pref=&#038;iv_load_policy=1&#038;loop=0&#038;rel=1&#038;fs=1&#038;playsinline=0&#038;autohide=2&#038;theme=dark&#038;color=red&#038;controls=1&#038;disablekb=0&#038;\" class=\"__youtube_prefs__ epyt-facade epyt-is-override  no-lazyload\" data-epautoplay=\"1\" ><img decoding=\"async\" data-spai-excluded=\"true\" class=\"epyt-facade-poster skip-lazy\" loading=\"lazy\"  alt=\"YouTube player\"  src=\"https:\/\/i.ytimg.com\/vi\/mbj1RFaoyLk\/maxresdefault.jpg\"  \/><button class=\"epyt-facade-play\" aria-label=\"Play\"><svg data-no-lazy=\"1\" height=\"100%\" version=\"1.1\" viewBox=\"0 0 68 48\" width=\"100%\"><path class=\"ytp-large-play-button-bg\" d=\"M66.52,7.74c-0.78-2.93-2.49-5.41-5.42-6.19C55.79,.13,34,0,34,0S12.21,.13,6.9,1.55 C3.97,2.33,2.27,4.81,1.48,7.74C0.06,13.05,0,24,0,24s0.06,10.95,1.48,16.26c0.78,2.93,2.49,5.41,5.42,6.19 C12.21,47.87,34,48,34,48s21.79-0.13,27.1-1.55c2.93-0.78,4.64-3.26,5.42-6.19C67.94,34.95,68,24,68,24S67.94,13.05,66.52,7.74z\" fill=\"#f00\"><\/path><path d=\"M 45,24 27,14 27,34\" fill=\"#fff\"><\/path><\/svg><\/button><\/div>\n<\/div><\/figure>\n\n\n\n<p><strong>Aynsley Dunbar (nasceu em 10 de janeiro de 1946):<\/strong>&nbsp;Baterista ingl\u00eas, atuou desde os anos 1960 em bandas como The Mojos, The Aynsley Dunbar Retaliation e trabalhou como membro ou m\u00fasico de sess\u00e3o de John Mayall, Frank Zappa, Jeff Beck, Journey, Whitesnake e muitos outros.<\/p>\n\n\n\n<figure class=\"wp-block-embed is-type-video is-provider-youtube wp-block-embed-youtube wp-embed-aspect-4-3 wp-has-aspect-ratio\"><div class=\"wp-block-embed__wrapper\">\n<div  style=\"display: block; margin: 0px auto;\"  id=\"_ytid_42365\"  width=\"480\" height=\"360\"  data-origwidth=\"480\" data-origheight=\"360\" data-facadesrc=\"https:\/\/www.youtube.com\/embed\/MxGEVIvSFeY?enablejsapi=1&#038;autoplay=0&#038;cc_load_policy=0&#038;cc_lang_pref=&#038;iv_load_policy=1&#038;loop=0&#038;rel=1&#038;fs=1&#038;playsinline=0&#038;autohide=2&#038;theme=dark&#038;color=red&#038;controls=1&#038;disablekb=0&#038;\" class=\"__youtube_prefs__ epyt-facade epyt-is-override  no-lazyload\" data-epautoplay=\"1\" ><img decoding=\"async\" data-spai-excluded=\"true\" class=\"epyt-facade-poster skip-lazy\" loading=\"lazy\"  alt=\"YouTube player\"  src=\"https:\/\/i.ytimg.com\/vi\/MxGEVIvSFeY\/maxresdefault.jpg\"  \/><button class=\"epyt-facade-play\" aria-label=\"Play\"><svg data-no-lazy=\"1\" height=\"100%\" version=\"1.1\" viewBox=\"0 0 68 48\" width=\"100%\"><path class=\"ytp-large-play-button-bg\" d=\"M66.52,7.74c-0.78-2.93-2.49-5.41-5.42-6.19C55.79,.13,34,0,34,0S12.21,.13,6.9,1.55 C3.97,2.33,2.27,4.81,1.48,7.74C0.06,13.05,0,24,0,24s0.06,10.95,1.48,16.26c0.78,2.93,2.49,5.41,5.42,6.19 C12.21,47.87,34,48,34,48s21.79-0.13,27.1-1.55c2.93-0.78,4.64-3.26,5.42-6.19C67.94,34.95,68,24,68,24S67.94,13.05,66.52,7.74z\" fill=\"#f00\"><\/path><path d=\"M 45,24 27,14 27,34\" fill=\"#fff\"><\/path><\/svg><\/button><\/div>\n<\/div><\/figure>\n\n\n\n<p><strong>Tony Kaye (nasceu em 11 de janeiro de 1946):<\/strong>&nbsp;Tecladista ingl\u00eas, membro fundador do Yes, participou das forma\u00e7\u00f5es iniciais da banda e, ap\u00f3s sair, trabalhou em est\u00fadio e em outros projetos musicais. Retornou ao grupo entre 1983 e 1996.<\/p>\n\n\n\n<figure class=\"wp-block-embed is-type-video is-provider-youtube wp-block-embed-youtube wp-embed-aspect-16-9 wp-has-aspect-ratio\"><div class=\"wp-block-embed__wrapper\">\n<div  style=\"display: block; margin: 0px auto;\"  id=\"_ytid_11103\"  width=\"480\" height=\"270\"  data-origwidth=\"480\" data-origheight=\"270\" data-facadesrc=\"https:\/\/www.youtube.com\/embed\/SVOuYquXuuc?enablejsapi=1&#038;autoplay=0&#038;cc_load_policy=0&#038;cc_lang_pref=&#038;iv_load_policy=1&#038;loop=0&#038;rel=1&#038;fs=1&#038;playsinline=0&#038;autohide=2&#038;theme=dark&#038;color=red&#038;controls=1&#038;disablekb=0&#038;\" class=\"__youtube_prefs__ epyt-facade epyt-is-override  no-lazyload\" data-epautoplay=\"1\" ><img decoding=\"async\" data-spai-excluded=\"true\" class=\"epyt-facade-poster skip-lazy\" loading=\"lazy\"  alt=\"YouTube player\"  src=\"https:\/\/i.ytimg.com\/vi\/SVOuYquXuuc\/maxresdefault.jpg\"  \/><button class=\"epyt-facade-play\" aria-label=\"Play\"><svg data-no-lazy=\"1\" height=\"100%\" version=\"1.1\" viewBox=\"0 0 68 48\" width=\"100%\"><path class=\"ytp-large-play-button-bg\" d=\"M66.52,7.74c-0.78-2.93-2.49-5.41-5.42-6.19C55.79,.13,34,0,34,0S12.21,.13,6.9,1.55 C3.97,2.33,2.27,4.81,1.48,7.74C0.06,13.05,0,24,0,24s0.06,10.95,1.48,16.26c0.78,2.93,2.49,5.41,5.42,6.19 C12.21,47.87,34,48,34,48s21.79-0.13,27.1-1.55c2.93-0.78,4.64-3.26,5.42-6.19C67.94,34.95,68,24,68,24S67.94,13.05,66.52,7.74z\" fill=\"#f00\"><\/path><path d=\"M 45,24 27,14 27,34\" fill=\"#fff\"><\/path><\/svg><\/button><\/div>\n<\/div><\/figure>\n\n\n\n<p><strong>David Gilmour (nasceu em 6 de mar\u00e7o de 1946):<\/strong>\u00a0Guitarrista e cantor ingl\u00eas, tornou-se membro do Pink Floyd em 1968. Seja por seus vocais mel\u00f3dicos ou linhas de guitarra repletas de feeling, consolidou-se como um dos m\u00fasicos mais importantes da hist\u00f3ria do rock. Al\u00e9m da banda que o consagrou, lan\u00e7ou \u00e1lbuns solo.<\/p>\n\n\n\n<figure class=\"wp-block-embed is-type-video is-provider-youtube wp-block-embed-youtube wp-embed-aspect-16-9 wp-has-aspect-ratio\"><div class=\"wp-block-embed__wrapper\">\n<div  style=\"display: block; margin: 0px auto;\"  id=\"_ytid_98172\"  width=\"480\" height=\"270\"  data-origwidth=\"480\" data-origheight=\"270\" data-facadesrc=\"https:\/\/www.youtube.com\/embed\/LTseTg48568?enablejsapi=1&#038;autoplay=0&#038;cc_load_policy=0&#038;cc_lang_pref=&#038;iv_load_policy=1&#038;loop=0&#038;rel=1&#038;fs=1&#038;playsinline=0&#038;autohide=2&#038;theme=dark&#038;color=red&#038;controls=1&#038;disablekb=0&#038;\" class=\"__youtube_prefs__ epyt-facade epyt-is-override  no-lazyload\" data-epautoplay=\"1\" ><img decoding=\"async\" data-spai-excluded=\"true\" class=\"epyt-facade-poster skip-lazy\" loading=\"lazy\"  alt=\"YouTube player\"  src=\"https:\/\/i.ytimg.com\/vi\/LTseTg48568\/maxresdefault.jpg\"  \/><button class=\"epyt-facade-play\" aria-label=\"Play\"><svg data-no-lazy=\"1\" height=\"100%\" version=\"1.1\" viewBox=\"0 0 68 48\" width=\"100%\"><path class=\"ytp-large-play-button-bg\" d=\"M66.52,7.74c-0.78-2.93-2.49-5.41-5.42-6.19C55.79,.13,34,0,34,0S12.21,.13,6.9,1.55 C3.97,2.33,2.27,4.81,1.48,7.74C0.06,13.05,0,24,0,24s0.06,10.95,1.48,16.26c0.78,2.93,2.49,5.41,5.42,6.19 C12.21,47.87,34,48,34,48s21.79-0.13,27.1-1.55c2.93-0.78,4.64-3.26,5.42-6.19C67.94,34.95,68,24,68,24S67.94,13.05,66.52,7.74z\" fill=\"#f00\"><\/path><path d=\"M 45,24 27,14 27,34\" fill=\"#fff\"><\/path><\/svg><\/button><\/div>\n<\/div><\/figure>\n\n\n\n<p><strong>Andy Bown (nasceu em 27 de mar\u00e7o de 1946):<\/strong>&nbsp;M\u00fasico ingl\u00eas, toca teclado e guitarra, \u00e9 conhecido pela longa associa\u00e7\u00e3o com o Status Quo como membro de est\u00fadio e ao vivo.<\/p>\n\n\n\n<p><strong>Dave Hill (nasceu em 4 de abril de 1946):<\/strong>&nbsp;Guitarrista ingl\u00eas, integrante do Slade desde a forma\u00e7\u00e3o, figura reconhecida pelo visual do palco e import\u00e2ncia na cena glam rock brit\u00e2nica.<\/p>\n\n\n\n<p><strong>Bill Kreutzmann (nasceu em 7 de maio de 1946):<\/strong>&nbsp;Baterista americano, cofundador do Grateful Dead e membro central na hist\u00f3ria do grupo, atuando em suas v\u00e1rias forma\u00e7\u00f5es e projetos derivados ap\u00f3s a morte de Jerry Garcia.<\/p>\n\n\n\n<p><strong>Donovan (nasceu em 10 de maio de 1946):<\/strong>&nbsp;Cantor escoc\u00eas, figura not\u00f3ria do folk brit\u00e2nico e da cena psicod\u00e9lica nos anos 1960.<\/p>\n\n\n\n<figure class=\"wp-block-embed is-type-video is-provider-youtube wp-block-embed-youtube wp-embed-aspect-16-9 wp-has-aspect-ratio\"><div class=\"wp-block-embed__wrapper\">\n<div  style=\"display: block; margin: 0px auto;\"  id=\"_ytid_99776\"  width=\"480\" height=\"270\"  data-origwidth=\"480\" data-origheight=\"270\" data-facadesrc=\"https:\/\/www.youtube.com\/embed\/CHxfOZH8cew?enablejsapi=1&#038;autoplay=0&#038;cc_load_policy=0&#038;cc_lang_pref=&#038;iv_load_policy=1&#038;loop=0&#038;rel=1&#038;fs=1&#038;playsinline=0&#038;autohide=2&#038;theme=dark&#038;color=red&#038;controls=1&#038;disablekb=0&#038;\" class=\"__youtube_prefs__ epyt-facade epyt-is-override  no-lazyload\" data-epautoplay=\"1\" ><img decoding=\"async\" data-spai-excluded=\"true\" class=\"epyt-facade-poster skip-lazy\" loading=\"lazy\"  alt=\"YouTube player\"  src=\"https:\/\/i.ytimg.com\/vi\/CHxfOZH8cew\/maxresdefault.jpg\"  \/><button class=\"epyt-facade-play\" aria-label=\"Play\"><svg data-no-lazy=\"1\" height=\"100%\" version=\"1.1\" viewBox=\"0 0 68 48\" width=\"100%\"><path class=\"ytp-large-play-button-bg\" d=\"M66.52,7.74c-0.78-2.93-2.49-5.41-5.42-6.19C55.79,.13,34,0,34,0S12.21,.13,6.9,1.55 C3.97,2.33,2.27,4.81,1.48,7.74C0.06,13.05,0,24,0,24s0.06,10.95,1.48,16.26c0.78,2.93,2.49,5.41,5.42,6.19 C12.21,47.87,34,48,34,48s21.79-0.13,27.1-1.55c2.93-0.78,4.64-3.26,5.42-6.19C67.94,34.95,68,24,68,24S67.94,13.05,66.52,7.74z\" fill=\"#f00\"><\/path><path d=\"M 45,24 27,14 27,34\" fill=\"#fff\"><\/path><\/svg><\/button><\/div>\n<\/div><\/figure>\n\n\n\n<p><strong>Dave Mason (nasceu em 10 de maio de 1946):<\/strong>&nbsp;Guitarrista e ingl\u00eas, membro fundador do Traffic, trabalhou como m\u00fasico de sess\u00e3o e lan\u00e7ou-se ainda em carreira solo.<\/p>\n\n\n\n<p><strong>Robert Fripp (nasceu em 16 de maio de 1946):<\/strong>&nbsp;Guitarrista ingl\u00eas, fundador do King Crimson, reconhecido por t\u00e9cnicas inovadoras e colabora\u00e7\u00f5es com David Bowie, Blondie, Brian Eno, Peter Gabriel, Daryl Hall e muitos outros.<\/p>\n\n\n\n<figure class=\"wp-block-embed is-type-video is-provider-youtube wp-block-embed-youtube wp-embed-aspect-16-9 wp-has-aspect-ratio\"><div class=\"wp-block-embed__wrapper\">\n<div  style=\"display: block; margin: 0px auto;\"  id=\"_ytid_65738\"  width=\"480\" height=\"270\"  data-origwidth=\"480\" data-origheight=\"270\" data-facadesrc=\"https:\/\/www.youtube.com\/embed\/3028oDEKZo4?enablejsapi=1&#038;autoplay=0&#038;cc_load_policy=0&#038;cc_lang_pref=&#038;iv_load_policy=1&#038;loop=0&#038;rel=1&#038;fs=1&#038;playsinline=0&#038;autohide=2&#038;theme=dark&#038;color=red&#038;controls=1&#038;disablekb=0&#038;\" class=\"__youtube_prefs__ epyt-facade epyt-is-override  no-lazyload\" data-epautoplay=\"1\" ><img decoding=\"async\" data-spai-excluded=\"true\" class=\"epyt-facade-poster skip-lazy\" loading=\"lazy\"  alt=\"YouTube player\"  src=\"https:\/\/i.ytimg.com\/vi\/3028oDEKZo4\/maxresdefault.jpg\"  \/><button class=\"epyt-facade-play\" aria-label=\"Play\"><svg data-no-lazy=\"1\" height=\"100%\" version=\"1.1\" viewBox=\"0 0 68 48\" width=\"100%\"><path class=\"ytp-large-play-button-bg\" d=\"M66.52,7.74c-0.78-2.93-2.49-5.41-5.42-6.19C55.79,.13,34,0,34,0S12.21,.13,6.9,1.55 C3.97,2.33,2.27,4.81,1.48,7.74C0.06,13.05,0,24,0,24s0.06,10.95,1.48,16.26c0.78,2.93,2.49,5.41,5.42,6.19 C12.21,47.87,34,48,34,48s21.79-0.13,27.1-1.55c2.93-0.78,4.64-3.26,5.42-6.19C67.94,34.95,68,24,68,24S67.94,13.05,66.52,7.74z\" fill=\"#f00\"><\/path><path d=\"M 45,24 27,14 27,34\" fill=\"#fff\"><\/path><\/svg><\/button><\/div>\n<\/div><\/figure>\n\n\n\n<p><strong>Tony Levin (nasceu em 6 de junho de 1946):<\/strong>&nbsp;Baixista americano, trabalhou com Peter Gabriel e King Crimson, \u00e9 bastante requisitado como m\u00fasico de sess\u00e3o e tocou ainda com Liquid Tension Experiment, John Lennon, Richie Sambora, Pink Floyd, Stevie Nicks e mais.<\/p>\n\n\n\n<p><strong>Noddy Holder (nasceu em 15 de junho de 1946):<\/strong>&nbsp;Vocalista e guitarrista ingl\u00eas, principal voz do Slade e autor de sucessos do glam rock brit\u00e2nico. Liderou a banda durante seu auge comercial nos anos 1970.<\/p>\n\n\n\n<figure class=\"wp-block-embed is-type-video is-provider-youtube wp-block-embed-youtube wp-embed-aspect-4-3 wp-has-aspect-ratio\"><div class=\"wp-block-embed__wrapper\">\n<div  style=\"display: block; margin: 0px auto;\"  id=\"_ytid_50563\"  width=\"480\" height=\"360\"  data-origwidth=\"480\" data-origheight=\"360\" data-facadesrc=\"https:\/\/www.youtube.com\/embed\/78ezU7x3jfE?enablejsapi=1&#038;autoplay=0&#038;cc_load_policy=0&#038;cc_lang_pref=&#038;iv_load_policy=1&#038;loop=0&#038;rel=1&#038;fs=1&#038;playsinline=0&#038;autohide=2&#038;theme=dark&#038;color=red&#038;controls=1&#038;disablekb=0&#038;\" class=\"__youtube_prefs__ epyt-facade epyt-is-override  no-lazyload\" data-epautoplay=\"1\" ><img decoding=\"async\" data-spai-excluded=\"true\" class=\"epyt-facade-poster skip-lazy\" loading=\"lazy\"  alt=\"YouTube player\"  src=\"https:\/\/i.ytimg.com\/vi\/78ezU7x3jfE\/maxresdefault.jpg\"  \/><button class=\"epyt-facade-play\" aria-label=\"Play\"><svg data-no-lazy=\"1\" height=\"100%\" version=\"1.1\" viewBox=\"0 0 68 48\" width=\"100%\"><path class=\"ytp-large-play-button-bg\" d=\"M66.52,7.74c-0.78-2.93-2.49-5.41-5.42-6.19C55.79,.13,34,0,34,0S12.21,.13,6.9,1.55 C3.97,2.33,2.27,4.81,1.48,7.74C0.06,13.05,0,24,0,24s0.06,10.95,1.48,16.26c0.78,2.93,2.49,5.41,5.42,6.19 C12.21,47.87,34,48,34,48s21.79-0.13,27.1-1.55c2.93-0.78,4.64-3.26,5.42-6.19C67.94,34.95,68,24,68,24S67.94,13.05,66.52,7.74z\" fill=\"#f00\"><\/path><path d=\"M 45,24 27,14 27,34\" fill=\"#fff\"><\/path><\/svg><\/button><\/div>\n<\/div><\/figure>\n\n\n\n<p><strong>Andy Mackay (nasceu em 23 de julho de 1946):<\/strong>&nbsp;Saxofonista e tecladista ingl\u00eas, cofundador do Roxy Music, contribuiu com arranjos de sopro e texturas que marcaram o som do ic\u00f4nico grupo de art rock.<\/p>\n\n\n\n<p><strong>Don Powell (nasceu em 10 de setembro de 1946):<\/strong>&nbsp;Baterista ingl\u00eas, conhecido por seu papel no Slade, participou de praticamente todas as atividades da banda at\u00e9 2020.<\/p>\n\n\n\n<p><strong>Daryl Hall (nasceu em 11 de outubro de 1946):<\/strong>&nbsp;Cantor americano, metade da dupla Hall &amp; Oates, um dos projetos de maior sucesso das d\u00e9cadas de 1970 e 1970. Trabalhou ainda com Robert Fripp, Dusty Springfield e mais.<\/p>\n\n\n\n<p><strong>Chris Slade (nasceu em 30 de outubro de 1946):<\/strong>&nbsp;Baterista gal\u00eas, tocou em diversas bandas de rock. Notabilizou-se por integrar o AC\/DC entre 1989 e meados dos anos 1990, al\u00e9m de um breve retorno na metade da d\u00e9cada passada. Tocou ainda com David Gilmour, The Firm e mais.<\/p>\n\n\n\n<p><strong>Martin Barre (nasceu em 17 de novembro de 1946):<\/strong>&nbsp;Guitarrista ingl\u00eas, respons\u00e1vel pelo instrumento na lend\u00e1ria banda prog Jethro Tull por d\u00e9cadas. Tamb\u00e9m desenvolveu uma carreira solo.<\/p>\n\n\n\n<figure class=\"wp-block-embed is-type-video is-provider-youtube wp-block-embed-youtube wp-embed-aspect-4-3 wp-has-aspect-ratio\"><div class=\"wp-block-embed__wrapper\">\n<div  style=\"display: block; margin: 0px auto;\"  id=\"_ytid_45339\"  width=\"480\" height=\"360\"  data-origwidth=\"480\" data-origheight=\"360\" data-facadesrc=\"https:\/\/www.youtube.com\/embed\/eSUdlUmtg3Q?enablejsapi=1&#038;autoplay=0&#038;cc_load_policy=0&#038;cc_lang_pref=&#038;iv_load_policy=1&#038;loop=0&#038;rel=1&#038;fs=1&#038;playsinline=0&#038;autohide=2&#038;theme=dark&#038;color=red&#038;controls=1&#038;disablekb=0&#038;\" class=\"__youtube_prefs__ epyt-facade epyt-is-override  no-lazyload\" data-epautoplay=\"1\" ><img decoding=\"async\" data-spai-excluded=\"true\" class=\"epyt-facade-poster skip-lazy\" loading=\"lazy\"  alt=\"YouTube player\"  src=\"https:\/\/i.ytimg.com\/vi\/eSUdlUmtg3Q\/maxresdefault.jpg\"  \/><button class=\"epyt-facade-play\" aria-label=\"Play\"><svg data-no-lazy=\"1\" height=\"100%\" version=\"1.1\" viewBox=\"0 0 68 48\" width=\"100%\"><path class=\"ytp-large-play-button-bg\" d=\"M66.52,7.74c-0.78-2.93-2.49-5.41-5.42-6.19C55.79,.13,34,0,34,0S12.21,.13,6.9,1.55 C3.97,2.33,2.27,4.81,1.48,7.74C0.06,13.05,0,24,0,24s0.06,10.95,1.48,16.26c0.78,2.93,2.49,5.41,5.42,6.19 C12.21,47.87,34,48,34,48s21.79-0.13,27.1-1.55c2.93-0.78,4.64-3.26,5.42-6.19C67.94,34.95,68,24,68,24S67.94,13.05,66.52,7.74z\" fill=\"#f00\"><\/path><path d=\"M 45,24 27,14 27,34\" fill=\"#fff\"><\/path><\/svg><\/button><\/div>\n<\/div><\/figure>\n\n\n\n<p><strong>Carmine Appice (nasceu em 15 de dezembro de 1946):<\/strong>&nbsp;Baterista americano, influente no heavy metal, atuou em bandas como Vanilla Fudge e Cactus e trabalhou ainda com Ozzy Osbourne, Rod Stewart e mais.<\/p>\n\n\n\n<p><strong>Edgar Winter (nasceu em 28 de dezembro de 1946):<\/strong>&nbsp;M\u00fasico americano, multi-instrumentista, l\u00edder do Edgar Winter Group. \u00c9 irm\u00e3o do tamb\u00e9m ic\u00f4nico m\u00fasico Johnny Winter, falecido em 2014.<\/p>\n\n\n\n<p><strong>Patti Smith (nasceu em 30 de dezembro de 1946):<\/strong>&nbsp;Cantora e poetisa americana, figura central do punk e do rock alternativo, lan\u00e7ou \u00e1lbuns influentes para a m\u00fasica alternativa e tamb\u00e9m \u00e9 autora de obras liter\u00e1rias.<\/p>\n\n\n\n<figure class=\"wp-block-embed is-type-video is-provider-youtube wp-block-embed-youtube wp-embed-aspect-16-9 wp-has-aspect-ratio\"><div class=\"wp-block-embed__wrapper\">\n<div  style=\"display: block; margin: 0px auto;\"  id=\"_ytid_65666\"  width=\"480\" height=\"270\"  data-origwidth=\"480\" data-origheight=\"270\" data-facadesrc=\"https:\/\/www.youtube.com\/embed\/x_ksSEONVyc?enablejsapi=1&#038;autoplay=0&#038;cc_load_policy=0&#038;cc_lang_pref=&#038;iv_load_policy=1&#038;loop=0&#038;rel=1&#038;fs=1&#038;playsinline=0&#038;autohide=2&#038;theme=dark&#038;color=red&#038;controls=1&#038;disablekb=0&#038;\" class=\"__youtube_prefs__ epyt-facade epyt-is-override  no-lazyload\" data-epautoplay=\"1\" ><img decoding=\"async\" data-spai-excluded=\"true\" class=\"epyt-facade-poster skip-lazy\" loading=\"lazy\"  alt=\"YouTube player\"  src=\"https:\/\/i.ytimg.com\/vi\/x_ksSEONVyc\/maxresdefault.jpg\"  \/><button class=\"epyt-facade-play\" aria-label=\"Play\"><svg data-no-lazy=\"1\" height=\"100%\" version=\"1.1\" viewBox=\"0 0 68 48\" width=\"100%\"><path class=\"ytp-large-play-button-bg\" d=\"M66.52,7.74c-0.78-2.93-2.49-5.41-5.42-6.19C55.79,.13,34,0,34,0S12.21,.13,6.9,1.55 C3.97,2.33,2.27,4.81,1.48,7.74C0.06,13.05,0,24,0,24s0.06,10.95,1.48,16.26c0.78,2.93,2.49,5.41,5.42,6.19 C12.21,47.87,34,48,34,48s21.79-0.13,27.1-1.55c2.93-0.78,4.64-3.26,5.42-6.19C67.94,34.95,68,24,68,24S67.94,13.05,66.52,7.74z\" fill=\"#f00\"><\/path><path d=\"M 45,24 27,14 27,34\" fill=\"#fff\"><\/path><\/svg><\/button><\/div>\n<\/div><\/figure>\n\n\n\n<p><strong>Clive Bunker (nasceu em 30 de dezembro de 1946):<\/strong>\u00a0Baterista ingl\u00eas, primeiro a assumir o instrumento no Jethro Tull, participou dos primeiros \u00e1lbuns da banda antes de seguir em trabalhos como m\u00fasico de est\u00fadio e em outros projetos.<\/p>\n\n\n\n<p><\/p>\n\n\n\n<p><strong>TAGS:<\/strong>\u00a0<a href=\"https:\/\/rollingstone.com.br\/tags\/david-gilmour\/\">david gilmour<\/a>,\u00a0<a href=\"https:\/\/rollingstone.com.br\/tags\/donovan\/\">Donovan<\/a>,\u00a0<a href=\"https:\/\/rollingstone.com.br\/tags\/jethro-tull\/\">Jethro Tull<\/a>,\u00a0<a href=\"https:\/\/rollingstone.com.br\/tags\/john-paul-jones\/\">John Paul Jones<\/a>,\u00a0<a href=\"https:\/\/rollingstone.com.br\/tags\/king-crimson\/\">king crimson<\/a>,\u00a0<a href=\"https:\/\/rollingstone.com.br\/tags\/led-zeppelin\/\">Led Zeppelin<\/a>,\u00a0<a href=\"https:\/\/rollingstone.com.br\/tags\/patti-smith\/\">Patti Smith<\/a>,\u00a0<a href=\"https:\/\/rollingstone.com.br\/tags\/pink-floyd\/\">Pink Floyd<\/a>,\u00a0<a href=\"https:\/\/rollingstone.com.br\/tags\/robby-krieger\/\">robby krieger<\/a>,\u00a0<a href=\"https:\/\/rollingstone.com.br\/tags\/robert-fripp\/\">Robert Fripp<\/a>,\u00a0<a href=\"https:\/\/rollingstone.com.br\/tags\/slade\/\">slade<\/a>,\u00a0<a href=\"https:\/\/rollingstone.com.br\/tags\/the-doors\/\">the doors<\/a>,\u00a0<a href=\"https:\/\/rollingstone.com.br\/tags\/tony-kaye\/\">Tony Kaye<\/a>,\u00a0<a href=\"https:\/\/rollingstone.com.br\/tags\/yes\/\">yes<\/a><\/p>\n","protected":false},"excerpt":{"rendered":"<p>Levantamento inclui \u00edcones do g\u00eanero como John Paul Jones (Led Zeppelin), David Gilmour (Pink Floyd), Patti Smith e Robby Krieger (The Doors), entre outros Diversos m\u00fasicos nascidos na d\u00e9cada de 1940 ajudaram a moldar o rock nos anos 1960 e 1970, \u00e9pocas consideradas triviais para o desenvolvimento do g\u00eanero. Aqueles que vieram ao mundo especificamente [&hellip;]<\/p>\n","protected":false},"author":5,"featured_media":168869,"comment_status":"closed","ping_status":"open","sticky":false,"template":"","format":"standard","meta":{"advgb_blocks_editor_width":"","advgb_blocks_columns_visual_guide":"","_exactmetrics_skip_tracking":false,"_exactmetrics_sitenote_active":false,"_exactmetrics_sitenote_note":"","_exactmetrics_sitenote_category":0,"footnotes":""},"categories":[7,2],"tags":[],"class_list":["post-168866","post","type-post","status-publish","format-standard","has-post-thumbnail","hentry","category-destaques","category-noticias"],"better_featured_image":{"id":168869,"alt_text":"","caption":"","description":"","media_type":"image","media_details":{"width":1920,"height":1080,"file":"2026\/01\/david-gilmour-pink-floyd-2024-foto-francesco-prandoni-getty-images-2175031356.jpg","filesize":216616,"sizes":{"medium":{"file":"david-gilmour-pink-floyd-2024-foto-francesco-prandoni-getty-images-2175031356-470x264.jpg","width":470,"height":264,"mime-type":"image\/jpeg","filesize":23867,"source_url":"https:\/\/lavras.tv\/site\/wp-content\/uploads\/2026\/01\/david-gilmour-pink-floyd-2024-foto-francesco-prandoni-getty-images-2175031356-470x264.jpg"},"large":{"file":"david-gilmour-pink-floyd-2024-foto-francesco-prandoni-getty-images-2175031356-970x546.jpg","width":970,"height":546,"mime-type":"image\/jpeg","filesize":67180,"source_url":"https:\/\/lavras.tv\/site\/wp-content\/uploads\/2026\/01\/david-gilmour-pink-floyd-2024-foto-francesco-prandoni-getty-images-2175031356-970x546.jpg"},"thumbnail":{"file":"david-gilmour-pink-floyd-2024-foto-francesco-prandoni-getty-images-2175031356-170x96.jpg","width":170,"height":96,"mime-type":"image\/jpeg","filesize":8098,"source_url":"https:\/\/lavras.tv\/site\/wp-content\/uploads\/2026\/01\/david-gilmour-pink-floyd-2024-foto-francesco-prandoni-getty-images-2175031356-170x96.jpg"},"1536x1536":{"file":"david-gilmour-pink-floyd-2024-foto-francesco-prandoni-getty-images-2175031356-1536x864.jpg","width":1536,"height":864,"mime-type":"image\/jpeg","filesize":139767,"source_url":"https:\/\/lavras.tv\/site\/wp-content\/uploads\/2026\/01\/david-gilmour-pink-floyd-2024-foto-francesco-prandoni-getty-images-2175031356-1536x864.jpg"},"alm-thumbnail":{"file":"david-gilmour-pink-floyd-2024-foto-francesco-prandoni-getty-images-2175031356-150x150.jpg","width":150,"height":150,"mime-type":"image\/jpeg","filesize":10038,"source_url":"https:\/\/lavras.tv\/site\/wp-content\/uploads\/2026\/01\/david-gilmour-pink-floyd-2024-foto-francesco-prandoni-getty-images-2175031356-150x150.jpg"},"sow-carousel-default":{"file":"david-gilmour-pink-floyd-2024-foto-francesco-prandoni-getty-images-2175031356-272x182.jpg","width":272,"height":182,"mime-type":"image\/jpeg","filesize":14307,"source_url":"https:\/\/lavras.tv\/site\/wp-content\/uploads\/2026\/01\/david-gilmour-pink-floyd-2024-foto-francesco-prandoni-getty-images-2175031356-272x182.jpg"}},"image_meta":{"aperture":"0","credit":"","camera":"","caption":"","created_timestamp":"0","copyright":"","focal_length":"0","iso":"0","shutter_speed":"0","title":"","orientation":"1","keywords":[]}},"post":168866,"source_url":"https:\/\/lavras.tv\/site\/wp-content\/uploads\/2026\/01\/david-gilmour-pink-floyd-2024-foto-francesco-prandoni-getty-images-2175031356.jpg"},"author_meta":{"display_name":"Vinicius Bustamante","author_link":"https:\/\/lavras.tv\/site\/author\/vinicius-bustamante\/"},"featured_img":"https:\/\/lavras.tv\/site\/wp-content\/uploads\/2026\/01\/david-gilmour-pink-floyd-2024-foto-francesco-prandoni-getty-images-2175031356-470x264.jpg","coauthors":[],"tax_additional":{"categories":{"linked":["<a href=\"https:\/\/lavras.tv\/site\/category\/destaques\/\" class=\"advgb-post-tax-term\">Destaques<\/a>","<a href=\"https:\/\/lavras.tv\/site\/category\/noticias\/\" class=\"advgb-post-tax-term\">Not\u00edcias<\/a>"],"unlinked":["<span class=\"advgb-post-tax-term\">Destaques<\/span>","<span class=\"advgb-post-tax-term\">Not\u00edcias<\/span>"]}},"comment_count":"0","relative_dates":{"created":"Publicado 4 meses atr\u00e1s","modified":"Atualizado 4 meses atr\u00e1s"},"absolute_dates":{"created":"Publicado em 13 de janeiro de 2026","modified":"Atualizado em 13 de janeiro de 2026"},"absolute_dates_time":{"created":"Publicado em 13 de janeiro de 2026 16:47","modified":"Atualizado em 13 de janeiro de 2026 16:47"},"featured_img_caption":"","series_order":"","_links":{"self":[{"href":"https:\/\/lavras.tv\/site\/wp-json\/wp\/v2\/posts\/168866","targetHints":{"allow":["GET"]}}],"collection":[{"href":"https:\/\/lavras.tv\/site\/wp-json\/wp\/v2\/posts"}],"about":[{"href":"https:\/\/lavras.tv\/site\/wp-json\/wp\/v2\/types\/post"}],"author":[{"embeddable":true,"href":"https:\/\/lavras.tv\/site\/wp-json\/wp\/v2\/users\/5"}],"replies":[{"embeddable":true,"href":"https:\/\/lavras.tv\/site\/wp-json\/wp\/v2\/comments?post=168866"}],"version-history":[{"count":1,"href":"https:\/\/lavras.tv\/site\/wp-json\/wp\/v2\/posts\/168866\/revisions"}],"predecessor-version":[{"id":168871,"href":"https:\/\/lavras.tv\/site\/wp-json\/wp\/v2\/posts\/168866\/revisions\/168871"}],"wp:featuredmedia":[{"embeddable":true,"href":"https:\/\/lavras.tv\/site\/wp-json\/wp\/v2\/media\/168869"}],"wp:attachment":[{"href":"https:\/\/lavras.tv\/site\/wp-json\/wp\/v2\/media?parent=168866"}],"wp:term":[{"taxonomy":"category","embeddable":true,"href":"https:\/\/lavras.tv\/site\/wp-json\/wp\/v2\/categories?post=168866"},{"taxonomy":"post_tag","embeddable":true,"href":"https:\/\/lavras.tv\/site\/wp-json\/wp\/v2\/tags?post=168866"}],"curies":[{"name":"wp","href":"https:\/\/api.w.org\/{rel}","templated":true}]}}