{"id":168916,"date":"2026-01-14T10:40:20","date_gmt":"2026-01-14T13:40:20","guid":{"rendered":"https:\/\/lavras.tv\/site\/?p=168916"},"modified":"2026-01-14T10:40:21","modified_gmt":"2026-01-14T13:40:21","slug":"sistema-fecomercio-mg-abre-mais-de-300-vagas-para-cursos-gratuitos-e-tecnicos-em-lavras","status":"publish","type":"post","link":"https:\/\/lavras.tv\/site\/2026\/01\/14\/sistema-fecomercio-mg-abre-mais-de-300-vagas-para-cursos-gratuitos-e-tecnicos-em-lavras\/","title":{"rendered":"Sistema Fecom\u00e9rcio MG abre mais de 300 vagas para cursos gratuitos e t\u00e9cnicos em Lavras"},"content":{"rendered":"<div class=\"lavra-antes-do-conteudo_2\" id=\"lavra-493745855\"><div id=\"lavra-slider-27\" class=\"custom-slider lavra-slider-2578542555 lavra-slider\"><ul><li><div style=\"margin-left: auto;margin-right: auto;text-align: center;\" id=\"lavra-661072582\"><a href=\"https:\/\/sistemas.lavras.mg.gov.br\/portalcidadao\/#df1b1a7c7b2a290bcb31e32771e610784662739a88807c0dacac58ede5f391a7530e299dc302d611ee73cb143fc22eaf93592e53e7b5bdb01b00a0b8d28dae460c141dd2ff83412e4dc1c31b16b25f33144a9e5620ea73b13f5bc1c59411d98439ad226e8af03840603796067d87afe130812cf3de24982d0e306f9e61e764e5\" aria-label=\"Lavras-TV&#8211;720x104px (1) (1)\"><img src=\"https:\/\/lavras.tv\/site\/wp-content\/uploads\/2025\/01\/Lavras-TV-720x104px-1-1.png\" alt=\"\"  srcset=\"https:\/\/lavras.tv\/site\/wp-content\/uploads\/2025\/01\/Lavras-TV-720x104px-1-1.png 720w, https:\/\/lavras.tv\/site\/wp-content\/uploads\/2025\/01\/Lavras-TV-720x104px-1-1-470x68.png 470w, https:\/\/lavras.tv\/site\/wp-content\/uploads\/2025\/01\/Lavras-TV-720x104px-1-1-170x25.png 170w, https:\/\/lavras.tv\/site\/wp-content\/uploads\/2025\/01\/Lavras-TV-720x104px-1-1-200x29.png 200w\" sizes=\"(max-width: 720px) 100vw, 720px\" width=\"720\" height=\"104\"  style=\"display: inline-block;\" \/><\/a><\/div><\/li><li><a href=\"https:\/\/sistemas.lavras.mg.gov.br\/portalcidadao\/#df1b1a7c7b2a290bcb31e32771e610784662739a88807c0dacac58ede5f391a7530e299dc302d611ee73cb143fc22eaf93592e53e7b5bdb01b00a0b8d28dae460c141dd2ff83412e4dc1c31b16b25f33144a9e5620ea73b13f5bc1c59411d98439ad226e8af03840603796067d87afe130812cf3de24982d0e306f9e61e764e5\" aria-label=\"Banner_Emprego_PortallavrasTV\"><img src=\"https:\/\/lavras.tv\/site\/wp-content\/uploads\/2025\/03\/Banner_Emprego_PortallavrasTV.png\" alt=\"\"  srcset=\"https:\/\/lavras.tv\/site\/wp-content\/uploads\/2025\/03\/Banner_Emprego_PortallavrasTV.png 720w, https:\/\/lavras.tv\/site\/wp-content\/uploads\/2025\/03\/Banner_Emprego_PortallavrasTV-470x68.png 470w, https:\/\/lavras.tv\/site\/wp-content\/uploads\/2025\/03\/Banner_Emprego_PortallavrasTV-170x25.png 170w, https:\/\/lavras.tv\/site\/wp-content\/uploads\/2025\/03\/Banner_Emprego_PortallavrasTV-200x29.png 200w\" sizes=\"(max-width: 720px) 100vw, 720px\" width=\"720\" height=\"104\"   \/><\/a><\/li><li><a href=\"https:\/\/sistemas.lavras.mg.gov.br\/portalcidadao\/#df1b1a7c7b2a290bcb31e32771e610784662739a88807c0dacac58ede5f391a7530e299dc302d611ee73cb143fc22eaf93592e53e7b5bdb01b00a0b8d28dae460c141dd2ff83412e4dc1c31b16b25f33144a9e5620ea73b13f5bc1c59411d98439ad226e8af03840603796067d87afe130812cf3de24982d0e306f9e61e764e5\" aria-label=\"Banner_Obras_PortallavrasTV\"><img src=\"https:\/\/lavras.tv\/site\/wp-content\/uploads\/2025\/03\/Banner_Obras_PortallavrasTV.png\" alt=\"\"  srcset=\"https:\/\/lavras.tv\/site\/wp-content\/uploads\/2025\/03\/Banner_Obras_PortallavrasTV.png 720w, https:\/\/lavras.tv\/site\/wp-content\/uploads\/2025\/03\/Banner_Obras_PortallavrasTV-470x68.png 470w, https:\/\/lavras.tv\/site\/wp-content\/uploads\/2025\/03\/Banner_Obras_PortallavrasTV-170x25.png 170w, https:\/\/lavras.tv\/site\/wp-content\/uploads\/2025\/03\/Banner_Obras_PortallavrasTV-200x29.png 200w\" sizes=\"(max-width: 720px) 100vw, 720px\" width=\"720\" height=\"104\"   \/><\/a><\/li><li><div style=\"margin-left: auto;margin-right: auto;text-align: center;\" id=\"lavra-2527256496\"><a href=\"https:\/\/sistemas.lavras.mg.gov.br\/portalcidadao\/#df1b1a7c7b2a290bcb31e32771e610784662739a88807c0dacac58ede5f391a7530e299dc302d611ee73cb143fc22eaf93592e53e7b5bdb01b00a0b8d28dae460c141dd2ff83412e4dc1c31b16b25f33144a9e5620ea73b13f5bc1c59411d98439ad226e8af03840603796067d87afe130812cf3de24982d0e306f9e61e764e5\" aria-label=\"Banner_Educa\u00e7\u00e3o_PortallavrasTV\"><img src=\"https:\/\/lavras.tv\/site\/wp-content\/uploads\/2025\/01\/Banner_Educacao_PortallavrasTV.png\" alt=\"\"  srcset=\"https:\/\/lavras.tv\/site\/wp-content\/uploads\/2025\/01\/Banner_Educacao_PortallavrasTV.png 720w, https:\/\/lavras.tv\/site\/wp-content\/uploads\/2025\/01\/Banner_Educacao_PortallavrasTV-470x68.png 470w, https:\/\/lavras.tv\/site\/wp-content\/uploads\/2025\/01\/Banner_Educacao_PortallavrasTV-170x25.png 170w, https:\/\/lavras.tv\/site\/wp-content\/uploads\/2025\/01\/Banner_Educacao_PortallavrasTV-200x29.png 200w\" sizes=\"(max-width: 720px) 100vw, 720px\" width=\"720\" height=\"104\"  style=\"display: inline-block;\" \/><\/a><\/div><\/li><li><a href=\"https:\/\/sistemas.lavras.mg.gov.br\/portalcidadao\/#df1b1a7c7b2a290bcb31e32771e610784662739a88807c0dacac58ede5f391a7530e299dc302d611ee73cb143fc22eaf93592e53e7b5bdb01b00a0b8d28dae460c141dd2ff83412e4dc1c31b16b25f33144a9e5620ea73b13f5bc1c59411d98439ad226e8af03840603796067d87afe130812cf3de24982d0e306f9e61e764e5\" aria-label=\"Banner_Sa\u00fade_PortallavrasTV\"><img src=\"https:\/\/lavras.tv\/site\/wp-content\/uploads\/2025\/03\/Banner_Saude_PortallavrasTV.png\" alt=\"\"  srcset=\"https:\/\/lavras.tv\/site\/wp-content\/uploads\/2025\/03\/Banner_Saude_PortallavrasTV.png 720w, https:\/\/lavras.tv\/site\/wp-content\/uploads\/2025\/03\/Banner_Saude_PortallavrasTV-470x68.png 470w, https:\/\/lavras.tv\/site\/wp-content\/uploads\/2025\/03\/Banner_Saude_PortallavrasTV-170x25.png 170w, https:\/\/lavras.tv\/site\/wp-content\/uploads\/2025\/03\/Banner_Saude_PortallavrasTV-200x29.png 200w\" sizes=\"(max-width: 720px) 100vw, 720px\" width=\"720\" height=\"104\"   \/><\/a><\/li><li><div id=\"lavra-33362497\" style=\"width:720px;height:104px;background-color:#ddd;overflow:scroll;\">\n\t<strong>Sa\u00edda da depura\u00e7\u00e3o de an\u00fancios<\/strong>\n\t<br><br>\n\tO an\u00fancio n\u00e3o \u00e9 exibido na p\u00e1gina<br><br>post atual: Sistema Fecom\u00e9rcio MG abre mais de 300 vagas para cursos gratuitos e t\u00e9cnicos em Lavras, ID: 168916<br><br><span style=\"color: red;\">O post atual n\u00e3o \u00e9 id\u00eantico ao post principal.<\/span><br><br>An\u00fancios: ROXO - TOPO INTERNA - ROTATIVO 2 (197)<br \/>Grupo de an\u00fancios: Princ_Meio01_720x104 (27)<br><br>Condi\u00e7\u00f5es de exibi\u00e7\u00e3o<div style=\"margin-bottom: 20px; white-space: pre-wrap; font-family: monospace; width: 100%; background: #ffe9e9;\"><strong>condi\u00e7\u00f5es gerais<\/strong><table border=\"1\"><thead><tr><th><\/th><th>An\u00fancios<\/th><th>wp_the_query<\/th><\/tr><\/thead><tr><td>is_main_query<\/td><td>1<\/td><td>1<\/td><\/tr><tr><td>is_rest_api<\/td><td>0<\/td><td>1<\/td><\/tr><tr><td>page<\/td><td>0<\/td><td>1<\/td><\/tr><tr><td>numpages<\/td><td>0<\/td><td>1<\/td><\/tr><tr><td>is_archive<\/td><td>1<\/td><td><\/td><\/tr><tr><td>is_search<\/td><td>1<\/td><td><\/td><\/tr><tr><td>is_home<\/td><td>1<\/td><td><\/td><\/tr><tr><td>is_404<\/td><td>1<\/td><td><\/td><\/tr><tr><td>is_attachment<\/td><td>1<\/td><td><\/td><\/tr><tr><td>is_singular<\/td><td>1<\/td><td><\/td><\/tr><tr><td>is_front_page<\/td><td>1<\/td><td><\/td><\/tr><tr><td>is_feed<\/td><td>1<\/td><td><\/td><\/tr><\/table><\/div><br><br><span style=\"color: red;\">Seu site usa HTTPS, mas o c\u00f3digo do an\u00fancio cont\u00e9m HTTP e pode n\u00e3o funcionar.<\/span>\t<br><br>\n\t<a style=\"color: green;\" href=\"https:\/\/wpadvancedads.com\/manual\/ad-debug-mode\/?utm_source=advanced-ads&utm_medium=link&utm_campaign=ad-debug-mode\" target=\"_blank\" rel=\"nofollow\">Encontre solu\u00e7\u00f5es no manual<\/a>\n<\/div>\n<\/li><\/ul><\/div><script>( window.advanced_ads_ready || jQuery( document ).ready ).call( null, function() {var $lavraslider2578542555 = jQuery( \".lavra-slider-2578542555\" );$lavraslider2578542555.on( \"unslider.ready\", function() { jQuery( \"div.custom-slider ul li\" ).css( \"display\", \"block\" ); });$lavraslider2578542555.unslider({ delay:4000, autoplay:true, nav:false, arrows:false, infinite:true });$lavraslider2578542555.on(\"mouseover\", function() {$lavraslider2578542555.unslider(\"stop\");}).on(\"mouseout\", function() {$lavraslider2578542555.unslider(\"start\");});});<\/script><\/div>\n<p><em>Inscri\u00e7\u00f5es j\u00e1 est\u00e3o abertas e podem ser feitas presencialmente no Senac<\/em><\/p>\n\n\n\n<figure class=\"wp-block-image size-large\"><img fetchpriority=\"high\" decoding=\"async\" width=\"970\" height=\"647\" src=\"https:\/\/lavras.tv\/site\/wp-content\/uploads\/2026\/01\/Senac-Enfermagem-Genilton-Elias-970x647.jpg\" alt=\"\" class=\"wp-image-168917\" srcset=\"https:\/\/lavras.tv\/site\/wp-content\/uploads\/2026\/01\/Senac-Enfermagem-Genilton-Elias-970x647.jpg 970w, https:\/\/lavras.tv\/site\/wp-content\/uploads\/2026\/01\/Senac-Enfermagem-Genilton-Elias-450x300.jpg 450w, https:\/\/lavras.tv\/site\/wp-content\/uploads\/2026\/01\/Senac-Enfermagem-Genilton-Elias-170x113.jpg 170w, https:\/\/lavras.tv\/site\/wp-content\/uploads\/2026\/01\/Senac-Enfermagem-Genilton-Elias-1536x1024.jpg 1536w, https:\/\/lavras.tv\/site\/wp-content\/uploads\/2026\/01\/Senac-Enfermagem-Genilton-Elias-272x182.jpg 272w, https:\/\/lavras.tv\/site\/wp-content\/uploads\/2026\/01\/Senac-Enfermagem-Genilton-Elias.jpg 1920w\" sizes=\"(max-width: 970px) 100vw, 970px\" \/><figcaption class=\"wp-element-caption\">Senac Lanc Seletiva Competic\u0327oes<\/figcaption><\/figure>\n\n\n\n<p>O&nbsp;<a href=\"https:\/\/mg.senac.br\/w\/lavras\" target=\"_blank\" rel=\"noreferrer noopener\"><strong>Senac em Lavras<\/strong><\/a>, que faz parte do Sistema Fecom\u00e9rcio MG, est\u00e1 com inscri\u00e7\u00f5es abertas para uma ampla programa\u00e7\u00e3o de cursos gratuitos de qualifica\u00e7\u00e3o e forma\u00e7\u00f5es t\u00e9cnicas, com in\u00edcio entre&nbsp;<strong>janeiro e fevereiro de 2026<\/strong>. Ao todo,&nbsp;<strong>s\u00e3o 329 vagas<\/strong>&nbsp;e as oportunidades abrangem \u00e1reas como&nbsp;<strong>Beleza, Sa\u00fade, Tecnologia, Gastronomia e Gest\u00e3o<\/strong>, al\u00e9m de aulas voltadas ao p\u00fablico 50+ que deseja desenvolver compet\u00eancias digitais.<\/p>\n\n\n\n<p>A iniciativa busca atender diferentes perfis, desde quem pretende iniciar uma nova trajet\u00f3ria profissional, atualizar conhecimentos ou refor\u00e7ar habilidades demandadas pelo mercado de trabalho na regi\u00e3o. Entre os destaques, h\u00e1 op\u00e7\u00f5es de curta dura\u00e7\u00e3o, com foco pr\u00e1tico e certifica\u00e7\u00e3o, e t\u00e9cnicos com carga hor\u00e1ria estendida at\u00e9&nbsp;<strong>outubro de 2027<\/strong>.<\/p>\n\n\n\n<p>Com turmas oferecidas por meio do&nbsp;<a href=\"https:\/\/mg.senac.br\/web\/guest\/psg\" target=\"_blank\" rel=\"noreferrer noopener\">Programa Senac de Gratuidade (PSG)<\/a>&nbsp;e do&nbsp;<a href=\"https:\/\/mg.senac.br\/web\/guest\/senac-mais\" target=\"_blank\" rel=\"noreferrer noopener\">Senac+<\/a>&nbsp;e distribu\u00eddas em diferentes turnos, a programa\u00e7\u00e3o pode atender tanto quem trabalha em hor\u00e1rio comercial quanto quem prefere estudar \u00e0 noite ou \u00e0 tarde.<\/p>\n\n\n\n<p>Confira as turmas dispon\u00edveis e as datas das aulas:<\/p>\n\n\n\n<p><strong>Cursos \u00c1geis (curta e m\u00e9dia dura\u00e7\u00e3o)<\/strong><\/p>\n\n\n\n<p>\u00b7&nbsp;&nbsp;&nbsp;&nbsp;&nbsp;&nbsp;&nbsp;&nbsp;<strong>T\u00e9cnicas de Aplica\u00e7\u00e3o de Inje\u00e7\u00e3o e Dilui\u00e7\u00e3o de Medicamentos<\/strong>: de 19\/01\/2026 a 29\/01\/2026 \u2013 das 08h \u00e0s 12h<\/p>\n\n\n\n<p>\u00b7&nbsp;&nbsp;&nbsp;&nbsp;&nbsp;&nbsp;&nbsp;&nbsp;<strong>Primeiros Socorros para Profissionais do Turismo<\/strong>: de 19\/01\/2026 a 22\/01\/2026 \u2013 das 13h30 \u00e0s 17h30<\/p>\n\n\n\n<p>\u00b7&nbsp;&nbsp;&nbsp;&nbsp;&nbsp;&nbsp;&nbsp;&nbsp;<strong>Inform\u00e1tica B\u00e1sica com Internet para a Maturidade<\/strong>: de 19\/01\/2026 a 14\/04\/2026 \u2013 das 19h \u00e0s 22h<\/p>\n\n\n\n<p>\u00b7&nbsp;&nbsp;&nbsp;&nbsp;&nbsp;&nbsp;&nbsp;&nbsp;<strong>Primeiros Passos na Culin\u00e1ria<\/strong>: de 02\/02\/2026 a 10\/02\/2026 \u2013 das 18h30 \u00e0s 21h30<\/p>\n\n\n\n<p>\u00b7&nbsp;&nbsp;&nbsp;&nbsp;&nbsp;&nbsp;&nbsp;&nbsp;<strong>Culin\u00e1ria Cl\u00e1ssica Mineira<\/strong>: de 02\/02\/2026 a 03\/03\/2026 \u2013 das 13h30 \u00e0s 16h30<\/p>\n\n\n\n<p>\u00b7&nbsp;&nbsp;&nbsp;&nbsp;&nbsp;&nbsp;&nbsp;&nbsp;<strong>Designer de Sobrancelhas<\/strong>: de 02\/02\/2026 a 13\/02\/2026 \u2013 das 08h \u00e0s 12h<\/p>\n\n\n\n<p>\u00b7&nbsp;&nbsp;&nbsp;&nbsp;&nbsp;&nbsp;&nbsp;&nbsp;<strong>Empreenda+: Transformando Ideias em Neg\u00f3cios<\/strong>: de 02\/02\/2026 a 10\/02\/2026 \u2013 das 18h30 \u00e0s 21h30<\/p>\n\n\n\n<p>\u00b7&nbsp;&nbsp;&nbsp;&nbsp;&nbsp;&nbsp;&nbsp;&nbsp;<strong>Finan\u00e7as Pessoais<\/strong>: de 23\/02\/2026 a 03\/03\/2026 \u2013 das 18h30 \u00e0s 21h30<\/p>\n\n\n\n<p>\u00b7&nbsp;&nbsp;&nbsp;&nbsp;&nbsp;&nbsp;&nbsp;&nbsp;<strong>Inform\u00e1tica B\u00e1sica \u2013 Sistemas Operacionais e MS Office<\/strong>: de 23\/02\/2026 a 19\/03\/2026 \u2013 das 08h \u00e0s 12h<\/p>\n\n\n\n<p>\u00b7&nbsp;&nbsp;&nbsp;&nbsp;&nbsp;&nbsp;&nbsp;&nbsp;<strong>T\u00e9cnicas de Manicure e Pedicure<\/strong>: de 23\/02\/2026 a 09\/03\/2026 \u2013 das 08h \u00e0s 12h<\/p>\n\n\n\n<p><strong>Cursos T\u00e9cnicos (longa dura\u00e7\u00e3o)<\/strong><\/p>\n\n\n\n<p>\u00b7&nbsp;&nbsp;&nbsp;&nbsp;&nbsp;&nbsp;&nbsp;&nbsp;<strong>T\u00e9cnico em Est\u00e9tica<\/strong>: Matr\u00edculas a partir de 14\/01; aulas de 02\/02\/2026 a 27\/10\/2027 \u2013 das 19h \u00e0s 22h<br>\u00b7&nbsp;&nbsp;&nbsp;&nbsp;&nbsp;&nbsp;&nbsp;&nbsp;<strong>T\u00e9cnico em Enfermagem<\/strong>:Matr\u00edculas a partir de 14\/01; aulas de02\/02\/2026 a 27\/10\/2027 \u2013 das 13h30 \u00e0s 17h30<br>\u00b7&nbsp;&nbsp;&nbsp;&nbsp;&nbsp;&nbsp;&nbsp;&nbsp;<strong>T\u00e9cnico em Desenvolvimento de Sistemas<\/strong>:Matr\u00edculas a partir de 15\/01; aulas de 02\/02\/2026 a 27\/10\/2027 \u2013 das 19h \u00e0s 22h<\/p>\n\n\n\n<p><strong>Como se inscrever nos cursos do Senac<\/strong><\/p>\n\n\n\n<p>As inscri\u00e7\u00f5es devem ser feitas presencialmente na unidade do Senac em Lavras, localizada na&nbsp;<strong>Avenida Comandante Soares Jr, 68, bairro Arthur Bernardes<\/strong>. Para efetuar a matr\u00edcula, \u00e9 necess\u00e1rio apresentar documento com foto, CPF, comprovante de escolaridade e de resid\u00eancia. Menores de idade devem estar acompanhados por seus respons\u00e1veis legais.<\/p>\n\n\n\n<p>Mais informa\u00e7\u00f5es pelo Whatsapp (estadual):&nbsp;<a href=\"https:\/\/api.whatsapp.com\/send?phone=553130578600&amp;text=Ol%C3%A1!%20vi%20esse%20an%C3%BAncio%20nas%20redes%20sociais.\" target=\"_blank\" rel=\"noreferrer noopener\">(31) 3057-8600<\/a>.<\/p>\n\n\n\n<p><strong><u>Servi\u00e7o \u2013 Cursos gratuitos do Senac em Lavras<\/u><\/strong><\/p>\n\n\n\n<p><strong>Endere\u00e7o:<\/strong>&nbsp;Senac Lavras \u2013 Avenida Comandante Soares Jr, 68, bairro Arthur Bernardes<\/p>\n\n\n\n<p><strong>Informa\u00e7\u00f5es:<\/strong>&nbsp;WhatsApp&nbsp;<a href=\"https:\/\/api.whatsapp.com\/send?phone=553130578600&amp;text=Ol%C3%A1!%20Gostaria%20de%20mais%20informa%C3%A7%C3%B5es.https:\/\/api.whatsapp.com\/send?phone=553130578600&amp;text=Ol%C3%A1!%20Gostaria%20de%20mais%20informa%C3%A7%C3%B5es.\" target=\"_blank\" rel=\"noreferrer noopener\">(31) 3057-8600<\/a><\/p>\n\n\n\n<p><strong>Sobre a Fecom\u00e9rcio MG e o Senac em Lavras&nbsp;<\/strong>&nbsp;<\/p>\n\n\n\n<p>A Federa\u00e7\u00e3o do Com\u00e9rcio de Bens, Servi\u00e7os e Turismo de Minas Gerais (Fecom\u00e9rcio MG) \u00e9 a principal entidade representativa do setor do com\u00e9rcio de bens, servi\u00e7os e turismo no estado, abrangendo mais de 750 mil empresas e 54 sindicatos. Sob a presid\u00eancia de Nadim Elias Donato Filho, a Fecom\u00e9rcio MG atua como porta-voz das demandas do empresariado, buscando solu\u00e7\u00f5es atrav\u00e9s do di\u00e1logo com o governo e a sociedade, h\u00e1 87 anos. Outra importante atribui\u00e7\u00e3o da entidade \u00e9 a administra\u00e7\u00e3o do Servi\u00e7o Social do Com\u00e9rcio (Sesc) e do Servi\u00e7o Nacional de Aprendizagem Comercial (Senac) em Minas Gerais. A atua\u00e7\u00e3o integrada das tr\u00eas casas fortalece a promo\u00e7\u00e3o de servi\u00e7os que beneficiam comerci\u00e1rios(as), empres\u00e1rios(as) e a comunidade em geral, a partir de suas diversas unidades distribu\u00eddas pelo estado.<\/p>\n\n\n\n<p>\u202fO&nbsp;<strong>Senac em Lavras<\/strong>&nbsp;\u00e9 refer\u00eancia em ensino e qualifica\u00e7\u00e3o profissional na regi\u00e3o e possui um amplo portf\u00f3lio de cursos t\u00e9cnicos, \u00e1geis, Aprendizagem Comercial e MBA, al\u00e9m de ser polo de Educa\u00e7\u00e3o a Dist\u00e2ncia (EAD). Presente na regi\u00e3o desde 2015, a unidade tem atua\u00e7\u00e3o pr\u00f3xima com a comunidade, com uma programa\u00e7\u00e3o frequente de workshops e palestras.<\/p>\n\n\n\n<p>A Fecom\u00e9rcio MG tamb\u00e9m trabalha em estreita colabora\u00e7\u00e3o com a Confedera\u00e7\u00e3o Nacional do Com\u00e9rcio (CNC), presidida por Jos\u00e9 Roberto Tadros, para defender os interesses do setor nos \u00e2mbitos municipal, estadual e federal. Com 87 anos de atua\u00e7\u00e3o, a Fecom\u00e9rcio MG \u00e9 fundamental para transformar a vida de cidad\u00e3os e cidad\u00e3s e impulsionar a economia mineira.<\/p>\n","protected":false},"excerpt":{"rendered":"<p>Inscri\u00e7\u00f5es j\u00e1 est\u00e3o abertas e podem ser feitas presencialmente no Senac O&nbsp;Senac em Lavras, que faz parte do Sistema Fecom\u00e9rcio MG, est\u00e1 com inscri\u00e7\u00f5es abertas para uma ampla programa\u00e7\u00e3o de cursos gratuitos de qualifica\u00e7\u00e3o e forma\u00e7\u00f5es t\u00e9cnicas, com in\u00edcio entre&nbsp;janeiro e fevereiro de 2026. Ao todo,&nbsp;s\u00e3o 329 vagas&nbsp;e as oportunidades abrangem \u00e1reas como&nbsp;Beleza, Sa\u00fade, Tecnologia, [&hellip;]<\/p>\n","protected":false},"author":5,"featured_media":168917,"comment_status":"closed","ping_status":"open","sticky":false,"template":"","format":"standard","meta":{"advgb_blocks_editor_width":"","advgb_blocks_columns_visual_guide":"","_exactmetrics_skip_tracking":false,"_exactmetrics_sitenote_active":false,"_exactmetrics_sitenote_note":"","_exactmetrics_sitenote_category":0,"footnotes":""},"categories":[7,2],"tags":[],"class_list":["post-168916","post","type-post","status-publish","format-standard","has-post-thumbnail","hentry","category-destaques","category-noticias"],"better_featured_image":{"id":168917,"alt_text":"","caption":"Senac Lanc Seletiva Competic\u0327oes","description":"","media_type":"image","media_details":{"width":1920,"height":1280,"file":"2026\/01\/Senac-Enfermagem-Genilton-Elias.jpg","filesize":435646,"sizes":{"medium":{"file":"Senac-Enfermagem-Genilton-Elias-450x300.jpg","width":450,"height":300,"mime-type":"image\/jpeg","filesize":39970,"source_url":"https:\/\/lavras.tv\/site\/wp-content\/uploads\/2026\/01\/Senac-Enfermagem-Genilton-Elias-450x300.jpg"},"large":{"file":"Senac-Enfermagem-Genilton-Elias-970x647.jpg","width":970,"height":647,"mime-type":"image\/jpeg","filesize":81495,"source_url":"https:\/\/lavras.tv\/site\/wp-content\/uploads\/2026\/01\/Senac-Enfermagem-Genilton-Elias-970x647.jpg"},"thumbnail":{"file":"Senac-Enfermagem-Genilton-Elias-170x113.jpg","width":170,"height":113,"mime-type":"image\/jpeg","filesize":25561,"source_url":"https:\/\/lavras.tv\/site\/wp-content\/uploads\/2026\/01\/Senac-Enfermagem-Genilton-Elias-170x113.jpg"},"1536x1536":{"file":"Senac-Enfermagem-Genilton-Elias-1536x1024.jpg","width":1536,"height":1024,"mime-type":"image\/jpeg","filesize":144423,"source_url":"https:\/\/lavras.tv\/site\/wp-content\/uploads\/2026\/01\/Senac-Enfermagem-Genilton-Elias-1536x1024.jpg"},"alm-thumbnail":{"file":"Senac-Enfermagem-Genilton-Elias-150x150.jpg","width":150,"height":150,"mime-type":"image\/jpeg","filesize":25526,"source_url":"https:\/\/lavras.tv\/site\/wp-content\/uploads\/2026\/01\/Senac-Enfermagem-Genilton-Elias-150x150.jpg"},"sow-carousel-default":{"file":"Senac-Enfermagem-Genilton-Elias-272x182.jpg","width":272,"height":182,"mime-type":"image\/jpeg","filesize":29807,"source_url":"https:\/\/lavras.tv\/site\/wp-content\/uploads\/2026\/01\/Senac-Enfermagem-Genilton-Elias-272x182.jpg"}},"image_meta":{"aperture":"6.3","credit":"Genilton Elias","camera":"Canon EOS 6D Mark II","caption":"Senac Lanc Seletiva Competic\u0327oes","created_timestamp":"1742986741","copyright":"www.fotografico.com.br\r@fotograficobh_geniltonelias","focal_length":"33","iso":"800","shutter_speed":"0.008","title":"Senac Lanc Seletiva Competic\u0327oes","orientation":"1","keywords":[]}},"post":168916,"source_url":"https:\/\/lavras.tv\/site\/wp-content\/uploads\/2026\/01\/Senac-Enfermagem-Genilton-Elias.jpg"},"author_meta":{"display_name":"Vinicius Bustamante","author_link":"https:\/\/lavras.tv\/site\/author\/vinicius-bustamante\/"},"featured_img":"https:\/\/lavras.tv\/site\/wp-content\/uploads\/2026\/01\/Senac-Enfermagem-Genilton-Elias-450x300.jpg","coauthors":[],"tax_additional":{"categories":{"linked":["<a href=\"https:\/\/lavras.tv\/site\/category\/destaques\/\" class=\"advgb-post-tax-term\">Destaques<\/a>","<a href=\"https:\/\/lavras.tv\/site\/category\/noticias\/\" class=\"advgb-post-tax-term\">Not\u00edcias<\/a>"],"unlinked":["<span class=\"advgb-post-tax-term\">Destaques<\/span>","<span class=\"advgb-post-tax-term\">Not\u00edcias<\/span>"]}},"comment_count":"0","relative_dates":{"created":"Publicado 4 meses atr\u00e1s","modified":"Atualizado 4 meses atr\u00e1s"},"absolute_dates":{"created":"Publicado em 14 de janeiro de 2026","modified":"Atualizado em 14 de janeiro de 2026"},"absolute_dates_time":{"created":"Publicado em 14 de janeiro de 2026 10:40","modified":"Atualizado em 14 de janeiro de 2026 10:40"},"featured_img_caption":"Senac Lanc Seletiva Competic\u0327oes","series_order":"","_links":{"self":[{"href":"https:\/\/lavras.tv\/site\/wp-json\/wp\/v2\/posts\/168916","targetHints":{"allow":["GET"]}}],"collection":[{"href":"https:\/\/lavras.tv\/site\/wp-json\/wp\/v2\/posts"}],"about":[{"href":"https:\/\/lavras.tv\/site\/wp-json\/wp\/v2\/types\/post"}],"author":[{"embeddable":true,"href":"https:\/\/lavras.tv\/site\/wp-json\/wp\/v2\/users\/5"}],"replies":[{"embeddable":true,"href":"https:\/\/lavras.tv\/site\/wp-json\/wp\/v2\/comments?post=168916"}],"version-history":[{"count":1,"href":"https:\/\/lavras.tv\/site\/wp-json\/wp\/v2\/posts\/168916\/revisions"}],"predecessor-version":[{"id":168918,"href":"https:\/\/lavras.tv\/site\/wp-json\/wp\/v2\/posts\/168916\/revisions\/168918"}],"wp:featuredmedia":[{"embeddable":true,"href":"https:\/\/lavras.tv\/site\/wp-json\/wp\/v2\/media\/168917"}],"wp:attachment":[{"href":"https:\/\/lavras.tv\/site\/wp-json\/wp\/v2\/media?parent=168916"}],"wp:term":[{"taxonomy":"category","embeddable":true,"href":"https:\/\/lavras.tv\/site\/wp-json\/wp\/v2\/categories?post=168916"},{"taxonomy":"post_tag","embeddable":true,"href":"https:\/\/lavras.tv\/site\/wp-json\/wp\/v2\/tags?post=168916"}],"curies":[{"name":"wp","href":"https:\/\/api.w.org\/{rel}","templated":true}]}}