{"id":168919,"date":"2026-01-14T10:47:34","date_gmt":"2026-01-14T13:47:34","guid":{"rendered":"https:\/\/lavras.tv\/site\/?p=168919"},"modified":"2026-01-14T10:47:35","modified_gmt":"2026-01-14T13:47:35","slug":"caged-mercado-de-trabalho-formal-em-minas-gerais-registra-retracao-no-mes-de-novembro","status":"publish","type":"post","link":"https:\/\/lavras.tv\/site\/2026\/01\/14\/caged-mercado-de-trabalho-formal-em-minas-gerais-registra-retracao-no-mes-de-novembro\/","title":{"rendered":"Caged: mercado de trabalho formal em Minas Gerais registra retra\u00e7\u00e3o no m\u00eas de novembro"},"content":{"rendered":"<div class=\"lavra-antes-do-conteudo_2\" id=\"lavra-1799336908\"><div id=\"lavra-slider-27\" class=\"custom-slider lavra-slider-438069904 lavra-slider\"><ul><li><div style=\"margin-left: auto;margin-right: auto;text-align: center;\" id=\"lavra-319497905\"><a href=\"https:\/\/sistemas.lavras.mg.gov.br\/portalcidadao\/#df1b1a7c7b2a290bcb31e32771e610784662739a88807c0dacac58ede5f391a7530e299dc302d611ee73cb143fc22eaf93592e53e7b5bdb01b00a0b8d28dae460c141dd2ff83412e4dc1c31b16b25f33144a9e5620ea73b13f5bc1c59411d98439ad226e8af03840603796067d87afe130812cf3de24982d0e306f9e61e764e5\" aria-label=\"Lavras-TV&#8211;720x104px (1) (1)\"><img src=\"https:\/\/lavras.tv\/site\/wp-content\/uploads\/2025\/01\/Lavras-TV-720x104px-1-1.png\" alt=\"\"  srcset=\"https:\/\/lavras.tv\/site\/wp-content\/uploads\/2025\/01\/Lavras-TV-720x104px-1-1.png 720w, https:\/\/lavras.tv\/site\/wp-content\/uploads\/2025\/01\/Lavras-TV-720x104px-1-1-470x68.png 470w, https:\/\/lavras.tv\/site\/wp-content\/uploads\/2025\/01\/Lavras-TV-720x104px-1-1-170x25.png 170w, https:\/\/lavras.tv\/site\/wp-content\/uploads\/2025\/01\/Lavras-TV-720x104px-1-1-200x29.png 200w\" sizes=\"(max-width: 720px) 100vw, 720px\" width=\"720\" height=\"104\"  style=\"display: inline-block;\" \/><\/a><\/div><\/li><li><a href=\"https:\/\/sistemas.lavras.mg.gov.br\/portalcidadao\/#df1b1a7c7b2a290bcb31e32771e610784662739a88807c0dacac58ede5f391a7530e299dc302d611ee73cb143fc22eaf93592e53e7b5bdb01b00a0b8d28dae460c141dd2ff83412e4dc1c31b16b25f33144a9e5620ea73b13f5bc1c59411d98439ad226e8af03840603796067d87afe130812cf3de24982d0e306f9e61e764e5\" aria-label=\"Banner_Emprego_PortallavrasTV\"><img src=\"https:\/\/lavras.tv\/site\/wp-content\/uploads\/2025\/03\/Banner_Emprego_PortallavrasTV.png\" alt=\"\"  srcset=\"https:\/\/lavras.tv\/site\/wp-content\/uploads\/2025\/03\/Banner_Emprego_PortallavrasTV.png 720w, https:\/\/lavras.tv\/site\/wp-content\/uploads\/2025\/03\/Banner_Emprego_PortallavrasTV-470x68.png 470w, https:\/\/lavras.tv\/site\/wp-content\/uploads\/2025\/03\/Banner_Emprego_PortallavrasTV-170x25.png 170w, https:\/\/lavras.tv\/site\/wp-content\/uploads\/2025\/03\/Banner_Emprego_PortallavrasTV-200x29.png 200w\" sizes=\"(max-width: 720px) 100vw, 720px\" width=\"720\" height=\"104\"   \/><\/a><\/li><li><a href=\"https:\/\/sistemas.lavras.mg.gov.br\/portalcidadao\/#df1b1a7c7b2a290bcb31e32771e610784662739a88807c0dacac58ede5f391a7530e299dc302d611ee73cb143fc22eaf93592e53e7b5bdb01b00a0b8d28dae460c141dd2ff83412e4dc1c31b16b25f33144a9e5620ea73b13f5bc1c59411d98439ad226e8af03840603796067d87afe130812cf3de24982d0e306f9e61e764e5\" aria-label=\"Banner_Obras_PortallavrasTV\"><img src=\"https:\/\/lavras.tv\/site\/wp-content\/uploads\/2025\/03\/Banner_Obras_PortallavrasTV.png\" alt=\"\"  srcset=\"https:\/\/lavras.tv\/site\/wp-content\/uploads\/2025\/03\/Banner_Obras_PortallavrasTV.png 720w, https:\/\/lavras.tv\/site\/wp-content\/uploads\/2025\/03\/Banner_Obras_PortallavrasTV-470x68.png 470w, https:\/\/lavras.tv\/site\/wp-content\/uploads\/2025\/03\/Banner_Obras_PortallavrasTV-170x25.png 170w, https:\/\/lavras.tv\/site\/wp-content\/uploads\/2025\/03\/Banner_Obras_PortallavrasTV-200x29.png 200w\" sizes=\"(max-width: 720px) 100vw, 720px\" width=\"720\" height=\"104\"   \/><\/a><\/li><li><div style=\"margin-left: auto;margin-right: auto;text-align: center;\" id=\"lavra-3143234889\"><a href=\"https:\/\/sistemas.lavras.mg.gov.br\/portalcidadao\/#df1b1a7c7b2a290bcb31e32771e610784662739a88807c0dacac58ede5f391a7530e299dc302d611ee73cb143fc22eaf93592e53e7b5bdb01b00a0b8d28dae460c141dd2ff83412e4dc1c31b16b25f33144a9e5620ea73b13f5bc1c59411d98439ad226e8af03840603796067d87afe130812cf3de24982d0e306f9e61e764e5\" aria-label=\"Banner_Educa\u00e7\u00e3o_PortallavrasTV\"><img src=\"https:\/\/lavras.tv\/site\/wp-content\/uploads\/2025\/01\/Banner_Educacao_PortallavrasTV.png\" alt=\"\"  srcset=\"https:\/\/lavras.tv\/site\/wp-content\/uploads\/2025\/01\/Banner_Educacao_PortallavrasTV.png 720w, https:\/\/lavras.tv\/site\/wp-content\/uploads\/2025\/01\/Banner_Educacao_PortallavrasTV-470x68.png 470w, https:\/\/lavras.tv\/site\/wp-content\/uploads\/2025\/01\/Banner_Educacao_PortallavrasTV-170x25.png 170w, https:\/\/lavras.tv\/site\/wp-content\/uploads\/2025\/01\/Banner_Educacao_PortallavrasTV-200x29.png 200w\" sizes=\"(max-width: 720px) 100vw, 720px\" width=\"720\" height=\"104\"  style=\"display: inline-block;\" \/><\/a><\/div><\/li><li><a href=\"https:\/\/sistemas.lavras.mg.gov.br\/portalcidadao\/#df1b1a7c7b2a290bcb31e32771e610784662739a88807c0dacac58ede5f391a7530e299dc302d611ee73cb143fc22eaf93592e53e7b5bdb01b00a0b8d28dae460c141dd2ff83412e4dc1c31b16b25f33144a9e5620ea73b13f5bc1c59411d98439ad226e8af03840603796067d87afe130812cf3de24982d0e306f9e61e764e5\" aria-label=\"Banner_Sa\u00fade_PortallavrasTV\"><img src=\"https:\/\/lavras.tv\/site\/wp-content\/uploads\/2025\/03\/Banner_Saude_PortallavrasTV.png\" alt=\"\"  srcset=\"https:\/\/lavras.tv\/site\/wp-content\/uploads\/2025\/03\/Banner_Saude_PortallavrasTV.png 720w, https:\/\/lavras.tv\/site\/wp-content\/uploads\/2025\/03\/Banner_Saude_PortallavrasTV-470x68.png 470w, https:\/\/lavras.tv\/site\/wp-content\/uploads\/2025\/03\/Banner_Saude_PortallavrasTV-170x25.png 170w, https:\/\/lavras.tv\/site\/wp-content\/uploads\/2025\/03\/Banner_Saude_PortallavrasTV-200x29.png 200w\" sizes=\"(max-width: 720px) 100vw, 720px\" width=\"720\" height=\"104\"   \/><\/a><\/li><li><div id=\"lavra-277533906\" style=\"width:720px;height:104px;background-color:#ddd;overflow:scroll;\">\n\t<strong>Sa\u00edda da depura\u00e7\u00e3o de an\u00fancios<\/strong>\n\t<br><br>\n\tO an\u00fancio n\u00e3o \u00e9 exibido na p\u00e1gina<br><br>post atual: Caged: mercado de trabalho formal em Minas Gerais registra retra\u00e7\u00e3o no m\u00eas de novembro, ID: 168919<br><br><span style=\"color: red;\">O post atual n\u00e3o \u00e9 id\u00eantico ao post principal.<\/span><br><br>An\u00fancios: ROXO - TOPO INTERNA - ROTATIVO 2 (197)<br \/>Grupo de an\u00fancios: Princ_Meio01_720x104 (27)<br><br>Condi\u00e7\u00f5es de exibi\u00e7\u00e3o<div style=\"margin-bottom: 20px; white-space: pre-wrap; font-family: monospace; width: 100%; background: #ffe9e9;\"><strong>condi\u00e7\u00f5es gerais<\/strong><table border=\"1\"><thead><tr><th><\/th><th>An\u00fancios<\/th><th>wp_the_query<\/th><\/tr><\/thead><tr><td>is_main_query<\/td><td>1<\/td><td>1<\/td><\/tr><tr><td>is_rest_api<\/td><td>0<\/td><td>1<\/td><\/tr><tr><td>page<\/td><td>0<\/td><td>1<\/td><\/tr><tr><td>numpages<\/td><td>0<\/td><td>1<\/td><\/tr><tr><td>is_archive<\/td><td>1<\/td><td><\/td><\/tr><tr><td>is_search<\/td><td>1<\/td><td><\/td><\/tr><tr><td>is_home<\/td><td>1<\/td><td><\/td><\/tr><tr><td>is_404<\/td><td>1<\/td><td><\/td><\/tr><tr><td>is_attachment<\/td><td>1<\/td><td><\/td><\/tr><tr><td>is_singular<\/td><td>1<\/td><td><\/td><\/tr><tr><td>is_front_page<\/td><td>1<\/td><td><\/td><\/tr><tr><td>is_feed<\/td><td>1<\/td><td><\/td><\/tr><\/table><\/div><br><br><span style=\"color: red;\">Seu site usa HTTPS, mas o c\u00f3digo do an\u00fancio cont\u00e9m HTTP e pode n\u00e3o funcionar.<\/span>\t<br><br>\n\t<a style=\"color: green;\" href=\"https:\/\/wpadvancedads.com\/manual\/ad-debug-mode\/?utm_source=advanced-ads&utm_medium=link&utm_campaign=ad-debug-mode\" target=\"_blank\" rel=\"nofollow\">Encontre solu\u00e7\u00f5es no manual<\/a>\n<\/div>\n<\/li><\/ul><\/div><script>( window.advanced_ads_ready || jQuery( document ).ready ).call( null, function() {var $lavraslider438069904 = jQuery( \".lavra-slider-438069904\" );$lavraslider438069904.on( \"unslider.ready\", function() { jQuery( \"div.custom-slider ul li\" ).css( \"display\", \"block\" ); });$lavraslider438069904.unslider({ delay:4000, autoplay:true, nav:false, arrows:false, infinite:true });$lavraslider438069904.on(\"mouseover\", function() {$lavraslider438069904.unslider(\"stop\");}).on(\"mouseout\", function() {$lavraslider438069904.unslider(\"start\");});});<\/script><\/div>\n<p><em>Resultado foi influenciado pelas m\u00e9dias e grandes empresas. Micro e pequenas empresas tamb\u00e9m apresentaram redu\u00e7\u00e3o nos postos de trabalho. Sul de Minas mant\u00e9m saldo positivo<\/em><\/p>\n\n\n\n<figure class=\"wp-block-image size-full\"><img fetchpriority=\"high\" decoding=\"async\" width=\"814\" height=\"492\" src=\"https:\/\/lavras.tv\/site\/wp-content\/uploads\/2026\/01\/Empreendedores_p26766_cover_image_resized.webp\" alt=\"\" class=\"wp-image-168920\" srcset=\"https:\/\/lavras.tv\/site\/wp-content\/uploads\/2026\/01\/Empreendedores_p26766_cover_image_resized.webp 814w, https:\/\/lavras.tv\/site\/wp-content\/uploads\/2026\/01\/Empreendedores_p26766_cover_image_resized-470x284.webp 470w, https:\/\/lavras.tv\/site\/wp-content\/uploads\/2026\/01\/Empreendedores_p26766_cover_image_resized-170x103.webp 170w\" sizes=\"(max-width: 814px) 100vw, 814px\" \/><\/figure>\n\n\n\n<p>O mercado de trabalho formal em Minas Gerais registrou retra\u00e7\u00e3o em novembro de 2025, com saldo negativo de 8.740 postos de trabalho. O resultado \u00e9 referente \u00e0 diferen\u00e7a entre 198.677 admiss\u00f5es e 207.417 desligamentos, segundo levantamento realizado pelo Sebrae Minas, a partir dos dados do&nbsp;<strong>Cadastro Geral de Empregados e Desempregados (Caged)<\/strong>.<\/p>\n\n\n\n<p>O saldo foi influenciado, principalmente, pelo desempenho das m\u00e9dias e grandes empresas (MGE), que registraram perda l\u00edquida de 8.734 postos de trabalho no per\u00edodo, e das micro e pequenas empresas (MPE), que tamb\u00e9m apresentaram saldo negativo, com redu\u00e7\u00e3o de 277 vagas formais.<\/p>\n\n\n\n<p>No acumulado de&nbsp;janeiro a novembro, Minas contabilizou a cria\u00e7\u00e3o l\u00edquida de 151.470 vagas formais, das quais as MPE responderam por, aproximadamente, 80% do total (120.652 vagas). Mesmo com o resultado positivo, o desempenho representa retra\u00e7\u00e3o de 27,5% em rela\u00e7\u00e3o ao mesmo intervalo de 2024, quando foram geradas 208.827 vagas (144.597 nas MPE).<\/p>\n\n\n\n<p>O&nbsp;perfil dos trabalhadores&nbsp;admitidos pelas MPE evidencia predomin\u00e2ncia de trabalhadores do sexo masculino (56%), com participa\u00e7\u00e3o de jovens de 18 a 24 anos (28%). O ensino m\u00e9dio completo permanece como principal n\u00edvel de escolaridade, respondendo por 68% das admiss\u00f5es. O sal\u00e1rio m\u00e9dio de entrada foi de R$ 2.031,52, ligeiramente inferior ao de desligamento.<\/p>\n\n\n\n<p><strong>Setores e atividades econ\u00f4micas<\/strong><\/p>\n\n\n\n<p>O&nbsp;setor de Com\u00e9rcio&nbsp;destacou-se como o principal respons\u00e1vel pela gera\u00e7\u00e3o de vagas em novembro, com saldo positivo de 5.425 postos de trabalho nas micro e pequenas empresas (MPE), sustentado pelo dinamismo dos segmentos de vestu\u00e1rio e do varejo alimentar. Esse desempenho est\u00e1 associado ao aumento sazonal do consumo t\u00edpico do per\u00edodo de final de ano.<\/p>\n\n\n\n<p>As MPE da&nbsp;Constru\u00e7\u00e3o Civil&nbsp;registraram a maior retra\u00e7\u00e3o do per\u00edodo, com perda l\u00edquida de 3.726 vagas, seguidas pela Agropecu\u00e1ria (-2.605 vagas) e pela Ind\u00fastria de Transforma\u00e7\u00e3o (-796 vagas). Os resultados refletem fatores sazonais caracter\u00edsticos do per\u00edodo, como a conclus\u00e3o de obras e o encerramento de contratos no setor da constru\u00e7\u00e3o civil, e o impacto do per\u00edodo de entressafra de culturas agr\u00edcolas.<\/p>\n\n\n\n<p><strong>Gera\u00e7\u00e3o de empregos no Sul de Minas<\/strong><strong><\/strong><\/p>\n\n\n\n<p>O mercado de trabalho no Sul de Minas manteve trajet\u00f3ria positiva em novembro, com a cria\u00e7\u00e3o de&nbsp;<strong>956 novas vagas formais<\/strong>. No per\u00edodo, foram&nbsp;<strong>22.994 admiss\u00f5es<\/strong>&nbsp;e&nbsp;<strong>22.030 desligamentos<\/strong>, indicando estabilidade e capacidade de gera\u00e7\u00e3o de empregos.<\/p>\n\n\n\n<p>Os&nbsp;<strong>pequenos neg\u00f3cios<\/strong>&nbsp;tiveram papel central nesse desempenho. Do total de vagas abertas na regi\u00e3o,&nbsp;<strong>57,1% foram geradas por Micro e Pequenas Empresas (MPEs)<\/strong>. Entre os setores que mais contrataram,&nbsp;<strong>Servi\u00e7os<\/strong>&nbsp;liderou, com&nbsp;<strong>8.686 admiss\u00f5es<\/strong>, seguido pelo&nbsp;<strong>Com\u00e9rcio<\/strong>&nbsp;(<strong>6.135<\/strong>),&nbsp;<strong>Ind\u00fastria<\/strong>&nbsp;(<strong>5.130<\/strong>),&nbsp;<strong>Agropecu\u00e1ria<\/strong>&nbsp;(<strong>1.970<\/strong>) e&nbsp;<strong>Constru\u00e7\u00e3o Civil<\/strong>&nbsp;(<strong>977<\/strong>).<\/p>\n\n\n\n<p>As atividades econ\u00f4micas que mais impulsionaram a gera\u00e7\u00e3o de vagas foram o&nbsp;<strong>com\u00e9rcio varejista de mercadorias em geral, com predomin\u00e2ncia de produtos aliment\u00edcios (supermercados)<\/strong>, com&nbsp;<strong>1.161 postos<\/strong>, o&nbsp;<strong>cultivo de caf\u00e9<\/strong>&nbsp;(<strong>1.002<\/strong>), o&nbsp;<strong>transporte rodovi\u00e1rio de carga<\/strong>&nbsp;(<strong>860<\/strong>), a&nbsp;<strong>loca\u00e7\u00e3o de m\u00e3o de obra tempor\u00e1ria<\/strong>&nbsp;(<strong>691<\/strong>) e os&nbsp;<strong>restaurantes<\/strong>&nbsp;(<strong>490<\/strong>).<\/p>\n\n\n\n<p>No recorte municipal, os destaques ficaram para&nbsp;<strong>Extrema<\/strong>&nbsp;(<strong>2.859 vagas<\/strong>),&nbsp;<strong>Varginha<\/strong>&nbsp;(<strong>2.594<\/strong>),&nbsp;<strong>Pouso Alegre<\/strong>&nbsp;(<strong>2.559<\/strong>),&nbsp;<strong>Po\u00e7os de Caldas<\/strong>&nbsp;(<strong>1.838<\/strong>) e&nbsp;<strong>Lavras<\/strong>&nbsp;(<strong>1.119<\/strong>), cidades que concentram polos industriais, comerciais e de servi\u00e7os e seguem como importantes vetores de desenvolvimento regional.<\/p>\n\n\n\n<p><strong>BH lidera gera\u00e7\u00e3o de empregos<\/strong><\/p>\n\n\n\n<p>De acordo com as regionais determinadas pelo Sebrae Minas, a regional Zona da Mata e Vertentes apresentou o&nbsp;melhor desempenho&nbsp;do estado, destacando-se tanto no saldo l\u00edquido geral de vagas, com a cria\u00e7\u00e3o de 1.146 postos de trabalho, quanto no segmento das micro e pequenas empresas (MPE), que responderam por 874 dessas vagas. O resultado foi influenciado pelo maior dinamismo dos setores de com\u00e9rcio e servi\u00e7os.<\/p>\n\n\n\n<p>As principais retra\u00e7\u00f5es do emprego formal foram registradas nas regionais Noroeste e Alto Parana\u00edba, com saldo negativo de 3.071 vagas, e de 1.719 no Tri\u00e2ngulo, que apresentou perda l\u00edquida de 3.004 vagas no geral e de 664 nas MPE. Na regional Centro houve redu\u00e7\u00e3o de 2.992 vagas, mesmo com o saldo positivo de 855 postos nas MPE.<\/p>\n\n\n\n<p>No recorte municipal,&nbsp;Belo Horizonte&nbsp;liderou a gera\u00e7\u00e3o de empregos nas MPE em novembro, com saldo positivo de 699 vagas, seguida por Juiz de Fora (+401) e Uberl\u00e2ndia (+336). S\u00e3o Gotardo apresentou o maior saldo negativo, com perda l\u00edquida de 703 vagas.<\/p>\n\n\n\n<p><strong>O que esperar da economia nos pr\u00f3ximos meses?<\/strong><\/p>\n\n\n\n<p>\u201cA economia brasileira encerrou o ano de 2025 com desempenho positivo, embora acompanhada de sinais que apontam para desafios relevantes no horizonte pr\u00f3ximo. Ap\u00f3s um per\u00edodo de crescimento robusto, evidenciado pela taxa m\u00e9dia anual de expans\u00e3o do Produto Interno Bruto (PIB) de 3,2%, entre 2022 e 2024, a atividade econ\u00f4mica passou por um processo de desacelera\u00e7\u00e3o ao longo de 2025.<\/p>\n\n\n\n<p>Esse movimento era amplamente esperado, em raz\u00e3o do forte aperto monet\u00e1rio adotado com o objetivo de conter desequil\u00edbrios macroecon\u00f4micos crescentes. Nesse contexto, al\u00e9m do avan\u00e7o inflacion\u00e1rio e do aumento do d\u00e9ficit externo, tornaram-se mais evidentes as limita\u00e7\u00f5es do mercado de trabalho e a fragilidade da posi\u00e7\u00e3o fiscal do pa\u00eds.<\/p>\n\n\n\n<p>No que se refere ao mercado de trabalho, fatores econ\u00f4micos e pol\u00edticos, aliados \u00e0s transforma\u00e7\u00f5es tecnol\u00f3gicas em curso, dever\u00e3o influenciar diretamente a din\u00e2mica de oferta e demanda por trabalho ao longo de 2026. A&nbsp;expectativa para o emprego formal \u00e9 de modera\u00e7\u00e3o&nbsp;no ritmo de contrata\u00e7\u00f5es, sem que, ao menos no curto prazo, se antecipe uma revers\u00e3o do quadro ainda positivo observado nos \u00faltimos anos\u201d, analise a analista do Sebrae Minas B\u00e1rbara Castro.<\/p>\n\n\n\n<p><strong>Sobre o Caged<\/strong><\/p>\n\n\n\n<p>O Cadastro Geral de Empregados e Desempregados (CAGED), institu\u00eddo pela Lei n\u00ba 4.923, de 23 de dezembro de 1965, foi criado como instrumento de acompanhamento e fiscaliza\u00e7\u00e3o mensal das admiss\u00f5es e dispensas de trabalhadores regidos pela Consolida\u00e7\u00e3o das Leis do Trabalho (CLT). A partir de 1986 passou a ser utilizado como suporte ao pagamento do seguro-desemprego e, mais recentemente, tornou-se um relevante instrumento \u00e0 reciclagem profissional e \u00e0 recoloca\u00e7\u00e3o do trabalhador no mercado de trabalho.<\/p>\n\n\n\n<p>O cadastro constitui importante fonte de informa\u00e7\u00e3o do mercado de trabalho de \u00e2mbito nacional e de periodicidade mensal. Desde janeiro de 2020, o uso do Sistema do CAGED foi substitu\u00eddo gradativamente pelo Sistema de Escritura\u00e7\u00e3o Digital das Obriga\u00e7\u00f5es Fiscais, Previdenci\u00e1rias e Trabalhistas (eSocial). Atualmente, todas as empresas est\u00e3o obrigadas a declarar as movimenta\u00e7\u00f5es por meio do eSocial.<\/p>\n\n\n\n<p><strong>Sobre Intelig\u00eancia Sebrae<\/strong><\/p>\n\n\n\n<p>O&nbsp;<a href=\"https:\/\/inteligencia.sebraemg.com.br\/\" target=\"_blank\" rel=\"noreferrer noopener\">Intelig\u00eancia Sebrae<\/a>&nbsp;\u00e9 um observat\u00f3rio de dados, estudos e pesquisas sobre pequenos neg\u00f3cios. Re\u00fane diversos conte\u00fados socioecon\u00f4micos, setoriais e territoriais, que podem ampliar os conhecimentos e embasar a tomada de decis\u00f5es. \u00c9 destinado a gestores p\u00fablicos, lideran\u00e7as locais, entidades empresariais e todos que necessitam de informa\u00e7\u00f5es relevantes referentes a desenvolvimento econ\u00f4mico e social dos territ\u00f3rios e din\u00e2mica dos pequenos neg\u00f3cios. O site re\u00fane conhecimentos em n\u00edvel nacional, estadual, regional e municipal, sendo poss\u00edvel comparar, analisar e entender melhor o territ\u00f3rio.<\/p>\n","protected":false},"excerpt":{"rendered":"<p>Resultado foi influenciado pelas m\u00e9dias e grandes empresas. Micro e pequenas empresas tamb\u00e9m apresentaram redu\u00e7\u00e3o nos postos de trabalho. Sul de Minas mant\u00e9m saldo positivo O mercado de trabalho formal em Minas Gerais registrou retra\u00e7\u00e3o em novembro de 2025, com saldo negativo de 8.740 postos de trabalho. O resultado \u00e9 referente \u00e0 diferen\u00e7a entre 198.677 [&hellip;]<\/p>\n","protected":false},"author":5,"featured_media":168920,"comment_status":"closed","ping_status":"open","sticky":false,"template":"","format":"standard","meta":{"advgb_blocks_editor_width":"","advgb_blocks_columns_visual_guide":"","_exactmetrics_skip_tracking":false,"_exactmetrics_sitenote_active":false,"_exactmetrics_sitenote_note":"","_exactmetrics_sitenote_category":0,"footnotes":""},"categories":[7,2],"tags":[],"class_list":["post-168919","post","type-post","status-publish","format-standard","has-post-thumbnail","hentry","category-destaques","category-noticias"],"better_featured_image":{"id":168920,"alt_text":"","caption":"","description":"","media_type":"image","media_details":{"width":814,"height":492,"file":"2026\/01\/Empreendedores_p26766_cover_image_resized.webp","filesize":18536,"sizes":{"medium":{"file":"Empreendedores_p26766_cover_image_resized-470x284.webp","width":470,"height":284,"mime-type":"image\/webp","filesize":14090,"source_url":"https:\/\/lavras.tv\/site\/wp-content\/uploads\/2026\/01\/Empreendedores_p26766_cover_image_resized-470x284.webp"},"thumbnail":{"file":"Empreendedores_p26766_cover_image_resized-170x103.webp","width":170,"height":103,"mime-type":"image\/webp","filesize":4450,"source_url":"https:\/\/lavras.tv\/site\/wp-content\/uploads\/2026\/01\/Empreendedores_p26766_cover_image_resized-170x103.webp"},"alm-thumbnail":{"file":"Empreendedores_p26766_cover_image_resized-150x150.webp","width":150,"height":150,"mime-type":"image\/webp","filesize":4986,"source_url":"https:\/\/lavras.tv\/site\/wp-content\/uploads\/2026\/01\/Empreendedores_p26766_cover_image_resized-150x150.webp"},"sow-carousel-default":{"file":"Empreendedores_p26766_cover_image_resized-272x182.webp","width":272,"height":182,"mime-type":"image\/webp","filesize":8442,"source_url":"https:\/\/lavras.tv\/site\/wp-content\/uploads\/2026\/01\/Empreendedores_p26766_cover_image_resized-272x182.webp"}},"image_meta":{"aperture":"0","credit":"","camera":"","caption":"","created_timestamp":"0","copyright":"","focal_length":"0","iso":"0","shutter_speed":"0","title":"","orientation":"0","keywords":[]}},"post":168919,"source_url":"https:\/\/lavras.tv\/site\/wp-content\/uploads\/2026\/01\/Empreendedores_p26766_cover_image_resized.webp"},"author_meta":{"display_name":"Vinicius Bustamante","author_link":"https:\/\/lavras.tv\/site\/author\/vinicius-bustamante\/"},"featured_img":"https:\/\/lavras.tv\/site\/wp-content\/uploads\/2026\/01\/Empreendedores_p26766_cover_image_resized-470x284.webp","coauthors":[],"tax_additional":{"categories":{"linked":["<a href=\"https:\/\/lavras.tv\/site\/category\/destaques\/\" class=\"advgb-post-tax-term\">Destaques<\/a>","<a href=\"https:\/\/lavras.tv\/site\/category\/noticias\/\" class=\"advgb-post-tax-term\">Not\u00edcias<\/a>"],"unlinked":["<span class=\"advgb-post-tax-term\">Destaques<\/span>","<span class=\"advgb-post-tax-term\">Not\u00edcias<\/span>"]}},"comment_count":"0","relative_dates":{"created":"Publicado 4 meses atr\u00e1s","modified":"Atualizado 4 meses atr\u00e1s"},"absolute_dates":{"created":"Publicado em 14 de janeiro de 2026","modified":"Atualizado em 14 de janeiro de 2026"},"absolute_dates_time":{"created":"Publicado em 14 de janeiro de 2026 10:47","modified":"Atualizado em 14 de janeiro de 2026 10:47"},"featured_img_caption":"","series_order":"","_links":{"self":[{"href":"https:\/\/lavras.tv\/site\/wp-json\/wp\/v2\/posts\/168919","targetHints":{"allow":["GET"]}}],"collection":[{"href":"https:\/\/lavras.tv\/site\/wp-json\/wp\/v2\/posts"}],"about":[{"href":"https:\/\/lavras.tv\/site\/wp-json\/wp\/v2\/types\/post"}],"author":[{"embeddable":true,"href":"https:\/\/lavras.tv\/site\/wp-json\/wp\/v2\/users\/5"}],"replies":[{"embeddable":true,"href":"https:\/\/lavras.tv\/site\/wp-json\/wp\/v2\/comments?post=168919"}],"version-history":[{"count":1,"href":"https:\/\/lavras.tv\/site\/wp-json\/wp\/v2\/posts\/168919\/revisions"}],"predecessor-version":[{"id":168921,"href":"https:\/\/lavras.tv\/site\/wp-json\/wp\/v2\/posts\/168919\/revisions\/168921"}],"wp:featuredmedia":[{"embeddable":true,"href":"https:\/\/lavras.tv\/site\/wp-json\/wp\/v2\/media\/168920"}],"wp:attachment":[{"href":"https:\/\/lavras.tv\/site\/wp-json\/wp\/v2\/media?parent=168919"}],"wp:term":[{"taxonomy":"category","embeddable":true,"href":"https:\/\/lavras.tv\/site\/wp-json\/wp\/v2\/categories?post=168919"},{"taxonomy":"post_tag","embeddable":true,"href":"https:\/\/lavras.tv\/site\/wp-json\/wp\/v2\/tags?post=168919"}],"curies":[{"name":"wp","href":"https:\/\/api.w.org\/{rel}","templated":true}]}}