{"id":168933,"date":"2026-01-15T18:20:56","date_gmt":"2026-01-15T21:20:56","guid":{"rendered":"https:\/\/lavras.tv\/site\/?p=168933"},"modified":"2026-01-15T18:20:57","modified_gmt":"2026-01-15T21:20:57","slug":"desconto-social-amplia-acesso-a-energia-e-ja-esta-em-vigor-nas-contas-de-luz-da-cemig","status":"publish","type":"post","link":"https:\/\/lavras.tv\/site\/2026\/01\/15\/desconto-social-amplia-acesso-a-energia-e-ja-esta-em-vigor-nas-contas-de-luz-da-cemig\/","title":{"rendered":"Desconto Social amplia acesso \u00e0 energia e j\u00e1 est\u00e1 em vigor nas contas de luz da Cemig"},"content":{"rendered":"<div class=\"lavra-antes-do-conteudo_2\" id=\"lavra-2366519506\"><div id=\"lavra-slider-27\" class=\"custom-slider lavra-slider-2767667303 lavra-slider\"><ul><li><div style=\"margin-left: auto;margin-right: auto;text-align: center;\" id=\"lavra-1817321352\"><a href=\"https:\/\/sistemas.lavras.mg.gov.br\/portalcidadao\/#df1b1a7c7b2a290bcb31e32771e610784662739a88807c0dacac58ede5f391a7530e299dc302d611ee73cb143fc22eaf93592e53e7b5bdb01b00a0b8d28dae460c141dd2ff83412e4dc1c31b16b25f33144a9e5620ea73b13f5bc1c59411d98439ad226e8af03840603796067d87afe130812cf3de24982d0e306f9e61e764e5\" aria-label=\"Lavras-TV&#8211;720x104px (1) (1)\"><img src=\"https:\/\/lavras.tv\/site\/wp-content\/uploads\/2025\/01\/Lavras-TV-720x104px-1-1.png\" alt=\"\"  srcset=\"https:\/\/lavras.tv\/site\/wp-content\/uploads\/2025\/01\/Lavras-TV-720x104px-1-1.png 720w, https:\/\/lavras.tv\/site\/wp-content\/uploads\/2025\/01\/Lavras-TV-720x104px-1-1-470x68.png 470w, https:\/\/lavras.tv\/site\/wp-content\/uploads\/2025\/01\/Lavras-TV-720x104px-1-1-170x25.png 170w, https:\/\/lavras.tv\/site\/wp-content\/uploads\/2025\/01\/Lavras-TV-720x104px-1-1-200x29.png 200w\" sizes=\"(max-width: 720px) 100vw, 720px\" width=\"720\" height=\"104\"  style=\"display: inline-block;\" \/><\/a><\/div><\/li><li><a href=\"https:\/\/sistemas.lavras.mg.gov.br\/portalcidadao\/#df1b1a7c7b2a290bcb31e32771e610784662739a88807c0dacac58ede5f391a7530e299dc302d611ee73cb143fc22eaf93592e53e7b5bdb01b00a0b8d28dae460c141dd2ff83412e4dc1c31b16b25f33144a9e5620ea73b13f5bc1c59411d98439ad226e8af03840603796067d87afe130812cf3de24982d0e306f9e61e764e5\" aria-label=\"Banner_Emprego_PortallavrasTV\"><img src=\"https:\/\/lavras.tv\/site\/wp-content\/uploads\/2025\/03\/Banner_Emprego_PortallavrasTV.png\" alt=\"\"  srcset=\"https:\/\/lavras.tv\/site\/wp-content\/uploads\/2025\/03\/Banner_Emprego_PortallavrasTV.png 720w, https:\/\/lavras.tv\/site\/wp-content\/uploads\/2025\/03\/Banner_Emprego_PortallavrasTV-470x68.png 470w, https:\/\/lavras.tv\/site\/wp-content\/uploads\/2025\/03\/Banner_Emprego_PortallavrasTV-170x25.png 170w, https:\/\/lavras.tv\/site\/wp-content\/uploads\/2025\/03\/Banner_Emprego_PortallavrasTV-200x29.png 200w\" sizes=\"(max-width: 720px) 100vw, 720px\" width=\"720\" height=\"104\"   \/><\/a><\/li><li><a href=\"https:\/\/sistemas.lavras.mg.gov.br\/portalcidadao\/#df1b1a7c7b2a290bcb31e32771e610784662739a88807c0dacac58ede5f391a7530e299dc302d611ee73cb143fc22eaf93592e53e7b5bdb01b00a0b8d28dae460c141dd2ff83412e4dc1c31b16b25f33144a9e5620ea73b13f5bc1c59411d98439ad226e8af03840603796067d87afe130812cf3de24982d0e306f9e61e764e5\" aria-label=\"Banner_Obras_PortallavrasTV\"><img src=\"https:\/\/lavras.tv\/site\/wp-content\/uploads\/2025\/03\/Banner_Obras_PortallavrasTV.png\" alt=\"\"  srcset=\"https:\/\/lavras.tv\/site\/wp-content\/uploads\/2025\/03\/Banner_Obras_PortallavrasTV.png 720w, https:\/\/lavras.tv\/site\/wp-content\/uploads\/2025\/03\/Banner_Obras_PortallavrasTV-470x68.png 470w, https:\/\/lavras.tv\/site\/wp-content\/uploads\/2025\/03\/Banner_Obras_PortallavrasTV-170x25.png 170w, https:\/\/lavras.tv\/site\/wp-content\/uploads\/2025\/03\/Banner_Obras_PortallavrasTV-200x29.png 200w\" sizes=\"(max-width: 720px) 100vw, 720px\" width=\"720\" height=\"104\"   \/><\/a><\/li><li><div style=\"margin-left: auto;margin-right: auto;text-align: center;\" id=\"lavra-2488442657\"><a href=\"https:\/\/sistemas.lavras.mg.gov.br\/portalcidadao\/#df1b1a7c7b2a290bcb31e32771e610784662739a88807c0dacac58ede5f391a7530e299dc302d611ee73cb143fc22eaf93592e53e7b5bdb01b00a0b8d28dae460c141dd2ff83412e4dc1c31b16b25f33144a9e5620ea73b13f5bc1c59411d98439ad226e8af03840603796067d87afe130812cf3de24982d0e306f9e61e764e5\" aria-label=\"Banner_Educa\u00e7\u00e3o_PortallavrasTV\"><img src=\"https:\/\/lavras.tv\/site\/wp-content\/uploads\/2025\/01\/Banner_Educacao_PortallavrasTV.png\" alt=\"\"  srcset=\"https:\/\/lavras.tv\/site\/wp-content\/uploads\/2025\/01\/Banner_Educacao_PortallavrasTV.png 720w, https:\/\/lavras.tv\/site\/wp-content\/uploads\/2025\/01\/Banner_Educacao_PortallavrasTV-470x68.png 470w, https:\/\/lavras.tv\/site\/wp-content\/uploads\/2025\/01\/Banner_Educacao_PortallavrasTV-170x25.png 170w, https:\/\/lavras.tv\/site\/wp-content\/uploads\/2025\/01\/Banner_Educacao_PortallavrasTV-200x29.png 200w\" sizes=\"(max-width: 720px) 100vw, 720px\" width=\"720\" height=\"104\"  style=\"display: inline-block;\" \/><\/a><\/div><\/li><li><a href=\"https:\/\/sistemas.lavras.mg.gov.br\/portalcidadao\/#df1b1a7c7b2a290bcb31e32771e610784662739a88807c0dacac58ede5f391a7530e299dc302d611ee73cb143fc22eaf93592e53e7b5bdb01b00a0b8d28dae460c141dd2ff83412e4dc1c31b16b25f33144a9e5620ea73b13f5bc1c59411d98439ad226e8af03840603796067d87afe130812cf3de24982d0e306f9e61e764e5\" aria-label=\"Banner_Sa\u00fade_PortallavrasTV\"><img src=\"https:\/\/lavras.tv\/site\/wp-content\/uploads\/2025\/03\/Banner_Saude_PortallavrasTV.png\" alt=\"\"  srcset=\"https:\/\/lavras.tv\/site\/wp-content\/uploads\/2025\/03\/Banner_Saude_PortallavrasTV.png 720w, https:\/\/lavras.tv\/site\/wp-content\/uploads\/2025\/03\/Banner_Saude_PortallavrasTV-470x68.png 470w, https:\/\/lavras.tv\/site\/wp-content\/uploads\/2025\/03\/Banner_Saude_PortallavrasTV-170x25.png 170w, https:\/\/lavras.tv\/site\/wp-content\/uploads\/2025\/03\/Banner_Saude_PortallavrasTV-200x29.png 200w\" sizes=\"(max-width: 720px) 100vw, 720px\" width=\"720\" height=\"104\"   \/><\/a><\/li><li><div id=\"lavra-476548718\" style=\"width:720px;height:104px;background-color:#ddd;overflow:scroll;\">\n\t<strong>Sa\u00edda da depura\u00e7\u00e3o de an\u00fancios<\/strong>\n\t<br><br>\n\tO an\u00fancio n\u00e3o \u00e9 exibido na p\u00e1gina<br><br>post atual: Desconto Social amplia acesso \u00e0 energia e j\u00e1 est\u00e1 em vigor nas contas de luz da Cemig, ID: 168933<br><br><span style=\"color: red;\">O post atual n\u00e3o \u00e9 id\u00eantico ao post principal.<\/span><br><br>An\u00fancios: ROXO - TOPO INTERNA - ROTATIVO 2 (197)<br \/>Grupo de an\u00fancios: Princ_Meio01_720x104 (27)<br><br>Condi\u00e7\u00f5es de exibi\u00e7\u00e3o<div style=\"margin-bottom: 20px; white-space: pre-wrap; font-family: monospace; width: 100%; background: #ffe9e9;\"><strong>condi\u00e7\u00f5es gerais<\/strong><table border=\"1\"><thead><tr><th><\/th><th>An\u00fancios<\/th><th>wp_the_query<\/th><\/tr><\/thead><tr><td>is_main_query<\/td><td>1<\/td><td>1<\/td><\/tr><tr><td>is_rest_api<\/td><td>0<\/td><td>1<\/td><\/tr><tr><td>page<\/td><td>0<\/td><td>1<\/td><\/tr><tr><td>numpages<\/td><td>0<\/td><td>1<\/td><\/tr><tr><td>is_archive<\/td><td>1<\/td><td><\/td><\/tr><tr><td>is_search<\/td><td>1<\/td><td><\/td><\/tr><tr><td>is_home<\/td><td>1<\/td><td><\/td><\/tr><tr><td>is_404<\/td><td>1<\/td><td><\/td><\/tr><tr><td>is_attachment<\/td><td>1<\/td><td><\/td><\/tr><tr><td>is_singular<\/td><td>1<\/td><td><\/td><\/tr><tr><td>is_front_page<\/td><td>1<\/td><td><\/td><\/tr><tr><td>is_feed<\/td><td>1<\/td><td><\/td><\/tr><\/table><\/div><br><br><span style=\"color: red;\">Seu site usa HTTPS, mas o c\u00f3digo do an\u00fancio cont\u00e9m HTTP e pode n\u00e3o funcionar.<\/span>\t<br><br>\n\t<a style=\"color: green;\" href=\"https:\/\/wpadvancedads.com\/manual\/ad-debug-mode\/?utm_source=advanced-ads&utm_medium=link&utm_campaign=ad-debug-mode\" target=\"_blank\" rel=\"nofollow\">Encontre solu\u00e7\u00f5es no manual<\/a>\n<\/div>\n<\/li><\/ul><\/div><script>( window.advanced_ads_ready || jQuery( document ).ready ).call( null, function() {var $lavraslider2767667303 = jQuery( \".lavra-slider-2767667303\" );$lavraslider2767667303.on( \"unslider.ready\", function() { jQuery( \"div.custom-slider ul li\" ).css( \"display\", \"block\" ); });$lavraslider2767667303.unslider({ delay:4000, autoplay:true, nav:false, arrows:false, infinite:true });$lavraslider2767667303.on(\"mouseover\", function() {$lavraslider2767667303.unslider(\"stop\");}).on(\"mouseout\", function() {$lavraslider2767667303.unslider(\"start\");});});<\/script><\/div>\n<h2 class=\"wp-block-heading\">Medida beneficia fam\u00edlias de baixa renda n\u00e3o contempladas pela Tarifa Social e garante redu\u00e7\u00e3o m\u00e9dia de R$ 20 na conta de energia<\/h2>\n\n\n\n<figure class=\"wp-block-image\"><img decoding=\"async\" src=\"https:\/\/www.agenciaminas.mg.gov.br\/system\/news\/images\/000\/128\/736\/large\/TSEE2960_%28Cemig_DVLGC%29.jpg?1768417388\" alt=\"imagem de destaque\"\/><\/figure>\n\n\n\n<p>J\u00e1 est\u00e1 em vigor, nas contas de luz emitidas a partir do faturamento de janeiro de 2026 pela&nbsp;<a href=\"https:\/\/www.cemig.com.br\/\" target=\"_blank\" rel=\"noreferrer noopener\">Companhia Energ\u00e9tica de Minas Gerais (Cemig)<\/a>, o Desconto Social de Energia El\u00e9trica. A iniciativa amplia a prote\u00e7\u00e3o \u00e0s fam\u00edlias de baixa renda e complementa a&nbsp;<a href=\"https:\/\/www.cemig.com.br\/atendimento\/cemig-explica-beneficio-da-tarifa-social-na-conta-de-energia\/\" target=\"_blank\" rel=\"noreferrer noopener\">Tarifa Social de Energia El\u00e9trica (TSEE)<\/a>.<\/p>\n\n\n\n<p>O benef\u00edcio garante um desconto m\u00e9dio de aproximadamente 17% na tarifa para a parcela de consumo mensal de at\u00e9 120 quilowatts-hora, o que representa uma economia estimada em torno de R$ 20 por m\u00eas. O consumo que ultrapassar esse limite n\u00e3o recebe desconto.<\/p>\n\n\n\n<p>O analista de Prote\u00e7\u00e3o da Receita da Cemig, Nilton Neves,distingue o Desconto Social da TSEE, benef\u00edcios n\u00e3o cumulativos. &#8220;As fam\u00edlias que j\u00e1 s\u00e3o atendidas pela Tarifa Social permanecem com esse benef\u00edcio e n\u00e3o t\u00eam direito ao novo desconto. A medida integra a pol\u00edtica nacional conduzida pelo Minist\u00e9rio de Minas e Energia e j\u00e1 est\u00e1 sendo implementada em todo o pa\u00eds, por meio do cruzamento de dados do Cadastro \u00danico com as informa\u00e7\u00f5es das distribuidoras de energia&#8221;, explica.<\/p>\n\n\n\n<p><strong>Desconto Social<\/strong><\/p>\n\n\n\n<p>O Desconto Social est\u00e1 dispon\u00edvel para fam\u00edlias inscritas no Cad\u00danico, com renda familiar per capita entre meio e um sal\u00e1rio-m\u00ednimo, desde que o cadastro esteja atualizado h\u00e1 menos de 24 meses, a conta de energia esteja vinculada a um integrante do grupo familiar e o endere\u00e7o informado seja compat\u00edvel com a unidade consumidora. Cada fam\u00edlia pode receber o benef\u00edcio em apenas uma unidade consumidora.<\/p>\n\n\n\n<p>Em Minas, cerca de 250 mil fam\u00edlias j\u00e1 atendem a todos os crit\u00e9rios e passaram a receber o desconto automaticamente, sem necessidade de procurar a Cemig. Parte do p\u00fablico potencial, no entanto, ainda n\u00e3o foi contemplada neste primeiro momento por inconsist\u00eancias cadastrais, como conta de energia em nome de terceiros ou endere\u00e7o desatualizado no Cad\u00danico. Nesses casos, \u00e9 necess\u00e1rio regularizar as informa\u00e7\u00f5es para que o benef\u00edcio seja aplicado.<\/p>\n\n\n\n<p><strong>Amplia\u00e7\u00e3o da Tarifa Social<\/strong><\/p>\n\n\n\n<p>A TSEE foi ampliada em 2024. Com base na Medida Provis\u00f3ria n\u00ba 1.300\/2025, aproximadamente 330 mil fam\u00edlias mineiras benefici\u00e1rias da Tarifa Social e com consumo mensal de at\u00e9 80 quilowatts-hora passaram a ter isen\u00e7\u00e3o total da tarifa de energia el\u00e9trica. Outros mais de 1 milh\u00e3o de clientes continuam pagando apenas o valor referente ao consumo que ultrapassar esse limite.<\/p>\n\n\n\n<p>A Tarifa Social&nbsp;\u00e9 destinada a consumidores cadastrados em programas sociais do Governo Federal, como o Cad\u00danico e o Benef\u00edcio de Presta\u00e7\u00e3o Continuada (BPC). A inclus\u00e3o no programa ocorre automaticamente para fam\u00edlias identificadas pela distribuidora, sem necessidade de solicita\u00e7\u00e3o. Contudo, as fam\u00edlias precisam estar com o cadastro em dia para ter direito ao benef\u00edcio.<\/p>\n\n\n\n<p>A atualiza\u00e7\u00e3o do benef\u00edcio ocorre de forma autom\u00e1tica, sem necessidade de contato com a Cemig. Mesmo nos casos de gratuidade, permanecem na fatura apenas valores como a contribui\u00e7\u00e3o para ilumina\u00e7\u00e3o p\u00fablica, definida por cada munic\u00edpio, al\u00e9m de eventuais encargos por atraso no pagamento.<\/p>\n\n\n\n<p>A manuten\u00e7\u00e3o do cadastro junto ao Governo Federal \u00e9 fundamental, uma vez que inconsist\u00eancias no Cad\u00danico podem levar \u00e0 n\u00e3o habilita\u00e7\u00e3o ou \u00e0 suspens\u00e3o do benef\u00edcio.<\/p>\n","protected":false},"excerpt":{"rendered":"<p>Medida beneficia fam\u00edlias de baixa renda n\u00e3o contempladas pela Tarifa Social e garante redu\u00e7\u00e3o m\u00e9dia de R$ 20 na conta de energia J\u00e1 est\u00e1 em vigor, nas contas de luz emitidas a partir do faturamento de janeiro de 2026 pela&nbsp;Companhia Energ\u00e9tica de Minas Gerais (Cemig), o Desconto Social de Energia El\u00e9trica. A iniciativa amplia a [&hellip;]<\/p>\n","protected":false},"author":5,"featured_media":168934,"comment_status":"closed","ping_status":"open","sticky":false,"template":"","format":"standard","meta":{"advgb_blocks_editor_width":"","advgb_blocks_columns_visual_guide":"","_exactmetrics_skip_tracking":false,"_exactmetrics_sitenote_active":false,"_exactmetrics_sitenote_note":"","_exactmetrics_sitenote_category":0,"footnotes":""},"categories":[7,2],"tags":[],"class_list":["post-168933","post","type-post","status-publish","format-standard","has-post-thumbnail","hentry","category-destaques","category-noticias"],"better_featured_image":{"id":168934,"alt_text":"","caption":"","description":"","media_type":"image","media_details":{"width":1401,"height":1131,"file":"2026\/01\/TSEE2960_Cemig_DVLGC.jpg","filesize":209219,"sizes":{"medium":{"file":"TSEE2960_Cemig_DVLGC-372x300.jpg","width":372,"height":300,"mime-type":"image\/jpeg","filesize":22688,"source_url":"https:\/\/lavras.tv\/site\/wp-content\/uploads\/2026\/01\/TSEE2960_Cemig_DVLGC-372x300.jpg"},"large":{"file":"TSEE2960_Cemig_DVLGC-970x783.jpg","width":970,"height":783,"mime-type":"image\/jpeg","filesize":102252,"source_url":"https:\/\/lavras.tv\/site\/wp-content\/uploads\/2026\/01\/TSEE2960_Cemig_DVLGC-970x783.jpg"},"thumbnail":{"file":"TSEE2960_Cemig_DVLGC-170x137.jpg","width":170,"height":137,"mime-type":"image\/jpeg","filesize":6464,"source_url":"https:\/\/lavras.tv\/site\/wp-content\/uploads\/2026\/01\/TSEE2960_Cemig_DVLGC-170x137.jpg"},"alm-thumbnail":{"file":"TSEE2960_Cemig_DVLGC-150x150.jpg","width":150,"height":150,"mime-type":"image\/jpeg","filesize":6436,"source_url":"https:\/\/lavras.tv\/site\/wp-content\/uploads\/2026\/01\/TSEE2960_Cemig_DVLGC-150x150.jpg"},"sow-carousel-default":{"file":"TSEE2960_Cemig_DVLGC-272x182.jpg","width":272,"height":182,"mime-type":"image\/jpeg","filesize":11356,"source_url":"https:\/\/lavras.tv\/site\/wp-content\/uploads\/2026\/01\/TSEE2960_Cemig_DVLGC-272x182.jpg"}},"image_meta":{"aperture":"0","credit":"","camera":"","caption":"","created_timestamp":"0","copyright":"","focal_length":"0","iso":"0","shutter_speed":"0","title":"","orientation":"0","keywords":[]}},"post":168933,"source_url":"https:\/\/lavras.tv\/site\/wp-content\/uploads\/2026\/01\/TSEE2960_Cemig_DVLGC.jpg"},"author_meta":{"display_name":"Vinicius Bustamante","author_link":"https:\/\/lavras.tv\/site\/author\/vinicius-bustamante\/"},"featured_img":"https:\/\/lavras.tv\/site\/wp-content\/uploads\/2026\/01\/TSEE2960_Cemig_DVLGC-372x300.jpg","coauthors":[],"tax_additional":{"categories":{"linked":["<a href=\"https:\/\/lavras.tv\/site\/category\/destaques\/\" class=\"advgb-post-tax-term\">Destaques<\/a>","<a href=\"https:\/\/lavras.tv\/site\/category\/noticias\/\" class=\"advgb-post-tax-term\">Not\u00edcias<\/a>"],"unlinked":["<span class=\"advgb-post-tax-term\">Destaques<\/span>","<span class=\"advgb-post-tax-term\">Not\u00edcias<\/span>"]}},"comment_count":"0","relative_dates":{"created":"Publicado 4 meses atr\u00e1s","modified":"Atualizado 4 meses atr\u00e1s"},"absolute_dates":{"created":"Publicado em 15 de janeiro de 2026","modified":"Atualizado em 15 de janeiro de 2026"},"absolute_dates_time":{"created":"Publicado em 15 de janeiro de 2026 18:20","modified":"Atualizado em 15 de janeiro de 2026 18:20"},"featured_img_caption":"","series_order":"","_links":{"self":[{"href":"https:\/\/lavras.tv\/site\/wp-json\/wp\/v2\/posts\/168933","targetHints":{"allow":["GET"]}}],"collection":[{"href":"https:\/\/lavras.tv\/site\/wp-json\/wp\/v2\/posts"}],"about":[{"href":"https:\/\/lavras.tv\/site\/wp-json\/wp\/v2\/types\/post"}],"author":[{"embeddable":true,"href":"https:\/\/lavras.tv\/site\/wp-json\/wp\/v2\/users\/5"}],"replies":[{"embeddable":true,"href":"https:\/\/lavras.tv\/site\/wp-json\/wp\/v2\/comments?post=168933"}],"version-history":[{"count":1,"href":"https:\/\/lavras.tv\/site\/wp-json\/wp\/v2\/posts\/168933\/revisions"}],"predecessor-version":[{"id":168935,"href":"https:\/\/lavras.tv\/site\/wp-json\/wp\/v2\/posts\/168933\/revisions\/168935"}],"wp:featuredmedia":[{"embeddable":true,"href":"https:\/\/lavras.tv\/site\/wp-json\/wp\/v2\/media\/168934"}],"wp:attachment":[{"href":"https:\/\/lavras.tv\/site\/wp-json\/wp\/v2\/media?parent=168933"}],"wp:term":[{"taxonomy":"category","embeddable":true,"href":"https:\/\/lavras.tv\/site\/wp-json\/wp\/v2\/categories?post=168933"},{"taxonomy":"post_tag","embeddable":true,"href":"https:\/\/lavras.tv\/site\/wp-json\/wp\/v2\/tags?post=168933"}],"curies":[{"name":"wp","href":"https:\/\/api.w.org\/{rel}","templated":true}]}}