{"id":168939,"date":"2026-01-15T18:29:59","date_gmt":"2026-01-15T21:29:59","guid":{"rendered":"https:\/\/lavras.tv\/site\/?p=168939"},"modified":"2026-01-15T18:30:01","modified_gmt":"2026-01-15T21:30:01","slug":"sul-de-minas-se-destaca-e-emplaca-tres-cidades-entre-as-maiores-arrecadadoras-de-icms-do-estado","status":"publish","type":"post","link":"https:\/\/lavras.tv\/site\/2026\/01\/15\/sul-de-minas-se-destaca-e-emplaca-tres-cidades-entre-as-maiores-arrecadadoras-de-icms-do-estado\/","title":{"rendered":"Sul de Minas se destaca e emplaca tr\u00eas cidades entre as maiores arrecadadoras de ICMS do estado"},"content":{"rendered":"<div class=\"lavra-antes-do-conteudo_2\" id=\"lavra-2075412264\"><div id=\"lavra-slider-27\" class=\"custom-slider lavra-slider-1972176126 lavra-slider\"><ul><li><div style=\"margin-left: auto;margin-right: auto;text-align: center;\" id=\"lavra-3487043162\"><a href=\"https:\/\/sistemas.lavras.mg.gov.br\/portalcidadao\/#df1b1a7c7b2a290bcb31e32771e610784662739a88807c0dacac58ede5f391a7530e299dc302d611ee73cb143fc22eaf93592e53e7b5bdb01b00a0b8d28dae460c141dd2ff83412e4dc1c31b16b25f33144a9e5620ea73b13f5bc1c59411d98439ad226e8af03840603796067d87afe130812cf3de24982d0e306f9e61e764e5\" aria-label=\"Lavras-TV&#8211;720x104px (1) (1)\"><img src=\"https:\/\/lavras.tv\/site\/wp-content\/uploads\/2025\/01\/Lavras-TV-720x104px-1-1.png\" alt=\"\"  srcset=\"https:\/\/lavras.tv\/site\/wp-content\/uploads\/2025\/01\/Lavras-TV-720x104px-1-1.png 720w, https:\/\/lavras.tv\/site\/wp-content\/uploads\/2025\/01\/Lavras-TV-720x104px-1-1-470x68.png 470w, https:\/\/lavras.tv\/site\/wp-content\/uploads\/2025\/01\/Lavras-TV-720x104px-1-1-170x25.png 170w, https:\/\/lavras.tv\/site\/wp-content\/uploads\/2025\/01\/Lavras-TV-720x104px-1-1-200x29.png 200w\" sizes=\"(max-width: 720px) 100vw, 720px\" width=\"720\" height=\"104\"  style=\"display: inline-block;\" \/><\/a><\/div><\/li><li><a href=\"https:\/\/sistemas.lavras.mg.gov.br\/portalcidadao\/#df1b1a7c7b2a290bcb31e32771e610784662739a88807c0dacac58ede5f391a7530e299dc302d611ee73cb143fc22eaf93592e53e7b5bdb01b00a0b8d28dae460c141dd2ff83412e4dc1c31b16b25f33144a9e5620ea73b13f5bc1c59411d98439ad226e8af03840603796067d87afe130812cf3de24982d0e306f9e61e764e5\" aria-label=\"Banner_Emprego_PortallavrasTV\"><img src=\"https:\/\/lavras.tv\/site\/wp-content\/uploads\/2025\/03\/Banner_Emprego_PortallavrasTV.png\" alt=\"\"  srcset=\"https:\/\/lavras.tv\/site\/wp-content\/uploads\/2025\/03\/Banner_Emprego_PortallavrasTV.png 720w, https:\/\/lavras.tv\/site\/wp-content\/uploads\/2025\/03\/Banner_Emprego_PortallavrasTV-470x68.png 470w, https:\/\/lavras.tv\/site\/wp-content\/uploads\/2025\/03\/Banner_Emprego_PortallavrasTV-170x25.png 170w, https:\/\/lavras.tv\/site\/wp-content\/uploads\/2025\/03\/Banner_Emprego_PortallavrasTV-200x29.png 200w\" sizes=\"(max-width: 720px) 100vw, 720px\" width=\"720\" height=\"104\"   \/><\/a><\/li><li><a href=\"https:\/\/sistemas.lavras.mg.gov.br\/portalcidadao\/#df1b1a7c7b2a290bcb31e32771e610784662739a88807c0dacac58ede5f391a7530e299dc302d611ee73cb143fc22eaf93592e53e7b5bdb01b00a0b8d28dae460c141dd2ff83412e4dc1c31b16b25f33144a9e5620ea73b13f5bc1c59411d98439ad226e8af03840603796067d87afe130812cf3de24982d0e306f9e61e764e5\" aria-label=\"Banner_Obras_PortallavrasTV\"><img src=\"https:\/\/lavras.tv\/site\/wp-content\/uploads\/2025\/03\/Banner_Obras_PortallavrasTV.png\" alt=\"\"  srcset=\"https:\/\/lavras.tv\/site\/wp-content\/uploads\/2025\/03\/Banner_Obras_PortallavrasTV.png 720w, https:\/\/lavras.tv\/site\/wp-content\/uploads\/2025\/03\/Banner_Obras_PortallavrasTV-470x68.png 470w, https:\/\/lavras.tv\/site\/wp-content\/uploads\/2025\/03\/Banner_Obras_PortallavrasTV-170x25.png 170w, https:\/\/lavras.tv\/site\/wp-content\/uploads\/2025\/03\/Banner_Obras_PortallavrasTV-200x29.png 200w\" sizes=\"(max-width: 720px) 100vw, 720px\" width=\"720\" height=\"104\"   \/><\/a><\/li><li><div style=\"margin-left: auto;margin-right: auto;text-align: center;\" id=\"lavra-3092560169\"><a href=\"https:\/\/sistemas.lavras.mg.gov.br\/portalcidadao\/#df1b1a7c7b2a290bcb31e32771e610784662739a88807c0dacac58ede5f391a7530e299dc302d611ee73cb143fc22eaf93592e53e7b5bdb01b00a0b8d28dae460c141dd2ff83412e4dc1c31b16b25f33144a9e5620ea73b13f5bc1c59411d98439ad226e8af03840603796067d87afe130812cf3de24982d0e306f9e61e764e5\" aria-label=\"Banner_Educa\u00e7\u00e3o_PortallavrasTV\"><img src=\"https:\/\/lavras.tv\/site\/wp-content\/uploads\/2025\/01\/Banner_Educacao_PortallavrasTV.png\" alt=\"\"  srcset=\"https:\/\/lavras.tv\/site\/wp-content\/uploads\/2025\/01\/Banner_Educacao_PortallavrasTV.png 720w, https:\/\/lavras.tv\/site\/wp-content\/uploads\/2025\/01\/Banner_Educacao_PortallavrasTV-470x68.png 470w, https:\/\/lavras.tv\/site\/wp-content\/uploads\/2025\/01\/Banner_Educacao_PortallavrasTV-170x25.png 170w, https:\/\/lavras.tv\/site\/wp-content\/uploads\/2025\/01\/Banner_Educacao_PortallavrasTV-200x29.png 200w\" sizes=\"(max-width: 720px) 100vw, 720px\" width=\"720\" height=\"104\"  style=\"display: inline-block;\" \/><\/a><\/div><\/li><li><a href=\"https:\/\/sistemas.lavras.mg.gov.br\/portalcidadao\/#df1b1a7c7b2a290bcb31e32771e610784662739a88807c0dacac58ede5f391a7530e299dc302d611ee73cb143fc22eaf93592e53e7b5bdb01b00a0b8d28dae460c141dd2ff83412e4dc1c31b16b25f33144a9e5620ea73b13f5bc1c59411d98439ad226e8af03840603796067d87afe130812cf3de24982d0e306f9e61e764e5\" aria-label=\"Banner_Sa\u00fade_PortallavrasTV\"><img src=\"https:\/\/lavras.tv\/site\/wp-content\/uploads\/2025\/03\/Banner_Saude_PortallavrasTV.png\" alt=\"\"  srcset=\"https:\/\/lavras.tv\/site\/wp-content\/uploads\/2025\/03\/Banner_Saude_PortallavrasTV.png 720w, https:\/\/lavras.tv\/site\/wp-content\/uploads\/2025\/03\/Banner_Saude_PortallavrasTV-470x68.png 470w, https:\/\/lavras.tv\/site\/wp-content\/uploads\/2025\/03\/Banner_Saude_PortallavrasTV-170x25.png 170w, https:\/\/lavras.tv\/site\/wp-content\/uploads\/2025\/03\/Banner_Saude_PortallavrasTV-200x29.png 200w\" sizes=\"(max-width: 720px) 100vw, 720px\" width=\"720\" height=\"104\"   \/><\/a><\/li><li><div id=\"lavra-4045262047\" style=\"width:720px;height:104px;background-color:#ddd;overflow:scroll;\">\n\t<strong>Sa\u00edda da depura\u00e7\u00e3o de an\u00fancios<\/strong>\n\t<br><br>\n\tO an\u00fancio n\u00e3o \u00e9 exibido na p\u00e1gina<br><br>post atual: Sul de Minas se destaca e emplaca tr\u00eas cidades entre as maiores arrecadadoras de ICMS do estado, ID: 168939<br><br><span style=\"color: red;\">O post atual n\u00e3o \u00e9 id\u00eantico ao post principal.<\/span><br><br>An\u00fancios: ROXO - TOPO INTERNA - ROTATIVO 2 (197)<br \/>Grupo de an\u00fancios: Princ_Meio01_720x104 (27)<br><br>Condi\u00e7\u00f5es de exibi\u00e7\u00e3o<div style=\"margin-bottom: 20px; white-space: pre-wrap; font-family: monospace; width: 100%; background: #ffe9e9;\"><strong>condi\u00e7\u00f5es gerais<\/strong><table border=\"1\"><thead><tr><th><\/th><th>An\u00fancios<\/th><th>wp_the_query<\/th><\/tr><\/thead><tr><td>is_main_query<\/td><td>1<\/td><td>1<\/td><\/tr><tr><td>is_rest_api<\/td><td>0<\/td><td>1<\/td><\/tr><tr><td>page<\/td><td>0<\/td><td>1<\/td><\/tr><tr><td>numpages<\/td><td>0<\/td><td>1<\/td><\/tr><tr><td>is_archive<\/td><td>1<\/td><td><\/td><\/tr><tr><td>is_search<\/td><td>1<\/td><td><\/td><\/tr><tr><td>is_home<\/td><td>1<\/td><td><\/td><\/tr><tr><td>is_404<\/td><td>1<\/td><td><\/td><\/tr><tr><td>is_attachment<\/td><td>1<\/td><td><\/td><\/tr><tr><td>is_singular<\/td><td>1<\/td><td><\/td><\/tr><tr><td>is_front_page<\/td><td>1<\/td><td><\/td><\/tr><tr><td>is_feed<\/td><td>1<\/td><td><\/td><\/tr><\/table><\/div><br><br><span style=\"color: red;\">Seu site usa HTTPS, mas o c\u00f3digo do an\u00fancio cont\u00e9m HTTP e pode n\u00e3o funcionar.<\/span>\t<br><br>\n\t<a style=\"color: green;\" href=\"https:\/\/wpadvancedads.com\/manual\/ad-debug-mode\/?utm_source=advanced-ads&utm_medium=link&utm_campaign=ad-debug-mode\" target=\"_blank\" rel=\"nofollow\">Encontre solu\u00e7\u00f5es no manual<\/a>\n<\/div>\n<\/li><\/ul><\/div><script>( window.advanced_ads_ready || jQuery( document ).ready ).call( null, function() {var $lavraslider1972176126 = jQuery( \".lavra-slider-1972176126\" );$lavraslider1972176126.on( \"unslider.ready\", function() { jQuery( \"div.custom-slider ul li\" ).css( \"display\", \"block\" ); });$lavraslider1972176126.unslider({ delay:4000, autoplay:true, nav:false, arrows:false, infinite:true });$lavraslider1972176126.on(\"mouseover\", function() {$lavraslider1972176126.unslider(\"stop\");}).on(\"mouseout\", function() {$lavraslider1972176126.unslider(\"start\");});});<\/script><\/div>\n<h2 class=\"wp-block-heading\">Extrema, Varginha e Pouso Alegre aparecem no ranking, confirmando a for\u00e7a produtiva, log\u00edstica e industrial do Sul do estado<\/h2>\n\n\n\n<figure class=\"wp-block-image\"><img decoding=\"async\" src=\"https:\/\/www.jornaldaregiaoonline.com.br\/uploads\/images\/202601\/image_870x_69693dbeb64ec.jpg\" alt=\"Sul de Minas se destaca e emplaca tr\u00eas cidades entre as maiores arrecadadoras de ICMS do estado\"\/><\/figure>\n\n\n\n<p>O desempenho das cidades sul-mineiras evidencia a descentraliza\u00e7\u00e3o da economia mineira e o fortalecimento do interior como motor de arrecada\u00e7\u00e3o, gera\u00e7\u00e3o de empregos e atra\u00e7\u00e3o de investimentos (Foto: Divulga\u00e7\u00e3o)<\/p>\n\n\n\n<p>Tr\u00eas cidades da regi\u00e3o figuram entre as dez maiores arrecadadoras de ICMS de Minas Gerais, segundo dados do Portal da Transpar\u00eancia do Estado.<\/p>\n\n\n\n<p>Extrema, Varginha e Pouso Alegre aparecem no ranking, confirmando a for\u00e7a produtiva, log\u00edstica e industrial do Sul do estado.<\/p>\n\n\n\n<p>Extrema ocupa a 5\u00aa coloca\u00e7\u00e3o geral, com arrecada\u00e7\u00e3o superior a R$ 3,3 bilh\u00f5es, consolidando-se como um dos principais polos log\u00edsticos e industriais de Minas.<\/p>\n\n\n\n<p>Na sequ\u00eancia, Varginha aparece em 6\u00ba lugar, com R$ 1,9 bilh\u00e3o, refor\u00e7ando sua posi\u00e7\u00e3o estrat\u00e9gica como centro regional de servi\u00e7os, com\u00e9rcio, agroneg\u00f3cio e log\u00edstica.<\/p>\n\n\n\n<p>Pouso Alegre tamb\u00e9m figura entre os dez primeiros, na 8\u00aa coloca\u00e7\u00e3o, com arrecada\u00e7\u00e3o pr\u00f3xima de R$ 1,86 bilh\u00e3o, impulsionada pela expans\u00e3o industrial, pela localiza\u00e7\u00e3o estrat\u00e9gica \u00e0s margens da BR-381 e pela atra\u00e7\u00e3o de grandes empresas.<\/p>\n\n\n\n<p><strong>Ranking das maiores arrecada\u00e7\u00f5es de ICMS em 2025<\/strong><\/p>\n\n\n\n<ol class=\"wp-block-list\">\n<li>Belo Horizonte\u00a0<\/li>\n\n\n\n<li>Betim<\/li>\n\n\n\n<li>Uberl\u00e2ndia<\/li>\n\n\n\n<li>Contagem<\/li>\n\n\n\n<li>Extrema<\/li>\n\n\n\n<li>Varginha<\/li>\n\n\n\n<li>Uberaba<\/li>\n\n\n\n<li>Pouso Alegre<\/li>\n\n\n\n<li>Sete Lagoas<\/li>\n\n\n\n<li>Juiz de Fora\u00a0<\/li>\n<\/ol>\n\n\n\n<p>O desempenho das cidades sul-mineiras evidencia a descentraliza\u00e7\u00e3o da economia mineira e o fortalecimento do interior como motor de arrecada\u00e7\u00e3o, gera\u00e7\u00e3o de empregos e atra\u00e7\u00e3o de investimentos.<\/p>\n\n\n\n<p>Especialistas apontam que fatores como infraestrutura log\u00edstica, ambiente favor\u00e1vel aos neg\u00f3cios, diversifica\u00e7\u00e3o econ\u00f4mica e localiza\u00e7\u00e3o estrat\u00e9gica explicam o protagonismo de Extrema, Varginha e Pouso Alegre no cen\u00e1rio estadual.<\/p>\n","protected":false},"excerpt":{"rendered":"<p>Extrema, Varginha e Pouso Alegre aparecem no ranking, confirmando a for\u00e7a produtiva, log\u00edstica e industrial do Sul do estado O desempenho das cidades sul-mineiras evidencia a descentraliza\u00e7\u00e3o da economia mineira e o fortalecimento do interior como motor de arrecada\u00e7\u00e3o, gera\u00e7\u00e3o de empregos e atra\u00e7\u00e3o de investimentos (Foto: Divulga\u00e7\u00e3o) Tr\u00eas cidades da regi\u00e3o figuram entre as [&hellip;]<\/p>\n","protected":false},"author":5,"featured_media":168940,"comment_status":"closed","ping_status":"open","sticky":false,"template":"","format":"standard","meta":{"advgb_blocks_editor_width":"","advgb_blocks_columns_visual_guide":"","_exactmetrics_skip_tracking":false,"_exactmetrics_sitenote_active":false,"_exactmetrics_sitenote_note":"","_exactmetrics_sitenote_category":0,"footnotes":""},"categories":[17,2,5760],"tags":[],"class_list":["post-168939","post","type-post","status-publish","format-standard","has-post-thumbnail","hentry","category-jornal-cidade","category-noticias","category-noticias-jornal-cidade"],"better_featured_image":{"id":168940,"alt_text":"","caption":"","description":"","media_type":"image","media_details":{"width":870,"height":489,"file":"2026\/01\/image_870x_69693dbeb64ec.jpg","filesize":114420,"sizes":{"medium":{"file":"image_870x_69693dbeb64ec-470x264.jpg","width":470,"height":264,"mime-type":"image\/jpeg","filesize":29721,"source_url":"https:\/\/lavras.tv\/site\/wp-content\/uploads\/2026\/01\/image_870x_69693dbeb64ec-470x264.jpg"},"thumbnail":{"file":"image_870x_69693dbeb64ec-170x96.jpg","width":170,"height":96,"mime-type":"image\/jpeg","filesize":5064,"source_url":"https:\/\/lavras.tv\/site\/wp-content\/uploads\/2026\/01\/image_870x_69693dbeb64ec-170x96.jpg"},"alm-thumbnail":{"file":"image_870x_69693dbeb64ec-150x150.jpg","width":150,"height":150,"mime-type":"image\/jpeg","filesize":6332,"source_url":"https:\/\/lavras.tv\/site\/wp-content\/uploads\/2026\/01\/image_870x_69693dbeb64ec-150x150.jpg"},"sow-carousel-default":{"file":"image_870x_69693dbeb64ec-272x182.jpg","width":272,"height":182,"mime-type":"image\/jpeg","filesize":13047,"source_url":"https:\/\/lavras.tv\/site\/wp-content\/uploads\/2026\/01\/image_870x_69693dbeb64ec-272x182.jpg"}},"image_meta":{"aperture":"0","credit":"","camera":"","caption":"","created_timestamp":"0","copyright":"","focal_length":"0","iso":"0","shutter_speed":"0","title":"","orientation":"0","keywords":[]}},"post":168939,"source_url":"https:\/\/lavras.tv\/site\/wp-content\/uploads\/2026\/01\/image_870x_69693dbeb64ec.jpg"},"author_meta":{"display_name":"Vinicius Bustamante","author_link":"https:\/\/lavras.tv\/site\/author\/vinicius-bustamante\/"},"featured_img":"https:\/\/lavras.tv\/site\/wp-content\/uploads\/2026\/01\/image_870x_69693dbeb64ec-470x264.jpg","coauthors":[],"tax_additional":{"categories":{"linked":["<a href=\"https:\/\/lavras.tv\/site\/category\/sem-categoria\/jornal-cidade\/\" class=\"advgb-post-tax-term\">DESTAQUE PRINCIPAL<\/a>","<a href=\"https:\/\/lavras.tv\/site\/category\/noticias\/\" class=\"advgb-post-tax-term\">Not\u00edcias<\/a>","<a href=\"https:\/\/lavras.tv\/site\/category\/sem-categoria\/jornal-cidade\/noticias-jornal-cidade\/\" class=\"advgb-post-tax-term\">NOT\u00cdCIAS<\/a>"],"unlinked":["<span class=\"advgb-post-tax-term\">DESTAQUE PRINCIPAL<\/span>","<span class=\"advgb-post-tax-term\">Not\u00edcias<\/span>","<span class=\"advgb-post-tax-term\">NOT\u00cdCIAS<\/span>"]}},"comment_count":"0","relative_dates":{"created":"Publicado 4 meses atr\u00e1s","modified":"Atualizado 4 meses atr\u00e1s"},"absolute_dates":{"created":"Publicado em 15 de janeiro de 2026","modified":"Atualizado em 15 de janeiro de 2026"},"absolute_dates_time":{"created":"Publicado em 15 de janeiro de 2026 18:29","modified":"Atualizado em 15 de janeiro de 2026 18:30"},"featured_img_caption":"","series_order":"","_links":{"self":[{"href":"https:\/\/lavras.tv\/site\/wp-json\/wp\/v2\/posts\/168939","targetHints":{"allow":["GET"]}}],"collection":[{"href":"https:\/\/lavras.tv\/site\/wp-json\/wp\/v2\/posts"}],"about":[{"href":"https:\/\/lavras.tv\/site\/wp-json\/wp\/v2\/types\/post"}],"author":[{"embeddable":true,"href":"https:\/\/lavras.tv\/site\/wp-json\/wp\/v2\/users\/5"}],"replies":[{"embeddable":true,"href":"https:\/\/lavras.tv\/site\/wp-json\/wp\/v2\/comments?post=168939"}],"version-history":[{"count":1,"href":"https:\/\/lavras.tv\/site\/wp-json\/wp\/v2\/posts\/168939\/revisions"}],"predecessor-version":[{"id":168941,"href":"https:\/\/lavras.tv\/site\/wp-json\/wp\/v2\/posts\/168939\/revisions\/168941"}],"wp:featuredmedia":[{"embeddable":true,"href":"https:\/\/lavras.tv\/site\/wp-json\/wp\/v2\/media\/168940"}],"wp:attachment":[{"href":"https:\/\/lavras.tv\/site\/wp-json\/wp\/v2\/media?parent=168939"}],"wp:term":[{"taxonomy":"category","embeddable":true,"href":"https:\/\/lavras.tv\/site\/wp-json\/wp\/v2\/categories?post=168939"},{"taxonomy":"post_tag","embeddable":true,"href":"https:\/\/lavras.tv\/site\/wp-json\/wp\/v2\/tags?post=168939"}],"curies":[{"name":"wp","href":"https:\/\/api.w.org\/{rel}","templated":true}]}}