{"id":168948,"date":"2026-01-16T13:06:11","date_gmt":"2026-01-16T16:06:11","guid":{"rendered":"https:\/\/lavras.tv\/site\/?p=168948"},"modified":"2026-01-16T13:06:12","modified_gmt":"2026-01-16T16:06:12","slug":"integracao-e-agilidade-policia-militar-localiza-bens-e-prende-suspeito-por-receptacao","status":"publish","type":"post","link":"https:\/\/lavras.tv\/site\/2026\/01\/16\/integracao-e-agilidade-policia-militar-localiza-bens-e-prende-suspeito-por-receptacao\/","title":{"rendered":"INTEGRA\u00c7\u00c3O E AGILIDADE: POL\u00cdCIA MILITAR LOCALIZA BENS E PRENDE SUSPEITO POR RECEPTA\u00c7\u00c3O"},"content":{"rendered":"<div class=\"lavra-antes-do-conteudo_2\" id=\"lavra-46573874\"><div id=\"lavra-slider-27\" class=\"custom-slider lavra-slider-1445688618 lavra-slider\"><ul><li><div style=\"margin-left: auto;margin-right: auto;text-align: center;\" id=\"lavra-2359134318\"><a href=\"https:\/\/sistemas.lavras.mg.gov.br\/portalcidadao\/#df1b1a7c7b2a290bcb31e32771e610784662739a88807c0dacac58ede5f391a7530e299dc302d611ee73cb143fc22eaf93592e53e7b5bdb01b00a0b8d28dae460c141dd2ff83412e4dc1c31b16b25f33144a9e5620ea73b13f5bc1c59411d98439ad226e8af03840603796067d87afe130812cf3de24982d0e306f9e61e764e5\" aria-label=\"Lavras-TV&#8211;720x104px (1) (1)\"><img src=\"https:\/\/lavras.tv\/site\/wp-content\/uploads\/2025\/01\/Lavras-TV-720x104px-1-1.png\" alt=\"\"  srcset=\"https:\/\/lavras.tv\/site\/wp-content\/uploads\/2025\/01\/Lavras-TV-720x104px-1-1.png 720w, https:\/\/lavras.tv\/site\/wp-content\/uploads\/2025\/01\/Lavras-TV-720x104px-1-1-470x68.png 470w, https:\/\/lavras.tv\/site\/wp-content\/uploads\/2025\/01\/Lavras-TV-720x104px-1-1-170x25.png 170w, https:\/\/lavras.tv\/site\/wp-content\/uploads\/2025\/01\/Lavras-TV-720x104px-1-1-200x29.png 200w\" sizes=\"(max-width: 720px) 100vw, 720px\" width=\"720\" height=\"104\"  style=\"display: inline-block;\" \/><\/a><\/div><\/li><li><a href=\"https:\/\/sistemas.lavras.mg.gov.br\/portalcidadao\/#df1b1a7c7b2a290bcb31e32771e610784662739a88807c0dacac58ede5f391a7530e299dc302d611ee73cb143fc22eaf93592e53e7b5bdb01b00a0b8d28dae460c141dd2ff83412e4dc1c31b16b25f33144a9e5620ea73b13f5bc1c59411d98439ad226e8af03840603796067d87afe130812cf3de24982d0e306f9e61e764e5\" aria-label=\"Banner_Emprego_PortallavrasTV\"><img src=\"https:\/\/lavras.tv\/site\/wp-content\/uploads\/2025\/03\/Banner_Emprego_PortallavrasTV.png\" alt=\"\"  srcset=\"https:\/\/lavras.tv\/site\/wp-content\/uploads\/2025\/03\/Banner_Emprego_PortallavrasTV.png 720w, https:\/\/lavras.tv\/site\/wp-content\/uploads\/2025\/03\/Banner_Emprego_PortallavrasTV-470x68.png 470w, https:\/\/lavras.tv\/site\/wp-content\/uploads\/2025\/03\/Banner_Emprego_PortallavrasTV-170x25.png 170w, https:\/\/lavras.tv\/site\/wp-content\/uploads\/2025\/03\/Banner_Emprego_PortallavrasTV-200x29.png 200w\" sizes=\"(max-width: 720px) 100vw, 720px\" width=\"720\" height=\"104\"   \/><\/a><\/li><li><a href=\"https:\/\/sistemas.lavras.mg.gov.br\/portalcidadao\/#df1b1a7c7b2a290bcb31e32771e610784662739a88807c0dacac58ede5f391a7530e299dc302d611ee73cb143fc22eaf93592e53e7b5bdb01b00a0b8d28dae460c141dd2ff83412e4dc1c31b16b25f33144a9e5620ea73b13f5bc1c59411d98439ad226e8af03840603796067d87afe130812cf3de24982d0e306f9e61e764e5\" aria-label=\"Banner_Obras_PortallavrasTV\"><img src=\"https:\/\/lavras.tv\/site\/wp-content\/uploads\/2025\/03\/Banner_Obras_PortallavrasTV.png\" alt=\"\"  srcset=\"https:\/\/lavras.tv\/site\/wp-content\/uploads\/2025\/03\/Banner_Obras_PortallavrasTV.png 720w, https:\/\/lavras.tv\/site\/wp-content\/uploads\/2025\/03\/Banner_Obras_PortallavrasTV-470x68.png 470w, https:\/\/lavras.tv\/site\/wp-content\/uploads\/2025\/03\/Banner_Obras_PortallavrasTV-170x25.png 170w, https:\/\/lavras.tv\/site\/wp-content\/uploads\/2025\/03\/Banner_Obras_PortallavrasTV-200x29.png 200w\" sizes=\"(max-width: 720px) 100vw, 720px\" width=\"720\" height=\"104\"   \/><\/a><\/li><li><div style=\"margin-left: auto;margin-right: auto;text-align: center;\" id=\"lavra-4181092050\"><a href=\"https:\/\/sistemas.lavras.mg.gov.br\/portalcidadao\/#df1b1a7c7b2a290bcb31e32771e610784662739a88807c0dacac58ede5f391a7530e299dc302d611ee73cb143fc22eaf93592e53e7b5bdb01b00a0b8d28dae460c141dd2ff83412e4dc1c31b16b25f33144a9e5620ea73b13f5bc1c59411d98439ad226e8af03840603796067d87afe130812cf3de24982d0e306f9e61e764e5\" aria-label=\"Banner_Educa\u00e7\u00e3o_PortallavrasTV\"><img src=\"https:\/\/lavras.tv\/site\/wp-content\/uploads\/2025\/01\/Banner_Educacao_PortallavrasTV.png\" alt=\"\"  srcset=\"https:\/\/lavras.tv\/site\/wp-content\/uploads\/2025\/01\/Banner_Educacao_PortallavrasTV.png 720w, https:\/\/lavras.tv\/site\/wp-content\/uploads\/2025\/01\/Banner_Educacao_PortallavrasTV-470x68.png 470w, https:\/\/lavras.tv\/site\/wp-content\/uploads\/2025\/01\/Banner_Educacao_PortallavrasTV-170x25.png 170w, https:\/\/lavras.tv\/site\/wp-content\/uploads\/2025\/01\/Banner_Educacao_PortallavrasTV-200x29.png 200w\" sizes=\"(max-width: 720px) 100vw, 720px\" width=\"720\" height=\"104\"  style=\"display: inline-block;\" \/><\/a><\/div><\/li><li><a href=\"https:\/\/sistemas.lavras.mg.gov.br\/portalcidadao\/#df1b1a7c7b2a290bcb31e32771e610784662739a88807c0dacac58ede5f391a7530e299dc302d611ee73cb143fc22eaf93592e53e7b5bdb01b00a0b8d28dae460c141dd2ff83412e4dc1c31b16b25f33144a9e5620ea73b13f5bc1c59411d98439ad226e8af03840603796067d87afe130812cf3de24982d0e306f9e61e764e5\" aria-label=\"Banner_Sa\u00fade_PortallavrasTV\"><img src=\"https:\/\/lavras.tv\/site\/wp-content\/uploads\/2025\/03\/Banner_Saude_PortallavrasTV.png\" alt=\"\"  srcset=\"https:\/\/lavras.tv\/site\/wp-content\/uploads\/2025\/03\/Banner_Saude_PortallavrasTV.png 720w, https:\/\/lavras.tv\/site\/wp-content\/uploads\/2025\/03\/Banner_Saude_PortallavrasTV-470x68.png 470w, https:\/\/lavras.tv\/site\/wp-content\/uploads\/2025\/03\/Banner_Saude_PortallavrasTV-170x25.png 170w, https:\/\/lavras.tv\/site\/wp-content\/uploads\/2025\/03\/Banner_Saude_PortallavrasTV-200x29.png 200w\" sizes=\"(max-width: 720px) 100vw, 720px\" width=\"720\" height=\"104\"   \/><\/a><\/li><li><div id=\"lavra-2347738100\" style=\"width:720px;height:104px;background-color:#ddd;overflow:scroll;\">\n\t<strong>Sa\u00edda da depura\u00e7\u00e3o de an\u00fancios<\/strong>\n\t<br><br>\n\tO an\u00fancio n\u00e3o \u00e9 exibido na p\u00e1gina<br><br>post atual: INTEGRA\u00c7\u00c3O E AGILIDADE: POL\u00cdCIA MILITAR LOCALIZA BENS E PRENDE SUSPEITO POR RECEPTA\u00c7\u00c3O, ID: 168948<br><br><span style=\"color: red;\">O post atual n\u00e3o \u00e9 id\u00eantico ao post principal.<\/span><br><br>An\u00fancios: ROXO - TOPO INTERNA - ROTATIVO 2 (197)<br \/>Grupo de an\u00fancios: Princ_Meio01_720x104 (27)<br><br>Condi\u00e7\u00f5es de exibi\u00e7\u00e3o<div style=\"margin-bottom: 20px; white-space: pre-wrap; font-family: monospace; width: 100%; background: #ffe9e9;\"><strong>condi\u00e7\u00f5es gerais<\/strong><table border=\"1\"><thead><tr><th><\/th><th>An\u00fancios<\/th><th>wp_the_query<\/th><\/tr><\/thead><tr><td>is_main_query<\/td><td>1<\/td><td>1<\/td><\/tr><tr><td>is_rest_api<\/td><td>0<\/td><td>1<\/td><\/tr><tr><td>page<\/td><td>0<\/td><td>1<\/td><\/tr><tr><td>numpages<\/td><td>0<\/td><td>1<\/td><\/tr><tr><td>is_archive<\/td><td>1<\/td><td><\/td><\/tr><tr><td>is_search<\/td><td>1<\/td><td><\/td><\/tr><tr><td>is_home<\/td><td>1<\/td><td><\/td><\/tr><tr><td>is_404<\/td><td>1<\/td><td><\/td><\/tr><tr><td>is_attachment<\/td><td>1<\/td><td><\/td><\/tr><tr><td>is_singular<\/td><td>1<\/td><td><\/td><\/tr><tr><td>is_front_page<\/td><td>1<\/td><td><\/td><\/tr><tr><td>is_feed<\/td><td>1<\/td><td><\/td><\/tr><\/table><\/div><br><br><span style=\"color: red;\">Seu site usa HTTPS, mas o c\u00f3digo do an\u00fancio cont\u00e9m HTTP e pode n\u00e3o funcionar.<\/span>\t<br><br>\n\t<a style=\"color: green;\" href=\"https:\/\/wpadvancedads.com\/manual\/ad-debug-mode\/?utm_source=advanced-ads&utm_medium=link&utm_campaign=ad-debug-mode\" target=\"_blank\" rel=\"nofollow\">Encontre solu\u00e7\u00f5es no manual<\/a>\n<\/div>\n<\/li><\/ul><\/div><script>( window.advanced_ads_ready || jQuery( document ).ready ).call( null, function() {var $lavraslider1445688618 = jQuery( \".lavra-slider-1445688618\" );$lavraslider1445688618.on( \"unslider.ready\", function() { jQuery( \"div.custom-slider ul li\" ).css( \"display\", \"block\" ); });$lavraslider1445688618.unslider({ delay:4000, autoplay:true, nav:false, arrows:false, infinite:true });$lavraslider1445688618.on(\"mouseover\", function() {$lavraslider1445688618.unslider(\"stop\");}).on(\"mouseout\", function() {$lavraslider1445688618.unslider(\"start\");});});<\/script><\/div>\n<figure class=\"wp-block-image size-large\"><img fetchpriority=\"high\" decoding=\"async\" width=\"683\" height=\"1024\" src=\"https:\/\/lavras.tv\/site\/wp-content\/uploads\/2026\/01\/WhatsApp-Image-2026-01-16-at-09.23.31-683x1024.jpeg\" alt=\"\" class=\"wp-image-168949\" srcset=\"https:\/\/lavras.tv\/site\/wp-content\/uploads\/2026\/01\/WhatsApp-Image-2026-01-16-at-09.23.31-683x1024.jpeg 683w, https:\/\/lavras.tv\/site\/wp-content\/uploads\/2026\/01\/WhatsApp-Image-2026-01-16-at-09.23.31-200x300.jpeg 200w, https:\/\/lavras.tv\/site\/wp-content\/uploads\/2026\/01\/WhatsApp-Image-2026-01-16-at-09.23.31-100x150.jpeg 100w, https:\/\/lavras.tv\/site\/wp-content\/uploads\/2026\/01\/WhatsApp-Image-2026-01-16-at-09.23.31.jpeg 1024w\" sizes=\"(max-width: 683px) 100vw, 683px\" \/><\/figure>\n\n\n\n<p>Na noite de quarta-feira (15\/01), a Pol\u00edcia Militar recuperou materiais furtados e prendeu um homem de 24 anos por recepta\u00e7\u00e3o no bairro Residencial Judith C\u00e2ndido, em Lavras.<\/p>\n\n\n\n<p>Ap\u00f3s acionamento via 190, as equipes se deslocaram at\u00e9 o bairro, onde a v\u00edtima havia rastreado, em tempo real, a localiza\u00e7\u00e3o de um aparelho celular. No local, os militares localizaram no interior de uma resid\u00eancia um celular, um t\u00eanis e um netbook, todos reconhecidos pela v\u00edtima. O suspeito fugiu inicialmente, mas foi localizado posteriormente, ocasi\u00e3o em que se entregou e devolveu o restante do material. Ele recebeu voz de pris\u00e3o em flagrante por recepta\u00e7\u00e3o e foi encaminhado \u00e0 delegacia para demais provid\u00eancias.<\/p>\n\n\n\n<p>A Pol\u00edcia Militar refor\u00e7a a import\u00e2ncia da colabora\u00e7\u00e3o da comunidade e destaca que a\u00e7\u00f5es r\u00e1pidas e integradas contribuem de forma decisiva para a recupera\u00e7\u00e3o de bens e a responsabiliza\u00e7\u00e3o dos autores.<\/p>\n\n\n\n<p>Pol\u00edcia Militar de Minas Gerais, 25<\/p>\n","protected":false},"excerpt":{"rendered":"<p>Na noite de quarta-feira (15\/01), a Pol\u00edcia Militar recuperou materiais furtados e prendeu um homem de 24 anos por recepta\u00e7\u00e3o no bairro Residencial Judith C\u00e2ndido, em Lavras. Ap\u00f3s acionamento via 190, as equipes se deslocaram at\u00e9 o bairro, onde a v\u00edtima havia rastreado, em tempo real, a localiza\u00e7\u00e3o de um aparelho celular. No local, os [&hellip;]<\/p>\n","protected":false},"author":5,"featured_media":168949,"comment_status":"closed","ping_status":"open","sticky":false,"template":"","format":"standard","meta":{"advgb_blocks_editor_width":"","advgb_blocks_columns_visual_guide":"","_exactmetrics_skip_tracking":false,"_exactmetrics_sitenote_active":false,"_exactmetrics_sitenote_note":"","_exactmetrics_sitenote_category":0,"footnotes":""},"categories":[7,2],"tags":[],"class_list":["post-168948","post","type-post","status-publish","format-standard","has-post-thumbnail","hentry","category-destaques","category-noticias"],"better_featured_image":{"id":168949,"alt_text":"","caption":"","description":"","media_type":"image","media_details":{"width":1024,"height":1536,"file":"2026\/01\/WhatsApp-Image-2026-01-16-at-09.23.31.jpeg","filesize":178394,"sizes":{"medium":{"file":"WhatsApp-Image-2026-01-16-at-09.23.31-200x300.jpeg","width":200,"height":300,"mime-type":"image\/jpeg","filesize":16881,"source_url":"https:\/\/lavras.tv\/site\/wp-content\/uploads\/2026\/01\/WhatsApp-Image-2026-01-16-at-09.23.31-200x300.jpeg"},"large":{"file":"WhatsApp-Image-2026-01-16-at-09.23.31-683x1024.jpeg","width":683,"height":1024,"mime-type":"image\/jpeg","filesize":112637,"source_url":"https:\/\/lavras.tv\/site\/wp-content\/uploads\/2026\/01\/WhatsApp-Image-2026-01-16-at-09.23.31-683x1024.jpeg"},"thumbnail":{"file":"WhatsApp-Image-2026-01-16-at-09.23.31-100x150.jpeg","width":100,"height":150,"mime-type":"image\/jpeg","filesize":5573,"source_url":"https:\/\/lavras.tv\/site\/wp-content\/uploads\/2026\/01\/WhatsApp-Image-2026-01-16-at-09.23.31-100x150.jpeg"},"alm-thumbnail":{"file":"WhatsApp-Image-2026-01-16-at-09.23.31-150x150.jpeg","width":150,"height":150,"mime-type":"image\/jpeg","filesize":7746,"source_url":"https:\/\/lavras.tv\/site\/wp-content\/uploads\/2026\/01\/WhatsApp-Image-2026-01-16-at-09.23.31-150x150.jpeg"},"sow-carousel-default":{"file":"WhatsApp-Image-2026-01-16-at-09.23.31-272x182.jpeg","width":272,"height":182,"mime-type":"image\/jpeg","filesize":13645,"source_url":"https:\/\/lavras.tv\/site\/wp-content\/uploads\/2026\/01\/WhatsApp-Image-2026-01-16-at-09.23.31-272x182.jpeg"}},"image_meta":{"aperture":"0","credit":"","camera":"","caption":"","created_timestamp":"0","copyright":"","focal_length":"0","iso":"0","shutter_speed":"0","title":"","orientation":"0","keywords":[]}},"post":168948,"source_url":"https:\/\/lavras.tv\/site\/wp-content\/uploads\/2026\/01\/WhatsApp-Image-2026-01-16-at-09.23.31.jpeg"},"author_meta":{"display_name":"Vinicius Bustamante","author_link":"https:\/\/lavras.tv\/site\/author\/vinicius-bustamante\/"},"featured_img":"https:\/\/lavras.tv\/site\/wp-content\/uploads\/2026\/01\/WhatsApp-Image-2026-01-16-at-09.23.31-200x300.jpeg","coauthors":[],"tax_additional":{"categories":{"linked":["<a href=\"https:\/\/lavras.tv\/site\/category\/destaques\/\" class=\"advgb-post-tax-term\">Destaques<\/a>","<a href=\"https:\/\/lavras.tv\/site\/category\/noticias\/\" class=\"advgb-post-tax-term\">Not\u00edcias<\/a>"],"unlinked":["<span class=\"advgb-post-tax-term\">Destaques<\/span>","<span class=\"advgb-post-tax-term\">Not\u00edcias<\/span>"]}},"comment_count":"0","relative_dates":{"created":"Publicado 4 meses atr\u00e1s","modified":"Atualizado 4 meses atr\u00e1s"},"absolute_dates":{"created":"Publicado em 16 de janeiro de 2026","modified":"Atualizado em 16 de janeiro de 2026"},"absolute_dates_time":{"created":"Publicado em 16 de janeiro de 2026 13:06","modified":"Atualizado em 16 de janeiro de 2026 13:06"},"featured_img_caption":"","series_order":"","_links":{"self":[{"href":"https:\/\/lavras.tv\/site\/wp-json\/wp\/v2\/posts\/168948","targetHints":{"allow":["GET"]}}],"collection":[{"href":"https:\/\/lavras.tv\/site\/wp-json\/wp\/v2\/posts"}],"about":[{"href":"https:\/\/lavras.tv\/site\/wp-json\/wp\/v2\/types\/post"}],"author":[{"embeddable":true,"href":"https:\/\/lavras.tv\/site\/wp-json\/wp\/v2\/users\/5"}],"replies":[{"embeddable":true,"href":"https:\/\/lavras.tv\/site\/wp-json\/wp\/v2\/comments?post=168948"}],"version-history":[{"count":1,"href":"https:\/\/lavras.tv\/site\/wp-json\/wp\/v2\/posts\/168948\/revisions"}],"predecessor-version":[{"id":168950,"href":"https:\/\/lavras.tv\/site\/wp-json\/wp\/v2\/posts\/168948\/revisions\/168950"}],"wp:featuredmedia":[{"embeddable":true,"href":"https:\/\/lavras.tv\/site\/wp-json\/wp\/v2\/media\/168949"}],"wp:attachment":[{"href":"https:\/\/lavras.tv\/site\/wp-json\/wp\/v2\/media?parent=168948"}],"wp:term":[{"taxonomy":"category","embeddable":true,"href":"https:\/\/lavras.tv\/site\/wp-json\/wp\/v2\/categories?post=168948"},{"taxonomy":"post_tag","embeddable":true,"href":"https:\/\/lavras.tv\/site\/wp-json\/wp\/v2\/tags?post=168948"}],"curies":[{"name":"wp","href":"https:\/\/api.w.org\/{rel}","templated":true}]}}