{"id":168960,"date":"2026-01-19T17:26:36","date_gmt":"2026-01-19T20:26:36","guid":{"rendered":"https:\/\/lavras.tv\/site\/?p=168960"},"modified":"2026-01-19T17:26:38","modified_gmt":"2026-01-19T20:26:38","slug":"com-53-milhoes-de-doses-aplicadas-vacinacao-contra-a-covid-19-em-minas-completa-cinco-anos","status":"publish","type":"post","link":"https:\/\/lavras.tv\/site\/2026\/01\/19\/com-53-milhoes-de-doses-aplicadas-vacinacao-contra-a-covid-19-em-minas-completa-cinco-anos\/","title":{"rendered":"Com 53 milh\u00f5es de doses aplicadas, vacina\u00e7\u00e3o contra a covid-19 em Minas completa cinco anos"},"content":{"rendered":"<div class=\"lavra-antes-do-conteudo_2\" id=\"lavra-2002223685\"><div id=\"lavra-slider-27\" class=\"custom-slider lavra-slider-48285071 lavra-slider\"><ul><li><div style=\"margin-left: auto;margin-right: auto;text-align: center;\" id=\"lavra-2266780915\"><a href=\"https:\/\/sistemas.lavras.mg.gov.br\/portalcidadao\/#df1b1a7c7b2a290bcb31e32771e610784662739a88807c0dacac58ede5f391a7530e299dc302d611ee73cb143fc22eaf93592e53e7b5bdb01b00a0b8d28dae460c141dd2ff83412e4dc1c31b16b25f33144a9e5620ea73b13f5bc1c59411d98439ad226e8af03840603796067d87afe130812cf3de24982d0e306f9e61e764e5\" aria-label=\"Lavras-TV&#8211;720x104px (1) (1)\"><img src=\"https:\/\/lavras.tv\/site\/wp-content\/uploads\/2025\/01\/Lavras-TV-720x104px-1-1.png\" alt=\"\"  srcset=\"https:\/\/lavras.tv\/site\/wp-content\/uploads\/2025\/01\/Lavras-TV-720x104px-1-1.png 720w, https:\/\/lavras.tv\/site\/wp-content\/uploads\/2025\/01\/Lavras-TV-720x104px-1-1-470x68.png 470w, https:\/\/lavras.tv\/site\/wp-content\/uploads\/2025\/01\/Lavras-TV-720x104px-1-1-170x25.png 170w, https:\/\/lavras.tv\/site\/wp-content\/uploads\/2025\/01\/Lavras-TV-720x104px-1-1-200x29.png 200w\" sizes=\"(max-width: 720px) 100vw, 720px\" width=\"720\" height=\"104\"  style=\"display: inline-block;\" \/><\/a><\/div><\/li><li><a href=\"https:\/\/sistemas.lavras.mg.gov.br\/portalcidadao\/#df1b1a7c7b2a290bcb31e32771e610784662739a88807c0dacac58ede5f391a7530e299dc302d611ee73cb143fc22eaf93592e53e7b5bdb01b00a0b8d28dae460c141dd2ff83412e4dc1c31b16b25f33144a9e5620ea73b13f5bc1c59411d98439ad226e8af03840603796067d87afe130812cf3de24982d0e306f9e61e764e5\" aria-label=\"Banner_Emprego_PortallavrasTV\"><img src=\"https:\/\/lavras.tv\/site\/wp-content\/uploads\/2025\/03\/Banner_Emprego_PortallavrasTV.png\" alt=\"\"  srcset=\"https:\/\/lavras.tv\/site\/wp-content\/uploads\/2025\/03\/Banner_Emprego_PortallavrasTV.png 720w, https:\/\/lavras.tv\/site\/wp-content\/uploads\/2025\/03\/Banner_Emprego_PortallavrasTV-470x68.png 470w, https:\/\/lavras.tv\/site\/wp-content\/uploads\/2025\/03\/Banner_Emprego_PortallavrasTV-170x25.png 170w, https:\/\/lavras.tv\/site\/wp-content\/uploads\/2025\/03\/Banner_Emprego_PortallavrasTV-200x29.png 200w\" sizes=\"(max-width: 720px) 100vw, 720px\" width=\"720\" height=\"104\"   \/><\/a><\/li><li><a href=\"https:\/\/sistemas.lavras.mg.gov.br\/portalcidadao\/#df1b1a7c7b2a290bcb31e32771e610784662739a88807c0dacac58ede5f391a7530e299dc302d611ee73cb143fc22eaf93592e53e7b5bdb01b00a0b8d28dae460c141dd2ff83412e4dc1c31b16b25f33144a9e5620ea73b13f5bc1c59411d98439ad226e8af03840603796067d87afe130812cf3de24982d0e306f9e61e764e5\" aria-label=\"Banner_Obras_PortallavrasTV\"><img src=\"https:\/\/lavras.tv\/site\/wp-content\/uploads\/2025\/03\/Banner_Obras_PortallavrasTV.png\" alt=\"\"  srcset=\"https:\/\/lavras.tv\/site\/wp-content\/uploads\/2025\/03\/Banner_Obras_PortallavrasTV.png 720w, https:\/\/lavras.tv\/site\/wp-content\/uploads\/2025\/03\/Banner_Obras_PortallavrasTV-470x68.png 470w, https:\/\/lavras.tv\/site\/wp-content\/uploads\/2025\/03\/Banner_Obras_PortallavrasTV-170x25.png 170w, https:\/\/lavras.tv\/site\/wp-content\/uploads\/2025\/03\/Banner_Obras_PortallavrasTV-200x29.png 200w\" sizes=\"(max-width: 720px) 100vw, 720px\" width=\"720\" height=\"104\"   \/><\/a><\/li><li><div style=\"margin-left: auto;margin-right: auto;text-align: center;\" id=\"lavra-911893739\"><a href=\"https:\/\/sistemas.lavras.mg.gov.br\/portalcidadao\/#df1b1a7c7b2a290bcb31e32771e610784662739a88807c0dacac58ede5f391a7530e299dc302d611ee73cb143fc22eaf93592e53e7b5bdb01b00a0b8d28dae460c141dd2ff83412e4dc1c31b16b25f33144a9e5620ea73b13f5bc1c59411d98439ad226e8af03840603796067d87afe130812cf3de24982d0e306f9e61e764e5\" aria-label=\"Banner_Educa\u00e7\u00e3o_PortallavrasTV\"><img src=\"https:\/\/lavras.tv\/site\/wp-content\/uploads\/2025\/01\/Banner_Educacao_PortallavrasTV.png\" alt=\"\"  srcset=\"https:\/\/lavras.tv\/site\/wp-content\/uploads\/2025\/01\/Banner_Educacao_PortallavrasTV.png 720w, https:\/\/lavras.tv\/site\/wp-content\/uploads\/2025\/01\/Banner_Educacao_PortallavrasTV-470x68.png 470w, https:\/\/lavras.tv\/site\/wp-content\/uploads\/2025\/01\/Banner_Educacao_PortallavrasTV-170x25.png 170w, https:\/\/lavras.tv\/site\/wp-content\/uploads\/2025\/01\/Banner_Educacao_PortallavrasTV-200x29.png 200w\" sizes=\"(max-width: 720px) 100vw, 720px\" width=\"720\" height=\"104\"  style=\"display: inline-block;\" \/><\/a><\/div><\/li><li><a href=\"https:\/\/sistemas.lavras.mg.gov.br\/portalcidadao\/#df1b1a7c7b2a290bcb31e32771e610784662739a88807c0dacac58ede5f391a7530e299dc302d611ee73cb143fc22eaf93592e53e7b5bdb01b00a0b8d28dae460c141dd2ff83412e4dc1c31b16b25f33144a9e5620ea73b13f5bc1c59411d98439ad226e8af03840603796067d87afe130812cf3de24982d0e306f9e61e764e5\" aria-label=\"Banner_Sa\u00fade_PortallavrasTV\"><img src=\"https:\/\/lavras.tv\/site\/wp-content\/uploads\/2025\/03\/Banner_Saude_PortallavrasTV.png\" alt=\"\"  srcset=\"https:\/\/lavras.tv\/site\/wp-content\/uploads\/2025\/03\/Banner_Saude_PortallavrasTV.png 720w, https:\/\/lavras.tv\/site\/wp-content\/uploads\/2025\/03\/Banner_Saude_PortallavrasTV-470x68.png 470w, https:\/\/lavras.tv\/site\/wp-content\/uploads\/2025\/03\/Banner_Saude_PortallavrasTV-170x25.png 170w, https:\/\/lavras.tv\/site\/wp-content\/uploads\/2025\/03\/Banner_Saude_PortallavrasTV-200x29.png 200w\" sizes=\"(max-width: 720px) 100vw, 720px\" width=\"720\" height=\"104\"   \/><\/a><\/li><li><div id=\"lavra-1671557359\" style=\"width:720px;height:104px;background-color:#ddd;overflow:scroll;\">\n\t<strong>Sa\u00edda da depura\u00e7\u00e3o de an\u00fancios<\/strong>\n\t<br><br>\n\tO an\u00fancio n\u00e3o \u00e9 exibido na p\u00e1gina<br><br>post atual: Com 53 milh\u00f5es de doses aplicadas, vacina\u00e7\u00e3o contra a covid-19 em Minas completa cinco anos, ID: 168960<br><br><span style=\"color: red;\">O post atual n\u00e3o \u00e9 id\u00eantico ao post principal.<\/span><br><br>An\u00fancios: ROXO - TOPO INTERNA - ROTATIVO 2 (197)<br \/>Grupo de an\u00fancios: Princ_Meio01_720x104 (27)<br><br>Condi\u00e7\u00f5es de exibi\u00e7\u00e3o<div style=\"margin-bottom: 20px; white-space: pre-wrap; font-family: monospace; width: 100%; background: #ffe9e9;\"><strong>condi\u00e7\u00f5es gerais<\/strong><table border=\"1\"><thead><tr><th><\/th><th>An\u00fancios<\/th><th>wp_the_query<\/th><\/tr><\/thead><tr><td>is_main_query<\/td><td>1<\/td><td>1<\/td><\/tr><tr><td>is_rest_api<\/td><td>0<\/td><td>1<\/td><\/tr><tr><td>page<\/td><td>0<\/td><td>1<\/td><\/tr><tr><td>numpages<\/td><td>0<\/td><td>1<\/td><\/tr><tr><td>is_archive<\/td><td>1<\/td><td><\/td><\/tr><tr><td>is_search<\/td><td>1<\/td><td><\/td><\/tr><tr><td>is_home<\/td><td>1<\/td><td><\/td><\/tr><tr><td>is_404<\/td><td>1<\/td><td><\/td><\/tr><tr><td>is_attachment<\/td><td>1<\/td><td><\/td><\/tr><tr><td>is_singular<\/td><td>1<\/td><td><\/td><\/tr><tr><td>is_front_page<\/td><td>1<\/td><td><\/td><\/tr><tr><td>is_feed<\/td><td>1<\/td><td><\/td><\/tr><\/table><\/div><br><br><span style=\"color: red;\">Seu site usa HTTPS, mas o c\u00f3digo do an\u00fancio cont\u00e9m HTTP e pode n\u00e3o funcionar.<\/span>\t<br><br>\n\t<a style=\"color: green;\" href=\"https:\/\/wpadvancedads.com\/manual\/ad-debug-mode\/?utm_source=advanced-ads&utm_medium=link&utm_campaign=ad-debug-mode\" target=\"_blank\" rel=\"nofollow\">Encontre solu\u00e7\u00f5es no manual<\/a>\n<\/div>\n<\/li><\/ul><\/div><script>( window.advanced_ads_ready || jQuery( document ).ready ).call( null, function() {var $lavraslider48285071 = jQuery( \".lavra-slider-48285071\" );$lavraslider48285071.on( \"unslider.ready\", function() { jQuery( \"div.custom-slider ul li\" ).css( \"display\", \"block\" ); });$lavraslider48285071.unslider({ delay:4000, autoplay:true, nav:false, arrows:false, infinite:true });$lavraslider48285071.on(\"mouseover\", function() {$lavraslider48285071.unslider(\"stop\");}).on(\"mouseout\", function() {$lavraslider48285071.unslider(\"start\");});});<\/script><\/div>\n<h2 class=\"wp-block-heading\">Iniciada em janeiro de 2021, campanha se tornou a maior opera\u00e7\u00e3o de vacina\u00e7\u00e3o da hist\u00f3ria do estado e ajudou a salvar milhares de vidas<\/h2>\n\n\n\n<p><img decoding=\"async\" alt=\"imagem de destaque\" class=\"\" src=\"https:\/\/www.agenciaminas.mg.gov.br\/system\/news\/images\/000\/128\/759\/large\/IMG_3668.jpg.jpg?1768595719\">Pedro Gontijo \/ Imprensa MG<\/p>\n\n\n\n<p>A t\u00e9cnica de enfermagem Maria Bom Sucesso Pereira foi a primeira pessoa vacinada contra a covid-19 em Minas Gerais<\/p>\n\n\n\n<p>Cinco anos ap\u00f3s o in\u00edcio da maior opera\u00e7\u00e3o de vacina\u00e7\u00e3o da hist\u00f3ria de Minas Gerais, a campanha contra a covid-19 alcan\u00e7ou a marca de mais de 53 milh\u00f5es de doses aplicadas em todo o estado. O esfor\u00e7o coletivo, iniciado em 18\/1 de 2021, foi decisivo para reduzir casos graves, interna\u00e7\u00f5es e \u00f3bitos, al\u00e9m de devolver seguran\u00e7a e esperan\u00e7a \u00e0 popula\u00e7\u00e3o mineira.<\/p>\n\n\n\n<p>O marco ocorre em um contexto que ainda remete aos momentos mais desafiadores da pandemia. Em 2020, a Organiza\u00e7\u00e3o Mundial da Sa\u00fade declarou emerg\u00eancia de sa\u00fade p\u00fablica mundial ap\u00f3s os primeiros casos confirmados na China. No in\u00edcio de 2021, quando as primeiras vacinas chegaram ao Brasil, Minas Gerais j\u00e1 contabilizava mais de 539 mil casos e cerca de 13 mil mortes provocadas pela doen\u00e7a.<\/p>\n\n\n\n<p>Desde ent\u00e3o, a vacina\u00e7\u00e3o se consolidou como a principal estrat\u00e9gia de enfrentamento \u00e0 covid-19. De acordo com o subsecret\u00e1rio de Vigil\u00e2ncia em Sa\u00fade da&nbsp;<a href=\"https:\/\/www.saude.mg.gov.br\/\" target=\"_blank\" rel=\"noreferrer noopener\">Secretaria de Estado de Sa\u00fade de Minas Gerais (SES-MG)<\/a>, Eduardo&nbsp;Prosdocimi, a imuniza\u00e7\u00e3o segue sendo fundamental para a prote\u00e7\u00e3o da popula\u00e7\u00e3o.<\/p>\n\n\n\n<p>\u201cA vacina\u00e7\u00e3o foi o principal legado que permitiu superar a emerg\u00eancia sanit\u00e1ria da pandemia. A covid-19 ainda circula em nosso estado, por isso, \u00e9 essencial que toda a popula\u00e7\u00e3o eleg\u00edvel procure uma unidade de sa\u00fade ou um&nbsp;vacim\u00f3vel&nbsp;e mantenha a caderneta de vacina\u00e7\u00e3o sempre atualizada\u201d, refor\u00e7a.<\/p>\n\n\n\n<p>Ainda segundo&nbsp;Prosdocimi, a&nbsp;experi\u00eancia deixou&nbsp;li\u00e7\u00f5es importantes. \u201cForam anos marcados por muitas perdas, e a vacina teve papel decisivo na redu\u00e7\u00e3o dos casos graves e das mortes. Minas Gerais tem investido em inova\u00e7\u00e3o e vem demonstrando que \u00e9 poss\u00edvel recuperar e manter altas coberturas vacinais. Com a covid-19, n\u00e3o deve ser diferente\u201d, afirma.&nbsp;<\/p>\n\n\n\n<p><strong>Esquema de vacina\u00e7\u00e3o&nbsp;<\/strong><\/p>\n\n\n\n<p>Atualmente, a vacina contra a covid-19 integra o calend\u00e1rio de vacina\u00e7\u00e3o de rotina em todo o estado. A imuniza\u00e7\u00e3o est\u00e1 dispon\u00edvel para crian\u00e7as de seis meses a menores de cinco anos, idosos com 60 anos ou mais e gestantes, em qualquer per\u00edodo da gesta\u00e7\u00e3o.<\/p>\n\n\n\n<p>J\u00e1 na estrat\u00e9gia especial, a vacina\u00e7\u00e3o \u00e9 indicada para pessoas imunocomprometidas, popula\u00e7\u00e3o ind\u00edgena, ribeirinha e quilombola, pu\u00e9rperas, trabalhadores da sa\u00fade, pessoas com comorbidades, pessoas privadas de liberdade, em situa\u00e7\u00e3o de rua, com defici\u00eancia permanente e aquelas que vivem em institui\u00e7\u00f5es de longa perman\u00eancia, al\u00e9m de seus trabalhadores.<\/p>\n\n\n\n<p>Atualmente, o Sistema \u00danico de Sa\u00fade disponibiliza tr\u00eas vacinas contra a covid-19: duas de RNA mensageiro, da Pfizer e da Moderna, e uma de prote\u00edna recombinante, produzida pelo&nbsp;Serum&nbsp;Institute&nbsp;of&nbsp;India. At\u00e9 o momento, Minas Gerais j\u00e1 recebeu do Minist\u00e9rio da Sa\u00fade mais de 76 milh\u00f5es de doses do imunizante.<\/p>\n\n\n\n<p><strong>Primeira dose<\/strong><\/p>\n\n\n\n<p>A primeira pessoa vacinada contra a covid-19 em Minas Gerais foi a t\u00e9cnica de enfermagem Maria Bom Sucesso Pereira, conhecida como&nbsp;Cec\u00e9, ent\u00e3o com 58 anos, que atuava na linha de frente do atendimento no Hospital Eduardo de Menezes, unidade da Funda\u00e7\u00e3o Hospitalar do Estado de Minas Gerais (Fhemig), em Belo Horizonte.<\/p>\n\n\n\n<p>Ela recebeu a primeira dose em 18\/1 de 2021, no Aeroporto Internacional de Belo Horizonte, em Confins, logo ap\u00f3s a chegada das vacinas ao estado. O ato simb\u00f3lico marcou o in\u00edcio da campanha de vacina\u00e7\u00e3o em Minas e se tornou um dos registros mais emblem\u00e1ticos da luta contra a pandemia.<\/p>\n\n\n\n<p>\u201cMeu maior medo era contaminar minha fam\u00edlia. Quando a vacina chegou e eu fui a primeira a ser vacinada, eu renasci. A partir daquele dia, falar de covid j\u00e1 n\u00e3o me causava medo, eu estava tranquila, imunizada\u201d, lembra Cec\u00e9.<\/p>\n\n\n\n<p>Durante a pandemia, o Hospital Eduardo de Menezes foi a principal refer\u00eancia no atendimento aos casos de covid-19 na rede estadual p\u00fablica de sa\u00fade, com seus leitos destinados integralmente ao cuidado de pacientes com suspeita ou confirma\u00e7\u00e3o da doen\u00e7a.&nbsp;<\/p>\n","protected":false},"excerpt":{"rendered":"<p>Iniciada em janeiro de 2021, campanha se tornou a maior opera\u00e7\u00e3o de vacina\u00e7\u00e3o da hist\u00f3ria do estado e ajudou a salvar milhares de vidas Pedro Gontijo \/ Imprensa MG A t\u00e9cnica de enfermagem Maria Bom Sucesso Pereira foi a primeira pessoa vacinada contra a covid-19 em Minas Gerais Cinco anos ap\u00f3s o in\u00edcio da maior [&hellip;]<\/p>\n","protected":false},"author":5,"featured_media":168961,"comment_status":"closed","ping_status":"open","sticky":false,"template":"","format":"standard","meta":{"advgb_blocks_editor_width":"","advgb_blocks_columns_visual_guide":"","_exactmetrics_skip_tracking":false,"_exactmetrics_sitenote_active":false,"_exactmetrics_sitenote_note":"","_exactmetrics_sitenote_category":0,"footnotes":""},"categories":[7,2],"tags":[],"class_list":["post-168960","post","type-post","status-publish","format-standard","has-post-thumbnail","hentry","category-destaques","category-noticias"],"better_featured_image":{"id":168961,"alt_text":"","caption":"","description":"","media_type":"image","media_details":{"width":940,"height":350,"file":"2026\/01\/IMG_3668.jpg.jpg","filesize":381782,"sizes":{"medium":{"file":"IMG_3668.jpg-470x175.jpg","width":470,"height":175,"mime-type":"image\/jpeg","filesize":24473,"source_url":"https:\/\/lavras.tv\/site\/wp-content\/uploads\/2026\/01\/IMG_3668.jpg-470x175.jpg"},"thumbnail":{"file":"IMG_3668.jpg-170x63.jpg","width":170,"height":63,"mime-type":"image\/jpeg","filesize":5837,"source_url":"https:\/\/lavras.tv\/site\/wp-content\/uploads\/2026\/01\/IMG_3668.jpg-170x63.jpg"},"alm-thumbnail":{"file":"IMG_3668.jpg-150x150.jpg","width":150,"height":150,"mime-type":"image\/jpeg","filesize":8815,"source_url":"https:\/\/lavras.tv\/site\/wp-content\/uploads\/2026\/01\/IMG_3668.jpg-150x150.jpg"},"sow-carousel-default":{"file":"IMG_3668.jpg-272x182.jpg","width":272,"height":182,"mime-type":"image\/jpeg","filesize":16386,"source_url":"https:\/\/lavras.tv\/site\/wp-content\/uploads\/2026\/01\/IMG_3668.jpg-272x182.jpg"}},"image_meta":{"aperture":"0","credit":"","camera":"","caption":"","created_timestamp":"0","copyright":"","focal_length":"0","iso":"0","shutter_speed":"0","title":"","orientation":"0","keywords":[]}},"post":168960,"source_url":"https:\/\/lavras.tv\/site\/wp-content\/uploads\/2026\/01\/IMG_3668.jpg.jpg"},"author_meta":{"display_name":"Vinicius Bustamante","author_link":"https:\/\/lavras.tv\/site\/author\/vinicius-bustamante\/"},"featured_img":"https:\/\/lavras.tv\/site\/wp-content\/uploads\/2026\/01\/IMG_3668.jpg-470x175.jpg","coauthors":[],"tax_additional":{"categories":{"linked":["<a href=\"https:\/\/lavras.tv\/site\/category\/destaques\/\" class=\"advgb-post-tax-term\">Destaques<\/a>","<a href=\"https:\/\/lavras.tv\/site\/category\/noticias\/\" class=\"advgb-post-tax-term\">Not\u00edcias<\/a>"],"unlinked":["<span class=\"advgb-post-tax-term\">Destaques<\/span>","<span class=\"advgb-post-tax-term\">Not\u00edcias<\/span>"]}},"comment_count":"0","relative_dates":{"created":"Publicado 3 meses atr\u00e1s","modified":"Atualizado 3 meses atr\u00e1s"},"absolute_dates":{"created":"Publicado em 19 de janeiro de 2026","modified":"Atualizado em 19 de janeiro de 2026"},"absolute_dates_time":{"created":"Publicado em 19 de janeiro de 2026 17:26","modified":"Atualizado em 19 de janeiro de 2026 17:26"},"featured_img_caption":"","series_order":"","_links":{"self":[{"href":"https:\/\/lavras.tv\/site\/wp-json\/wp\/v2\/posts\/168960","targetHints":{"allow":["GET"]}}],"collection":[{"href":"https:\/\/lavras.tv\/site\/wp-json\/wp\/v2\/posts"}],"about":[{"href":"https:\/\/lavras.tv\/site\/wp-json\/wp\/v2\/types\/post"}],"author":[{"embeddable":true,"href":"https:\/\/lavras.tv\/site\/wp-json\/wp\/v2\/users\/5"}],"replies":[{"embeddable":true,"href":"https:\/\/lavras.tv\/site\/wp-json\/wp\/v2\/comments?post=168960"}],"version-history":[{"count":1,"href":"https:\/\/lavras.tv\/site\/wp-json\/wp\/v2\/posts\/168960\/revisions"}],"predecessor-version":[{"id":168962,"href":"https:\/\/lavras.tv\/site\/wp-json\/wp\/v2\/posts\/168960\/revisions\/168962"}],"wp:featuredmedia":[{"embeddable":true,"href":"https:\/\/lavras.tv\/site\/wp-json\/wp\/v2\/media\/168961"}],"wp:attachment":[{"href":"https:\/\/lavras.tv\/site\/wp-json\/wp\/v2\/media?parent=168960"}],"wp:term":[{"taxonomy":"category","embeddable":true,"href":"https:\/\/lavras.tv\/site\/wp-json\/wp\/v2\/categories?post=168960"},{"taxonomy":"post_tag","embeddable":true,"href":"https:\/\/lavras.tv\/site\/wp-json\/wp\/v2\/tags?post=168960"}],"curies":[{"name":"wp","href":"https:\/\/api.w.org\/{rel}","templated":true}]}}