{"id":168963,"date":"2026-01-19T17:32:18","date_gmt":"2026-01-19T20:32:18","guid":{"rendered":"https:\/\/lavras.tv\/site\/?p=168963"},"modified":"2026-01-19T17:32:19","modified_gmt":"2026-01-19T20:32:19","slug":"dia-mundial-do-queijo-em-minas-agroindustrias-familiares-produziram-43-mil-toneladas-em-2025","status":"publish","type":"post","link":"https:\/\/lavras.tv\/site\/2026\/01\/19\/dia-mundial-do-queijo-em-minas-agroindustrias-familiares-produziram-43-mil-toneladas-em-2025\/","title":{"rendered":"Dia Mundial do Queijo: em Minas, agroind\u00fastrias familiares produziram 43 mil toneladas em 2025"},"content":{"rendered":"<div class=\"lavra-antes-do-conteudo_2\" id=\"lavra-1672489051\"><div id=\"lavra-slider-27\" class=\"custom-slider lavra-slider-32913291 lavra-slider\"><ul><li><div style=\"margin-left: auto;margin-right: auto;text-align: center;\" id=\"lavra-1885588003\"><a href=\"https:\/\/sistemas.lavras.mg.gov.br\/portalcidadao\/#df1b1a7c7b2a290bcb31e32771e610784662739a88807c0dacac58ede5f391a7530e299dc302d611ee73cb143fc22eaf93592e53e7b5bdb01b00a0b8d28dae460c141dd2ff83412e4dc1c31b16b25f33144a9e5620ea73b13f5bc1c59411d98439ad226e8af03840603796067d87afe130812cf3de24982d0e306f9e61e764e5\" aria-label=\"Lavras-TV&#8211;720x104px (1) (1)\"><img src=\"https:\/\/lavras.tv\/site\/wp-content\/uploads\/2025\/01\/Lavras-TV-720x104px-1-1.png\" alt=\"\"  srcset=\"https:\/\/lavras.tv\/site\/wp-content\/uploads\/2025\/01\/Lavras-TV-720x104px-1-1.png 720w, https:\/\/lavras.tv\/site\/wp-content\/uploads\/2025\/01\/Lavras-TV-720x104px-1-1-470x68.png 470w, https:\/\/lavras.tv\/site\/wp-content\/uploads\/2025\/01\/Lavras-TV-720x104px-1-1-170x25.png 170w, https:\/\/lavras.tv\/site\/wp-content\/uploads\/2025\/01\/Lavras-TV-720x104px-1-1-200x29.png 200w\" sizes=\"(max-width: 720px) 100vw, 720px\" width=\"720\" height=\"104\"  style=\"display: inline-block;\" \/><\/a><\/div><\/li><li><a href=\"https:\/\/sistemas.lavras.mg.gov.br\/portalcidadao\/#df1b1a7c7b2a290bcb31e32771e610784662739a88807c0dacac58ede5f391a7530e299dc302d611ee73cb143fc22eaf93592e53e7b5bdb01b00a0b8d28dae460c141dd2ff83412e4dc1c31b16b25f33144a9e5620ea73b13f5bc1c59411d98439ad226e8af03840603796067d87afe130812cf3de24982d0e306f9e61e764e5\" aria-label=\"Banner_Emprego_PortallavrasTV\"><img src=\"https:\/\/lavras.tv\/site\/wp-content\/uploads\/2025\/03\/Banner_Emprego_PortallavrasTV.png\" alt=\"\"  srcset=\"https:\/\/lavras.tv\/site\/wp-content\/uploads\/2025\/03\/Banner_Emprego_PortallavrasTV.png 720w, https:\/\/lavras.tv\/site\/wp-content\/uploads\/2025\/03\/Banner_Emprego_PortallavrasTV-470x68.png 470w, https:\/\/lavras.tv\/site\/wp-content\/uploads\/2025\/03\/Banner_Emprego_PortallavrasTV-170x25.png 170w, https:\/\/lavras.tv\/site\/wp-content\/uploads\/2025\/03\/Banner_Emprego_PortallavrasTV-200x29.png 200w\" sizes=\"(max-width: 720px) 100vw, 720px\" width=\"720\" height=\"104\"   \/><\/a><\/li><li><a href=\"https:\/\/sistemas.lavras.mg.gov.br\/portalcidadao\/#df1b1a7c7b2a290bcb31e32771e610784662739a88807c0dacac58ede5f391a7530e299dc302d611ee73cb143fc22eaf93592e53e7b5bdb01b00a0b8d28dae460c141dd2ff83412e4dc1c31b16b25f33144a9e5620ea73b13f5bc1c59411d98439ad226e8af03840603796067d87afe130812cf3de24982d0e306f9e61e764e5\" aria-label=\"Banner_Obras_PortallavrasTV\"><img src=\"https:\/\/lavras.tv\/site\/wp-content\/uploads\/2025\/03\/Banner_Obras_PortallavrasTV.png\" alt=\"\"  srcset=\"https:\/\/lavras.tv\/site\/wp-content\/uploads\/2025\/03\/Banner_Obras_PortallavrasTV.png 720w, https:\/\/lavras.tv\/site\/wp-content\/uploads\/2025\/03\/Banner_Obras_PortallavrasTV-470x68.png 470w, https:\/\/lavras.tv\/site\/wp-content\/uploads\/2025\/03\/Banner_Obras_PortallavrasTV-170x25.png 170w, https:\/\/lavras.tv\/site\/wp-content\/uploads\/2025\/03\/Banner_Obras_PortallavrasTV-200x29.png 200w\" sizes=\"(max-width: 720px) 100vw, 720px\" width=\"720\" height=\"104\"   \/><\/a><\/li><li><div style=\"margin-left: auto;margin-right: auto;text-align: center;\" id=\"lavra-560926016\"><a href=\"https:\/\/sistemas.lavras.mg.gov.br\/portalcidadao\/#df1b1a7c7b2a290bcb31e32771e610784662739a88807c0dacac58ede5f391a7530e299dc302d611ee73cb143fc22eaf93592e53e7b5bdb01b00a0b8d28dae460c141dd2ff83412e4dc1c31b16b25f33144a9e5620ea73b13f5bc1c59411d98439ad226e8af03840603796067d87afe130812cf3de24982d0e306f9e61e764e5\" aria-label=\"Banner_Educa\u00e7\u00e3o_PortallavrasTV\"><img src=\"https:\/\/lavras.tv\/site\/wp-content\/uploads\/2025\/01\/Banner_Educacao_PortallavrasTV.png\" alt=\"\"  srcset=\"https:\/\/lavras.tv\/site\/wp-content\/uploads\/2025\/01\/Banner_Educacao_PortallavrasTV.png 720w, https:\/\/lavras.tv\/site\/wp-content\/uploads\/2025\/01\/Banner_Educacao_PortallavrasTV-470x68.png 470w, https:\/\/lavras.tv\/site\/wp-content\/uploads\/2025\/01\/Banner_Educacao_PortallavrasTV-170x25.png 170w, https:\/\/lavras.tv\/site\/wp-content\/uploads\/2025\/01\/Banner_Educacao_PortallavrasTV-200x29.png 200w\" sizes=\"(max-width: 720px) 100vw, 720px\" width=\"720\" height=\"104\"  style=\"display: inline-block;\" \/><\/a><\/div><\/li><li><a href=\"https:\/\/sistemas.lavras.mg.gov.br\/portalcidadao\/#df1b1a7c7b2a290bcb31e32771e610784662739a88807c0dacac58ede5f391a7530e299dc302d611ee73cb143fc22eaf93592e53e7b5bdb01b00a0b8d28dae460c141dd2ff83412e4dc1c31b16b25f33144a9e5620ea73b13f5bc1c59411d98439ad226e8af03840603796067d87afe130812cf3de24982d0e306f9e61e764e5\" aria-label=\"Banner_Sa\u00fade_PortallavrasTV\"><img src=\"https:\/\/lavras.tv\/site\/wp-content\/uploads\/2025\/03\/Banner_Saude_PortallavrasTV.png\" alt=\"\"  srcset=\"https:\/\/lavras.tv\/site\/wp-content\/uploads\/2025\/03\/Banner_Saude_PortallavrasTV.png 720w, https:\/\/lavras.tv\/site\/wp-content\/uploads\/2025\/03\/Banner_Saude_PortallavrasTV-470x68.png 470w, https:\/\/lavras.tv\/site\/wp-content\/uploads\/2025\/03\/Banner_Saude_PortallavrasTV-170x25.png 170w, https:\/\/lavras.tv\/site\/wp-content\/uploads\/2025\/03\/Banner_Saude_PortallavrasTV-200x29.png 200w\" sizes=\"(max-width: 720px) 100vw, 720px\" width=\"720\" height=\"104\"   \/><\/a><\/li><li><div id=\"lavra-2412258551\" style=\"width:720px;height:104px;background-color:#ddd;overflow:scroll;\">\n\t<strong>Sa\u00edda da depura\u00e7\u00e3o de an\u00fancios<\/strong>\n\t<br><br>\n\tO an\u00fancio n\u00e3o \u00e9 exibido na p\u00e1gina<br><br>post atual: Dia Mundial do Queijo: em Minas, agroind\u00fastrias familiares produziram 43 mil toneladas em 2025, ID: 168963<br><br><span style=\"color: red;\">O post atual n\u00e3o \u00e9 id\u00eantico ao post principal.<\/span><br><br>An\u00fancios: ROXO - TOPO INTERNA - ROTATIVO 2 (197)<br \/>Grupo de an\u00fancios: Princ_Meio01_720x104 (27)<br><br>Condi\u00e7\u00f5es de exibi\u00e7\u00e3o<div style=\"margin-bottom: 20px; white-space: pre-wrap; font-family: monospace; width: 100%; background: #ffe9e9;\"><strong>condi\u00e7\u00f5es gerais<\/strong><table border=\"1\"><thead><tr><th><\/th><th>An\u00fancios<\/th><th>wp_the_query<\/th><\/tr><\/thead><tr><td>is_main_query<\/td><td>1<\/td><td>1<\/td><\/tr><tr><td>is_rest_api<\/td><td>0<\/td><td>1<\/td><\/tr><tr><td>page<\/td><td>0<\/td><td>1<\/td><\/tr><tr><td>numpages<\/td><td>0<\/td><td>1<\/td><\/tr><tr><td>is_archive<\/td><td>1<\/td><td><\/td><\/tr><tr><td>is_search<\/td><td>1<\/td><td><\/td><\/tr><tr><td>is_home<\/td><td>1<\/td><td><\/td><\/tr><tr><td>is_404<\/td><td>1<\/td><td><\/td><\/tr><tr><td>is_attachment<\/td><td>1<\/td><td><\/td><\/tr><tr><td>is_singular<\/td><td>1<\/td><td><\/td><\/tr><tr><td>is_front_page<\/td><td>1<\/td><td><\/td><\/tr><tr><td>is_feed<\/td><td>1<\/td><td><\/td><\/tr><\/table><\/div><br><br><span style=\"color: red;\">Seu site usa HTTPS, mas o c\u00f3digo do an\u00fancio cont\u00e9m HTTP e pode n\u00e3o funcionar.<\/span>\t<br><br>\n\t<a style=\"color: green;\" href=\"https:\/\/wpadvancedads.com\/manual\/ad-debug-mode\/?utm_source=advanced-ads&utm_medium=link&utm_campaign=ad-debug-mode\" target=\"_blank\" rel=\"nofollow\">Encontre solu\u00e7\u00f5es no manual<\/a>\n<\/div>\n<\/li><\/ul><\/div><script>( window.advanced_ads_ready || jQuery( document ).ready ).call( null, function() {var $lavraslider32913291 = jQuery( \".lavra-slider-32913291\" );$lavraslider32913291.on( \"unslider.ready\", function() { jQuery( \"div.custom-slider ul li\" ).css( \"display\", \"block\" ); });$lavraslider32913291.unslider({ delay:4000, autoplay:true, nav:false, arrows:false, infinite:true });$lavraslider32913291.on(\"mouseover\", function() {$lavraslider32913291.unslider(\"stop\");}).on(\"mouseout\", function() {$lavraslider32913291.unslider(\"start\");});});<\/script><\/div>\n<h2 class=\"wp-block-heading\">Dados in\u00e9ditos da produ\u00e7\u00e3o mostram que estado conta com mais de 12 mil empreendimentos individuais<\/h2>\n\n\n\n<figure class=\"wp-block-image\"><img decoding=\"async\" src=\"https:\/\/www.agenciaminas.mg.gov.br\/system\/news\/images\/000\/128\/767\/large\/20190718_100017.jpg?1768833051\" alt=\"imagem de destaque\"\/><\/figure>\n\n\n\n<p>\u00c0s v\u00e9speras do Dia Mundial do Queijo, celebrado nesta ter\u00e7a-feira (20\/1), a&nbsp;<a href=\"https:\/\/www.emater.mg.gov.br\/\" target=\"_blank\" rel=\"noreferrer noopener\">Empresa de Assist\u00eancia T\u00e9cnica e Extens\u00e3o Rural do Estado de Minas Gerais (Emater-MG)<\/a>&nbsp;divulga dados in\u00e9ditos sobre a produ\u00e7\u00e3o de queijos pela agroind\u00fastria familiar de Minas Gerais.<br><br>O levantamento elaborado pela empresa aponta que, em todo o estado, foram produzidas 43 mil toneladas em 2025, confirmando a for\u00e7a econ\u00f4mica e cultural do setor.<br><br>Os dados foram consolidados a partir de informa\u00e7\u00f5es fornecidas pelos escrit\u00f3rios da Emater-MG em mais de 800 munic\u00edpios do estado e revelam n\u00e3o apenas o volume expressivo da produ\u00e7\u00e3o de queijos pelas ind\u00fastrias familiares, mas tamb\u00e9m a diversidade da iguaria no meio rural.<br>&nbsp;<\/p>\n\n\n\n<figure class=\"wp-block-table\"><table class=\"has-fixed-layout\"><tbody><tr><td class=\"has-text-align-center\" data-align=\"center\" colspan=\"5\"><img decoding=\"async\" alt=\"\" src=\"https:\/\/www.agenciaminas.mg.gov.br\/ckeditor_assets\/pictures\/20949\/content_2_olho_topo.jpg\"><\/td><\/tr><tr><td class=\"has-text-align-center\" data-align=\"center\">&nbsp;<\/td><td class=\"has-text-align-center\" data-align=\"center\" colspan=\"3\" rowspan=\"3\"><strong>&#8220;Nossos produtores s\u00e3o motivo de orgulho para todo o estado. Essas fam\u00edlias mant\u00eam a tradi\u00e7\u00e3o viva e movimentam a economia de Minas Gerais, com uma fabrica\u00e7\u00e3o de excel\u00eancia, que nos torna refer\u00eancia n\u00e3o s\u00f3 para o Brasil como para o mundo&#8221;, destacou o vice-governador Mateus Sim\u00f5es.<\/strong><\/td><td class=\"has-text-align-center\" data-align=\"center\">&nbsp;<\/td><\/tr><tr><td class=\"has-text-align-center\" data-align=\"center\">&nbsp;<\/td><td class=\"has-text-align-center\" data-align=\"center\">&nbsp;<\/td><\/tr><tr><td class=\"has-text-align-center\" data-align=\"center\">&nbsp;<\/td><td class=\"has-text-align-center\" data-align=\"center\">&nbsp;<\/td><\/tr><tr><td class=\"has-text-align-center\" data-align=\"center\" colspan=\"5\"><img decoding=\"async\" alt=\"\" src=\"https:\/\/www.agenciaminas.mg.gov.br\/ckeditor_assets\/pictures\/20950\/content_2_olho_inferior.jpg\"><\/td><\/tr><\/tbody><\/table><\/figure>\n\n\n\n<p><br><strong>Mais de 12 mil empreendimentos<\/strong><br><br>O levantamento mostra que a agroind\u00fastria familiar mineira conta com 12,5 mil empreendimentos individuais, que produzem uma ampla variedade de queijos. Entre os produtos elaborados com leite pasteurizado, est\u00e3o o queijo minas frescal, mu\u00e7arela, queijo minas padr\u00e3o, parmes\u00e3o, prato, provolone, requeij\u00e3o e ricota, al\u00e9m de derivados de leite de cabra e de b\u00fafala, como boursin e burrata.<br><br>Mas s\u00e3o os queijos artesanais, produzidos a partir de leite cru, que concentram a maior parte da produ\u00e7\u00e3o familiar em Minas Gerais. Em 2025, esse segmento alcan\u00e7ou 32,1 mil toneladas, o que representa aproximadamente 74,6% de todo o queijo produzido pela agroind\u00fastria familiar no estado.<br><br>Minas Gerais re\u00fane 8,8 mil agroind\u00fastrias familiares dedicadas \u00e0 produ\u00e7\u00e3o de queijos artesanais, distribu\u00eddas por diferentes regi\u00f5es reconhecidas pela hist\u00f3ria, tradi\u00e7\u00e3o e identidade pr\u00f3pria de&nbsp;produ\u00e7\u00e3o, transmitida entre gera\u00e7\u00f5es.<br>&nbsp;<\/p>\n\n\n\n<figure class=\"wp-block-table\"><table class=\"has-fixed-layout\"><tbody><tr><td class=\"has-text-align-center\" data-align=\"center\" colspan=\"5\"><img decoding=\"async\" alt=\"\" src=\"https:\/\/www.agenciaminas.mg.gov.br\/ckeditor_assets\/pictures\/20949\/content_2_olho_topo.jpg\"><\/td><\/tr><tr><td class=\"has-text-align-center\" data-align=\"center\">&nbsp;<\/td><td class=\"has-text-align-center\" data-align=\"center\" colspan=\"3\" rowspan=\"3\"><strong>&#8220;A produ\u00e7\u00e3o de queijos artesanais representa um salto estrat\u00e9gico para a diversifica\u00e7\u00e3o econ\u00f4mica e agrega\u00e7\u00e3o de valor ao leite produzido nas propriedades. Esse modelo fortalece o desenvolvimento sustent\u00e1vel das fam\u00edlias e das comunidades rurais&#8221;, explica a coordenadora t\u00e9cnica da Emater-MG na \u00e1rea de Queijos Artesanais, Rayanne Soalheiro de Souza.<\/strong><\/td><td class=\"has-text-align-center\" data-align=\"center\">&nbsp;<\/td><\/tr><tr><td class=\"has-text-align-center\" data-align=\"center\">&nbsp;<\/td><td class=\"has-text-align-center\" data-align=\"center\">&nbsp;<\/td><\/tr><tr><td class=\"has-text-align-center\" data-align=\"center\">&nbsp;<\/td><td class=\"has-text-align-center\" data-align=\"center\">&nbsp;<\/td><\/tr><tr><td class=\"has-text-align-center\" data-align=\"center\" colspan=\"5\"><img decoding=\"async\" alt=\"\" src=\"https:\/\/www.agenciaminas.mg.gov.br\/ckeditor_assets\/pictures\/20950\/content_2_olho_inferior.jpg\"><\/td><\/tr><\/tbody><\/table><\/figure>\n\n\n\n<p><br>&#8220;A Emater-MG atua na capacita\u00e7\u00e3o e organiza\u00e7\u00e3o desses produtores, buscando a melhoria da qualidade do produto e a inser\u00e7\u00e3o dos queijos em mercados formais&#8221;, completa.<br><br><strong>Queijo Minas Artesanal<\/strong><br><br>Dentro do universo dos queijos artesanais, o Queijo Minas Artesanal (QMA) se destaca como o principal produto da agroind\u00fastria familiar mineira. Em 2025, o QMA atingiu uma produ\u00e7\u00e3o estimada de 18,4 mil toneladas. A atividade envolve 3,5 mil agroind\u00fastrias familiares espalhadas por diversas regi\u00f5es de Minas Gerais.<br><br>No final de 2024, os Modos de Fazer o Queijo Minas Artesanal foram inclu\u00eddos na lista do Patrim\u00f4nio Cultural Imaterial da Humanidade da Unesco. Existem dez regi\u00f5es no estado caracterizadas como produtoras de Queijo Minas Artesanal: Arax\u00e1, Campo das Vertentes, Canastra, Cerrado, Diamantina, Entre Serras da Piedade ao Cara\u00e7a, Serra do Salitre, Serras da Ibitipoca, Serro e Tri\u00e2ngulo Mineiro.<br><br>Al\u00e9m dessas, h\u00e1 mais seis regi\u00f5es caracterizadas como produtoras de outros tipos de queijos artesanais: Alagoa, Mantiqueira de Minas, Serra Geral do Norte de Minas, Vale do Jequitinhonha (Queijo Cabacinha), Vale do Sua\u00e7u\u00ed e Vale do Mucuri (Requeij\u00e3o Moreno).<\/p>\n","protected":false},"excerpt":{"rendered":"<p>Dados in\u00e9ditos da produ\u00e7\u00e3o mostram que estado conta com mais de 12 mil empreendimentos individuais \u00c0s v\u00e9speras do Dia Mundial do Queijo, celebrado nesta ter\u00e7a-feira (20\/1), a&nbsp;Empresa de Assist\u00eancia T\u00e9cnica e Extens\u00e3o Rural do Estado de Minas Gerais (Emater-MG)&nbsp;divulga dados in\u00e9ditos sobre a produ\u00e7\u00e3o de queijos pela agroind\u00fastria familiar de Minas Gerais. O levantamento elaborado [&hellip;]<\/p>\n","protected":false},"author":5,"featured_media":168964,"comment_status":"closed","ping_status":"open","sticky":false,"template":"","format":"standard","meta":{"advgb_blocks_editor_width":"","advgb_blocks_columns_visual_guide":"","_exactmetrics_skip_tracking":false,"_exactmetrics_sitenote_active":false,"_exactmetrics_sitenote_note":"","_exactmetrics_sitenote_category":0,"footnotes":""},"categories":[17,2,5760],"tags":[],"class_list":["post-168963","post","type-post","status-publish","format-standard","has-post-thumbnail","hentry","category-jornal-cidade","category-noticias","category-noticias-jornal-cidade"],"better_featured_image":{"id":168964,"alt_text":"","caption":"","description":"","media_type":"image","media_details":{"width":2560,"height":1440,"file":"2026\/01\/20190718_100017-scaled.jpg","filesize":273037,"sizes":{"medium":{"file":"20190718_100017-470x264.jpg","width":470,"height":264,"mime-type":"image\/jpeg","filesize":25369,"source_url":"https:\/\/lavras.tv\/site\/wp-content\/uploads\/2026\/01\/20190718_100017-470x264.jpg"},"large":{"file":"20190718_100017-970x546.jpg","width":970,"height":546,"mime-type":"image\/jpeg","filesize":56465,"source_url":"https:\/\/lavras.tv\/site\/wp-content\/uploads\/2026\/01\/20190718_100017-970x546.jpg"},"thumbnail":{"file":"20190718_100017-170x96.jpg","width":170,"height":96,"mime-type":"image\/jpeg","filesize":14081,"source_url":"https:\/\/lavras.tv\/site\/wp-content\/uploads\/2026\/01\/20190718_100017-170x96.jpg"},"1536x1536":{"file":"20190718_100017-1536x864.jpg","width":1536,"height":864,"mime-type":"image\/jpeg","filesize":106457,"source_url":"https:\/\/lavras.tv\/site\/wp-content\/uploads\/2026\/01\/20190718_100017-1536x864.jpg"},"2048x2048":{"file":"20190718_100017-2048x1152.jpg","width":2048,"height":1152,"mime-type":"image\/jpeg","filesize":175291,"source_url":"https:\/\/lavras.tv\/site\/wp-content\/uploads\/2026\/01\/20190718_100017-2048x1152.jpg"},"alm-thumbnail":{"file":"20190718_100017-150x150.jpg","width":150,"height":150,"mime-type":"image\/jpeg","filesize":14505,"source_url":"https:\/\/lavras.tv\/site\/wp-content\/uploads\/2026\/01\/20190718_100017-150x150.jpg"},"sow-carousel-default":{"file":"20190718_100017-272x182.jpg","width":272,"height":182,"mime-type":"image\/jpeg","filesize":18013,"source_url":"https:\/\/lavras.tv\/site\/wp-content\/uploads\/2026\/01\/20190718_100017-272x182.jpg"}},"image_meta":{"aperture":"1.7","credit":"","camera":"SM-G930F","caption":"","created_timestamp":"1563444017","copyright":"","focal_length":"4.2","iso":"80","shutter_speed":"0.016666666666667","title":"","orientation":"1","keywords":[]},"original_image":"20190718_100017.jpg"},"post":168963,"source_url":"https:\/\/lavras.tv\/site\/wp-content\/uploads\/2026\/01\/20190718_100017-scaled.jpg"},"author_meta":{"display_name":"Vinicius Bustamante","author_link":"https:\/\/lavras.tv\/site\/author\/vinicius-bustamante\/"},"featured_img":"https:\/\/lavras.tv\/site\/wp-content\/uploads\/2026\/01\/20190718_100017-470x264.jpg","coauthors":[],"tax_additional":{"categories":{"linked":["<a href=\"https:\/\/lavras.tv\/site\/category\/sem-categoria\/jornal-cidade\/\" class=\"advgb-post-tax-term\">DESTAQUE PRINCIPAL<\/a>","<a href=\"https:\/\/lavras.tv\/site\/category\/noticias\/\" class=\"advgb-post-tax-term\">Not\u00edcias<\/a>","<a href=\"https:\/\/lavras.tv\/site\/category\/sem-categoria\/jornal-cidade\/noticias-jornal-cidade\/\" class=\"advgb-post-tax-term\">NOT\u00cdCIAS<\/a>"],"unlinked":["<span class=\"advgb-post-tax-term\">DESTAQUE PRINCIPAL<\/span>","<span class=\"advgb-post-tax-term\">Not\u00edcias<\/span>","<span class=\"advgb-post-tax-term\">NOT\u00cdCIAS<\/span>"]}},"comment_count":"0","relative_dates":{"created":"Publicado 3 meses atr\u00e1s","modified":"Atualizado 3 meses atr\u00e1s"},"absolute_dates":{"created":"Publicado em 19 de janeiro de 2026","modified":"Atualizado em 19 de janeiro de 2026"},"absolute_dates_time":{"created":"Publicado em 19 de janeiro de 2026 17:32","modified":"Atualizado em 19 de janeiro de 2026 17:32"},"featured_img_caption":"","series_order":"","_links":{"self":[{"href":"https:\/\/lavras.tv\/site\/wp-json\/wp\/v2\/posts\/168963","targetHints":{"allow":["GET"]}}],"collection":[{"href":"https:\/\/lavras.tv\/site\/wp-json\/wp\/v2\/posts"}],"about":[{"href":"https:\/\/lavras.tv\/site\/wp-json\/wp\/v2\/types\/post"}],"author":[{"embeddable":true,"href":"https:\/\/lavras.tv\/site\/wp-json\/wp\/v2\/users\/5"}],"replies":[{"embeddable":true,"href":"https:\/\/lavras.tv\/site\/wp-json\/wp\/v2\/comments?post=168963"}],"version-history":[{"count":1,"href":"https:\/\/lavras.tv\/site\/wp-json\/wp\/v2\/posts\/168963\/revisions"}],"predecessor-version":[{"id":168965,"href":"https:\/\/lavras.tv\/site\/wp-json\/wp\/v2\/posts\/168963\/revisions\/168965"}],"wp:featuredmedia":[{"embeddable":true,"href":"https:\/\/lavras.tv\/site\/wp-json\/wp\/v2\/media\/168964"}],"wp:attachment":[{"href":"https:\/\/lavras.tv\/site\/wp-json\/wp\/v2\/media?parent=168963"}],"wp:term":[{"taxonomy":"category","embeddable":true,"href":"https:\/\/lavras.tv\/site\/wp-json\/wp\/v2\/categories?post=168963"},{"taxonomy":"post_tag","embeddable":true,"href":"https:\/\/lavras.tv\/site\/wp-json\/wp\/v2\/tags?post=168963"}],"curies":[{"name":"wp","href":"https:\/\/api.w.org\/{rel}","templated":true}]}}