{"id":168969,"date":"2026-01-20T10:02:08","date_gmt":"2026-01-20T13:02:08","guid":{"rendered":"https:\/\/lavras.tv\/site\/?p=168969"},"modified":"2026-01-20T10:02:09","modified_gmt":"2026-01-20T13:02:09","slug":"estudantes-mineiros-podem-se-inscrever-no-sisu-2026-ate-sexta-feira-23-1","status":"publish","type":"post","link":"https:\/\/lavras.tv\/site\/2026\/01\/20\/estudantes-mineiros-podem-se-inscrever-no-sisu-2026-ate-sexta-feira-23-1\/","title":{"rendered":"Estudantes mineiros\u00a0podem se inscrever no Sisu 2026 at\u00e9 sexta-feira (23\/1)\u00a0"},"content":{"rendered":"<div class=\"lavra-antes-do-conteudo_2\" id=\"lavra-426243615\"><div id=\"lavra-slider-27\" class=\"custom-slider lavra-slider-1825768399 lavra-slider\"><ul><li><div style=\"margin-left: auto;margin-right: auto;text-align: center;\" id=\"lavra-599668119\"><a href=\"https:\/\/sistemas.lavras.mg.gov.br\/portalcidadao\/#df1b1a7c7b2a290bcb31e32771e610784662739a88807c0dacac58ede5f391a7530e299dc302d611ee73cb143fc22eaf93592e53e7b5bdb01b00a0b8d28dae460c141dd2ff83412e4dc1c31b16b25f33144a9e5620ea73b13f5bc1c59411d98439ad226e8af03840603796067d87afe130812cf3de24982d0e306f9e61e764e5\" aria-label=\"Lavras-TV&#8211;720x104px (1) (1)\"><img src=\"https:\/\/lavras.tv\/site\/wp-content\/uploads\/2025\/01\/Lavras-TV-720x104px-1-1.png\" alt=\"\"  srcset=\"https:\/\/lavras.tv\/site\/wp-content\/uploads\/2025\/01\/Lavras-TV-720x104px-1-1.png 720w, https:\/\/lavras.tv\/site\/wp-content\/uploads\/2025\/01\/Lavras-TV-720x104px-1-1-470x68.png 470w, https:\/\/lavras.tv\/site\/wp-content\/uploads\/2025\/01\/Lavras-TV-720x104px-1-1-170x25.png 170w, https:\/\/lavras.tv\/site\/wp-content\/uploads\/2025\/01\/Lavras-TV-720x104px-1-1-200x29.png 200w\" sizes=\"(max-width: 720px) 100vw, 720px\" width=\"720\" height=\"104\"  style=\"display: inline-block;\" \/><\/a><\/div><\/li><li><a href=\"https:\/\/sistemas.lavras.mg.gov.br\/portalcidadao\/#df1b1a7c7b2a290bcb31e32771e610784662739a88807c0dacac58ede5f391a7530e299dc302d611ee73cb143fc22eaf93592e53e7b5bdb01b00a0b8d28dae460c141dd2ff83412e4dc1c31b16b25f33144a9e5620ea73b13f5bc1c59411d98439ad226e8af03840603796067d87afe130812cf3de24982d0e306f9e61e764e5\" aria-label=\"Banner_Emprego_PortallavrasTV\"><img src=\"https:\/\/lavras.tv\/site\/wp-content\/uploads\/2025\/03\/Banner_Emprego_PortallavrasTV.png\" alt=\"\"  srcset=\"https:\/\/lavras.tv\/site\/wp-content\/uploads\/2025\/03\/Banner_Emprego_PortallavrasTV.png 720w, https:\/\/lavras.tv\/site\/wp-content\/uploads\/2025\/03\/Banner_Emprego_PortallavrasTV-470x68.png 470w, https:\/\/lavras.tv\/site\/wp-content\/uploads\/2025\/03\/Banner_Emprego_PortallavrasTV-170x25.png 170w, https:\/\/lavras.tv\/site\/wp-content\/uploads\/2025\/03\/Banner_Emprego_PortallavrasTV-200x29.png 200w\" sizes=\"(max-width: 720px) 100vw, 720px\" width=\"720\" height=\"104\"   \/><\/a><\/li><li><a href=\"https:\/\/sistemas.lavras.mg.gov.br\/portalcidadao\/#df1b1a7c7b2a290bcb31e32771e610784662739a88807c0dacac58ede5f391a7530e299dc302d611ee73cb143fc22eaf93592e53e7b5bdb01b00a0b8d28dae460c141dd2ff83412e4dc1c31b16b25f33144a9e5620ea73b13f5bc1c59411d98439ad226e8af03840603796067d87afe130812cf3de24982d0e306f9e61e764e5\" aria-label=\"Banner_Obras_PortallavrasTV\"><img src=\"https:\/\/lavras.tv\/site\/wp-content\/uploads\/2025\/03\/Banner_Obras_PortallavrasTV.png\" alt=\"\"  srcset=\"https:\/\/lavras.tv\/site\/wp-content\/uploads\/2025\/03\/Banner_Obras_PortallavrasTV.png 720w, https:\/\/lavras.tv\/site\/wp-content\/uploads\/2025\/03\/Banner_Obras_PortallavrasTV-470x68.png 470w, https:\/\/lavras.tv\/site\/wp-content\/uploads\/2025\/03\/Banner_Obras_PortallavrasTV-170x25.png 170w, https:\/\/lavras.tv\/site\/wp-content\/uploads\/2025\/03\/Banner_Obras_PortallavrasTV-200x29.png 200w\" sizes=\"(max-width: 720px) 100vw, 720px\" width=\"720\" height=\"104\"   \/><\/a><\/li><li><div style=\"margin-left: auto;margin-right: auto;text-align: center;\" id=\"lavra-198166404\"><a href=\"https:\/\/sistemas.lavras.mg.gov.br\/portalcidadao\/#df1b1a7c7b2a290bcb31e32771e610784662739a88807c0dacac58ede5f391a7530e299dc302d611ee73cb143fc22eaf93592e53e7b5bdb01b00a0b8d28dae460c141dd2ff83412e4dc1c31b16b25f33144a9e5620ea73b13f5bc1c59411d98439ad226e8af03840603796067d87afe130812cf3de24982d0e306f9e61e764e5\" aria-label=\"Banner_Educa\u00e7\u00e3o_PortallavrasTV\"><img src=\"https:\/\/lavras.tv\/site\/wp-content\/uploads\/2025\/01\/Banner_Educacao_PortallavrasTV.png\" alt=\"\"  srcset=\"https:\/\/lavras.tv\/site\/wp-content\/uploads\/2025\/01\/Banner_Educacao_PortallavrasTV.png 720w, https:\/\/lavras.tv\/site\/wp-content\/uploads\/2025\/01\/Banner_Educacao_PortallavrasTV-470x68.png 470w, https:\/\/lavras.tv\/site\/wp-content\/uploads\/2025\/01\/Banner_Educacao_PortallavrasTV-170x25.png 170w, https:\/\/lavras.tv\/site\/wp-content\/uploads\/2025\/01\/Banner_Educacao_PortallavrasTV-200x29.png 200w\" sizes=\"(max-width: 720px) 100vw, 720px\" width=\"720\" height=\"104\"  style=\"display: inline-block;\" \/><\/a><\/div><\/li><li><a href=\"https:\/\/sistemas.lavras.mg.gov.br\/portalcidadao\/#df1b1a7c7b2a290bcb31e32771e610784662739a88807c0dacac58ede5f391a7530e299dc302d611ee73cb143fc22eaf93592e53e7b5bdb01b00a0b8d28dae460c141dd2ff83412e4dc1c31b16b25f33144a9e5620ea73b13f5bc1c59411d98439ad226e8af03840603796067d87afe130812cf3de24982d0e306f9e61e764e5\" aria-label=\"Banner_Sa\u00fade_PortallavrasTV\"><img src=\"https:\/\/lavras.tv\/site\/wp-content\/uploads\/2025\/03\/Banner_Saude_PortallavrasTV.png\" alt=\"\"  srcset=\"https:\/\/lavras.tv\/site\/wp-content\/uploads\/2025\/03\/Banner_Saude_PortallavrasTV.png 720w, https:\/\/lavras.tv\/site\/wp-content\/uploads\/2025\/03\/Banner_Saude_PortallavrasTV-470x68.png 470w, https:\/\/lavras.tv\/site\/wp-content\/uploads\/2025\/03\/Banner_Saude_PortallavrasTV-170x25.png 170w, https:\/\/lavras.tv\/site\/wp-content\/uploads\/2025\/03\/Banner_Saude_PortallavrasTV-200x29.png 200w\" sizes=\"(max-width: 720px) 100vw, 720px\" width=\"720\" height=\"104\"   \/><\/a><\/li><li><div id=\"lavra-2189913295\" style=\"width:720px;height:104px;background-color:#ddd;overflow:scroll;\">\n\t<strong>Sa\u00edda da depura\u00e7\u00e3o de an\u00fancios<\/strong>\n\t<br><br>\n\tO an\u00fancio n\u00e3o \u00e9 exibido na p\u00e1gina<br><br>post atual: Estudantes mineiros\u00a0podem se inscrever no Sisu 2026 at\u00e9 sexta-feira (23\/1)\u00a0, ID: 168969<br><br><span style=\"color: red;\">O post atual n\u00e3o \u00e9 id\u00eantico ao post principal.<\/span><br><br>An\u00fancios: ROXO - TOPO INTERNA - ROTATIVO 2 (197)<br \/>Grupo de an\u00fancios: Princ_Meio01_720x104 (27)<br><br>Condi\u00e7\u00f5es de exibi\u00e7\u00e3o<div style=\"margin-bottom: 20px; white-space: pre-wrap; font-family: monospace; width: 100%; background: #ffe9e9;\"><strong>condi\u00e7\u00f5es gerais<\/strong><table border=\"1\"><thead><tr><th><\/th><th>An\u00fancios<\/th><th>wp_the_query<\/th><\/tr><\/thead><tr><td>is_main_query<\/td><td>1<\/td><td>1<\/td><\/tr><tr><td>is_rest_api<\/td><td>0<\/td><td>1<\/td><\/tr><tr><td>page<\/td><td>0<\/td><td>1<\/td><\/tr><tr><td>numpages<\/td><td>0<\/td><td>1<\/td><\/tr><tr><td>is_archive<\/td><td>1<\/td><td><\/td><\/tr><tr><td>is_search<\/td><td>1<\/td><td><\/td><\/tr><tr><td>is_home<\/td><td>1<\/td><td><\/td><\/tr><tr><td>is_404<\/td><td>1<\/td><td><\/td><\/tr><tr><td>is_attachment<\/td><td>1<\/td><td><\/td><\/tr><tr><td>is_singular<\/td><td>1<\/td><td><\/td><\/tr><tr><td>is_front_page<\/td><td>1<\/td><td><\/td><\/tr><tr><td>is_feed<\/td><td>1<\/td><td><\/td><\/tr><\/table><\/div><br><br><span style=\"color: red;\">Seu site usa HTTPS, mas o c\u00f3digo do an\u00fancio cont\u00e9m HTTP e pode n\u00e3o funcionar.<\/span>\t<br><br>\n\t<a style=\"color: green;\" href=\"https:\/\/wpadvancedads.com\/manual\/ad-debug-mode\/?utm_source=advanced-ads&utm_medium=link&utm_campaign=ad-debug-mode\" target=\"_blank\" rel=\"nofollow\">Encontre solu\u00e7\u00f5es no manual<\/a>\n<\/div>\n<\/li><\/ul><\/div><script>( window.advanced_ads_ready || jQuery( document ).ready ).call( null, function() {var $lavraslider1825768399 = jQuery( \".lavra-slider-1825768399\" );$lavraslider1825768399.on( \"unslider.ready\", function() { jQuery( \"div.custom-slider ul li\" ).css( \"display\", \"block\" ); });$lavraslider1825768399.unslider({ delay:4000, autoplay:true, nav:false, arrows:false, infinite:true });$lavraslider1825768399.on(\"mouseover\", function() {$lavraslider1825768399.unslider(\"stop\");}).on(\"mouseout\", function() {$lavraslider1825768399.unslider(\"start\");});});<\/script><\/div>\n<h2 class=\"wp-block-heading\">Sistema de Sele\u00e7\u00e3o Unificada (Sisu) utiliza as notas do Enem e re\u00fane vagas ofertadas por universidades e institutos federais em todo o pa\u00eds<\/h2>\n\n\n\n<figure class=\"wp-block-image\"><img decoding=\"async\" src=\"https:\/\/www.agenciaminas.mg.gov.br\/system\/news\/images\/000\/128\/772\/large\/WhatsApp_Image_2025-08-19_at_15.40.06.jpeg?1768847817\" alt=\"imagem de destaque\"\/><\/figure>\n\n\n\n<p>Est\u00e3o abertas nesta segunda-feira&nbsp;(19\/1) at\u00e9 sexta-feira (23\/1), as inscri\u00e7\u00f5es para o Sistema de Sele\u00e7\u00e3o Unificada (Sisu) 2026, principal porta de entrada para estudantes que desejam ingressar no ensino superior p\u00fablico em todo o pa\u00eds. O processo seletivo utiliza as notas do Exame Nacional do Ensino M\u00e9dio (Enem) e re\u00fane vagas ofertadas por universidades e institutos federais.<\/p>\n\n\n\n<p>Os estudantes da rede estadual que participaram do Enem devem ficar atentos aos prazos de inscri\u00e7\u00e3o, \u00e0s regras do sistema e \u00e0s etapas posteriores de matr\u00edcula nas institui\u00e7\u00f5es de ensino superior.<\/p>\n\n\n\n<p>As inscri\u00e7\u00f5es devem ser feitas exclusivamente pela internet, por meio do Portal \u00danico de Acesso ao Ensino Superior, dispon\u00edvel no site do Minist\u00e9rio da Educa\u00e7\u00e3o (MEC),&nbsp;<a href=\"https:\/\/sisualuno.mec.gov.br\/\" target=\"_blank\" rel=\"noreferrer noopener\">neste endere\u00e7o<\/a>. O sistema \u00e9 gratuito e funciona de forma totalmente digital, permitindo que o candidato acompanhar sua classifica\u00e7\u00e3o ao longo de todo o per\u00edodo de inscri\u00e7\u00f5es.<\/p>\n\n\n\n<p><strong>Quem pode se inscrever<\/strong><\/p>\n\n\n\n<p>Podem se inscrever no Sisu 2026 os candidatos que participaram do Enem nas edi\u00e7\u00f5es de 2023, 2024 ou 2025, que n\u00e3o tenham zerado a reda\u00e7\u00e3o e que n\u00e3o tenham participado como treineiros. O sistema considera automaticamente a melhor m\u00e9dia ponderada do candidato, conforme os pesos definidos por cada curso e institui\u00e7\u00e3o.<\/p>\n\n\n\n<p><strong>Escolha de cursos e classifica\u00e7\u00e3o<\/strong><\/p>\n\n\n\n<p>Durante o per\u00edodo de inscri\u00e7\u00f5es, o estudante pode escolher at\u00e9 duas op\u00e7\u00f5es de curso, podendo alter\u00e1-las quantas vezes desejar at\u00e9 o encerramento do prazo. A classifica\u00e7\u00e3o ocorre de acordo com a nota do Enem e a modalidade de concorr\u00eancia, respeitando o n\u00famero de vagas dispon\u00edveis.<\/p>\n\n\n\n<p>As notas de corte s\u00e3o atualizadas diariamente, permitindo que o candidato acompanhe sua posi\u00e7\u00e3o e avalie, de forma estrat\u00e9gica, as op\u00e7\u00f5es escolhidas.<\/p>\n\n\n\n<p><strong>Resultado, matr\u00edcula e lista de espera<\/strong><\/p>\n\n\n\n<p>O resultado da chamada regular do Sisu 2026 est\u00e1 previsto para o dia 29\/1. Os candidatos selecionados dever\u00e3o realizar a matr\u00edcula conforme o cronograma e as orienta\u00e7\u00f5es das pr\u00f3prias institui\u00e7\u00f5es de ensino superior.<\/p>\n\n\n\n<p>Os estudantes que n\u00e3o forem selecionados na chamada regular podem manifestar interesse em participar da lista de espera, ampliando as chances de ingresso no ensino superior p\u00fablico.<\/p>\n","protected":false},"excerpt":{"rendered":"<p>Sistema de Sele\u00e7\u00e3o Unificada (Sisu) utiliza as notas do Enem e re\u00fane vagas ofertadas por universidades e institutos federais em todo o pa\u00eds Est\u00e3o abertas nesta segunda-feira&nbsp;(19\/1) at\u00e9 sexta-feira (23\/1), as inscri\u00e7\u00f5es para o Sistema de Sele\u00e7\u00e3o Unificada (Sisu) 2026, principal porta de entrada para estudantes que desejam ingressar no ensino superior p\u00fablico em todo [&hellip;]<\/p>\n","protected":false},"author":5,"featured_media":168970,"comment_status":"closed","ping_status":"open","sticky":false,"template":"","format":"standard","meta":{"advgb_blocks_editor_width":"","advgb_blocks_columns_visual_guide":"","_exactmetrics_skip_tracking":false,"_exactmetrics_sitenote_active":false,"_exactmetrics_sitenote_note":"","_exactmetrics_sitenote_category":0,"footnotes":""},"categories":[17,2,5760],"tags":[],"class_list":["post-168969","post","type-post","status-publish","format-standard","has-post-thumbnail","hentry","category-jornal-cidade","category-noticias","category-noticias-jornal-cidade"],"better_featured_image":{"id":168970,"alt_text":"","caption":"","description":"","media_type":"image","media_details":{"width":2560,"height":1920,"file":"2026\/01\/WhatsApp_Image_2025-08-19_at_15.40.06-scaled.jpeg","filesize":654410,"sizes":{"medium":{"file":"WhatsApp_Image_2025-08-19_at_15.40.06-400x300.jpeg","width":400,"height":300,"mime-type":"image\/jpeg","filesize":26471,"source_url":"https:\/\/lavras.tv\/site\/wp-content\/uploads\/2026\/01\/WhatsApp_Image_2025-08-19_at_15.40.06-400x300.jpeg"},"large":{"file":"WhatsApp_Image_2025-08-19_at_15.40.06-970x728.jpeg","width":970,"height":728,"mime-type":"image\/jpeg","filesize":115846,"source_url":"https:\/\/lavras.tv\/site\/wp-content\/uploads\/2026\/01\/WhatsApp_Image_2025-08-19_at_15.40.06-970x728.jpeg"},"thumbnail":{"file":"WhatsApp_Image_2025-08-19_at_15.40.06-170x128.jpeg","width":170,"height":128,"mime-type":"image\/jpeg","filesize":6879,"source_url":"https:\/\/lavras.tv\/site\/wp-content\/uploads\/2026\/01\/WhatsApp_Image_2025-08-19_at_15.40.06-170x128.jpeg"},"1536x1536":{"file":"WhatsApp_Image_2025-08-19_at_15.40.06-1536x1152.jpeg","width":1536,"height":1152,"mime-type":"image\/jpeg","filesize":254692,"source_url":"https:\/\/lavras.tv\/site\/wp-content\/uploads\/2026\/01\/WhatsApp_Image_2025-08-19_at_15.40.06-1536x1152.jpeg"},"2048x2048":{"file":"WhatsApp_Image_2025-08-19_at_15.40.06-2048x1536.jpeg","width":2048,"height":1536,"mime-type":"image\/jpeg","filesize":431436,"source_url":"https:\/\/lavras.tv\/site\/wp-content\/uploads\/2026\/01\/WhatsApp_Image_2025-08-19_at_15.40.06-2048x1536.jpeg"},"alm-thumbnail":{"file":"WhatsApp_Image_2025-08-19_at_15.40.06-150x150.jpeg","width":150,"height":150,"mime-type":"image\/jpeg","filesize":6667,"source_url":"https:\/\/lavras.tv\/site\/wp-content\/uploads\/2026\/01\/WhatsApp_Image_2025-08-19_at_15.40.06-150x150.jpeg"},"sow-carousel-default":{"file":"WhatsApp_Image_2025-08-19_at_15.40.06-272x182.jpeg","width":272,"height":182,"mime-type":"image\/jpeg","filesize":13474,"source_url":"https:\/\/lavras.tv\/site\/wp-content\/uploads\/2026\/01\/WhatsApp_Image_2025-08-19_at_15.40.06-272x182.jpeg"}},"image_meta":{"aperture":"0","credit":"","camera":"","caption":"","created_timestamp":"0","copyright":"","focal_length":"0","iso":"0","shutter_speed":"0","title":"","orientation":"0","keywords":[]},"original_image":"WhatsApp_Image_2025-08-19_at_15.40.06.jpeg"},"post":168969,"source_url":"https:\/\/lavras.tv\/site\/wp-content\/uploads\/2026\/01\/WhatsApp_Image_2025-08-19_at_15.40.06-scaled.jpeg"},"author_meta":{"display_name":"Vinicius Bustamante","author_link":"https:\/\/lavras.tv\/site\/author\/vinicius-bustamante\/"},"featured_img":"https:\/\/lavras.tv\/site\/wp-content\/uploads\/2026\/01\/WhatsApp_Image_2025-08-19_at_15.40.06-400x300.jpeg","coauthors":[],"tax_additional":{"categories":{"linked":["<a href=\"https:\/\/lavras.tv\/site\/category\/sem-categoria\/jornal-cidade\/\" class=\"advgb-post-tax-term\">DESTAQUE PRINCIPAL<\/a>","<a href=\"https:\/\/lavras.tv\/site\/category\/noticias\/\" class=\"advgb-post-tax-term\">Not\u00edcias<\/a>","<a href=\"https:\/\/lavras.tv\/site\/category\/sem-categoria\/jornal-cidade\/noticias-jornal-cidade\/\" class=\"advgb-post-tax-term\">NOT\u00cdCIAS<\/a>"],"unlinked":["<span class=\"advgb-post-tax-term\">DESTAQUE PRINCIPAL<\/span>","<span class=\"advgb-post-tax-term\">Not\u00edcias<\/span>","<span class=\"advgb-post-tax-term\">NOT\u00cdCIAS<\/span>"]}},"comment_count":"0","relative_dates":{"created":"Publicado 3 meses atr\u00e1s","modified":"Atualizado 3 meses atr\u00e1s"},"absolute_dates":{"created":"Publicado em 20 de janeiro de 2026","modified":"Atualizado em 20 de janeiro de 2026"},"absolute_dates_time":{"created":"Publicado em 20 de janeiro de 2026 10:02","modified":"Atualizado em 20 de janeiro de 2026 10:02"},"featured_img_caption":"","series_order":"","_links":{"self":[{"href":"https:\/\/lavras.tv\/site\/wp-json\/wp\/v2\/posts\/168969","targetHints":{"allow":["GET"]}}],"collection":[{"href":"https:\/\/lavras.tv\/site\/wp-json\/wp\/v2\/posts"}],"about":[{"href":"https:\/\/lavras.tv\/site\/wp-json\/wp\/v2\/types\/post"}],"author":[{"embeddable":true,"href":"https:\/\/lavras.tv\/site\/wp-json\/wp\/v2\/users\/5"}],"replies":[{"embeddable":true,"href":"https:\/\/lavras.tv\/site\/wp-json\/wp\/v2\/comments?post=168969"}],"version-history":[{"count":1,"href":"https:\/\/lavras.tv\/site\/wp-json\/wp\/v2\/posts\/168969\/revisions"}],"predecessor-version":[{"id":168971,"href":"https:\/\/lavras.tv\/site\/wp-json\/wp\/v2\/posts\/168969\/revisions\/168971"}],"wp:featuredmedia":[{"embeddable":true,"href":"https:\/\/lavras.tv\/site\/wp-json\/wp\/v2\/media\/168970"}],"wp:attachment":[{"href":"https:\/\/lavras.tv\/site\/wp-json\/wp\/v2\/media?parent=168969"}],"wp:term":[{"taxonomy":"category","embeddable":true,"href":"https:\/\/lavras.tv\/site\/wp-json\/wp\/v2\/categories?post=168969"},{"taxonomy":"post_tag","embeddable":true,"href":"https:\/\/lavras.tv\/site\/wp-json\/wp\/v2\/tags?post=168969"}],"curies":[{"name":"wp","href":"https:\/\/api.w.org\/{rel}","templated":true}]}}