{"id":168972,"date":"2026-01-20T13:06:07","date_gmt":"2026-01-20T16:06:07","guid":{"rendered":"https:\/\/lavras.tv\/site\/?p=168972"},"modified":"2026-01-20T13:06:08","modified_gmt":"2026-01-20T16:06:08","slug":"minas-gerais-reforca-acoes-de-prevencao-contra-a-febre-amarela","status":"publish","type":"post","link":"https:\/\/lavras.tv\/site\/2026\/01\/20\/minas-gerais-reforca-acoes-de-prevencao-contra-a-febre-amarela\/","title":{"rendered":"Minas Gerais refor\u00e7a a\u00e7\u00f5es de preven\u00e7\u00e3o contra a febre amarela"},"content":{"rendered":"<div class=\"lavra-antes-do-conteudo_2\" id=\"lavra-2149911511\"><div id=\"lavra-slider-27\" class=\"custom-slider lavra-slider-3342455198 lavra-slider\"><ul><li><div style=\"margin-left: auto;margin-right: auto;text-align: center;\" id=\"lavra-2166879279\"><a href=\"https:\/\/sistemas.lavras.mg.gov.br\/portalcidadao\/#df1b1a7c7b2a290bcb31e32771e610784662739a88807c0dacac58ede5f391a7530e299dc302d611ee73cb143fc22eaf93592e53e7b5bdb01b00a0b8d28dae460c141dd2ff83412e4dc1c31b16b25f33144a9e5620ea73b13f5bc1c59411d98439ad226e8af03840603796067d87afe130812cf3de24982d0e306f9e61e764e5\" aria-label=\"Lavras-TV&#8211;720x104px (1) (1)\"><img src=\"https:\/\/lavras.tv\/site\/wp-content\/uploads\/2025\/01\/Lavras-TV-720x104px-1-1.png\" alt=\"\"  srcset=\"https:\/\/lavras.tv\/site\/wp-content\/uploads\/2025\/01\/Lavras-TV-720x104px-1-1.png 720w, https:\/\/lavras.tv\/site\/wp-content\/uploads\/2025\/01\/Lavras-TV-720x104px-1-1-470x68.png 470w, https:\/\/lavras.tv\/site\/wp-content\/uploads\/2025\/01\/Lavras-TV-720x104px-1-1-170x25.png 170w, https:\/\/lavras.tv\/site\/wp-content\/uploads\/2025\/01\/Lavras-TV-720x104px-1-1-200x29.png 200w\" sizes=\"(max-width: 720px) 100vw, 720px\" width=\"720\" height=\"104\"  style=\"display: inline-block;\" \/><\/a><\/div><\/li><li><a href=\"https:\/\/sistemas.lavras.mg.gov.br\/portalcidadao\/#df1b1a7c7b2a290bcb31e32771e610784662739a88807c0dacac58ede5f391a7530e299dc302d611ee73cb143fc22eaf93592e53e7b5bdb01b00a0b8d28dae460c141dd2ff83412e4dc1c31b16b25f33144a9e5620ea73b13f5bc1c59411d98439ad226e8af03840603796067d87afe130812cf3de24982d0e306f9e61e764e5\" aria-label=\"Banner_Emprego_PortallavrasTV\"><img src=\"https:\/\/lavras.tv\/site\/wp-content\/uploads\/2025\/03\/Banner_Emprego_PortallavrasTV.png\" alt=\"\"  srcset=\"https:\/\/lavras.tv\/site\/wp-content\/uploads\/2025\/03\/Banner_Emprego_PortallavrasTV.png 720w, https:\/\/lavras.tv\/site\/wp-content\/uploads\/2025\/03\/Banner_Emprego_PortallavrasTV-470x68.png 470w, https:\/\/lavras.tv\/site\/wp-content\/uploads\/2025\/03\/Banner_Emprego_PortallavrasTV-170x25.png 170w, https:\/\/lavras.tv\/site\/wp-content\/uploads\/2025\/03\/Banner_Emprego_PortallavrasTV-200x29.png 200w\" sizes=\"(max-width: 720px) 100vw, 720px\" width=\"720\" height=\"104\"   \/><\/a><\/li><li><a href=\"https:\/\/sistemas.lavras.mg.gov.br\/portalcidadao\/#df1b1a7c7b2a290bcb31e32771e610784662739a88807c0dacac58ede5f391a7530e299dc302d611ee73cb143fc22eaf93592e53e7b5bdb01b00a0b8d28dae460c141dd2ff83412e4dc1c31b16b25f33144a9e5620ea73b13f5bc1c59411d98439ad226e8af03840603796067d87afe130812cf3de24982d0e306f9e61e764e5\" aria-label=\"Banner_Obras_PortallavrasTV\"><img src=\"https:\/\/lavras.tv\/site\/wp-content\/uploads\/2025\/03\/Banner_Obras_PortallavrasTV.png\" alt=\"\"  srcset=\"https:\/\/lavras.tv\/site\/wp-content\/uploads\/2025\/03\/Banner_Obras_PortallavrasTV.png 720w, https:\/\/lavras.tv\/site\/wp-content\/uploads\/2025\/03\/Banner_Obras_PortallavrasTV-470x68.png 470w, https:\/\/lavras.tv\/site\/wp-content\/uploads\/2025\/03\/Banner_Obras_PortallavrasTV-170x25.png 170w, https:\/\/lavras.tv\/site\/wp-content\/uploads\/2025\/03\/Banner_Obras_PortallavrasTV-200x29.png 200w\" sizes=\"(max-width: 720px) 100vw, 720px\" width=\"720\" height=\"104\"   \/><\/a><\/li><li><div style=\"margin-left: auto;margin-right: auto;text-align: center;\" id=\"lavra-3982822600\"><a href=\"https:\/\/sistemas.lavras.mg.gov.br\/portalcidadao\/#df1b1a7c7b2a290bcb31e32771e610784662739a88807c0dacac58ede5f391a7530e299dc302d611ee73cb143fc22eaf93592e53e7b5bdb01b00a0b8d28dae460c141dd2ff83412e4dc1c31b16b25f33144a9e5620ea73b13f5bc1c59411d98439ad226e8af03840603796067d87afe130812cf3de24982d0e306f9e61e764e5\" aria-label=\"Banner_Educa\u00e7\u00e3o_PortallavrasTV\"><img src=\"https:\/\/lavras.tv\/site\/wp-content\/uploads\/2025\/01\/Banner_Educacao_PortallavrasTV.png\" alt=\"\"  srcset=\"https:\/\/lavras.tv\/site\/wp-content\/uploads\/2025\/01\/Banner_Educacao_PortallavrasTV.png 720w, https:\/\/lavras.tv\/site\/wp-content\/uploads\/2025\/01\/Banner_Educacao_PortallavrasTV-470x68.png 470w, https:\/\/lavras.tv\/site\/wp-content\/uploads\/2025\/01\/Banner_Educacao_PortallavrasTV-170x25.png 170w, https:\/\/lavras.tv\/site\/wp-content\/uploads\/2025\/01\/Banner_Educacao_PortallavrasTV-200x29.png 200w\" sizes=\"(max-width: 720px) 100vw, 720px\" width=\"720\" height=\"104\"  style=\"display: inline-block;\" \/><\/a><\/div><\/li><li><a href=\"https:\/\/sistemas.lavras.mg.gov.br\/portalcidadao\/#df1b1a7c7b2a290bcb31e32771e610784662739a88807c0dacac58ede5f391a7530e299dc302d611ee73cb143fc22eaf93592e53e7b5bdb01b00a0b8d28dae460c141dd2ff83412e4dc1c31b16b25f33144a9e5620ea73b13f5bc1c59411d98439ad226e8af03840603796067d87afe130812cf3de24982d0e306f9e61e764e5\" aria-label=\"Banner_Sa\u00fade_PortallavrasTV\"><img src=\"https:\/\/lavras.tv\/site\/wp-content\/uploads\/2025\/03\/Banner_Saude_PortallavrasTV.png\" alt=\"\"  srcset=\"https:\/\/lavras.tv\/site\/wp-content\/uploads\/2025\/03\/Banner_Saude_PortallavrasTV.png 720w, https:\/\/lavras.tv\/site\/wp-content\/uploads\/2025\/03\/Banner_Saude_PortallavrasTV-470x68.png 470w, https:\/\/lavras.tv\/site\/wp-content\/uploads\/2025\/03\/Banner_Saude_PortallavrasTV-170x25.png 170w, https:\/\/lavras.tv\/site\/wp-content\/uploads\/2025\/03\/Banner_Saude_PortallavrasTV-200x29.png 200w\" sizes=\"(max-width: 720px) 100vw, 720px\" width=\"720\" height=\"104\"   \/><\/a><\/li><li><div id=\"lavra-3415155682\" style=\"width:720px;height:104px;background-color:#ddd;overflow:scroll;\">\n\t<strong>Sa\u00edda da depura\u00e7\u00e3o de an\u00fancios<\/strong>\n\t<br><br>\n\tO an\u00fancio n\u00e3o \u00e9 exibido na p\u00e1gina<br><br>post atual: Minas Gerais refor\u00e7a a\u00e7\u00f5es de preven\u00e7\u00e3o contra a febre amarela, ID: 168972<br><br><span style=\"color: red;\">O post atual n\u00e3o \u00e9 id\u00eantico ao post principal.<\/span><br><br>An\u00fancios: ROXO - TOPO INTERNA - ROTATIVO 2 (197)<br \/>Grupo de an\u00fancios: Princ_Meio01_720x104 (27)<br><br>Condi\u00e7\u00f5es de exibi\u00e7\u00e3o<div style=\"margin-bottom: 20px; white-space: pre-wrap; font-family: monospace; width: 100%; background: #ffe9e9;\"><strong>condi\u00e7\u00f5es gerais<\/strong><table border=\"1\"><thead><tr><th><\/th><th>An\u00fancios<\/th><th>wp_the_query<\/th><\/tr><\/thead><tr><td>is_main_query<\/td><td>1<\/td><td>1<\/td><\/tr><tr><td>is_rest_api<\/td><td>0<\/td><td>1<\/td><\/tr><tr><td>page<\/td><td>0<\/td><td>1<\/td><\/tr><tr><td>numpages<\/td><td>0<\/td><td>1<\/td><\/tr><tr><td>is_archive<\/td><td>1<\/td><td><\/td><\/tr><tr><td>is_search<\/td><td>1<\/td><td><\/td><\/tr><tr><td>is_home<\/td><td>1<\/td><td><\/td><\/tr><tr><td>is_404<\/td><td>1<\/td><td><\/td><\/tr><tr><td>is_attachment<\/td><td>1<\/td><td><\/td><\/tr><tr><td>is_singular<\/td><td>1<\/td><td><\/td><\/tr><tr><td>is_front_page<\/td><td>1<\/td><td><\/td><\/tr><tr><td>is_feed<\/td><td>1<\/td><td><\/td><\/tr><\/table><\/div><br><br><span style=\"color: red;\">Seu site usa HTTPS, mas o c\u00f3digo do an\u00fancio cont\u00e9m HTTP e pode n\u00e3o funcionar.<\/span>\t<br><br>\n\t<a style=\"color: green;\" href=\"https:\/\/wpadvancedads.com\/manual\/ad-debug-mode\/?utm_source=advanced-ads&utm_medium=link&utm_campaign=ad-debug-mode\" target=\"_blank\" rel=\"nofollow\">Encontre solu\u00e7\u00f5es no manual<\/a>\n<\/div>\n<\/li><\/ul><\/div><script>( window.advanced_ads_ready || jQuery( document ).ready ).call( null, function() {var $lavraslider3342455198 = jQuery( \".lavra-slider-3342455198\" );$lavraslider3342455198.on( \"unslider.ready\", function() { jQuery( \"div.custom-slider ul li\" ).css( \"display\", \"block\" ); });$lavraslider3342455198.unslider({ delay:4000, autoplay:true, nav:false, arrows:false, infinite:true });$lavraslider3342455198.on(\"mouseover\", function() {$lavraslider3342455198.unslider(\"stop\");}).on(\"mouseout\", function() {$lavraslider3342455198.unslider(\"start\");});});<\/script><\/div>\n<h2 class=\"wp-block-heading\">Mesmo sem registros da doen\u00e7a em 2026, Estado intensifica vigil\u00e2ncia, vacina\u00e7\u00e3o e capacita\u00e7\u00e3o de profissionais de sa\u00fade<\/h2>\n\n\n\n<figure class=\"wp-block-image\"><img decoding=\"async\" src=\"https:\/\/agenciaminas.mg.gov.br\/system\/news\/images\/000\/128\/774\/large\/Vacina%C3%A7%C3%A3o_0344105_%28Fabio_Marchetto_SESMG%29.jpg?1768847207\" alt=\"imagem de destaque\"\/><\/figure>\n\n\n\n<p>Mesmo sem casos humanos confirmados da febre amarela em Minas Gerais em 2026, o&nbsp;<a href=\"https:\/\/www.mg.gov.br\/\" target=\"_blank\" rel=\"noreferrer noopener\">Governo de Minas<\/a>, por meio da&nbsp;<a href=\"https:\/\/www.saude.mg.gov.br\/\" target=\"_blank\" rel=\"noreferrer noopener\">Secretaria de Estado de Sa\u00fade (SES-MG)<\/a>, vai intensificar, de forma preventiva, as a\u00e7\u00f5es de vigil\u00e2ncia, vacina\u00e7\u00e3o e capacita\u00e7\u00e3o de profissionais de sa\u00fade para o per\u00edodo sazonal de maior risco de transmiss\u00e3o da doen\u00e7a, dentro da estrat\u00e9gia permanente de monitoramento e prepara\u00e7\u00e3o da rede assistencial.<br><br>A For\u00e7a Estadual do Sistema \u00danico de Sa\u00fade (SUS) promover\u00e1, nesta semana, oficinas regionais para m\u00e9dicos e enfermeiros que atuam na linha de frente do atendimento. As regi\u00f5es do Tri\u00e2ngulo Mineiro, Zona da Mata e Noroeste do estado ter\u00e3o aten\u00e7\u00e3o priorit\u00e1ria, com base em crit\u00e9rios epidemiol\u00f3gicos e na necessidade de refor\u00e7o da cobertura vacinal.<br><br>O subsecret\u00e1rio de Vigil\u00e2ncia em Sa\u00fade da SES-MG, Eduardo Prosdocimi, pondera que apesar de a febre amarela apresentar sintomas iniciais semelhantes aos da dengue, os cuidados cl\u00ednicos s\u00e3o distintos e o reconhecimento oportuno da doen\u00e7a \u00e9 essencial para reduzir complica\u00e7\u00f5es e \u00f3bitos. Enquanto o manejo da dengue se baseia, em geral, em hidrata\u00e7\u00e3o e repouso, a febre amarela pode demandar, inclusive, suporte especializado, como transfus\u00e3o de plasma.<br>&nbsp;<\/p>\n\n\n\n<figure class=\"wp-block-table\"><table class=\"has-fixed-layout\"><tbody><tr><td class=\"has-text-align-center\" data-align=\"center\" colspan=\"5\"><img decoding=\"async\" alt=\"\" src=\"https:\/\/agenciaminas.mg.gov.br\/ckeditor_assets\/pictures\/20949\/content_2_olho_topo.jpg\"><\/td><\/tr><tr><td class=\"has-text-align-center\" data-align=\"center\">&nbsp;<\/td><td class=\"has-text-align-center\" data-align=\"center\" colspan=\"3\" rowspan=\"3\"><strong>&#8220;A febre amarela exige um acompanhamento m\u00e9dico mais rigoroso. Por isso, a capacita\u00e7\u00e3o permanente das equipes de sa\u00fade \u00e9 fundamental para garantir diagn\u00f3stico adequado e tratamento oportuno&#8221;, explica Eduardo Prosdocimi.<\/strong><\/td><td class=\"has-text-align-center\" data-align=\"center\">&nbsp;<\/td><\/tr><tr><td class=\"has-text-align-center\" data-align=\"center\">&nbsp;<\/td><td class=\"has-text-align-center\" data-align=\"center\">&nbsp;<\/td><\/tr><tr><td class=\"has-text-align-center\" data-align=\"center\">&nbsp;<\/td><td class=\"has-text-align-center\" data-align=\"center\">&nbsp;<\/td><\/tr><tr><td class=\"has-text-align-center\" data-align=\"center\" colspan=\"5\"><img decoding=\"async\" alt=\"\" src=\"https:\/\/agenciaminas.mg.gov.br\/ckeditor_assets\/pictures\/20950\/content_2_olho_inferior.jpg\"><\/td><\/tr><\/tbody><\/table><\/figure>\n\n\n\n<p><br><strong>Sintomas e atendimento<\/strong><br><br>As atividades da For\u00e7a Estadual do SUS ocorrer\u00e3o em Uberaba, Una\u00ed e Juiz de Fora, na ter\u00e7a (20\/1) e na quarta-feira (21\/1), e em Uberl\u00e2ndia e Ituiutaba, na quinta (22\/1) e na sexta-feira (23\/1). As equipes municipais participar\u00e3o de oficinas de manejo cl\u00ednico da febre amarela e de visitas t\u00e9cnicas a unidades de sa\u00fade envolvidas no atendimento de poss\u00edveis casos.&nbsp;<br><br>Os sintomas da febre amarela costumam surgir entre tr\u00eas e seis dias ap\u00f3s a infec\u00e7\u00e3o. Na fase inicial, a doen\u00e7a pode causar febre s\u00fabita, dor de cabe\u00e7a intensa, dores musculares, calafrios, n\u00e1useas, v\u00f4mitos, cansa\u00e7o e perda de apetite.<br><br>Em parte dos casos, os sintomas regridem espontaneamente ap\u00f3s alguns dias, mas em outros podem evoluir para a forma grave, com febre alta persistente, icter\u00edcia, dor abdominal, v\u00f4mitos com sangue, sangramentos e sinais de insufici\u00eancia hep\u00e1tica ou renal, situa\u00e7\u00e3o que exige atendimento m\u00e9dico imediato.&nbsp;<br><br>A popula\u00e7\u00e3o deve procurar, preferencialmente, a Unidade B\u00e1sica de Sa\u00fade (UBS) para avalia\u00e7\u00e3o inicial e notifica\u00e7\u00e3o. Casos moderados ou graves devem ser encaminhados para Unidades de Pronto Atendimento (UPAs) ou hospitais.&nbsp;<br><br><strong>Vacina\u00e7\u00e3o e investimentos<\/strong><br><br>A vacina\u00e7\u00e3o \u00e9 a principal forma de preven\u00e7\u00e3o contra a febre amarela. O imunizante \u00e9 seguro, eficaz e est\u00e1 dispon\u00edvel gratuitamente pelo SUS em todos os munic\u00edpios mineiros, de acordo com o seguinte esquema vacinal:<br>&nbsp;<\/p>\n\n\n\n<p><img decoding=\"async\" src=\"https:\/\/agenciaminas.mg.gov.br\/ckeditor_assets\/pictures\/23803\/content_esquema_vacfebammg_001.jpg\" alt=\"\"><\/p>\n\n\n\n<p><br>Em Minas Gerais, a cobertura vacinal entre janeiro e novembro de 2025 foi de 84,12%. Para ampliar o acesso \u00e0 imuniza\u00e7\u00e3o, o Estado j\u00e1 destinou R$ 165 milh\u00f5es aos munic\u00edpios para a\u00e7\u00f5es extramuros e R$ 100 milh\u00f5es para a aquisi\u00e7\u00e3o de Vacim\u00f3veis. Para o bi\u00eanio 2025\u20132026, est\u00e3o previstos R$ 210 milh\u00f5es para intensifica\u00e7\u00e3o das a\u00e7\u00f5es de imuniza\u00e7\u00e3o, incluindo contra a febre amarela.<\/p>\n","protected":false},"excerpt":{"rendered":"<p>Mesmo sem registros da doen\u00e7a em 2026, Estado intensifica vigil\u00e2ncia, vacina\u00e7\u00e3o e capacita\u00e7\u00e3o de profissionais de sa\u00fade Mesmo sem casos humanos confirmados da febre amarela em Minas Gerais em 2026, o&nbsp;Governo de Minas, por meio da&nbsp;Secretaria de Estado de Sa\u00fade (SES-MG), vai intensificar, de forma preventiva, as a\u00e7\u00f5es de vigil\u00e2ncia, vacina\u00e7\u00e3o e capacita\u00e7\u00e3o de profissionais [&hellip;]<\/p>\n","protected":false},"author":5,"featured_media":168973,"comment_status":"closed","ping_status":"open","sticky":false,"template":"","format":"standard","meta":{"advgb_blocks_editor_width":"","advgb_blocks_columns_visual_guide":"","_exactmetrics_skip_tracking":false,"_exactmetrics_sitenote_active":false,"_exactmetrics_sitenote_note":"","_exactmetrics_sitenote_category":0,"footnotes":""},"categories":[7,2,5749],"tags":[],"class_list":["post-168972","post","type-post","status-publish","format-standard","has-post-thumbnail","hentry","category-destaques","category-noticias","category-saude"],"better_featured_image":{"id":168973,"alt_text":"","caption":"Fabio Marchetto\/SES-MG","description":"","media_type":"image","media_details":{"width":2560,"height":1709,"file":"2026\/01\/Vacinacao_0344105_Fabio_Marchetto_SESMG-scaled.jpg","filesize":389777,"sizes":{"medium":{"file":"Vacinacao_0344105_Fabio_Marchetto_SESMG-450x300.jpg","width":450,"height":300,"mime-type":"image\/jpeg","filesize":51982,"source_url":"https:\/\/lavras.tv\/site\/wp-content\/uploads\/2026\/01\/Vacinacao_0344105_Fabio_Marchetto_SESMG-450x300.jpg"},"large":{"file":"Vacinacao_0344105_Fabio_Marchetto_SESMG-970x647.jpg","width":970,"height":647,"mime-type":"image\/jpeg","filesize":105047,"source_url":"https:\/\/lavras.tv\/site\/wp-content\/uploads\/2026\/01\/Vacinacao_0344105_Fabio_Marchetto_SESMG-970x647.jpg"},"thumbnail":{"file":"Vacinacao_0344105_Fabio_Marchetto_SESMG-170x113.jpg","width":170,"height":113,"mime-type":"image\/jpeg","filesize":33626,"source_url":"https:\/\/lavras.tv\/site\/wp-content\/uploads\/2026\/01\/Vacinacao_0344105_Fabio_Marchetto_SESMG-170x113.jpg"},"1536x1536":{"file":"Vacinacao_0344105_Fabio_Marchetto_SESMG-1536x1025.jpg","width":1536,"height":1025,"mime-type":"image\/jpeg","filesize":185362,"source_url":"https:\/\/lavras.tv\/site\/wp-content\/uploads\/2026\/01\/Vacinacao_0344105_Fabio_Marchetto_SESMG-1536x1025.jpg"},"2048x2048":{"file":"Vacinacao_0344105_Fabio_Marchetto_SESMG-2048x1367.jpg","width":2048,"height":1367,"mime-type":"image\/jpeg","filesize":276324,"source_url":"https:\/\/lavras.tv\/site\/wp-content\/uploads\/2026\/01\/Vacinacao_0344105_Fabio_Marchetto_SESMG-2048x1367.jpg"},"alm-thumbnail":{"file":"Vacinacao_0344105_Fabio_Marchetto_SESMG-150x150.jpg","width":150,"height":150,"mime-type":"image\/jpeg","filesize":33767,"source_url":"https:\/\/lavras.tv\/site\/wp-content\/uploads\/2026\/01\/Vacinacao_0344105_Fabio_Marchetto_SESMG-150x150.jpg"},"sow-carousel-default":{"file":"Vacinacao_0344105_Fabio_Marchetto_SESMG-272x182.jpg","width":272,"height":182,"mime-type":"image\/jpeg","filesize":39124,"source_url":"https:\/\/lavras.tv\/site\/wp-content\/uploads\/2026\/01\/Vacinacao_0344105_Fabio_Marchetto_SESMG-272x182.jpg"}},"image_meta":{"aperture":"4.5","credit":"F Marchetto","camera":"NIKON D800","caption":"Fabio Marchetto\/SES-MG","created_timestamp":"1651316015","copyright":"","focal_length":"66","iso":"800","shutter_speed":"0.005","title":"Fabio Marchetto\/SES-MG","orientation":"0","keywords":[]},"original_image":"Vacinacao_0344105_Fabio_Marchetto_SESMG.jpg"},"post":168972,"source_url":"https:\/\/lavras.tv\/site\/wp-content\/uploads\/2026\/01\/Vacinacao_0344105_Fabio_Marchetto_SESMG-scaled.jpg"},"author_meta":{"display_name":"Vinicius Bustamante","author_link":"https:\/\/lavras.tv\/site\/author\/vinicius-bustamante\/"},"featured_img":"https:\/\/lavras.tv\/site\/wp-content\/uploads\/2026\/01\/Vacinacao_0344105_Fabio_Marchetto_SESMG-450x300.jpg","coauthors":[],"tax_additional":{"categories":{"linked":["<a href=\"https:\/\/lavras.tv\/site\/category\/destaques\/\" class=\"advgb-post-tax-term\">Destaques<\/a>","<a href=\"https:\/\/lavras.tv\/site\/category\/noticias\/\" class=\"advgb-post-tax-term\">Not\u00edcias<\/a>","<a href=\"https:\/\/lavras.tv\/site\/category\/saude\/\" class=\"advgb-post-tax-term\">Sa\u00fade<\/a>"],"unlinked":["<span class=\"advgb-post-tax-term\">Destaques<\/span>","<span class=\"advgb-post-tax-term\">Not\u00edcias<\/span>","<span class=\"advgb-post-tax-term\">Sa\u00fade<\/span>"]}},"comment_count":"0","relative_dates":{"created":"Publicado 3 meses atr\u00e1s","modified":"Atualizado 3 meses atr\u00e1s"},"absolute_dates":{"created":"Publicado em 20 de janeiro de 2026","modified":"Atualizado em 20 de janeiro de 2026"},"absolute_dates_time":{"created":"Publicado em 20 de janeiro de 2026 13:06","modified":"Atualizado em 20 de janeiro de 2026 13:06"},"featured_img_caption":"Fabio Marchetto\/SES-MG","series_order":"","_links":{"self":[{"href":"https:\/\/lavras.tv\/site\/wp-json\/wp\/v2\/posts\/168972","targetHints":{"allow":["GET"]}}],"collection":[{"href":"https:\/\/lavras.tv\/site\/wp-json\/wp\/v2\/posts"}],"about":[{"href":"https:\/\/lavras.tv\/site\/wp-json\/wp\/v2\/types\/post"}],"author":[{"embeddable":true,"href":"https:\/\/lavras.tv\/site\/wp-json\/wp\/v2\/users\/5"}],"replies":[{"embeddable":true,"href":"https:\/\/lavras.tv\/site\/wp-json\/wp\/v2\/comments?post=168972"}],"version-history":[{"count":1,"href":"https:\/\/lavras.tv\/site\/wp-json\/wp\/v2\/posts\/168972\/revisions"}],"predecessor-version":[{"id":168974,"href":"https:\/\/lavras.tv\/site\/wp-json\/wp\/v2\/posts\/168972\/revisions\/168974"}],"wp:featuredmedia":[{"embeddable":true,"href":"https:\/\/lavras.tv\/site\/wp-json\/wp\/v2\/media\/168973"}],"wp:attachment":[{"href":"https:\/\/lavras.tv\/site\/wp-json\/wp\/v2\/media?parent=168972"}],"wp:term":[{"taxonomy":"category","embeddable":true,"href":"https:\/\/lavras.tv\/site\/wp-json\/wp\/v2\/categories?post=168972"},{"taxonomy":"post_tag","embeddable":true,"href":"https:\/\/lavras.tv\/site\/wp-json\/wp\/v2\/tags?post=168972"}],"curies":[{"name":"wp","href":"https:\/\/api.w.org\/{rel}","templated":true}]}}