{"id":168975,"date":"2026-01-20T13:11:27","date_gmt":"2026-01-20T16:11:27","guid":{"rendered":"https:\/\/lavras.tv\/site\/?p=168975"},"modified":"2026-01-20T13:11:29","modified_gmt":"2026-01-20T16:11:29","slug":"governo-de-minas-divulga-lista-dos-60-estudantes-classificados-para-o-passaporte-mineiro-do-conhecimento","status":"publish","type":"post","link":"https:\/\/lavras.tv\/site\/2026\/01\/20\/governo-de-minas-divulga-lista-dos-60-estudantes-classificados-para-o-passaporte-mineiro-do-conhecimento\/","title":{"rendered":"Governo de Minas divulga lista dos 60 estudantes classificados para o Passaporte Mineiro do Conhecimento"},"content":{"rendered":"<div class=\"lavra-antes-do-conteudo_2\" id=\"lavra-4108896127\"><div id=\"lavra-slider-27\" class=\"custom-slider lavra-slider-341082319 lavra-slider\"><ul><li><div style=\"margin-left: auto;margin-right: auto;text-align: center;\" id=\"lavra-2339517006\"><a href=\"https:\/\/sistemas.lavras.mg.gov.br\/portalcidadao\/#df1b1a7c7b2a290bcb31e32771e610784662739a88807c0dacac58ede5f391a7530e299dc302d611ee73cb143fc22eaf93592e53e7b5bdb01b00a0b8d28dae460c141dd2ff83412e4dc1c31b16b25f33144a9e5620ea73b13f5bc1c59411d98439ad226e8af03840603796067d87afe130812cf3de24982d0e306f9e61e764e5\" aria-label=\"Lavras-TV&#8211;720x104px (1) (1)\"><img src=\"https:\/\/lavras.tv\/site\/wp-content\/uploads\/2025\/01\/Lavras-TV-720x104px-1-1.png\" alt=\"\"  srcset=\"https:\/\/lavras.tv\/site\/wp-content\/uploads\/2025\/01\/Lavras-TV-720x104px-1-1.png 720w, https:\/\/lavras.tv\/site\/wp-content\/uploads\/2025\/01\/Lavras-TV-720x104px-1-1-470x68.png 470w, https:\/\/lavras.tv\/site\/wp-content\/uploads\/2025\/01\/Lavras-TV-720x104px-1-1-170x25.png 170w, https:\/\/lavras.tv\/site\/wp-content\/uploads\/2025\/01\/Lavras-TV-720x104px-1-1-200x29.png 200w\" sizes=\"(max-width: 720px) 100vw, 720px\" width=\"720\" height=\"104\"  style=\"display: inline-block;\" \/><\/a><\/div><\/li><li><a href=\"https:\/\/sistemas.lavras.mg.gov.br\/portalcidadao\/#df1b1a7c7b2a290bcb31e32771e610784662739a88807c0dacac58ede5f391a7530e299dc302d611ee73cb143fc22eaf93592e53e7b5bdb01b00a0b8d28dae460c141dd2ff83412e4dc1c31b16b25f33144a9e5620ea73b13f5bc1c59411d98439ad226e8af03840603796067d87afe130812cf3de24982d0e306f9e61e764e5\" aria-label=\"Banner_Emprego_PortallavrasTV\"><img src=\"https:\/\/lavras.tv\/site\/wp-content\/uploads\/2025\/03\/Banner_Emprego_PortallavrasTV.png\" alt=\"\"  srcset=\"https:\/\/lavras.tv\/site\/wp-content\/uploads\/2025\/03\/Banner_Emprego_PortallavrasTV.png 720w, https:\/\/lavras.tv\/site\/wp-content\/uploads\/2025\/03\/Banner_Emprego_PortallavrasTV-470x68.png 470w, https:\/\/lavras.tv\/site\/wp-content\/uploads\/2025\/03\/Banner_Emprego_PortallavrasTV-170x25.png 170w, https:\/\/lavras.tv\/site\/wp-content\/uploads\/2025\/03\/Banner_Emprego_PortallavrasTV-200x29.png 200w\" sizes=\"(max-width: 720px) 100vw, 720px\" width=\"720\" height=\"104\"   \/><\/a><\/li><li><a href=\"https:\/\/sistemas.lavras.mg.gov.br\/portalcidadao\/#df1b1a7c7b2a290bcb31e32771e610784662739a88807c0dacac58ede5f391a7530e299dc302d611ee73cb143fc22eaf93592e53e7b5bdb01b00a0b8d28dae460c141dd2ff83412e4dc1c31b16b25f33144a9e5620ea73b13f5bc1c59411d98439ad226e8af03840603796067d87afe130812cf3de24982d0e306f9e61e764e5\" aria-label=\"Banner_Obras_PortallavrasTV\"><img src=\"https:\/\/lavras.tv\/site\/wp-content\/uploads\/2025\/03\/Banner_Obras_PortallavrasTV.png\" alt=\"\"  srcset=\"https:\/\/lavras.tv\/site\/wp-content\/uploads\/2025\/03\/Banner_Obras_PortallavrasTV.png 720w, https:\/\/lavras.tv\/site\/wp-content\/uploads\/2025\/03\/Banner_Obras_PortallavrasTV-470x68.png 470w, https:\/\/lavras.tv\/site\/wp-content\/uploads\/2025\/03\/Banner_Obras_PortallavrasTV-170x25.png 170w, https:\/\/lavras.tv\/site\/wp-content\/uploads\/2025\/03\/Banner_Obras_PortallavrasTV-200x29.png 200w\" sizes=\"(max-width: 720px) 100vw, 720px\" width=\"720\" height=\"104\"   \/><\/a><\/li><li><div style=\"margin-left: auto;margin-right: auto;text-align: center;\" id=\"lavra-2040414457\"><a href=\"https:\/\/sistemas.lavras.mg.gov.br\/portalcidadao\/#df1b1a7c7b2a290bcb31e32771e610784662739a88807c0dacac58ede5f391a7530e299dc302d611ee73cb143fc22eaf93592e53e7b5bdb01b00a0b8d28dae460c141dd2ff83412e4dc1c31b16b25f33144a9e5620ea73b13f5bc1c59411d98439ad226e8af03840603796067d87afe130812cf3de24982d0e306f9e61e764e5\" aria-label=\"Banner_Educa\u00e7\u00e3o_PortallavrasTV\"><img src=\"https:\/\/lavras.tv\/site\/wp-content\/uploads\/2025\/01\/Banner_Educacao_PortallavrasTV.png\" alt=\"\"  srcset=\"https:\/\/lavras.tv\/site\/wp-content\/uploads\/2025\/01\/Banner_Educacao_PortallavrasTV.png 720w, https:\/\/lavras.tv\/site\/wp-content\/uploads\/2025\/01\/Banner_Educacao_PortallavrasTV-470x68.png 470w, https:\/\/lavras.tv\/site\/wp-content\/uploads\/2025\/01\/Banner_Educacao_PortallavrasTV-170x25.png 170w, https:\/\/lavras.tv\/site\/wp-content\/uploads\/2025\/01\/Banner_Educacao_PortallavrasTV-200x29.png 200w\" sizes=\"(max-width: 720px) 100vw, 720px\" width=\"720\" height=\"104\"  style=\"display: inline-block;\" \/><\/a><\/div><\/li><li><a href=\"https:\/\/sistemas.lavras.mg.gov.br\/portalcidadao\/#df1b1a7c7b2a290bcb31e32771e610784662739a88807c0dacac58ede5f391a7530e299dc302d611ee73cb143fc22eaf93592e53e7b5bdb01b00a0b8d28dae460c141dd2ff83412e4dc1c31b16b25f33144a9e5620ea73b13f5bc1c59411d98439ad226e8af03840603796067d87afe130812cf3de24982d0e306f9e61e764e5\" aria-label=\"Banner_Sa\u00fade_PortallavrasTV\"><img src=\"https:\/\/lavras.tv\/site\/wp-content\/uploads\/2025\/03\/Banner_Saude_PortallavrasTV.png\" alt=\"\"  srcset=\"https:\/\/lavras.tv\/site\/wp-content\/uploads\/2025\/03\/Banner_Saude_PortallavrasTV.png 720w, https:\/\/lavras.tv\/site\/wp-content\/uploads\/2025\/03\/Banner_Saude_PortallavrasTV-470x68.png 470w, https:\/\/lavras.tv\/site\/wp-content\/uploads\/2025\/03\/Banner_Saude_PortallavrasTV-170x25.png 170w, https:\/\/lavras.tv\/site\/wp-content\/uploads\/2025\/03\/Banner_Saude_PortallavrasTV-200x29.png 200w\" sizes=\"(max-width: 720px) 100vw, 720px\" width=\"720\" height=\"104\"   \/><\/a><\/li><li><div id=\"lavra-2506723680\" style=\"width:720px;height:104px;background-color:#ddd;overflow:scroll;\">\n\t<strong>Sa\u00edda da depura\u00e7\u00e3o de an\u00fancios<\/strong>\n\t<br><br>\n\tO an\u00fancio n\u00e3o \u00e9 exibido na p\u00e1gina<br><br>post atual: Governo de Minas divulga lista dos 60 estudantes classificados para o Passaporte Mineiro do Conhecimento, ID: 168975<br><br><span style=\"color: red;\">O post atual n\u00e3o \u00e9 id\u00eantico ao post principal.<\/span><br><br>An\u00fancios: ROXO - TOPO INTERNA - ROTATIVO 2 (197)<br \/>Grupo de an\u00fancios: Princ_Meio01_720x104 (27)<br><br>Condi\u00e7\u00f5es de exibi\u00e7\u00e3o<div style=\"margin-bottom: 20px; white-space: pre-wrap; font-family: monospace; width: 100%; background: #ffe9e9;\"><strong>condi\u00e7\u00f5es gerais<\/strong><table border=\"1\"><thead><tr><th><\/th><th>An\u00fancios<\/th><th>wp_the_query<\/th><\/tr><\/thead><tr><td>is_main_query<\/td><td>1<\/td><td>1<\/td><\/tr><tr><td>is_rest_api<\/td><td>0<\/td><td>1<\/td><\/tr><tr><td>page<\/td><td>0<\/td><td>1<\/td><\/tr><tr><td>numpages<\/td><td>0<\/td><td>1<\/td><\/tr><tr><td>is_archive<\/td><td>1<\/td><td><\/td><\/tr><tr><td>is_search<\/td><td>1<\/td><td><\/td><\/tr><tr><td>is_home<\/td><td>1<\/td><td><\/td><\/tr><tr><td>is_404<\/td><td>1<\/td><td><\/td><\/tr><tr><td>is_attachment<\/td><td>1<\/td><td><\/td><\/tr><tr><td>is_singular<\/td><td>1<\/td><td><\/td><\/tr><tr><td>is_front_page<\/td><td>1<\/td><td><\/td><\/tr><tr><td>is_feed<\/td><td>1<\/td><td><\/td><\/tr><\/table><\/div><br><br><span style=\"color: red;\">Seu site usa HTTPS, mas o c\u00f3digo do an\u00fancio cont\u00e9m HTTP e pode n\u00e3o funcionar.<\/span>\t<br><br>\n\t<a style=\"color: green;\" href=\"https:\/\/wpadvancedads.com\/manual\/ad-debug-mode\/?utm_source=advanced-ads&utm_medium=link&utm_campaign=ad-debug-mode\" target=\"_blank\" rel=\"nofollow\">Encontre solu\u00e7\u00f5es no manual<\/a>\n<\/div>\n<\/li><\/ul><\/div><script>( window.advanced_ads_ready || jQuery( document ).ready ).call( null, function() {var $lavraslider341082319 = jQuery( \".lavra-slider-341082319\" );$lavraslider341082319.on( \"unslider.ready\", function() { jQuery( \"div.custom-slider ul li\" ).css( \"display\", \"block\" ); });$lavraslider341082319.unslider({ delay:4000, autoplay:true, nav:false, arrows:false, infinite:true });$lavraslider341082319.on(\"mouseover\", function() {$lavraslider341082319.unslider(\"stop\");}).on(\"mouseout\", function() {$lavraslider341082319.unslider(\"start\");});});<\/script><\/div>\n<h2 class=\"wp-block-heading\">Selecionados ir\u00e3o embarcar para interc\u00e2mbio internacional no segundo semestre de 2026<\/h2>\n\n\n\n<figure class=\"wp-block-image\"><img decoding=\"async\" src=\"https:\/\/www.agenciaminas.mg.gov.br\/system\/news\/images\/000\/128\/773\/large\/IMG_0249a.jpg?1768847443\" alt=\"imagem de destaque\"\/><\/figure>\n\n\n\n<p>A&nbsp;<a href=\"https:\/\/www.educacao.mg.gov.br\/\" target=\"_blank\" rel=\"noreferrer noopener\">Secretaria de Estado de Educa\u00e7\u00e3o de Minas Gerais (SEE\/MG)<\/a>&nbsp;divulgou a&nbsp;<a href=\"https:\/\/www.educacao.mg.gov.br\/wp-content\/uploads\/2026\/01\/60-Selecionados-Passaporte-Mineiro.pdf\" target=\"_blank\" rel=\"noreferrer noopener\">lista dos 60 estudantes classificados para o Projeto Passaporte Mineiro do Conhecimento<\/a>, iniciativa do&nbsp;<a href=\"https:\/\/www.mg.gov.br\/\" target=\"_blank\" rel=\"noreferrer noopener\">Governo de Minas Gerais<\/a>&nbsp;que promove a mobilidade acad\u00eamica internacional de alunos da rede p\u00fablica estadual. Os estudantes selecionados ir\u00e3o viajar no segundo semestre de 2026, completando o total de 150 bolsas de interc\u00e2mbio previstas para o Ciclo II do projeto.<\/p>\n\n\n\n<p>O Passaporte Mineiro do Conhecimento \u00e9 realizado pela SEE\/MG, em parceria com a&nbsp;<a href=\"http:\/\/www.fha.mg.gov.br\/\" target=\"_blank\" rel=\"noreferrer noopener\">Funda\u00e7\u00e3o Helena Antipoff<\/a>, e tem como objetivo ampliar o acesso \u00e0 educa\u00e7\u00e3o intercultural, promovendo a troca de experi\u00eancias, o desenvolvimento de compet\u00eancias globais e a forma\u00e7\u00e3o de jovens preparados para os desafios do s\u00e9culo XXI.<\/p>\n\n\n\n<p>Segundo o vice-governador de Minas Gerais, Mateus Sim\u00f5es a iniciativa amplia oportunidades e promove igualdade de acesso \u00e0s experi\u00eancias internacionais.&nbsp;\u201cFico muito feliz por termos institu\u00eddo um programa que permite que estudantes da rede p\u00fablica estadual vivenciem experi\u00eancias internacionais, assim como jovens de classe m\u00e9dia ou alta normalmente t\u00eam acesso&#8221;, disse.<\/p>\n\n\n\n<figure class=\"wp-block-table\"><table class=\"has-fixed-layout\"><tbody><tr><td class=\"has-text-align-center\" data-align=\"center\" colspan=\"5\"><img decoding=\"async\" alt=\"\" src=\"https:\/\/www.agenciaminas.mg.gov.br\/ckeditor_assets\/pictures\/20949\/content_2_olho_topo.jpg\"><\/td><\/tr><tr><td class=\"has-text-align-center\" data-align=\"center\">&nbsp;<\/td><td class=\"has-text-align-center\" data-align=\"center\" colspan=\"3\" rowspan=\"3\"><strong>&#8220;O Passaporte Mineiro do Conhecimento demonstra que tanto o interior quanto a capital participam desses processos e que Minas Gerais tem alunos com plenas condi\u00e7\u00f5es de brilhar fora do Brasil e retornar com experi\u00eancias que enriquecem ainda mais o nosso estado. Trata-se de um programa baseado no m\u00e9rito escolar, que seleciona os melhores alunos&#8221;, enfatizou Mateus Sim\u00f5es.<\/strong><\/td><td class=\"has-text-align-center\" data-align=\"center\">&nbsp;<\/td><\/tr><tr><td class=\"has-text-align-center\" data-align=\"center\">&nbsp;<\/td><td class=\"has-text-align-center\" data-align=\"center\">&nbsp;<\/td><\/tr><tr><td class=\"has-text-align-center\" data-align=\"center\">&nbsp;<\/td><td class=\"has-text-align-center\" data-align=\"center\">&nbsp;<\/td><\/tr><tr><td class=\"has-text-align-center\" data-align=\"center\" colspan=\"5\"><img decoding=\"async\" alt=\"\" src=\"https:\/\/www.agenciaminas.mg.gov.br\/ckeditor_assets\/pictures\/20950\/content_2_olho_inferior.jpg\"><\/td><\/tr><\/tbody><\/table><\/figure>\n\n\n\n<p><strong>Sobre o projeto<\/strong><\/p>\n\n\n\n<p>Voltado a estudantes do 1\u00ba ano do Ensino M\u00e9dio em Tempo Integral (EMTI), nas modalidades proped\u00eautica e profissional, o projeto contempla alunos das escolas p\u00fablicas estaduais de Minas Gerais. Nesta segunda edi\u00e7\u00e3o, o programa registrou 3.135 estudantes inscritos, refor\u00e7ando o interesse dos jovens por experi\u00eancias educacionais internacionais.<\/p>\n\n\n\n<p>O Projeto Passaporte Mineiro do Conhecimento oferece bolsas integrais de interc\u00e2mbio, com dura\u00e7\u00e3o de at\u00e9 um ano letivo, custeadas integralmente pelo Governo de Minas. Entre os itens inclu\u00eddos est\u00e3o passagens a\u00e9reas, seguro sa\u00fade, emiss\u00e3o de passaporte e visto estudantil, acomoda\u00e7\u00e3o em casa de fam\u00edlia volunt\u00e1ria, matr\u00edcula escolar no exterior, materiais did\u00e1ticos, transporte escolar e ajuda de custo mensal no valor de R$ 1.444,50.<\/p>\n\n\n\n<p>Para o secret\u00e1rio de Estado de Educa\u00e7\u00e3o, Rossieli Soares, o Projeto Passaporte Mineiro do Conhecimento representa uma etapa significativa na vida dos jovens selecionados.&nbsp;<\/p>\n\n\n\n<figure class=\"wp-block-table\"><table class=\"has-fixed-layout\"><tbody><tr><td class=\"has-text-align-center\" data-align=\"center\" colspan=\"5\"><img decoding=\"async\" alt=\"\" src=\"https:\/\/www.agenciaminas.mg.gov.br\/ckeditor_assets\/pictures\/20949\/content_2_olho_topo.jpg\"><\/td><\/tr><tr><td class=\"has-text-align-center\" data-align=\"center\">&nbsp;<\/td><td class=\"has-text-align-center\" data-align=\"center\" colspan=\"3\" rowspan=\"3\"><strong>&#8220;\u00c9 uma mudan\u00e7a muito importante na vida desses jovens, que ter\u00e3o a oportunidade de conhecer o mundo, novas perspectivas e depois retornar a Minas Gerais para continuar estudando com uma experi\u00eancia que, certamente, abrir\u00e1 muitas portas&#8221;, afirma Rossieli Soares.<\/strong><\/td><td class=\"has-text-align-center\" data-align=\"center\">&nbsp;<\/td><\/tr><tr><td class=\"has-text-align-center\" data-align=\"center\">&nbsp;<\/td><td class=\"has-text-align-center\" data-align=\"center\">&nbsp;<\/td><\/tr><tr><td class=\"has-text-align-center\" data-align=\"center\">&nbsp;<\/td><td class=\"has-text-align-center\" data-align=\"center\">&nbsp;<\/td><\/tr><tr><td class=\"has-text-align-center\" data-align=\"center\" colspan=\"5\"><img decoding=\"async\" alt=\"\" src=\"https:\/\/www.agenciaminas.mg.gov.br\/ckeditor_assets\/pictures\/20950\/content_2_olho_inferior.jpg\"><\/td><\/tr><\/tbody><\/table><\/figure>\n\n\n\n<p><strong>Novidades&nbsp;<\/strong><\/p>\n\n\n\n<p>Em 2025, o Passaporte Mineiro do Conhecimento passou por importantes avan\u00e7os, como a amplia\u00e7\u00e3o para todas as escolas de Ensino M\u00e9dio em Tempo Integral do estado, a cria\u00e7\u00e3o de uma Cartilha de Orienta\u00e7\u00f5es para diretores escolares e a expans\u00e3o do n\u00famero de bolsas, totalizando 150 estudantes contemplados.<\/p>\n\n\n\n<p>O projeto tamb\u00e9m foi estruturado em Ciclo I e Ciclo II, com a oferta de Trilhas Formativas voltadas ao desenvolvimento de compet\u00eancias sociais, emocionais e interculturais, al\u00e9m de incentivar o protagonismo juvenil, a inclus\u00e3o e a diversidade cultural.<\/p>\n\n\n\n<p><strong>Impacto na vida dos estudantes<\/strong><\/p>\n\n\n\n<p>O estudante Ot\u00e1vio Ferreira Magalh\u00e3es, da Escola Estadual Sanico Teles, em Santa Rita do Sapuca\u00ed, tamb\u00e9m participante da primeira edi\u00e7\u00e3o do Passaporte Mineiro do Conhecimento e atualmente em interc\u00e2mbio na It\u00e1lia, refor\u00e7a o papel transformador da iniciativa em sua forma\u00e7\u00e3o acad\u00eamica e pessoal.<\/p>\n\n\n\n<p>\u201cA experi\u00eancia de participar de um interc\u00e2mbio fora do pa\u00eds tem sido espetacular. Conhecer pessoas novas, fazer amigos que levamos para a vida toda, estudar em outro pa\u00eds e usar essa viv\u00eancia para potencializar a carreira \u00e9 a realiza\u00e7\u00e3o de um sonho. Sou muito grato ao Projeto Passaporte Mineiro, que acreditou em mim e em estudantes que nunca tiveram a oportunidade de viajar para fora do pa\u00eds\u201d, destaca.<\/p>\n\n\n\n<p>Outro exemplo do impacto do projeto \u00e9 a estudante Isabella Silva de Oliveira, da Escola Estadual Ab\u00edlio Rodrigues Patto, em Governador Valadares, que participou da primeira edi\u00e7\u00e3o e atualmente realiza interc\u00e2mbio na Fran\u00e7a. Para ela, a experi\u00eancia tem sido marcada por descobertas e supera\u00e7\u00e3o.<\/p>\n\n\n\n<p>\u201cParticipar de um interc\u00e2mbio tem sido uma jornada de descobertas, de fazer muitas coisas pela primeira vez e lidar com muitos sentimentos ao mesmo tempo. O Passaporte Mineiro me permitiu realizar esse sonho e viver algo que eu nunca imaginei que pudesse se tornar realidade. Desde a trilha formativa, o programa transformou a minha vis\u00e3o sobre o mundo\u201d, conta.<\/p>\n","protected":false},"excerpt":{"rendered":"<p>Selecionados ir\u00e3o embarcar para interc\u00e2mbio internacional no segundo semestre de 2026 A&nbsp;Secretaria de Estado de Educa\u00e7\u00e3o de Minas Gerais (SEE\/MG)&nbsp;divulgou a&nbsp;lista dos 60 estudantes classificados para o Projeto Passaporte Mineiro do Conhecimento, iniciativa do&nbsp;Governo de Minas Gerais&nbsp;que promove a mobilidade acad\u00eamica internacional de alunos da rede p\u00fablica estadual. Os estudantes selecionados ir\u00e3o viajar no segundo [&hellip;]<\/p>\n","protected":false},"author":5,"featured_media":168976,"comment_status":"closed","ping_status":"open","sticky":false,"template":"","format":"standard","meta":{"advgb_blocks_editor_width":"","advgb_blocks_columns_visual_guide":"","_exactmetrics_skip_tracking":false,"_exactmetrics_sitenote_active":false,"_exactmetrics_sitenote_note":"","_exactmetrics_sitenote_category":0,"footnotes":""},"categories":[7,2],"tags":[],"class_list":["post-168975","post","type-post","status-publish","format-standard","has-post-thumbnail","hentry","category-destaques","category-noticias"],"better_featured_image":{"id":168976,"alt_text":"","caption":"","description":"","media_type":"image","media_details":{"width":940,"height":350,"file":"2026\/01\/IMG_0249a.jpg","filesize":391894,"sizes":{"medium":{"file":"IMG_0249a-470x175.jpg","width":470,"height":175,"mime-type":"image\/jpeg","filesize":29749,"source_url":"https:\/\/lavras.tv\/site\/wp-content\/uploads\/2026\/01\/IMG_0249a-470x175.jpg"},"thumbnail":{"file":"IMG_0249a-170x63.jpg","width":170,"height":63,"mime-type":"image\/jpeg","filesize":6393,"source_url":"https:\/\/lavras.tv\/site\/wp-content\/uploads\/2026\/01\/IMG_0249a-170x63.jpg"},"alm-thumbnail":{"file":"IMG_0249a-150x150.jpg","width":150,"height":150,"mime-type":"image\/jpeg","filesize":10976,"source_url":"https:\/\/lavras.tv\/site\/wp-content\/uploads\/2026\/01\/IMG_0249a-150x150.jpg"},"sow-carousel-default":{"file":"IMG_0249a-272x182.jpg","width":272,"height":182,"mime-type":"image\/jpeg","filesize":20194,"source_url":"https:\/\/lavras.tv\/site\/wp-content\/uploads\/2026\/01\/IMG_0249a-272x182.jpg"}},"image_meta":{"aperture":"0","credit":"","camera":"","caption":"","created_timestamp":"0","copyright":"","focal_length":"0","iso":"0","shutter_speed":"0","title":"","orientation":"0","keywords":[]}},"post":168975,"source_url":"https:\/\/lavras.tv\/site\/wp-content\/uploads\/2026\/01\/IMG_0249a.jpg"},"author_meta":{"display_name":"Vinicius Bustamante","author_link":"https:\/\/lavras.tv\/site\/author\/vinicius-bustamante\/"},"featured_img":"https:\/\/lavras.tv\/site\/wp-content\/uploads\/2026\/01\/IMG_0249a-470x175.jpg","coauthors":[],"tax_additional":{"categories":{"linked":["<a href=\"https:\/\/lavras.tv\/site\/category\/destaques\/\" class=\"advgb-post-tax-term\">Destaques<\/a>","<a href=\"https:\/\/lavras.tv\/site\/category\/noticias\/\" class=\"advgb-post-tax-term\">Not\u00edcias<\/a>"],"unlinked":["<span class=\"advgb-post-tax-term\">Destaques<\/span>","<span class=\"advgb-post-tax-term\">Not\u00edcias<\/span>"]}},"comment_count":"0","relative_dates":{"created":"Publicado 3 meses atr\u00e1s","modified":"Atualizado 3 meses atr\u00e1s"},"absolute_dates":{"created":"Publicado em 20 de janeiro de 2026","modified":"Atualizado em 20 de janeiro de 2026"},"absolute_dates_time":{"created":"Publicado em 20 de janeiro de 2026 13:11","modified":"Atualizado em 20 de janeiro de 2026 13:11"},"featured_img_caption":"","series_order":"","_links":{"self":[{"href":"https:\/\/lavras.tv\/site\/wp-json\/wp\/v2\/posts\/168975","targetHints":{"allow":["GET"]}}],"collection":[{"href":"https:\/\/lavras.tv\/site\/wp-json\/wp\/v2\/posts"}],"about":[{"href":"https:\/\/lavras.tv\/site\/wp-json\/wp\/v2\/types\/post"}],"author":[{"embeddable":true,"href":"https:\/\/lavras.tv\/site\/wp-json\/wp\/v2\/users\/5"}],"replies":[{"embeddable":true,"href":"https:\/\/lavras.tv\/site\/wp-json\/wp\/v2\/comments?post=168975"}],"version-history":[{"count":1,"href":"https:\/\/lavras.tv\/site\/wp-json\/wp\/v2\/posts\/168975\/revisions"}],"predecessor-version":[{"id":168977,"href":"https:\/\/lavras.tv\/site\/wp-json\/wp\/v2\/posts\/168975\/revisions\/168977"}],"wp:featuredmedia":[{"embeddable":true,"href":"https:\/\/lavras.tv\/site\/wp-json\/wp\/v2\/media\/168976"}],"wp:attachment":[{"href":"https:\/\/lavras.tv\/site\/wp-json\/wp\/v2\/media?parent=168975"}],"wp:term":[{"taxonomy":"category","embeddable":true,"href":"https:\/\/lavras.tv\/site\/wp-json\/wp\/v2\/categories?post=168975"},{"taxonomy":"post_tag","embeddable":true,"href":"https:\/\/lavras.tv\/site\/wp-json\/wp\/v2\/tags?post=168975"}],"curies":[{"name":"wp","href":"https:\/\/api.w.org\/{rel}","templated":true}]}}