{"id":168984,"date":"2026-01-21T12:09:35","date_gmt":"2026-01-21T15:09:35","guid":{"rendered":"https:\/\/lavras.tv\/site\/?p=168984"},"modified":"2026-01-21T12:09:37","modified_gmt":"2026-01-21T15:09:37","slug":"radares-da-br-381-ainda-nao-estao-multando-equipamentos-passam-por-instalacao-e-afericao","status":"publish","type":"post","link":"https:\/\/lavras.tv\/site\/2026\/01\/21\/radares-da-br-381-ainda-nao-estao-multando-equipamentos-passam-por-instalacao-e-afericao\/","title":{"rendered":"Radares da BR-381 ainda n\u00e3o est\u00e3o multando; equipamentos passam por instala\u00e7\u00e3o e aferi\u00e7\u00e3o"},"content":{"rendered":"<div class=\"lavra-antes-do-conteudo_2\" id=\"lavra-3100111772\"><div id=\"lavra-slider-27\" class=\"custom-slider lavra-slider-156975835 lavra-slider\"><ul><li><div style=\"margin-left: auto;margin-right: auto;text-align: center;\" id=\"lavra-382756852\"><a href=\"https:\/\/sistemas.lavras.mg.gov.br\/portalcidadao\/#df1b1a7c7b2a290bcb31e32771e610784662739a88807c0dacac58ede5f391a7530e299dc302d611ee73cb143fc22eaf93592e53e7b5bdb01b00a0b8d28dae460c141dd2ff83412e4dc1c31b16b25f33144a9e5620ea73b13f5bc1c59411d98439ad226e8af03840603796067d87afe130812cf3de24982d0e306f9e61e764e5\" aria-label=\"Lavras-TV&#8211;720x104px (1) (1)\"><img src=\"https:\/\/lavras.tv\/site\/wp-content\/uploads\/2025\/01\/Lavras-TV-720x104px-1-1.png\" alt=\"\"  srcset=\"https:\/\/lavras.tv\/site\/wp-content\/uploads\/2025\/01\/Lavras-TV-720x104px-1-1.png 720w, https:\/\/lavras.tv\/site\/wp-content\/uploads\/2025\/01\/Lavras-TV-720x104px-1-1-470x68.png 470w, https:\/\/lavras.tv\/site\/wp-content\/uploads\/2025\/01\/Lavras-TV-720x104px-1-1-170x25.png 170w, https:\/\/lavras.tv\/site\/wp-content\/uploads\/2025\/01\/Lavras-TV-720x104px-1-1-200x29.png 200w\" sizes=\"(max-width: 720px) 100vw, 720px\" width=\"720\" height=\"104\"  style=\"display: inline-block;\" \/><\/a><\/div><\/li><li><a href=\"https:\/\/sistemas.lavras.mg.gov.br\/portalcidadao\/#df1b1a7c7b2a290bcb31e32771e610784662739a88807c0dacac58ede5f391a7530e299dc302d611ee73cb143fc22eaf93592e53e7b5bdb01b00a0b8d28dae460c141dd2ff83412e4dc1c31b16b25f33144a9e5620ea73b13f5bc1c59411d98439ad226e8af03840603796067d87afe130812cf3de24982d0e306f9e61e764e5\" aria-label=\"Banner_Emprego_PortallavrasTV\"><img src=\"https:\/\/lavras.tv\/site\/wp-content\/uploads\/2025\/03\/Banner_Emprego_PortallavrasTV.png\" alt=\"\"  srcset=\"https:\/\/lavras.tv\/site\/wp-content\/uploads\/2025\/03\/Banner_Emprego_PortallavrasTV.png 720w, https:\/\/lavras.tv\/site\/wp-content\/uploads\/2025\/03\/Banner_Emprego_PortallavrasTV-470x68.png 470w, https:\/\/lavras.tv\/site\/wp-content\/uploads\/2025\/03\/Banner_Emprego_PortallavrasTV-170x25.png 170w, https:\/\/lavras.tv\/site\/wp-content\/uploads\/2025\/03\/Banner_Emprego_PortallavrasTV-200x29.png 200w\" sizes=\"(max-width: 720px) 100vw, 720px\" width=\"720\" height=\"104\"   \/><\/a><\/li><li><a href=\"https:\/\/sistemas.lavras.mg.gov.br\/portalcidadao\/#df1b1a7c7b2a290bcb31e32771e610784662739a88807c0dacac58ede5f391a7530e299dc302d611ee73cb143fc22eaf93592e53e7b5bdb01b00a0b8d28dae460c141dd2ff83412e4dc1c31b16b25f33144a9e5620ea73b13f5bc1c59411d98439ad226e8af03840603796067d87afe130812cf3de24982d0e306f9e61e764e5\" aria-label=\"Banner_Obras_PortallavrasTV\"><img src=\"https:\/\/lavras.tv\/site\/wp-content\/uploads\/2025\/03\/Banner_Obras_PortallavrasTV.png\" alt=\"\"  srcset=\"https:\/\/lavras.tv\/site\/wp-content\/uploads\/2025\/03\/Banner_Obras_PortallavrasTV.png 720w, https:\/\/lavras.tv\/site\/wp-content\/uploads\/2025\/03\/Banner_Obras_PortallavrasTV-470x68.png 470w, https:\/\/lavras.tv\/site\/wp-content\/uploads\/2025\/03\/Banner_Obras_PortallavrasTV-170x25.png 170w, https:\/\/lavras.tv\/site\/wp-content\/uploads\/2025\/03\/Banner_Obras_PortallavrasTV-200x29.png 200w\" sizes=\"(max-width: 720px) 100vw, 720px\" width=\"720\" height=\"104\"   \/><\/a><\/li><li><div style=\"margin-left: auto;margin-right: auto;text-align: center;\" id=\"lavra-2168227323\"><a href=\"https:\/\/sistemas.lavras.mg.gov.br\/portalcidadao\/#df1b1a7c7b2a290bcb31e32771e610784662739a88807c0dacac58ede5f391a7530e299dc302d611ee73cb143fc22eaf93592e53e7b5bdb01b00a0b8d28dae460c141dd2ff83412e4dc1c31b16b25f33144a9e5620ea73b13f5bc1c59411d98439ad226e8af03840603796067d87afe130812cf3de24982d0e306f9e61e764e5\" aria-label=\"Banner_Educa\u00e7\u00e3o_PortallavrasTV\"><img src=\"https:\/\/lavras.tv\/site\/wp-content\/uploads\/2025\/01\/Banner_Educacao_PortallavrasTV.png\" alt=\"\"  srcset=\"https:\/\/lavras.tv\/site\/wp-content\/uploads\/2025\/01\/Banner_Educacao_PortallavrasTV.png 720w, https:\/\/lavras.tv\/site\/wp-content\/uploads\/2025\/01\/Banner_Educacao_PortallavrasTV-470x68.png 470w, https:\/\/lavras.tv\/site\/wp-content\/uploads\/2025\/01\/Banner_Educacao_PortallavrasTV-170x25.png 170w, https:\/\/lavras.tv\/site\/wp-content\/uploads\/2025\/01\/Banner_Educacao_PortallavrasTV-200x29.png 200w\" sizes=\"(max-width: 720px) 100vw, 720px\" width=\"720\" height=\"104\"  style=\"display: inline-block;\" \/><\/a><\/div><\/li><li><a href=\"https:\/\/sistemas.lavras.mg.gov.br\/portalcidadao\/#df1b1a7c7b2a290bcb31e32771e610784662739a88807c0dacac58ede5f391a7530e299dc302d611ee73cb143fc22eaf93592e53e7b5bdb01b00a0b8d28dae460c141dd2ff83412e4dc1c31b16b25f33144a9e5620ea73b13f5bc1c59411d98439ad226e8af03840603796067d87afe130812cf3de24982d0e306f9e61e764e5\" aria-label=\"Banner_Sa\u00fade_PortallavrasTV\"><img src=\"https:\/\/lavras.tv\/site\/wp-content\/uploads\/2025\/03\/Banner_Saude_PortallavrasTV.png\" alt=\"\"  srcset=\"https:\/\/lavras.tv\/site\/wp-content\/uploads\/2025\/03\/Banner_Saude_PortallavrasTV.png 720w, https:\/\/lavras.tv\/site\/wp-content\/uploads\/2025\/03\/Banner_Saude_PortallavrasTV-470x68.png 470w, https:\/\/lavras.tv\/site\/wp-content\/uploads\/2025\/03\/Banner_Saude_PortallavrasTV-170x25.png 170w, https:\/\/lavras.tv\/site\/wp-content\/uploads\/2025\/03\/Banner_Saude_PortallavrasTV-200x29.png 200w\" sizes=\"(max-width: 720px) 100vw, 720px\" width=\"720\" height=\"104\"   \/><\/a><\/li><li><div id=\"lavra-3243659319\" style=\"width:720px;height:104px;background-color:#ddd;overflow:scroll;\">\n\t<strong>Sa\u00edda da depura\u00e7\u00e3o de an\u00fancios<\/strong>\n\t<br><br>\n\tO an\u00fancio n\u00e3o \u00e9 exibido na p\u00e1gina<br><br>post atual: Radares da BR-381 ainda n\u00e3o est\u00e3o multando; equipamentos passam por instala\u00e7\u00e3o e aferi\u00e7\u00e3o, ID: 168984<br><br><span style=\"color: red;\">O post atual n\u00e3o \u00e9 id\u00eantico ao post principal.<\/span><br><br>An\u00fancios: ROXO - TOPO INTERNA - ROTATIVO 2 (197)<br \/>Grupo de an\u00fancios: Princ_Meio01_720x104 (27)<br><br>Condi\u00e7\u00f5es de exibi\u00e7\u00e3o<div style=\"margin-bottom: 20px; white-space: pre-wrap; font-family: monospace; width: 100%; background: #ffe9e9;\"><strong>condi\u00e7\u00f5es gerais<\/strong><table border=\"1\"><thead><tr><th><\/th><th>An\u00fancios<\/th><th>wp_the_query<\/th><\/tr><\/thead><tr><td>is_main_query<\/td><td>1<\/td><td>1<\/td><\/tr><tr><td>is_rest_api<\/td><td>0<\/td><td>1<\/td><\/tr><tr><td>page<\/td><td>0<\/td><td>1<\/td><\/tr><tr><td>numpages<\/td><td>0<\/td><td>1<\/td><\/tr><tr><td>is_archive<\/td><td>1<\/td><td><\/td><\/tr><tr><td>is_search<\/td><td>1<\/td><td><\/td><\/tr><tr><td>is_home<\/td><td>1<\/td><td><\/td><\/tr><tr><td>is_404<\/td><td>1<\/td><td><\/td><\/tr><tr><td>is_attachment<\/td><td>1<\/td><td><\/td><\/tr><tr><td>is_singular<\/td><td>1<\/td><td><\/td><\/tr><tr><td>is_front_page<\/td><td>1<\/td><td><\/td><\/tr><tr><td>is_feed<\/td><td>1<\/td><td><\/td><\/tr><\/table><\/div><br><br><span style=\"color: red;\">Seu site usa HTTPS, mas o c\u00f3digo do an\u00fancio cont\u00e9m HTTP e pode n\u00e3o funcionar.<\/span>\t<br><br>\n\t<a style=\"color: green;\" href=\"https:\/\/wpadvancedads.com\/manual\/ad-debug-mode\/?utm_source=advanced-ads&utm_medium=link&utm_campaign=ad-debug-mode\" target=\"_blank\" rel=\"nofollow\">Encontre solu\u00e7\u00f5es no manual<\/a>\n<\/div>\n<\/li><\/ul><\/div><script>( window.advanced_ads_ready || jQuery( document ).ready ).call( null, function() {var $lavraslider156975835 = jQuery( \".lavra-slider-156975835\" );$lavraslider156975835.on( \"unslider.ready\", function() { jQuery( \"div.custom-slider ul li\" ).css( \"display\", \"block\" ); });$lavraslider156975835.unslider({ delay:4000, autoplay:true, nav:false, arrows:false, infinite:true });$lavraslider156975835.on(\"mouseover\", function() {$lavraslider156975835.unslider(\"stop\");}).on(\"mouseout\", function() {$lavraslider156975835.unslider(\"start\");});});<\/script><\/div>\n<h2 class=\"wp-block-heading\">Fiscaliza\u00e7\u00e3o eletr\u00f4nica ser\u00e1 ativada somente ap\u00f3s homologa\u00e7\u00e3o oficial; dispositivos n\u00e3o fazem controle por m\u00e9dia de velocidade<\/h2>\n\n\n\n<figure class=\"wp-block-image\"><img decoding=\"async\" src=\"https:\/\/defatoonline.com.br\/wp-content\/webp-express\/webp-images\/uploads\/2026\/01\/rodovia-BR-381-780x520.png.webp\" alt=\"Radares da BR-381 ainda n\u00e3o est\u00e3o multando; equipamentos passam por instala\u00e7\u00e3o e aferi\u00e7\u00e3o\" title=\"Radares da BR-381 ainda n\u00e3o est\u00e3o multando; equipamentos passam por instala\u00e7\u00e3o e aferi\u00e7\u00e3o\"\/><figcaption class=\"wp-element-caption\">Foto: Divulga\u00e7\u00e3o\/Nova 381<\/figcaption><\/figure>\n\n\n\n<p>Os radares que est\u00e3o sendo instalados ao longo da BR-381, no trecho entre Belo Horizonte e Governador Valadares, ainda n\u00e3o est\u00e3o em opera\u00e7\u00e3o. Os equipamentos passam, neste momento, por etapas de instala\u00e7\u00e3o f\u00edsica, sinaliza\u00e7\u00e3o vi\u00e1ria e procedimentos t\u00e9cnicos exigidos antes do in\u00edcio da fiscaliza\u00e7\u00e3o eletr\u00f4nica de velocidade.<\/p>\n\n\n\n<p>De acordo com as informa\u00e7\u00f5es divulgadas pela concession\u00e1ria Nova 381, a ativa\u00e7\u00e3o dos radares s\u00f3 acontecer\u00e1 ap\u00f3s a conclus\u00e3o da aferi\u00e7\u00e3o pelo poder concedente, seguida da homologa\u00e7\u00e3o e da publica\u00e7\u00e3o no Di\u00e1rio Oficial da Uni\u00e3o (<a href=\"https:\/\/in.gov.br\/servicos\/diario-oficial-da-uniao\" target=\"_blank\" rel=\"noreferrer noopener\"><strong>DOU<\/strong><\/a>). Somente ap\u00f3s esse tr\u00e2mite legal os dispositivos poder\u00e3o passar a registrar infra\u00e7\u00f5es.<\/p>\n\n\n\n<p>Ao todo, est\u00e3o previstos 68 radares distribu\u00eddos ao longo do trecho concedido da BR-381. A localiza\u00e7\u00e3o dos pontos de fiscaliza\u00e7\u00e3o ser\u00e1 oficialmente divulgada por meio de publica\u00e7\u00e3o federal e tamb\u00e9m informada previamente aos motoristas. Pr\u00f3ximo a cada equipamento, haver\u00e1 sinaliza\u00e7\u00e3o indicando o limite de velocidade, com quatro placas instaladas em cada sentido da via, posicionadas a at\u00e9 500 metros do radar.<\/p>\n\n\n\n<p>Os dispositivos n\u00e3o far\u00e3o controle de velocidade m\u00e9dia. O funcionamento ser\u00e1 convencional, com medi\u00e7\u00e3o pontual da velocidade no exato local onde o ve\u00edculo passa pelo equipamento. A tecnologia utilizada \u00e9 do tipo n\u00e3o intrusiva, o que dispensa cortes no asfalto, j\u00e1 que os sensores capturam as informa\u00e7\u00f5es sem a necessidade de la\u00e7os magn\u00e9ticos no pavimento.<\/p>\n\n\n\n<p>As infra\u00e7\u00f5es eventualmente registradas n\u00e3o geram arrecada\u00e7\u00e3o para a concession\u00e1ria Nova 381, respons\u00e1vel pelo trecho da&nbsp;<a href=\"https:\/\/defatoonline.com.br\/noticias\/br381\/\" target=\"_blank\" rel=\"noreferrer noopener\"><strong>rodovia<\/strong><\/a>. As multas s\u00e3o de compet\u00eancia da Pol\u00edcia Rodovi\u00e1ria Federal (PRF), que administra os recursos conforme determina o C\u00f3digo de Tr\u00e2nsito Brasileiro, destinando-os a a\u00e7\u00f5es de sinaliza\u00e7\u00e3o, engenharia de tr\u00e1fego, policiamento e campanhas educativas.<\/p>\n\n\n\n<p>A data oficial para o in\u00edcio do funcionamento dos equipamentos ainda ser\u00e1 divulgada.<\/p>\n\n\n\n<h4 class=\"wp-block-heading\"><strong>Confira a localiza\u00e7\u00e3o dos 68 radares que est\u00e3o sendo instalados na BR-381:<\/strong><\/h4>\n\n\n\n<figure class=\"wp-block-table\"><table class=\"has-fixed-layout\"><tbody><tr><td><strong>PONTO<\/strong><\/td><td><strong>UF<\/strong><\/td><td><strong>BR<\/strong><\/td><td><strong>KM<\/strong><\/td><td><strong>Cidade<\/strong><\/td><\/tr><tr><td>1<\/td><td>MG<\/td><td>381<\/td><td>152+310<\/td><td>Governador Valadares<\/td><\/tr><tr><td>2<\/td><td>MG<\/td><td>381<\/td><td>156+840<\/td><td>Governador Valadares<\/td><\/tr><tr><td>3<\/td><td>MG<\/td><td>381<\/td><td>158+570<\/td><td>Governador Valadares<\/td><\/tr><tr><td>4<\/td><td>MG<\/td><td>381<\/td><td>161+650<\/td><td>Governador Valadares<\/td><\/tr><tr><td>5<\/td><td>MG<\/td><td>381<\/td><td>164+775<\/td><td>Governador Valadares<\/td><\/tr><tr><td>6<\/td><td>MG<\/td><td>381<\/td><td>166+630<\/td><td>Governador Valadares<\/td><\/tr><tr><td>7<\/td><td>MG<\/td><td>381<\/td><td>167+090<\/td><td>Governador Valadares<\/td><\/tr><tr><td>8<\/td><td>MG<\/td><td>381<\/td><td>182+660<\/td><td>Periquito<\/td><\/tr><tr><td>9<\/td><td>MG<\/td><td>381<\/td><td>191+270<\/td><td>Periquito<\/td><\/tr><tr><td>10<\/td><td>MG<\/td><td>381<\/td><td>205+200<\/td><td>Naque<\/td><\/tr><tr><td>11<\/td><td>MG<\/td><td>381<\/td><td>243+870<\/td><td>Santana do Para\u00edso<\/td><\/tr><tr><td>12<\/td><td>MG<\/td><td>381<\/td><td>247+800<\/td><td>Santana do Para\u00edso<\/td><\/tr><tr><td>13<\/td><td>MG<\/td><td>381<\/td><td>249+050<\/td><td>Santana do Para\u00edso<\/td><\/tr><tr><td>14<\/td><td>MG<\/td><td>381<\/td><td>249+870<\/td><td>Santana do Para\u00edso<\/td><\/tr><tr><td>15<\/td><td>MG<\/td><td>381<\/td><td>250+775<\/td><td>Santana do Para\u00edso<\/td><\/tr><tr><td>16<\/td><td>MG<\/td><td>381<\/td><td>251+700<\/td><td>Ipatinga<\/td><\/tr><tr><td>17<\/td><td>MG<\/td><td>381<\/td><td>252+280<\/td><td>Ipatinga<\/td><\/tr><tr><td>18<\/td><td>MG<\/td><td>381<\/td><td>271+800<\/td><td>Coronel Fabriciano<\/td><\/tr><tr><td>19<\/td><td>MG<\/td><td>381<\/td><td>287+926<\/td><td>Ant\u00f4nio Dias<\/td><\/tr><tr><td>20<\/td><td>MG<\/td><td>381<\/td><td>296+045<\/td><td>Ant\u00f4nio Dias<\/td><\/tr><tr><td>21<\/td><td>MG<\/td><td>381<\/td><td>310+350<\/td><td>Ant\u00f4nio Dias<\/td><\/tr><tr><td>22<\/td><td>MG<\/td><td>381<\/td><td>315+765<\/td><td>Nova Era<\/td><\/tr><tr><td>23<\/td><td>MG<\/td><td>381<\/td><td>319+980<\/td><td>Nova Era<\/td><\/tr><tr><td>24<\/td><td>MG<\/td><td>381<\/td><td>323+375<\/td><td>Nova Era<\/td><\/tr><tr><td>25<\/td><td>MG<\/td><td>381<\/td><td>324+690<\/td><td>Nova Era<\/td><\/tr><tr><td>26<\/td><td>MG<\/td><td>381<\/td><td>325+840<\/td><td>Nova Era<\/td><\/tr><tr><td>27<\/td><td>MG<\/td><td>381<\/td><td>326+425<\/td><td>Nova Era<\/td><\/tr><tr><td>28<\/td><td>MG<\/td><td>381<\/td><td>327+040<\/td><td>Nova Era<\/td><\/tr><tr><td>29<\/td><td>MG<\/td><td>381<\/td><td>327+940<\/td><td>Nova Era<\/td><\/tr><tr><td>30<\/td><td>MG<\/td><td>381<\/td><td>331+000<\/td><td>Nova Era<\/td><\/tr><tr><td>31<\/td><td>MG<\/td><td>381<\/td><td>333+455<\/td><td>Nova Era<\/td><\/tr><tr><td>32<\/td><td>MG<\/td><td>381<\/td><td>337+140<\/td><td>Nova Era<\/td><\/tr><tr><td>33<\/td><td>MG<\/td><td>381<\/td><td>338+685<\/td><td>Nova Era<\/td><\/tr><tr><td>34<\/td><td>MG<\/td><td>381<\/td><td>341+220<\/td><td>Bela Vista de Minas<\/td><\/tr><tr><td>35<\/td><td>MG<\/td><td>381<\/td><td>343+710<\/td><td>Bela Vista de Minas<\/td><\/tr><tr><td>36<\/td><td>MG<\/td><td>381<\/td><td>349+095<\/td><td>Jo\u00e3o Monlevade<\/td><\/tr><tr><td>37<\/td><td>MG<\/td><td>381<\/td><td>352+120<\/td><td>Jo\u00e3o Monlevade<\/td><\/tr><tr><td>38<\/td><td>MG<\/td><td>381<\/td><td>354+625<\/td><td>Jo\u00e3o Monlevade<\/td><\/tr><tr><td>39<\/td><td>MG<\/td><td>381<\/td><td>355+145<\/td><td>Jo\u00e3o Monlevade<\/td><\/tr><tr><td>40<\/td><td>MG<\/td><td>381<\/td><td>355+905<\/td><td>Jo\u00e3o Monlevade<\/td><\/tr><tr><td>41<\/td><td>MG<\/td><td>381<\/td><td>357+782<\/td><td>Jo\u00e3o Monlevade<\/td><\/tr><tr><td>42<\/td><td>MG<\/td><td>381<\/td><td>359+025<\/td><td>Jo\u00e3o Monlevade<\/td><\/tr><tr><td>43<\/td><td>MG<\/td><td>381<\/td><td>359+345<\/td><td>Jo\u00e3o Monlevade<\/td><\/tr><tr><td>44<\/td><td>MG<\/td><td>381<\/td><td>361+595<\/td><td>S\u00e3o Gon\u00e7alo do Rio Abaixo<\/td><\/tr><tr><td>45<\/td><td>MG<\/td><td>381<\/td><td>361+825<\/td><td>S\u00e3o Gon\u00e7alo do Rio Abaixo<\/td><\/tr><tr><td>46<\/td><td>MG<\/td><td>381<\/td><td>362+510<\/td><td>S\u00e3o Gon\u00e7alo do Rio Abaixo<\/td><\/tr><tr><td>47<\/td><td>MG<\/td><td>381<\/td><td>364+570<\/td><td>S\u00e3o Gon\u00e7alo do Rio Abaixo<\/td><\/tr><tr><td>48<\/td><td>MG<\/td><td>381<\/td><td>364+940<\/td><td>S\u00e3o Gon\u00e7alo do Rio Abaixo<\/td><\/tr><tr><td>49<\/td><td>MG<\/td><td>381<\/td><td>374+210<\/td><td>S\u00e3o Gon\u00e7alo do Rio Abaixo<\/td><\/tr><tr><td>50<\/td><td>MG<\/td><td>381<\/td><td>375+315<\/td><td>S\u00e3o Gon\u00e7alo do Rio Abaixo<\/td><\/tr><tr><td>51<\/td><td>MG<\/td><td>381<\/td><td>423+930<\/td><td>Caet\u00e9<\/td><\/tr><tr><td>52<\/td><td>MG<\/td><td>381<\/td><td>423+310<\/td><td>Caet\u00e9<\/td><\/tr><tr><td>53<\/td><td>MG<\/td><td>381<\/td><td>424+365<\/td><td>Sabar\u00e1<\/td><\/tr><tr><td>54<\/td><td>MG<\/td><td>381<\/td><td>427+120<\/td><td>Sabar\u00e1<\/td><\/tr><tr><td>55<\/td><td>MG<\/td><td>381<\/td><td>427+947<\/td><td>Sabar\u00e1<\/td><\/tr><tr><td>56<\/td><td>MG<\/td><td>381<\/td><td>431+188<\/td><td>Sabar\u00e1<\/td><\/tr><tr><td>57<\/td><td>MG<\/td><td>381<\/td><td>431+885<\/td><td>Sabar\u00e1<\/td><\/tr><tr><td>58<\/td><td>MG<\/td><td>381<\/td><td>434+135<\/td><td>Sabar\u00e1<\/td><\/tr><tr><td>59<\/td><td>MG<\/td><td>381<\/td><td>434+810<\/td><td>Sabar\u00e1<\/td><\/tr><tr><td>60<\/td><td>MG<\/td><td>381<\/td><td>438+430<\/td><td>Santa Luzia<\/td><\/tr><tr><td>61<\/td><td>MG<\/td><td>381<\/td><td>439+690<\/td><td>Santa Luzia<\/td><\/tr><tr><td>62<\/td><td>MG<\/td><td>381<\/td><td>440+053<\/td><td>Santa Luzia<\/td><\/tr><tr><td>63<\/td><td>MG<\/td><td>381<\/td><td>441+184<\/td><td>Santa Luzia<\/td><\/tr><tr><td>64<\/td><td>MG<\/td><td>381<\/td><td>445+000<\/td><td>Sabar\u00e1<\/td><\/tr><tr><td>65<\/td><td>MG<\/td><td>381<\/td><td>446+500<\/td><td>Sabar\u00e1<\/td><\/tr><tr><td>66<\/td><td>MG<\/td><td>381<\/td><td>447+675<\/td><td>Belo Horizonte<\/td><\/tr><tr><td>67<\/td><td>MG<\/td><td>381<\/td><td>449+150<\/td><td>Belo Horizonte<\/td><\/tr><tr><td>68<\/td><td>MG<\/td><td>381<\/td><td>449+410<\/td><td>Belo Horizonte<\/td><\/tr><\/tbody><\/table><\/figure>\n","protected":false},"excerpt":{"rendered":"<p>Fiscaliza\u00e7\u00e3o eletr\u00f4nica ser\u00e1 ativada somente ap\u00f3s homologa\u00e7\u00e3o oficial; dispositivos n\u00e3o fazem controle por m\u00e9dia de velocidade Os radares que est\u00e3o sendo instalados ao longo da BR-381, no trecho entre Belo Horizonte e Governador Valadares, ainda n\u00e3o est\u00e3o em opera\u00e7\u00e3o. Os equipamentos passam, neste momento, por etapas de instala\u00e7\u00e3o f\u00edsica, sinaliza\u00e7\u00e3o vi\u00e1ria e procedimentos t\u00e9cnicos exigidos [&hellip;]<\/p>\n","protected":false},"author":5,"featured_media":168985,"comment_status":"closed","ping_status":"open","sticky":false,"template":"","format":"standard","meta":{"advgb_blocks_editor_width":"","advgb_blocks_columns_visual_guide":"","_exactmetrics_skip_tracking":false,"_exactmetrics_sitenote_active":false,"_exactmetrics_sitenote_note":"","_exactmetrics_sitenote_category":0,"footnotes":""},"categories":[7,2],"tags":[],"class_list":["post-168984","post","type-post","status-publish","format-standard","has-post-thumbnail","hentry","category-destaques","category-noticias"],"better_featured_image":{"id":168985,"alt_text":"","caption":"","description":"","media_type":"image","media_details":{"width":780,"height":520,"file":"2026\/01\/rodovia-BR-381-780x520.png.webp","filesize":109860,"sizes":{"medium":{"file":"rodovia-BR-381-780x520.png-450x300.webp","width":450,"height":300,"mime-type":"image\/webp","filesize":29278,"source_url":"https:\/\/lavras.tv\/site\/wp-content\/uploads\/2026\/01\/rodovia-BR-381-780x520.png-450x300.webp"},"thumbnail":{"file":"rodovia-BR-381-780x520.png-170x113.webp","width":170,"height":113,"mime-type":"image\/webp","filesize":5842,"source_url":"https:\/\/lavras.tv\/site\/wp-content\/uploads\/2026\/01\/rodovia-BR-381-780x520.png-170x113.webp"},"alm-thumbnail":{"file":"rodovia-BR-381-780x520.png-150x150.webp","width":150,"height":150,"mime-type":"image\/webp","filesize":6500,"source_url":"https:\/\/lavras.tv\/site\/wp-content\/uploads\/2026\/01\/rodovia-BR-381-780x520.png-150x150.webp"},"sow-carousel-default":{"file":"rodovia-BR-381-780x520.png-272x182.webp","width":272,"height":182,"mime-type":"image\/webp","filesize":12942,"source_url":"https:\/\/lavras.tv\/site\/wp-content\/uploads\/2026\/01\/rodovia-BR-381-780x520.png-272x182.webp"}},"image_meta":{"aperture":"0","credit":"","camera":"","caption":"","created_timestamp":"0","copyright":"","focal_length":"0","iso":"0","shutter_speed":"0","title":"","orientation":"0","keywords":[]}},"post":168984,"source_url":"https:\/\/lavras.tv\/site\/wp-content\/uploads\/2026\/01\/rodovia-BR-381-780x520.png.webp"},"author_meta":{"display_name":"Vinicius Bustamante","author_link":"https:\/\/lavras.tv\/site\/author\/vinicius-bustamante\/"},"featured_img":"https:\/\/lavras.tv\/site\/wp-content\/uploads\/2026\/01\/rodovia-BR-381-780x520.png-450x300.webp","coauthors":[],"tax_additional":{"categories":{"linked":["<a href=\"https:\/\/lavras.tv\/site\/category\/destaques\/\" class=\"advgb-post-tax-term\">Destaques<\/a>","<a href=\"https:\/\/lavras.tv\/site\/category\/noticias\/\" class=\"advgb-post-tax-term\">Not\u00edcias<\/a>"],"unlinked":["<span class=\"advgb-post-tax-term\">Destaques<\/span>","<span class=\"advgb-post-tax-term\">Not\u00edcias<\/span>"]}},"comment_count":"0","relative_dates":{"created":"Publicado 3 meses atr\u00e1s","modified":"Atualizado 3 meses atr\u00e1s"},"absolute_dates":{"created":"Publicado em 21 de janeiro de 2026","modified":"Atualizado em 21 de janeiro de 2026"},"absolute_dates_time":{"created":"Publicado em 21 de janeiro de 2026 12:09","modified":"Atualizado em 21 de janeiro de 2026 12:09"},"featured_img_caption":"","series_order":"","_links":{"self":[{"href":"https:\/\/lavras.tv\/site\/wp-json\/wp\/v2\/posts\/168984","targetHints":{"allow":["GET"]}}],"collection":[{"href":"https:\/\/lavras.tv\/site\/wp-json\/wp\/v2\/posts"}],"about":[{"href":"https:\/\/lavras.tv\/site\/wp-json\/wp\/v2\/types\/post"}],"author":[{"embeddable":true,"href":"https:\/\/lavras.tv\/site\/wp-json\/wp\/v2\/users\/5"}],"replies":[{"embeddable":true,"href":"https:\/\/lavras.tv\/site\/wp-json\/wp\/v2\/comments?post=168984"}],"version-history":[{"count":1,"href":"https:\/\/lavras.tv\/site\/wp-json\/wp\/v2\/posts\/168984\/revisions"}],"predecessor-version":[{"id":168986,"href":"https:\/\/lavras.tv\/site\/wp-json\/wp\/v2\/posts\/168984\/revisions\/168986"}],"wp:featuredmedia":[{"embeddable":true,"href":"https:\/\/lavras.tv\/site\/wp-json\/wp\/v2\/media\/168985"}],"wp:attachment":[{"href":"https:\/\/lavras.tv\/site\/wp-json\/wp\/v2\/media?parent=168984"}],"wp:term":[{"taxonomy":"category","embeddable":true,"href":"https:\/\/lavras.tv\/site\/wp-json\/wp\/v2\/categories?post=168984"},{"taxonomy":"post_tag","embeddable":true,"href":"https:\/\/lavras.tv\/site\/wp-json\/wp\/v2\/tags?post=168984"}],"curies":[{"name":"wp","href":"https:\/\/api.w.org\/{rel}","templated":true}]}}