{"id":168987,"date":"2026-01-21T12:15:31","date_gmt":"2026-01-21T15:15:31","guid":{"rendered":"https:\/\/lavras.tv\/site\/?p=168987"},"modified":"2026-01-21T12:15:33","modified_gmt":"2026-01-21T15:15:33","slug":"governo-de-minas-celebra-novo-voo-internacional-que-liga-confins-a-montevideu","status":"publish","type":"post","link":"https:\/\/lavras.tv\/site\/2026\/01\/21\/governo-de-minas-celebra-novo-voo-internacional-que-liga-confins-a-montevideu\/","title":{"rendered":"Governo de Minas celebra novo voo internacional que liga Confins a Montevid\u00e9u"},"content":{"rendered":"<div class=\"lavra-antes-do-conteudo_2\" id=\"lavra-4160937383\"><div id=\"lavra-slider-27\" class=\"custom-slider lavra-slider-1869011152 lavra-slider\"><ul><li><div style=\"margin-left: auto;margin-right: auto;text-align: center;\" id=\"lavra-3719021342\"><a href=\"https:\/\/sistemas.lavras.mg.gov.br\/portalcidadao\/#df1b1a7c7b2a290bcb31e32771e610784662739a88807c0dacac58ede5f391a7530e299dc302d611ee73cb143fc22eaf93592e53e7b5bdb01b00a0b8d28dae460c141dd2ff83412e4dc1c31b16b25f33144a9e5620ea73b13f5bc1c59411d98439ad226e8af03840603796067d87afe130812cf3de24982d0e306f9e61e764e5\" aria-label=\"Lavras-TV&#8211;720x104px (1) (1)\"><img src=\"https:\/\/lavras.tv\/site\/wp-content\/uploads\/2025\/01\/Lavras-TV-720x104px-1-1.png\" alt=\"\"  srcset=\"https:\/\/lavras.tv\/site\/wp-content\/uploads\/2025\/01\/Lavras-TV-720x104px-1-1.png 720w, https:\/\/lavras.tv\/site\/wp-content\/uploads\/2025\/01\/Lavras-TV-720x104px-1-1-470x68.png 470w, https:\/\/lavras.tv\/site\/wp-content\/uploads\/2025\/01\/Lavras-TV-720x104px-1-1-170x25.png 170w, https:\/\/lavras.tv\/site\/wp-content\/uploads\/2025\/01\/Lavras-TV-720x104px-1-1-200x29.png 200w\" sizes=\"(max-width: 720px) 100vw, 720px\" width=\"720\" height=\"104\"  style=\"display: inline-block;\" \/><\/a><\/div><\/li><li><a href=\"https:\/\/sistemas.lavras.mg.gov.br\/portalcidadao\/#df1b1a7c7b2a290bcb31e32771e610784662739a88807c0dacac58ede5f391a7530e299dc302d611ee73cb143fc22eaf93592e53e7b5bdb01b00a0b8d28dae460c141dd2ff83412e4dc1c31b16b25f33144a9e5620ea73b13f5bc1c59411d98439ad226e8af03840603796067d87afe130812cf3de24982d0e306f9e61e764e5\" aria-label=\"Banner_Emprego_PortallavrasTV\"><img src=\"https:\/\/lavras.tv\/site\/wp-content\/uploads\/2025\/03\/Banner_Emprego_PortallavrasTV.png\" alt=\"\"  srcset=\"https:\/\/lavras.tv\/site\/wp-content\/uploads\/2025\/03\/Banner_Emprego_PortallavrasTV.png 720w, https:\/\/lavras.tv\/site\/wp-content\/uploads\/2025\/03\/Banner_Emprego_PortallavrasTV-470x68.png 470w, https:\/\/lavras.tv\/site\/wp-content\/uploads\/2025\/03\/Banner_Emprego_PortallavrasTV-170x25.png 170w, https:\/\/lavras.tv\/site\/wp-content\/uploads\/2025\/03\/Banner_Emprego_PortallavrasTV-200x29.png 200w\" sizes=\"(max-width: 720px) 100vw, 720px\" width=\"720\" height=\"104\"   \/><\/a><\/li><li><a href=\"https:\/\/sistemas.lavras.mg.gov.br\/portalcidadao\/#df1b1a7c7b2a290bcb31e32771e610784662739a88807c0dacac58ede5f391a7530e299dc302d611ee73cb143fc22eaf93592e53e7b5bdb01b00a0b8d28dae460c141dd2ff83412e4dc1c31b16b25f33144a9e5620ea73b13f5bc1c59411d98439ad226e8af03840603796067d87afe130812cf3de24982d0e306f9e61e764e5\" aria-label=\"Banner_Obras_PortallavrasTV\"><img src=\"https:\/\/lavras.tv\/site\/wp-content\/uploads\/2025\/03\/Banner_Obras_PortallavrasTV.png\" alt=\"\"  srcset=\"https:\/\/lavras.tv\/site\/wp-content\/uploads\/2025\/03\/Banner_Obras_PortallavrasTV.png 720w, https:\/\/lavras.tv\/site\/wp-content\/uploads\/2025\/03\/Banner_Obras_PortallavrasTV-470x68.png 470w, https:\/\/lavras.tv\/site\/wp-content\/uploads\/2025\/03\/Banner_Obras_PortallavrasTV-170x25.png 170w, https:\/\/lavras.tv\/site\/wp-content\/uploads\/2025\/03\/Banner_Obras_PortallavrasTV-200x29.png 200w\" sizes=\"(max-width: 720px) 100vw, 720px\" width=\"720\" height=\"104\"   \/><\/a><\/li><li><div style=\"margin-left: auto;margin-right: auto;text-align: center;\" id=\"lavra-3148528287\"><a href=\"https:\/\/sistemas.lavras.mg.gov.br\/portalcidadao\/#df1b1a7c7b2a290bcb31e32771e610784662739a88807c0dacac58ede5f391a7530e299dc302d611ee73cb143fc22eaf93592e53e7b5bdb01b00a0b8d28dae460c141dd2ff83412e4dc1c31b16b25f33144a9e5620ea73b13f5bc1c59411d98439ad226e8af03840603796067d87afe130812cf3de24982d0e306f9e61e764e5\" aria-label=\"Banner_Educa\u00e7\u00e3o_PortallavrasTV\"><img src=\"https:\/\/lavras.tv\/site\/wp-content\/uploads\/2025\/01\/Banner_Educacao_PortallavrasTV.png\" alt=\"\"  srcset=\"https:\/\/lavras.tv\/site\/wp-content\/uploads\/2025\/01\/Banner_Educacao_PortallavrasTV.png 720w, https:\/\/lavras.tv\/site\/wp-content\/uploads\/2025\/01\/Banner_Educacao_PortallavrasTV-470x68.png 470w, https:\/\/lavras.tv\/site\/wp-content\/uploads\/2025\/01\/Banner_Educacao_PortallavrasTV-170x25.png 170w, https:\/\/lavras.tv\/site\/wp-content\/uploads\/2025\/01\/Banner_Educacao_PortallavrasTV-200x29.png 200w\" sizes=\"(max-width: 720px) 100vw, 720px\" width=\"720\" height=\"104\"  style=\"display: inline-block;\" \/><\/a><\/div><\/li><li><a href=\"https:\/\/sistemas.lavras.mg.gov.br\/portalcidadao\/#df1b1a7c7b2a290bcb31e32771e610784662739a88807c0dacac58ede5f391a7530e299dc302d611ee73cb143fc22eaf93592e53e7b5bdb01b00a0b8d28dae460c141dd2ff83412e4dc1c31b16b25f33144a9e5620ea73b13f5bc1c59411d98439ad226e8af03840603796067d87afe130812cf3de24982d0e306f9e61e764e5\" aria-label=\"Banner_Sa\u00fade_PortallavrasTV\"><img src=\"https:\/\/lavras.tv\/site\/wp-content\/uploads\/2025\/03\/Banner_Saude_PortallavrasTV.png\" alt=\"\"  srcset=\"https:\/\/lavras.tv\/site\/wp-content\/uploads\/2025\/03\/Banner_Saude_PortallavrasTV.png 720w, https:\/\/lavras.tv\/site\/wp-content\/uploads\/2025\/03\/Banner_Saude_PortallavrasTV-470x68.png 470w, https:\/\/lavras.tv\/site\/wp-content\/uploads\/2025\/03\/Banner_Saude_PortallavrasTV-170x25.png 170w, https:\/\/lavras.tv\/site\/wp-content\/uploads\/2025\/03\/Banner_Saude_PortallavrasTV-200x29.png 200w\" sizes=\"(max-width: 720px) 100vw, 720px\" width=\"720\" height=\"104\"   \/><\/a><\/li><li><div id=\"lavra-1868622940\" style=\"width:720px;height:104px;background-color:#ddd;overflow:scroll;\">\n\t<strong>Sa\u00edda da depura\u00e7\u00e3o de an\u00fancios<\/strong>\n\t<br><br>\n\tO an\u00fancio n\u00e3o \u00e9 exibido na p\u00e1gina<br><br>post atual: Governo de Minas celebra novo voo internacional que liga Confins a Montevid\u00e9u, ID: 168987<br><br><span style=\"color: red;\">O post atual n\u00e3o \u00e9 id\u00eantico ao post principal.<\/span><br><br>An\u00fancios: ROXO - TOPO INTERNA - ROTATIVO 2 (197)<br \/>Grupo de an\u00fancios: Princ_Meio01_720x104 (27)<br><br>Condi\u00e7\u00f5es de exibi\u00e7\u00e3o<div style=\"margin-bottom: 20px; white-space: pre-wrap; font-family: monospace; width: 100%; background: #ffe9e9;\"><strong>condi\u00e7\u00f5es gerais<\/strong><table border=\"1\"><thead><tr><th><\/th><th>An\u00fancios<\/th><th>wp_the_query<\/th><\/tr><\/thead><tr><td>is_main_query<\/td><td>1<\/td><td>1<\/td><\/tr><tr><td>is_rest_api<\/td><td>0<\/td><td>1<\/td><\/tr><tr><td>page<\/td><td>0<\/td><td>1<\/td><\/tr><tr><td>numpages<\/td><td>0<\/td><td>1<\/td><\/tr><tr><td>is_archive<\/td><td>1<\/td><td><\/td><\/tr><tr><td>is_search<\/td><td>1<\/td><td><\/td><\/tr><tr><td>is_home<\/td><td>1<\/td><td><\/td><\/tr><tr><td>is_404<\/td><td>1<\/td><td><\/td><\/tr><tr><td>is_attachment<\/td><td>1<\/td><td><\/td><\/tr><tr><td>is_singular<\/td><td>1<\/td><td><\/td><\/tr><tr><td>is_front_page<\/td><td>1<\/td><td><\/td><\/tr><tr><td>is_feed<\/td><td>1<\/td><td><\/td><\/tr><\/table><\/div><br><br><span style=\"color: red;\">Seu site usa HTTPS, mas o c\u00f3digo do an\u00fancio cont\u00e9m HTTP e pode n\u00e3o funcionar.<\/span>\t<br><br>\n\t<a style=\"color: green;\" href=\"https:\/\/wpadvancedads.com\/manual\/ad-debug-mode\/?utm_source=advanced-ads&utm_medium=link&utm_campaign=ad-debug-mode\" target=\"_blank\" rel=\"nofollow\">Encontre solu\u00e7\u00f5es no manual<\/a>\n<\/div>\n<\/li><\/ul><\/div><script>( window.advanced_ads_ready || jQuery( document ).ready ).call( null, function() {var $lavraslider1869011152 = jQuery( \".lavra-slider-1869011152\" );$lavraslider1869011152.on( \"unslider.ready\", function() { jQuery( \"div.custom-slider ul li\" ).css( \"display\", \"block\" ); });$lavraslider1869011152.unslider({ delay:4000, autoplay:true, nav:false, arrows:false, infinite:true });$lavraslider1869011152.on(\"mouseover\", function() {$lavraslider1869011152.unslider(\"stop\");}).on(\"mouseout\", function() {$lavraslider1869011152.unslider(\"start\");});});<\/script><\/div>\n<h2 class=\"wp-block-heading\">Nova rota estar\u00e1 dispon\u00edvel a partir de 4\/3, com duas frequ\u00eancias semanais, \u00e0s quartas-feiras e aos domingos<\/h2>\n\n\n\n<figure class=\"wp-block-image\"><img decoding=\"async\" src=\"https:\/\/www.agenciaminas.mg.gov.br\/system\/news\/images\/000\/128\/779\/large\/49445fdb_6c63_4754_91e7_041ef2865e2c_ebdff0c1c3.jpg?1768857221\" alt=\"imagem de destaque\"\/><\/figure>\n\n\n\n<p>Minas Gerais avan\u00e7a na amplia\u00e7\u00e3o de sua malha a\u00e9rea internacional com o an\u00fancio de um novo voo direto entre o Aeroporto Internacional de Belo Horizonte (BH Airport), em Confins, e o Aeroporto Internacional de Carrasco, em Montevid\u00e9u, no Uruguai.<br><br>A rota ser\u00e1 operada pela companhia a\u00e9rea Azul, com in\u00edcio das opera\u00e7\u00f5es em 4\/3. No entanto, as passagens j\u00e1 podem ser compradas no site da companhia a partir desta ter\u00e7a-feira (20\/1).<br><br>A amplia\u00e7\u00e3o da conectividade a\u00e9rea \u00e9 resultado de um ambiente de neg\u00f3cios cada vez mais competitivo em Minas Gerais, constru\u00eddo a partir de uma atua\u00e7\u00e3o articulada do&nbsp;<a href=\"https:\/\/www.mg.gov.br\/\" target=\"_blank\" rel=\"noreferrer noopener\">Governo de Minas<\/a>, por meio da&nbsp;<a href=\"https:\/\/desenvolvimento.mg.gov.br\/\" target=\"_blank\" rel=\"noreferrer noopener\">Secretaria de Estado de Desenvolvimento Econ\u00f4mico (Sede-MG)<\/a>&nbsp;e da&nbsp;<a href=\"https:\/\/investminas.mg.gov.br\/\" target=\"_blank\" rel=\"noreferrer noopener\">Invest Minas<\/a>, em di\u00e1logo permanente com companhias a\u00e9reas, operadores aeroportu\u00e1rios e o setor produtivo.<br><br>O novo voo internacional contar\u00e1 com duas frequ\u00eancias semanais, \u00e0s quartas-feiras e domingos, por meio de aeronaves Embraer E2, com capacidade para at\u00e9 136 passageiros. As decolagens ocorrer\u00e3o \u00e0s 10h, saindo de Confins e a volta ser\u00e1 \u00e0s 15h15 partindo do pa\u00eds vizinho.<br><br>\u201cA inaugura\u00e7\u00e3o do voo direto entre Confins e Montevid\u00e9u representa mais um passo estrat\u00e9gico do Governo de Minas na amplia\u00e7\u00e3o da malha a\u00e9rea internacional do estado\u201d, afirma a secret\u00e1ria de Estado de Desenvolvimento Econ\u00f4mico, Mila Corr\u00eaa da Costa.<br>&nbsp;<\/p>\n\n\n\n<figure class=\"wp-block-table\"><table class=\"has-fixed-layout\"><tbody><tr><td class=\"has-text-align-center\" data-align=\"center\" colspan=\"5\"><img decoding=\"async\" alt=\"\" src=\"https:\/\/www.agenciaminas.mg.gov.br\/ckeditor_assets\/pictures\/20949\/content_2_olho_topo.jpg\"><\/td><\/tr><tr><td class=\"has-text-align-center\" data-align=\"center\">&nbsp;<\/td><td class=\"has-text-align-center\" data-align=\"center\" colspan=\"3\" rowspan=\"3\"><strong>&#8220;Essa nova rota fortalece a integra\u00e7\u00e3o de Minas Gerais com a Am\u00e9rica do Sul, impulsiona o turismo, amplia oportunidades de neg\u00f3cios e refor\u00e7a a atratividade do nosso estado para investimentos e conex\u00f5es globais. \u00c9 um avan\u00e7o importante para o desenvolvimento econ\u00f4mico e para a proje\u00e7\u00e3o de Minas no cen\u00e1rio internacional&#8221;, completa a secret\u00e1ria.<\/strong><\/td><td class=\"has-text-align-center\" data-align=\"center\">&nbsp;<\/td><\/tr><tr><td class=\"has-text-align-center\" data-align=\"center\">&nbsp;<\/td><td class=\"has-text-align-center\" data-align=\"center\">&nbsp;<\/td><\/tr><tr><td class=\"has-text-align-center\" data-align=\"center\">&nbsp;<\/td><td class=\"has-text-align-center\" data-align=\"center\">&nbsp;<\/td><\/tr><tr><td class=\"has-text-align-center\" data-align=\"center\" colspan=\"5\"><img decoding=\"async\" alt=\"\" src=\"https:\/\/www.agenciaminas.mg.gov.br\/ckeditor_assets\/pictures\/20950\/content_2_olho_inferior.jpg\"><\/td><\/tr><\/tbody><\/table><\/figure>\n\n\n\n<p><br>Para a secret\u00e1ria de Estado de&nbsp;<a href=\"https:\/\/www.secult.mg.gov.br\/\" target=\"_blank\" rel=\"noreferrer noopener\">Cultura e Turismo de Minas Gerais<\/a>, B\u00e1rbara Botega, a nova conex\u00e3o internacional amplia o alcance do turismo mineiro e fortalece a promo\u00e7\u00e3o do estado no exterior. \u201cA liga\u00e7\u00e3o direta entre Minas Gerais e o Uruguai abre novas possibilidades de interc\u00e2mbio cultural e tur\u00edstico, al\u00e9m de facilitar a chegada de visitantes estrangeiros interessados na diversidade cultural, na gastronomia, no patrim\u00f4nio hist\u00f3rico e nas experi\u00eancias \u00fanicas que Minas oferece. \u00c9 mais um passo importante para posicionar o estado como destino internacional\u201d, destaca.<br><br>Para o diretor-presidente da Invest Minas, Rodrigo Tavares, a nova rota internacional refor\u00e7a o posicionamento estrat\u00e9gico do estado.<br><br>\u201cA liga\u00e7\u00e3o direta entre Minas e Montevid\u00e9u amplia a inser\u00e7\u00e3o internacional de Minas Gerais e fortalece nossa competitividade. E o trabalho da Invest Minas \u00e9 este, propiciar uma malha a\u00e9rea mais robusta para atrair investimentos, facilitar o fluxo de neg\u00f3cios e impulsionar o turismo. Minas tem se consolidado como um ponto de conex\u00e3o cada vez mais relevante na Am\u00e9rica do Sul\u201d, destacou.<br>&nbsp;<\/p>\n\n\n\n<figure class=\"wp-block-image\"><img decoding=\"async\" src=\"https:\/\/www.agenciaminas.mg.gov.br\/ckeditor_assets\/pictures\/23806\/content_a320_azul_cesardosreis_3_2_1.jpg\" alt=\"\"\/><figcaption class=\"wp-element-caption\"><sub><em>Cesar dos Reis<\/em><\/sub><\/figcaption><\/figure>\n\n\n\n<p><strong>Amplia\u00e7\u00e3o da malha<\/strong><br><br>O Aeroporto de Confins se tornou um hub estrat\u00e9gico para voos nacionais e internacionais, com conex\u00f5es eficientes para diferentes regi\u00f5es do Brasil e do exterior. E a capital uruguaia \u00e9 um importante centro econ\u00f4mico, tur\u00edstico e corporativo da Am\u00e9rica do Sul, com infraestrutura consolidada para eventos, neg\u00f3cios e turismo internacional, conforme atesta a pr\u00f3pria companhia a\u00e9rea.<br><br>\u201cEsta abertura \u00e9 resultado de uma an\u00e1lise de demanda e conectividade regional. Identificamos um potencial consistente tanto no fluxo tur\u00edstico quanto no corporativo. Essa opera\u00e7\u00e3o refor\u00e7a nossa estrat\u00e9gia de ampliar a presen\u00e7a internacional de forma sustent\u00e1vel e de oferecer mais op\u00e7\u00f5es aos clientes\u201d, disse Beatriz Barbi, gerente s\u00eanior de Planejamento de Malha da Azul.<br><br>\u201cA parceria com a Azul refor\u00e7a o papel do terminal como hub de conex\u00f5es na Am\u00e9rica do Sul. Com mais essa rota, fortalecemos o fluxo entre Minas e o Uruguai, estimulando oportunidades que beneficiam turistas, empresas e toda a cadeia produtiva\u201d, destaca o diretor de Opera\u00e7\u00f5es do BH Airport, Rodrigo C\u00f4rtes.<\/p>\n","protected":false},"excerpt":{"rendered":"<p>Nova rota estar\u00e1 dispon\u00edvel a partir de 4\/3, com duas frequ\u00eancias semanais, \u00e0s quartas-feiras e aos domingos Minas Gerais avan\u00e7a na amplia\u00e7\u00e3o de sua malha a\u00e9rea internacional com o an\u00fancio de um novo voo direto entre o Aeroporto Internacional de Belo Horizonte (BH Airport), em Confins, e o Aeroporto Internacional de Carrasco, em Montevid\u00e9u, no [&hellip;]<\/p>\n","protected":false},"author":5,"featured_media":168988,"comment_status":"closed","ping_status":"open","sticky":false,"template":"","format":"standard","meta":{"advgb_blocks_editor_width":"","advgb_blocks_columns_visual_guide":"","_exactmetrics_skip_tracking":false,"_exactmetrics_sitenote_active":false,"_exactmetrics_sitenote_note":"","_exactmetrics_sitenote_category":0,"footnotes":""},"categories":[7,2],"tags":[],"class_list":["post-168987","post","type-post","status-publish","format-standard","has-post-thumbnail","hentry","category-destaques","category-noticias"],"better_featured_image":{"id":168988,"alt_text":"","caption":"","description":"","media_type":"image","media_details":{"width":2560,"height":1709,"file":"2026\/01\/49445fdb_6c63_4754_91e7_041ef2865e2c_ebdff0c1c3.jpg","filesize":327145,"sizes":{"medium":{"file":"49445fdb_6c63_4754_91e7_041ef2865e2c_ebdff0c1c3-449x300.jpg","width":449,"height":300,"mime-type":"image\/jpeg","filesize":27636,"source_url":"https:\/\/lavras.tv\/site\/wp-content\/uploads\/2026\/01\/49445fdb_6c63_4754_91e7_041ef2865e2c_ebdff0c1c3-449x300.jpg"},"large":{"file":"49445fdb_6c63_4754_91e7_041ef2865e2c_ebdff0c1c3-970x648.jpg","width":970,"height":648,"mime-type":"image\/jpeg","filesize":84804,"source_url":"https:\/\/lavras.tv\/site\/wp-content\/uploads\/2026\/01\/49445fdb_6c63_4754_91e7_041ef2865e2c_ebdff0c1c3-970x648.jpg"},"thumbnail":{"file":"49445fdb_6c63_4754_91e7_041ef2865e2c_ebdff0c1c3-170x113.jpg","width":170,"height":113,"mime-type":"image\/jpeg","filesize":6499,"source_url":"https:\/\/lavras.tv\/site\/wp-content\/uploads\/2026\/01\/49445fdb_6c63_4754_91e7_041ef2865e2c_ebdff0c1c3-170x113.jpg"},"1536x1536":{"file":"49445fdb_6c63_4754_91e7_041ef2865e2c_ebdff0c1c3-1536x1025.jpg","width":1536,"height":1025,"mime-type":"image\/jpeg","filesize":167095,"source_url":"https:\/\/lavras.tv\/site\/wp-content\/uploads\/2026\/01\/49445fdb_6c63_4754_91e7_041ef2865e2c_ebdff0c1c3-1536x1025.jpg"},"2048x2048":{"file":"49445fdb_6c63_4754_91e7_041ef2865e2c_ebdff0c1c3-2048x1367.jpg","width":2048,"height":1367,"mime-type":"image\/jpeg","filesize":256211,"source_url":"https:\/\/lavras.tv\/site\/wp-content\/uploads\/2026\/01\/49445fdb_6c63_4754_91e7_041ef2865e2c_ebdff0c1c3-2048x1367.jpg"},"alm-thumbnail":{"file":"49445fdb_6c63_4754_91e7_041ef2865e2c_ebdff0c1c3-150x150.jpg","width":150,"height":150,"mime-type":"image\/jpeg","filesize":6861,"source_url":"https:\/\/lavras.tv\/site\/wp-content\/uploads\/2026\/01\/49445fdb_6c63_4754_91e7_041ef2865e2c_ebdff0c1c3-150x150.jpg"},"sow-carousel-default":{"file":"49445fdb_6c63_4754_91e7_041ef2865e2c_ebdff0c1c3-272x182.jpg","width":272,"height":182,"mime-type":"image\/jpeg","filesize":13044,"source_url":"https:\/\/lavras.tv\/site\/wp-content\/uploads\/2026\/01\/49445fdb_6c63_4754_91e7_041ef2865e2c_ebdff0c1c3-272x182.jpg"}},"image_meta":{"aperture":"0","credit":"","camera":"","caption":"","created_timestamp":"0","copyright":"","focal_length":"0","iso":"0","shutter_speed":"0","title":"","orientation":"0","keywords":[]}},"post":168987,"source_url":"https:\/\/lavras.tv\/site\/wp-content\/uploads\/2026\/01\/49445fdb_6c63_4754_91e7_041ef2865e2c_ebdff0c1c3.jpg"},"author_meta":{"display_name":"Vinicius Bustamante","author_link":"https:\/\/lavras.tv\/site\/author\/vinicius-bustamante\/"},"featured_img":"https:\/\/lavras.tv\/site\/wp-content\/uploads\/2026\/01\/49445fdb_6c63_4754_91e7_041ef2865e2c_ebdff0c1c3-449x300.jpg","coauthors":[],"tax_additional":{"categories":{"linked":["<a href=\"https:\/\/lavras.tv\/site\/category\/destaques\/\" class=\"advgb-post-tax-term\">Destaques<\/a>","<a href=\"https:\/\/lavras.tv\/site\/category\/noticias\/\" class=\"advgb-post-tax-term\">Not\u00edcias<\/a>"],"unlinked":["<span class=\"advgb-post-tax-term\">Destaques<\/span>","<span class=\"advgb-post-tax-term\">Not\u00edcias<\/span>"]}},"comment_count":"0","relative_dates":{"created":"Publicado 3 meses atr\u00e1s","modified":"Atualizado 3 meses atr\u00e1s"},"absolute_dates":{"created":"Publicado em 21 de janeiro de 2026","modified":"Atualizado em 21 de janeiro de 2026"},"absolute_dates_time":{"created":"Publicado em 21 de janeiro de 2026 12:15","modified":"Atualizado em 21 de janeiro de 2026 12:15"},"featured_img_caption":"","series_order":"","_links":{"self":[{"href":"https:\/\/lavras.tv\/site\/wp-json\/wp\/v2\/posts\/168987","targetHints":{"allow":["GET"]}}],"collection":[{"href":"https:\/\/lavras.tv\/site\/wp-json\/wp\/v2\/posts"}],"about":[{"href":"https:\/\/lavras.tv\/site\/wp-json\/wp\/v2\/types\/post"}],"author":[{"embeddable":true,"href":"https:\/\/lavras.tv\/site\/wp-json\/wp\/v2\/users\/5"}],"replies":[{"embeddable":true,"href":"https:\/\/lavras.tv\/site\/wp-json\/wp\/v2\/comments?post=168987"}],"version-history":[{"count":1,"href":"https:\/\/lavras.tv\/site\/wp-json\/wp\/v2\/posts\/168987\/revisions"}],"predecessor-version":[{"id":168989,"href":"https:\/\/lavras.tv\/site\/wp-json\/wp\/v2\/posts\/168987\/revisions\/168989"}],"wp:featuredmedia":[{"embeddable":true,"href":"https:\/\/lavras.tv\/site\/wp-json\/wp\/v2\/media\/168988"}],"wp:attachment":[{"href":"https:\/\/lavras.tv\/site\/wp-json\/wp\/v2\/media?parent=168987"}],"wp:term":[{"taxonomy":"category","embeddable":true,"href":"https:\/\/lavras.tv\/site\/wp-json\/wp\/v2\/categories?post=168987"},{"taxonomy":"post_tag","embeddable":true,"href":"https:\/\/lavras.tv\/site\/wp-json\/wp\/v2\/tags?post=168987"}],"curies":[{"name":"wp","href":"https:\/\/api.w.org\/{rel}","templated":true}]}}