{"id":168990,"date":"2026-01-21T17:14:36","date_gmt":"2026-01-21T20:14:36","guid":{"rendered":"https:\/\/lavras.tv\/site\/?p=168990"},"modified":"2026-01-21T17:14:37","modified_gmt":"2026-01-21T20:14:37","slug":"operacao-da-pm-em-lavras-resulta-em-prisao-por-trafico-e-apreensao-de-drogas-no-bairro-aquenta-sol","status":"publish","type":"post","link":"https:\/\/lavras.tv\/site\/2026\/01\/21\/operacao-da-pm-em-lavras-resulta-em-prisao-por-trafico-e-apreensao-de-drogas-no-bairro-aquenta-sol\/","title":{"rendered":"OPERA\u00c7\u00c3O DA PM EM LAVRAS RESULTA EM PRIS\u00c3O POR TR\u00c1FICO E APREENS\u00c3O DE DROGAS NO BAIRRO AQUENTA SOL"},"content":{"rendered":"<div class=\"lavra-antes-do-conteudo_2\" id=\"lavra-1085179799\"><div id=\"lavra-slider-27\" class=\"custom-slider lavra-slider-454942399 lavra-slider\"><ul><li><div style=\"margin-left: auto;margin-right: auto;text-align: center;\" id=\"lavra-481170213\"><a href=\"https:\/\/sistemas.lavras.mg.gov.br\/portalcidadao\/#df1b1a7c7b2a290bcb31e32771e610784662739a88807c0dacac58ede5f391a7530e299dc302d611ee73cb143fc22eaf93592e53e7b5bdb01b00a0b8d28dae460c141dd2ff83412e4dc1c31b16b25f33144a9e5620ea73b13f5bc1c59411d98439ad226e8af03840603796067d87afe130812cf3de24982d0e306f9e61e764e5\" aria-label=\"Lavras-TV&#8211;720x104px (1) (1)\"><img src=\"https:\/\/lavras.tv\/site\/wp-content\/uploads\/2025\/01\/Lavras-TV-720x104px-1-1.png\" alt=\"\"  srcset=\"https:\/\/lavras.tv\/site\/wp-content\/uploads\/2025\/01\/Lavras-TV-720x104px-1-1.png 720w, https:\/\/lavras.tv\/site\/wp-content\/uploads\/2025\/01\/Lavras-TV-720x104px-1-1-470x68.png 470w, https:\/\/lavras.tv\/site\/wp-content\/uploads\/2025\/01\/Lavras-TV-720x104px-1-1-170x25.png 170w, https:\/\/lavras.tv\/site\/wp-content\/uploads\/2025\/01\/Lavras-TV-720x104px-1-1-200x29.png 200w\" sizes=\"(max-width: 720px) 100vw, 720px\" width=\"720\" height=\"104\"  style=\"display: inline-block;\" \/><\/a><\/div><\/li><li><a href=\"https:\/\/sistemas.lavras.mg.gov.br\/portalcidadao\/#df1b1a7c7b2a290bcb31e32771e610784662739a88807c0dacac58ede5f391a7530e299dc302d611ee73cb143fc22eaf93592e53e7b5bdb01b00a0b8d28dae460c141dd2ff83412e4dc1c31b16b25f33144a9e5620ea73b13f5bc1c59411d98439ad226e8af03840603796067d87afe130812cf3de24982d0e306f9e61e764e5\" aria-label=\"Banner_Emprego_PortallavrasTV\"><img src=\"https:\/\/lavras.tv\/site\/wp-content\/uploads\/2025\/03\/Banner_Emprego_PortallavrasTV.png\" alt=\"\"  srcset=\"https:\/\/lavras.tv\/site\/wp-content\/uploads\/2025\/03\/Banner_Emprego_PortallavrasTV.png 720w, https:\/\/lavras.tv\/site\/wp-content\/uploads\/2025\/03\/Banner_Emprego_PortallavrasTV-470x68.png 470w, https:\/\/lavras.tv\/site\/wp-content\/uploads\/2025\/03\/Banner_Emprego_PortallavrasTV-170x25.png 170w, https:\/\/lavras.tv\/site\/wp-content\/uploads\/2025\/03\/Banner_Emprego_PortallavrasTV-200x29.png 200w\" sizes=\"(max-width: 720px) 100vw, 720px\" width=\"720\" height=\"104\"   \/><\/a><\/li><li><a href=\"https:\/\/sistemas.lavras.mg.gov.br\/portalcidadao\/#df1b1a7c7b2a290bcb31e32771e610784662739a88807c0dacac58ede5f391a7530e299dc302d611ee73cb143fc22eaf93592e53e7b5bdb01b00a0b8d28dae460c141dd2ff83412e4dc1c31b16b25f33144a9e5620ea73b13f5bc1c59411d98439ad226e8af03840603796067d87afe130812cf3de24982d0e306f9e61e764e5\" aria-label=\"Banner_Obras_PortallavrasTV\"><img src=\"https:\/\/lavras.tv\/site\/wp-content\/uploads\/2025\/03\/Banner_Obras_PortallavrasTV.png\" alt=\"\"  srcset=\"https:\/\/lavras.tv\/site\/wp-content\/uploads\/2025\/03\/Banner_Obras_PortallavrasTV.png 720w, https:\/\/lavras.tv\/site\/wp-content\/uploads\/2025\/03\/Banner_Obras_PortallavrasTV-470x68.png 470w, https:\/\/lavras.tv\/site\/wp-content\/uploads\/2025\/03\/Banner_Obras_PortallavrasTV-170x25.png 170w, https:\/\/lavras.tv\/site\/wp-content\/uploads\/2025\/03\/Banner_Obras_PortallavrasTV-200x29.png 200w\" sizes=\"(max-width: 720px) 100vw, 720px\" width=\"720\" height=\"104\"   \/><\/a><\/li><li><div style=\"margin-left: auto;margin-right: auto;text-align: center;\" id=\"lavra-580445500\"><a href=\"https:\/\/sistemas.lavras.mg.gov.br\/portalcidadao\/#df1b1a7c7b2a290bcb31e32771e610784662739a88807c0dacac58ede5f391a7530e299dc302d611ee73cb143fc22eaf93592e53e7b5bdb01b00a0b8d28dae460c141dd2ff83412e4dc1c31b16b25f33144a9e5620ea73b13f5bc1c59411d98439ad226e8af03840603796067d87afe130812cf3de24982d0e306f9e61e764e5\" aria-label=\"Banner_Educa\u00e7\u00e3o_PortallavrasTV\"><img src=\"https:\/\/lavras.tv\/site\/wp-content\/uploads\/2025\/01\/Banner_Educacao_PortallavrasTV.png\" alt=\"\"  srcset=\"https:\/\/lavras.tv\/site\/wp-content\/uploads\/2025\/01\/Banner_Educacao_PortallavrasTV.png 720w, https:\/\/lavras.tv\/site\/wp-content\/uploads\/2025\/01\/Banner_Educacao_PortallavrasTV-470x68.png 470w, https:\/\/lavras.tv\/site\/wp-content\/uploads\/2025\/01\/Banner_Educacao_PortallavrasTV-170x25.png 170w, https:\/\/lavras.tv\/site\/wp-content\/uploads\/2025\/01\/Banner_Educacao_PortallavrasTV-200x29.png 200w\" sizes=\"(max-width: 720px) 100vw, 720px\" width=\"720\" height=\"104\"  style=\"display: inline-block;\" \/><\/a><\/div><\/li><li><a href=\"https:\/\/sistemas.lavras.mg.gov.br\/portalcidadao\/#df1b1a7c7b2a290bcb31e32771e610784662739a88807c0dacac58ede5f391a7530e299dc302d611ee73cb143fc22eaf93592e53e7b5bdb01b00a0b8d28dae460c141dd2ff83412e4dc1c31b16b25f33144a9e5620ea73b13f5bc1c59411d98439ad226e8af03840603796067d87afe130812cf3de24982d0e306f9e61e764e5\" aria-label=\"Banner_Sa\u00fade_PortallavrasTV\"><img src=\"https:\/\/lavras.tv\/site\/wp-content\/uploads\/2025\/03\/Banner_Saude_PortallavrasTV.png\" alt=\"\"  srcset=\"https:\/\/lavras.tv\/site\/wp-content\/uploads\/2025\/03\/Banner_Saude_PortallavrasTV.png 720w, https:\/\/lavras.tv\/site\/wp-content\/uploads\/2025\/03\/Banner_Saude_PortallavrasTV-470x68.png 470w, https:\/\/lavras.tv\/site\/wp-content\/uploads\/2025\/03\/Banner_Saude_PortallavrasTV-170x25.png 170w, https:\/\/lavras.tv\/site\/wp-content\/uploads\/2025\/03\/Banner_Saude_PortallavrasTV-200x29.png 200w\" sizes=\"(max-width: 720px) 100vw, 720px\" width=\"720\" height=\"104\"   \/><\/a><\/li><li><div id=\"lavra-3975270794\" style=\"width:720px;height:104px;background-color:#ddd;overflow:scroll;\">\n\t<strong>Sa\u00edda da depura\u00e7\u00e3o de an\u00fancios<\/strong>\n\t<br><br>\n\tO an\u00fancio n\u00e3o \u00e9 exibido na p\u00e1gina<br><br>post atual: OPERA\u00c7\u00c3O DA PM EM LAVRAS RESULTA EM PRIS\u00c3O POR TR\u00c1FICO E APREENS\u00c3O DE DROGAS NO BAIRRO AQUENTA SOL, ID: 168990<br><br><span style=\"color: red;\">O post atual n\u00e3o \u00e9 id\u00eantico ao post principal.<\/span><br><br>An\u00fancios: ROXO - TOPO INTERNA - ROTATIVO 2 (197)<br \/>Grupo de an\u00fancios: Princ_Meio01_720x104 (27)<br><br>Condi\u00e7\u00f5es de exibi\u00e7\u00e3o<div style=\"margin-bottom: 20px; white-space: pre-wrap; font-family: monospace; width: 100%; background: #ffe9e9;\"><strong>condi\u00e7\u00f5es gerais<\/strong><table border=\"1\"><thead><tr><th><\/th><th>An\u00fancios<\/th><th>wp_the_query<\/th><\/tr><\/thead><tr><td>is_main_query<\/td><td>1<\/td><td>1<\/td><\/tr><tr><td>is_rest_api<\/td><td>0<\/td><td>1<\/td><\/tr><tr><td>page<\/td><td>0<\/td><td>1<\/td><\/tr><tr><td>numpages<\/td><td>0<\/td><td>1<\/td><\/tr><tr><td>is_archive<\/td><td>1<\/td><td><\/td><\/tr><tr><td>is_search<\/td><td>1<\/td><td><\/td><\/tr><tr><td>is_home<\/td><td>1<\/td><td><\/td><\/tr><tr><td>is_404<\/td><td>1<\/td><td><\/td><\/tr><tr><td>is_attachment<\/td><td>1<\/td><td><\/td><\/tr><tr><td>is_singular<\/td><td>1<\/td><td><\/td><\/tr><tr><td>is_front_page<\/td><td>1<\/td><td><\/td><\/tr><tr><td>is_feed<\/td><td>1<\/td><td><\/td><\/tr><\/table><\/div><br><br><span style=\"color: red;\">Seu site usa HTTPS, mas o c\u00f3digo do an\u00fancio cont\u00e9m HTTP e pode n\u00e3o funcionar.<\/span>\t<br><br>\n\t<a style=\"color: green;\" href=\"https:\/\/wpadvancedads.com\/manual\/ad-debug-mode\/?utm_source=advanced-ads&utm_medium=link&utm_campaign=ad-debug-mode\" target=\"_blank\" rel=\"nofollow\">Encontre solu\u00e7\u00f5es no manual<\/a>\n<\/div>\n<\/li><\/ul><\/div><script>( window.advanced_ads_ready || jQuery( document ).ready ).call( null, function() {var $lavraslider454942399 = jQuery( \".lavra-slider-454942399\" );$lavraslider454942399.on( \"unslider.ready\", function() { jQuery( \"div.custom-slider ul li\" ).css( \"display\", \"block\" ); });$lavraslider454942399.unslider({ delay:4000, autoplay:true, nav:false, arrows:false, infinite:true });$lavraslider454942399.on(\"mouseover\", function() {$lavraslider454942399.unslider(\"stop\");}).on(\"mouseout\", function() {$lavraslider454942399.unslider(\"start\");});});<\/script><\/div>\n<figure class=\"wp-block-image size-large\"><img fetchpriority=\"high\" decoding=\"async\" width=\"970\" height=\"912\" src=\"https:\/\/lavras.tv\/site\/wp-content\/uploads\/2026\/01\/WhatsApp-Image-2026-01-21-at-15.51.54-970x912.jpeg\" alt=\"\" class=\"wp-image-168991\" srcset=\"https:\/\/lavras.tv\/site\/wp-content\/uploads\/2026\/01\/WhatsApp-Image-2026-01-21-at-15.51.54-970x912.jpeg 970w, https:\/\/lavras.tv\/site\/wp-content\/uploads\/2026\/01\/WhatsApp-Image-2026-01-21-at-15.51.54-319x300.jpeg 319w, https:\/\/lavras.tv\/site\/wp-content\/uploads\/2026\/01\/WhatsApp-Image-2026-01-21-at-15.51.54-160x150.jpeg 160w, https:\/\/lavras.tv\/site\/wp-content\/uploads\/2026\/01\/WhatsApp-Image-2026-01-21-at-15.51.54.jpeg 1280w\" sizes=\"(max-width: 970px) 100vw, 970px\" \/><\/figure>\n\n\n\n<p>Na ter\u00e7a-feira (20\/01), a Pol\u00edcia Militar realizou uma opera\u00e7\u00e3o no bairro Aquenta Sol, em Lavras, local conhecido por ocorr\u00eancias de tr\u00e1fico de drogas. Durante a a\u00e7\u00e3o, um indiv\u00edduo foi abordado ap\u00f3s ter arremessado inv\u00f3lucros ao perceber a aproxima\u00e7\u00e3o da viatura.<\/p>\n\n\n\n<p>Com ele e no interior de seu ve\u00edculo foram localizados papelotes de coca\u00edna, al\u00e9m de dinheiro e um aparelho celular. No interior do im\u00f3vel foram localizadas por\u00e7\u00f5es de \u201cflor de maconha\u201d, materiais utilizados na prepara\u00e7\u00e3o e cultivo da droga e dinheiro.<\/p>\n\n\n\n<p>O autor assumiu a propriedade do entorpecente, sendo preso em flagrante e encaminhado \u00e0 Delegacia.<\/p>\n\n\n\n<p>A ocorr\u00eancia evidencia a atua\u00e7\u00e3o firme e cont\u00ednua da Pol\u00edcia Militar no enfrentamento \u00e0 criminalidade, com foco na repress\u00e3o ao tr\u00e1fico de drogas e na promo\u00e7\u00e3o da ordem e da seguran\u00e7a da popula\u00e7\u00e3o de Lavras.<\/p>\n\n\n\n<p>Pol\u00edcia Militar de Minas Gerais, 250 anos. A for\u00e7a do povo mineiro. Presen\u00e7a que protege.<\/p>\n\n\n\n<p>ALCO\/8\u00ba BPM<\/p>\n","protected":false},"excerpt":{"rendered":"<p>Na ter\u00e7a-feira (20\/01), a Pol\u00edcia Militar realizou uma opera\u00e7\u00e3o no bairro Aquenta Sol, em Lavras, local conhecido por ocorr\u00eancias de tr\u00e1fico de drogas. Durante a a\u00e7\u00e3o, um indiv\u00edduo foi abordado ap\u00f3s ter arremessado inv\u00f3lucros ao perceber a aproxima\u00e7\u00e3o da viatura. Com ele e no interior de seu ve\u00edculo foram localizados papelotes de coca\u00edna, al\u00e9m de [&hellip;]<\/p>\n","protected":false},"author":5,"featured_media":168991,"comment_status":"closed","ping_status":"open","sticky":false,"template":"","format":"standard","meta":{"advgb_blocks_editor_width":"","advgb_blocks_columns_visual_guide":"","_exactmetrics_skip_tracking":false,"_exactmetrics_sitenote_active":false,"_exactmetrics_sitenote_note":"","_exactmetrics_sitenote_category":0,"footnotes":""},"categories":[17,2,5760],"tags":[],"class_list":["post-168990","post","type-post","status-publish","format-standard","has-post-thumbnail","hentry","category-jornal-cidade","category-noticias","category-noticias-jornal-cidade"],"better_featured_image":{"id":168991,"alt_text":"","caption":"","description":"","media_type":"image","media_details":{"width":1280,"height":1203,"file":"2026\/01\/WhatsApp-Image-2026-01-21-at-15.51.54.jpeg","filesize":185765,"sizes":{"medium":{"file":"WhatsApp-Image-2026-01-21-at-15.51.54-319x300.jpeg","width":319,"height":300,"mime-type":"image\/jpeg","filesize":22323,"source_url":"https:\/\/lavras.tv\/site\/wp-content\/uploads\/2026\/01\/WhatsApp-Image-2026-01-21-at-15.51.54-319x300.jpeg"},"large":{"file":"WhatsApp-Image-2026-01-21-at-15.51.54-970x912.jpeg","width":970,"height":912,"mime-type":"image\/jpeg","filesize":139533,"source_url":"https:\/\/lavras.tv\/site\/wp-content\/uploads\/2026\/01\/WhatsApp-Image-2026-01-21-at-15.51.54-970x912.jpeg"},"thumbnail":{"file":"WhatsApp-Image-2026-01-21-at-15.51.54-160x150.jpeg","width":160,"height":150,"mime-type":"image\/jpeg","filesize":7223,"source_url":"https:\/\/lavras.tv\/site\/wp-content\/uploads\/2026\/01\/WhatsApp-Image-2026-01-21-at-15.51.54-160x150.jpeg"},"alm-thumbnail":{"file":"WhatsApp-Image-2026-01-21-at-15.51.54-150x150.jpeg","width":150,"height":150,"mime-type":"image\/jpeg","filesize":7075,"source_url":"https:\/\/lavras.tv\/site\/wp-content\/uploads\/2026\/01\/WhatsApp-Image-2026-01-21-at-15.51.54-150x150.jpeg"},"sow-carousel-default":{"file":"WhatsApp-Image-2026-01-21-at-15.51.54-272x182.jpeg","width":272,"height":182,"mime-type":"image\/jpeg","filesize":12177,"source_url":"https:\/\/lavras.tv\/site\/wp-content\/uploads\/2026\/01\/WhatsApp-Image-2026-01-21-at-15.51.54-272x182.jpeg"}},"image_meta":{"aperture":"0","credit":"","camera":"","caption":"","created_timestamp":"0","copyright":"","focal_length":"0","iso":"0","shutter_speed":"0","title":"","orientation":"0","keywords":[]}},"post":168990,"source_url":"https:\/\/lavras.tv\/site\/wp-content\/uploads\/2026\/01\/WhatsApp-Image-2026-01-21-at-15.51.54.jpeg"},"author_meta":{"display_name":"Vinicius Bustamante","author_link":"https:\/\/lavras.tv\/site\/author\/vinicius-bustamante\/"},"featured_img":"https:\/\/lavras.tv\/site\/wp-content\/uploads\/2026\/01\/WhatsApp-Image-2026-01-21-at-15.51.54-319x300.jpeg","coauthors":[],"tax_additional":{"categories":{"linked":["<a href=\"https:\/\/lavras.tv\/site\/category\/sem-categoria\/jornal-cidade\/\" class=\"advgb-post-tax-term\">DESTAQUE PRINCIPAL<\/a>","<a href=\"https:\/\/lavras.tv\/site\/category\/noticias\/\" class=\"advgb-post-tax-term\">Not\u00edcias<\/a>","<a href=\"https:\/\/lavras.tv\/site\/category\/sem-categoria\/jornal-cidade\/noticias-jornal-cidade\/\" class=\"advgb-post-tax-term\">NOT\u00cdCIAS<\/a>"],"unlinked":["<span class=\"advgb-post-tax-term\">DESTAQUE PRINCIPAL<\/span>","<span class=\"advgb-post-tax-term\">Not\u00edcias<\/span>","<span class=\"advgb-post-tax-term\">NOT\u00cdCIAS<\/span>"]}},"comment_count":"0","relative_dates":{"created":"Publicado 3 meses atr\u00e1s","modified":"Atualizado 3 meses atr\u00e1s"},"absolute_dates":{"created":"Publicado em 21 de janeiro de 2026","modified":"Atualizado em 21 de janeiro de 2026"},"absolute_dates_time":{"created":"Publicado em 21 de janeiro de 2026 17:14","modified":"Atualizado em 21 de janeiro de 2026 17:14"},"featured_img_caption":"","series_order":"","_links":{"self":[{"href":"https:\/\/lavras.tv\/site\/wp-json\/wp\/v2\/posts\/168990","targetHints":{"allow":["GET"]}}],"collection":[{"href":"https:\/\/lavras.tv\/site\/wp-json\/wp\/v2\/posts"}],"about":[{"href":"https:\/\/lavras.tv\/site\/wp-json\/wp\/v2\/types\/post"}],"author":[{"embeddable":true,"href":"https:\/\/lavras.tv\/site\/wp-json\/wp\/v2\/users\/5"}],"replies":[{"embeddable":true,"href":"https:\/\/lavras.tv\/site\/wp-json\/wp\/v2\/comments?post=168990"}],"version-history":[{"count":1,"href":"https:\/\/lavras.tv\/site\/wp-json\/wp\/v2\/posts\/168990\/revisions"}],"predecessor-version":[{"id":168992,"href":"https:\/\/lavras.tv\/site\/wp-json\/wp\/v2\/posts\/168990\/revisions\/168992"}],"wp:featuredmedia":[{"embeddable":true,"href":"https:\/\/lavras.tv\/site\/wp-json\/wp\/v2\/media\/168991"}],"wp:attachment":[{"href":"https:\/\/lavras.tv\/site\/wp-json\/wp\/v2\/media?parent=168990"}],"wp:term":[{"taxonomy":"category","embeddable":true,"href":"https:\/\/lavras.tv\/site\/wp-json\/wp\/v2\/categories?post=168990"},{"taxonomy":"post_tag","embeddable":true,"href":"https:\/\/lavras.tv\/site\/wp-json\/wp\/v2\/tags?post=168990"}],"curies":[{"name":"wp","href":"https:\/\/api.w.org\/{rel}","templated":true}]}}