{"id":168993,"date":"2026-01-21T17:32:36","date_gmt":"2026-01-21T20:32:36","guid":{"rendered":"https:\/\/lavras.tv\/site\/?p=168993"},"modified":"2026-01-21T17:32:37","modified_gmt":"2026-01-21T20:32:37","slug":"prazo-de-inscricoes-do-inova-cemig-lab-e-prorrogado-ate-1o-de-fevereiro","status":"publish","type":"post","link":"https:\/\/lavras.tv\/site\/2026\/01\/21\/prazo-de-inscricoes-do-inova-cemig-lab-e-prorrogado-ate-1o-de-fevereiro\/","title":{"rendered":"Prazo de inscri\u00e7\u00f5es do Inova Cemig Lab \u00e9 prorrogado at\u00e9 1\u00ba de fevereiro"},"content":{"rendered":"<div class=\"lavra-antes-do-conteudo_2\" id=\"lavra-2214356761\"><div id=\"lavra-slider-27\" class=\"custom-slider lavra-slider-3961315439 lavra-slider\"><ul><li><div style=\"margin-left: auto;margin-right: auto;text-align: center;\" id=\"lavra-4212417222\"><a href=\"https:\/\/sistemas.lavras.mg.gov.br\/portalcidadao\/#df1b1a7c7b2a290bcb31e32771e610784662739a88807c0dacac58ede5f391a7530e299dc302d611ee73cb143fc22eaf93592e53e7b5bdb01b00a0b8d28dae460c141dd2ff83412e4dc1c31b16b25f33144a9e5620ea73b13f5bc1c59411d98439ad226e8af03840603796067d87afe130812cf3de24982d0e306f9e61e764e5\" aria-label=\"Lavras-TV&#8211;720x104px (1) (1)\"><img src=\"https:\/\/lavras.tv\/site\/wp-content\/uploads\/2025\/01\/Lavras-TV-720x104px-1-1.png\" alt=\"\"  srcset=\"https:\/\/lavras.tv\/site\/wp-content\/uploads\/2025\/01\/Lavras-TV-720x104px-1-1.png 720w, https:\/\/lavras.tv\/site\/wp-content\/uploads\/2025\/01\/Lavras-TV-720x104px-1-1-470x68.png 470w, https:\/\/lavras.tv\/site\/wp-content\/uploads\/2025\/01\/Lavras-TV-720x104px-1-1-170x25.png 170w, https:\/\/lavras.tv\/site\/wp-content\/uploads\/2025\/01\/Lavras-TV-720x104px-1-1-200x29.png 200w\" sizes=\"(max-width: 720px) 100vw, 720px\" width=\"720\" height=\"104\"  style=\"display: inline-block;\" \/><\/a><\/div><\/li><li><a href=\"https:\/\/sistemas.lavras.mg.gov.br\/portalcidadao\/#df1b1a7c7b2a290bcb31e32771e610784662739a88807c0dacac58ede5f391a7530e299dc302d611ee73cb143fc22eaf93592e53e7b5bdb01b00a0b8d28dae460c141dd2ff83412e4dc1c31b16b25f33144a9e5620ea73b13f5bc1c59411d98439ad226e8af03840603796067d87afe130812cf3de24982d0e306f9e61e764e5\" aria-label=\"Banner_Emprego_PortallavrasTV\"><img src=\"https:\/\/lavras.tv\/site\/wp-content\/uploads\/2025\/03\/Banner_Emprego_PortallavrasTV.png\" alt=\"\"  srcset=\"https:\/\/lavras.tv\/site\/wp-content\/uploads\/2025\/03\/Banner_Emprego_PortallavrasTV.png 720w, https:\/\/lavras.tv\/site\/wp-content\/uploads\/2025\/03\/Banner_Emprego_PortallavrasTV-470x68.png 470w, https:\/\/lavras.tv\/site\/wp-content\/uploads\/2025\/03\/Banner_Emprego_PortallavrasTV-170x25.png 170w, https:\/\/lavras.tv\/site\/wp-content\/uploads\/2025\/03\/Banner_Emprego_PortallavrasTV-200x29.png 200w\" sizes=\"(max-width: 720px) 100vw, 720px\" width=\"720\" height=\"104\"   \/><\/a><\/li><li><a href=\"https:\/\/sistemas.lavras.mg.gov.br\/portalcidadao\/#df1b1a7c7b2a290bcb31e32771e610784662739a88807c0dacac58ede5f391a7530e299dc302d611ee73cb143fc22eaf93592e53e7b5bdb01b00a0b8d28dae460c141dd2ff83412e4dc1c31b16b25f33144a9e5620ea73b13f5bc1c59411d98439ad226e8af03840603796067d87afe130812cf3de24982d0e306f9e61e764e5\" aria-label=\"Banner_Obras_PortallavrasTV\"><img src=\"https:\/\/lavras.tv\/site\/wp-content\/uploads\/2025\/03\/Banner_Obras_PortallavrasTV.png\" alt=\"\"  srcset=\"https:\/\/lavras.tv\/site\/wp-content\/uploads\/2025\/03\/Banner_Obras_PortallavrasTV.png 720w, https:\/\/lavras.tv\/site\/wp-content\/uploads\/2025\/03\/Banner_Obras_PortallavrasTV-470x68.png 470w, https:\/\/lavras.tv\/site\/wp-content\/uploads\/2025\/03\/Banner_Obras_PortallavrasTV-170x25.png 170w, https:\/\/lavras.tv\/site\/wp-content\/uploads\/2025\/03\/Banner_Obras_PortallavrasTV-200x29.png 200w\" sizes=\"(max-width: 720px) 100vw, 720px\" width=\"720\" height=\"104\"   \/><\/a><\/li><li><div style=\"margin-left: auto;margin-right: auto;text-align: center;\" id=\"lavra-1456053922\"><a href=\"https:\/\/sistemas.lavras.mg.gov.br\/portalcidadao\/#df1b1a7c7b2a290bcb31e32771e610784662739a88807c0dacac58ede5f391a7530e299dc302d611ee73cb143fc22eaf93592e53e7b5bdb01b00a0b8d28dae460c141dd2ff83412e4dc1c31b16b25f33144a9e5620ea73b13f5bc1c59411d98439ad226e8af03840603796067d87afe130812cf3de24982d0e306f9e61e764e5\" aria-label=\"Banner_Educa\u00e7\u00e3o_PortallavrasTV\"><img src=\"https:\/\/lavras.tv\/site\/wp-content\/uploads\/2025\/01\/Banner_Educacao_PortallavrasTV.png\" alt=\"\"  srcset=\"https:\/\/lavras.tv\/site\/wp-content\/uploads\/2025\/01\/Banner_Educacao_PortallavrasTV.png 720w, https:\/\/lavras.tv\/site\/wp-content\/uploads\/2025\/01\/Banner_Educacao_PortallavrasTV-470x68.png 470w, https:\/\/lavras.tv\/site\/wp-content\/uploads\/2025\/01\/Banner_Educacao_PortallavrasTV-170x25.png 170w, https:\/\/lavras.tv\/site\/wp-content\/uploads\/2025\/01\/Banner_Educacao_PortallavrasTV-200x29.png 200w\" sizes=\"(max-width: 720px) 100vw, 720px\" width=\"720\" height=\"104\"  style=\"display: inline-block;\" \/><\/a><\/div><\/li><li><a href=\"https:\/\/sistemas.lavras.mg.gov.br\/portalcidadao\/#df1b1a7c7b2a290bcb31e32771e610784662739a88807c0dacac58ede5f391a7530e299dc302d611ee73cb143fc22eaf93592e53e7b5bdb01b00a0b8d28dae460c141dd2ff83412e4dc1c31b16b25f33144a9e5620ea73b13f5bc1c59411d98439ad226e8af03840603796067d87afe130812cf3de24982d0e306f9e61e764e5\" aria-label=\"Banner_Sa\u00fade_PortallavrasTV\"><img src=\"https:\/\/lavras.tv\/site\/wp-content\/uploads\/2025\/03\/Banner_Saude_PortallavrasTV.png\" alt=\"\"  srcset=\"https:\/\/lavras.tv\/site\/wp-content\/uploads\/2025\/03\/Banner_Saude_PortallavrasTV.png 720w, https:\/\/lavras.tv\/site\/wp-content\/uploads\/2025\/03\/Banner_Saude_PortallavrasTV-470x68.png 470w, https:\/\/lavras.tv\/site\/wp-content\/uploads\/2025\/03\/Banner_Saude_PortallavrasTV-170x25.png 170w, https:\/\/lavras.tv\/site\/wp-content\/uploads\/2025\/03\/Banner_Saude_PortallavrasTV-200x29.png 200w\" sizes=\"(max-width: 720px) 100vw, 720px\" width=\"720\" height=\"104\"   \/><\/a><\/li><li><div id=\"lavra-3956587256\" style=\"width:720px;height:104px;background-color:#ddd;overflow:scroll;\">\n\t<strong>Sa\u00edda da depura\u00e7\u00e3o de an\u00fancios<\/strong>\n\t<br><br>\n\tO an\u00fancio n\u00e3o \u00e9 exibido na p\u00e1gina<br><br>post atual: Prazo de inscri\u00e7\u00f5es do Inova Cemig Lab \u00e9 prorrogado at\u00e9 1\u00ba de fevereiro, ID: 168993<br><br><span style=\"color: red;\">O post atual n\u00e3o \u00e9 id\u00eantico ao post principal.<\/span><br><br>An\u00fancios: ROXO - TOPO INTERNA - ROTATIVO 2 (197)<br \/>Grupo de an\u00fancios: Princ_Meio01_720x104 (27)<br><br>Condi\u00e7\u00f5es de exibi\u00e7\u00e3o<div style=\"margin-bottom: 20px; white-space: pre-wrap; font-family: monospace; width: 100%; background: #ffe9e9;\"><strong>condi\u00e7\u00f5es gerais<\/strong><table border=\"1\"><thead><tr><th><\/th><th>An\u00fancios<\/th><th>wp_the_query<\/th><\/tr><\/thead><tr><td>is_main_query<\/td><td>1<\/td><td>1<\/td><\/tr><tr><td>is_rest_api<\/td><td>0<\/td><td>1<\/td><\/tr><tr><td>page<\/td><td>0<\/td><td>1<\/td><\/tr><tr><td>numpages<\/td><td>0<\/td><td>1<\/td><\/tr><tr><td>is_archive<\/td><td>1<\/td><td><\/td><\/tr><tr><td>is_search<\/td><td>1<\/td><td><\/td><\/tr><tr><td>is_home<\/td><td>1<\/td><td><\/td><\/tr><tr><td>is_404<\/td><td>1<\/td><td><\/td><\/tr><tr><td>is_attachment<\/td><td>1<\/td><td><\/td><\/tr><tr><td>is_singular<\/td><td>1<\/td><td><\/td><\/tr><tr><td>is_front_page<\/td><td>1<\/td><td><\/td><\/tr><tr><td>is_feed<\/td><td>1<\/td><td><\/td><\/tr><\/table><\/div><br><br><span style=\"color: red;\">Seu site usa HTTPS, mas o c\u00f3digo do an\u00fancio cont\u00e9m HTTP e pode n\u00e3o funcionar.<\/span>\t<br><br>\n\t<a style=\"color: green;\" href=\"https:\/\/wpadvancedads.com\/manual\/ad-debug-mode\/?utm_source=advanced-ads&utm_medium=link&utm_campaign=ad-debug-mode\" target=\"_blank\" rel=\"nofollow\">Encontre solu\u00e7\u00f5es no manual<\/a>\n<\/div>\n<\/li><\/ul><\/div><script>( window.advanced_ads_ready || jQuery( document ).ready ).call( null, function() {var $lavraslider3961315439 = jQuery( \".lavra-slider-3961315439\" );$lavraslider3961315439.on( \"unslider.ready\", function() { jQuery( \"div.custom-slider ul li\" ).css( \"display\", \"block\" ); });$lavraslider3961315439.unslider({ delay:4000, autoplay:true, nav:false, arrows:false, infinite:true });$lavraslider3961315439.on(\"mouseover\", function() {$lavraslider3961315439.unslider(\"stop\");}).on(\"mouseout\", function() {$lavraslider3961315439.unslider(\"start\");});});<\/script><\/div>\n<figure class=\"wp-block-video\"><video height=\"478\" style=\"aspect-ratio: 848 \/ 478;\" width=\"848\" controls src=\"https:\/\/lavras.tv\/site\/wp-content\/uploads\/2026\/01\/WhatsApp-Video-2026-01-21-at-15.12.05.mp4\"><\/video><\/figure>\n\n\n\n<p>Maior programa de inova\u00e7\u00e3o aberta do pa\u00eds amplia prazo para receber startups do Brasil e do exterior<\/p>\n\n\n\n<p>A Cemig prorrogou at\u00e9 o dia 1\u00ba de fevereiro o prazo de inscri\u00e7\u00f5es para o Inova Cemig Lab, um dos maiores e mais relevantes programas de inova\u00e7\u00e3o aberta do Brasil. A amplia\u00e7\u00e3o do calend\u00e1rio oferece uma nova oportunidade para startups interessadas em participar do 4\u00ba ciclo da iniciativa, que re\u00fane oito desafios estrat\u00e9gicos e prev\u00ea investimento de at\u00e9 R$ 1,6 milh\u00e3o por solu\u00e7\u00e3o selecionada.<\/p>\n\n\n\n<p>Por meio do Inova Cemig Lab, as startups t\u00eam a oportunidade de validar suas solu\u00e7\u00f5es em ambiente operacional real, com acompanhamento t\u00e9cnico especializado e possibilidade de fornecimento por at\u00e9 quatro anos. Desde mar\u00e7o de 2024, o programa recebeu mais de 500 propostas de 17 pa\u00edses, resultando na contrata\u00e7\u00e3o de mais de 40 startups. Nos ciclos anteriores, a Cemig investiu cerca de R$ 45 milh\u00f5es, com um ganho anual projetado de R$ 100 milh\u00f5es como resultado das solu\u00e7\u00f5es desenvolvidas.&nbsp;<\/p>\n\n\n\n<p>&nbsp;Os desafios deste ciclo envolvem desde temas centrais da distribui\u00e7\u00e3o de energia, como detec\u00e7\u00e3o de irregularidades com medidores inteligentes e identifica\u00e7\u00e3o proativa de falhas na rede, at\u00e9 frentes avan\u00e7adas de digitaliza\u00e7\u00e3o, descarboniza\u00e7\u00e3o, solu\u00e7\u00f5es jur\u00eddicas inteligentes, gest\u00e3o da inova\u00e7\u00e3o e desenvolvimento de um marketplace de certificados de energia renov\u00e1vel e cr\u00e9ditos de carbono. Tamb\u00e9m fazem parte do escopo solu\u00e7\u00f5es para eletrifica\u00e7\u00e3o de ve\u00edculos operacionais, alinhadas \u00e0s tend\u00eancias globais de efici\u00eancia energ\u00e9tica e redu\u00e7\u00e3o de emiss\u00f5es.<\/p>\n\n\n\n<p>Pioneirismo em inova\u00e7\u00e3o aberta<\/p>\n\n\n\n<p>A Cemig foi a primeira empresa do setor el\u00e9trico brasileiro a utilizar recursos regulat\u00f3rios de Pesquisa, Desenvolvimento e Inova\u00e7\u00e3o (PDI) da Aneel para contrata\u00e7\u00e3o de startups por meio do Contrato P\u00fablico para Solu\u00e7\u00e3o Inovadora (CPSI), modelo que tornou o programa uma refer\u00eancia para o setor el\u00e9trico e para a administra\u00e7\u00e3o p\u00fablica.<\/p>\n\n\n\n<p>Segundo o gerente de Inova\u00e7\u00e3o Aberta da Cemig, Felipe Cardoso, a prorroga\u00e7\u00e3o do prazo amplia o acesso das startups a uma plataforma estrat\u00e9gica de inova\u00e7\u00e3o.<\/p>\n\n\n\n<p>\u201cO Inova Cemig Lab conecta desafios reais da companhia com solu\u00e7\u00f5es de alto potencial tecnol\u00f3gico. Ao estender o prazo, ampliamos ainda mais a diversidade de ideias e fortalecemos um ecossistema que gera resultados concretos para o setor el\u00e9trico e para a sociedade\u201d, destaca.<\/p>\n\n\n\n<p>O edital completo e o pr\u00e9-cadastro est\u00e3o dispon\u00edveis em:<\/p>\n\n\n\n<p><a href=\"https:\/\/inova.cemig.com.br\/chamadas-publicas\/inova-cemig-lab-ciclo-4\">https:\/\/inova.cemig.com.br\/chamadas-publicas\/inova-cemig-lab-ciclo-4<\/a><\/p>\n","protected":false},"excerpt":{"rendered":"<p>Maior programa de inova\u00e7\u00e3o aberta do pa\u00eds amplia prazo para receber startups do Brasil e do exterior A Cemig prorrogou at\u00e9 o dia 1\u00ba de fevereiro o prazo de inscri\u00e7\u00f5es para o Inova Cemig Lab, um dos maiores e mais relevantes programas de inova\u00e7\u00e3o aberta do Brasil. A amplia\u00e7\u00e3o do calend\u00e1rio oferece uma nova oportunidade [&hellip;]<\/p>\n","protected":false},"author":5,"featured_media":168995,"comment_status":"closed","ping_status":"open","sticky":false,"template":"","format":"standard","meta":{"advgb_blocks_editor_width":"","advgb_blocks_columns_visual_guide":"","_exactmetrics_skip_tracking":false,"_exactmetrics_sitenote_active":false,"_exactmetrics_sitenote_note":"","_exactmetrics_sitenote_category":0,"footnotes":""},"categories":[7,2],"tags":[],"class_list":["post-168993","post","type-post","status-publish","format-standard","has-post-thumbnail","hentry","category-destaques","category-noticias"],"better_featured_image":{"id":168995,"alt_text":"","caption":"","description":"","media_type":"image","media_details":{"width":1076,"height":695,"file":"2026\/01\/WhatsApp-Image-2026-01-21-at-15.12.04.png","filesize":1280835,"sizes":{"medium":{"file":"WhatsApp-Image-2026-01-21-at-15.12.04-464x300.png","width":464,"height":300,"mime-type":"image\/png","filesize":202437,"source_url":"https:\/\/lavras.tv\/site\/wp-content\/uploads\/2026\/01\/WhatsApp-Image-2026-01-21-at-15.12.04-464x300.png"},"large":{"file":"WhatsApp-Image-2026-01-21-at-15.12.04-970x627.png","width":970,"height":627,"mime-type":"image\/png","filesize":652531,"source_url":"https:\/\/lavras.tv\/site\/wp-content\/uploads\/2026\/01\/WhatsApp-Image-2026-01-21-at-15.12.04-970x627.png"},"thumbnail":{"file":"WhatsApp-Image-2026-01-21-at-15.12.04-170x110.png","width":170,"height":110,"mime-type":"image\/png","filesize":38394,"source_url":"https:\/\/lavras.tv\/site\/wp-content\/uploads\/2026\/01\/WhatsApp-Image-2026-01-21-at-15.12.04-170x110.png"},"alm-thumbnail":{"file":"WhatsApp-Image-2026-01-21-at-15.12.04-150x150.png","width":150,"height":150,"mime-type":"image\/png","filesize":40406,"source_url":"https:\/\/lavras.tv\/site\/wp-content\/uploads\/2026\/01\/WhatsApp-Image-2026-01-21-at-15.12.04-150x150.png"},"sow-carousel-default":{"file":"WhatsApp-Image-2026-01-21-at-15.12.04-272x182.png","width":272,"height":182,"mime-type":"image\/png","filesize":86485,"source_url":"https:\/\/lavras.tv\/site\/wp-content\/uploads\/2026\/01\/WhatsApp-Image-2026-01-21-at-15.12.04-272x182.png"}},"image_meta":{"aperture":"0","credit":"","camera":"","caption":"","created_timestamp":"0","copyright":"","focal_length":"0","iso":"0","shutter_speed":"0","title":"","orientation":"0","keywords":[]}},"post":168993,"source_url":"https:\/\/lavras.tv\/site\/wp-content\/uploads\/2026\/01\/WhatsApp-Image-2026-01-21-at-15.12.04.png"},"author_meta":{"display_name":"Vinicius Bustamante","author_link":"https:\/\/lavras.tv\/site\/author\/vinicius-bustamante\/"},"featured_img":"https:\/\/lavras.tv\/site\/wp-content\/uploads\/2026\/01\/WhatsApp-Image-2026-01-21-at-15.12.04-464x300.png","coauthors":[],"tax_additional":{"categories":{"linked":["<a href=\"https:\/\/lavras.tv\/site\/category\/destaques\/\" class=\"advgb-post-tax-term\">Destaques<\/a>","<a href=\"https:\/\/lavras.tv\/site\/category\/noticias\/\" class=\"advgb-post-tax-term\">Not\u00edcias<\/a>"],"unlinked":["<span class=\"advgb-post-tax-term\">Destaques<\/span>","<span class=\"advgb-post-tax-term\">Not\u00edcias<\/span>"]}},"comment_count":"0","relative_dates":{"created":"Publicado 3 meses atr\u00e1s","modified":"Atualizado 3 meses atr\u00e1s"},"absolute_dates":{"created":"Publicado em 21 de janeiro de 2026","modified":"Atualizado em 21 de janeiro de 2026"},"absolute_dates_time":{"created":"Publicado em 21 de janeiro de 2026 17:32","modified":"Atualizado em 21 de janeiro de 2026 17:32"},"featured_img_caption":"","series_order":"","_links":{"self":[{"href":"https:\/\/lavras.tv\/site\/wp-json\/wp\/v2\/posts\/168993","targetHints":{"allow":["GET"]}}],"collection":[{"href":"https:\/\/lavras.tv\/site\/wp-json\/wp\/v2\/posts"}],"about":[{"href":"https:\/\/lavras.tv\/site\/wp-json\/wp\/v2\/types\/post"}],"author":[{"embeddable":true,"href":"https:\/\/lavras.tv\/site\/wp-json\/wp\/v2\/users\/5"}],"replies":[{"embeddable":true,"href":"https:\/\/lavras.tv\/site\/wp-json\/wp\/v2\/comments?post=168993"}],"version-history":[{"count":1,"href":"https:\/\/lavras.tv\/site\/wp-json\/wp\/v2\/posts\/168993\/revisions"}],"predecessor-version":[{"id":168996,"href":"https:\/\/lavras.tv\/site\/wp-json\/wp\/v2\/posts\/168993\/revisions\/168996"}],"wp:featuredmedia":[{"embeddable":true,"href":"https:\/\/lavras.tv\/site\/wp-json\/wp\/v2\/media\/168995"}],"wp:attachment":[{"href":"https:\/\/lavras.tv\/site\/wp-json\/wp\/v2\/media?parent=168993"}],"wp:term":[{"taxonomy":"category","embeddable":true,"href":"https:\/\/lavras.tv\/site\/wp-json\/wp\/v2\/categories?post=168993"},{"taxonomy":"post_tag","embeddable":true,"href":"https:\/\/lavras.tv\/site\/wp-json\/wp\/v2\/tags?post=168993"}],"curies":[{"name":"wp","href":"https:\/\/api.w.org\/{rel}","templated":true}]}}