{"id":169000,"date":"2026-01-21T18:13:51","date_gmt":"2026-01-21T21:13:51","guid":{"rendered":"https:\/\/lavras.tv\/site\/?p=169000"},"modified":"2026-01-21T18:13:53","modified_gmt":"2026-01-21T21:13:53","slug":"novo-trem-do-sudeste-promete-ligar-6-cidades-e-transportar-quase-30-mil-pessoas-por-dia","status":"publish","type":"post","link":"https:\/\/lavras.tv\/site\/2026\/01\/21\/novo-trem-do-sudeste-promete-ligar-6-cidades-e-transportar-quase-30-mil-pessoas-por-dia\/","title":{"rendered":"Novo trem do Sudeste promete ligar 6 cidades e transportar quase 30 mil pessoas por dia"},"content":{"rendered":"<div class=\"lavra-antes-do-conteudo_2\" id=\"lavra-1487387859\"><div id=\"lavra-slider-27\" class=\"custom-slider lavra-slider-2445719017 lavra-slider\"><ul><li><div style=\"margin-left: auto;margin-right: auto;text-align: center;\" id=\"lavra-1914495344\"><a href=\"https:\/\/sistemas.lavras.mg.gov.br\/portalcidadao\/#df1b1a7c7b2a290bcb31e32771e610784662739a88807c0dacac58ede5f391a7530e299dc302d611ee73cb143fc22eaf93592e53e7b5bdb01b00a0b8d28dae460c141dd2ff83412e4dc1c31b16b25f33144a9e5620ea73b13f5bc1c59411d98439ad226e8af03840603796067d87afe130812cf3de24982d0e306f9e61e764e5\" aria-label=\"Lavras-TV&#8211;720x104px (1) (1)\"><img src=\"https:\/\/lavras.tv\/site\/wp-content\/uploads\/2025\/01\/Lavras-TV-720x104px-1-1.png\" alt=\"\"  srcset=\"https:\/\/lavras.tv\/site\/wp-content\/uploads\/2025\/01\/Lavras-TV-720x104px-1-1.png 720w, https:\/\/lavras.tv\/site\/wp-content\/uploads\/2025\/01\/Lavras-TV-720x104px-1-1-470x68.png 470w, https:\/\/lavras.tv\/site\/wp-content\/uploads\/2025\/01\/Lavras-TV-720x104px-1-1-170x25.png 170w, https:\/\/lavras.tv\/site\/wp-content\/uploads\/2025\/01\/Lavras-TV-720x104px-1-1-200x29.png 200w\" sizes=\"(max-width: 720px) 100vw, 720px\" width=\"720\" height=\"104\"  style=\"display: inline-block;\" \/><\/a><\/div><\/li><li><a href=\"https:\/\/sistemas.lavras.mg.gov.br\/portalcidadao\/#df1b1a7c7b2a290bcb31e32771e610784662739a88807c0dacac58ede5f391a7530e299dc302d611ee73cb143fc22eaf93592e53e7b5bdb01b00a0b8d28dae460c141dd2ff83412e4dc1c31b16b25f33144a9e5620ea73b13f5bc1c59411d98439ad226e8af03840603796067d87afe130812cf3de24982d0e306f9e61e764e5\" aria-label=\"Banner_Emprego_PortallavrasTV\"><img src=\"https:\/\/lavras.tv\/site\/wp-content\/uploads\/2025\/03\/Banner_Emprego_PortallavrasTV.png\" alt=\"\"  srcset=\"https:\/\/lavras.tv\/site\/wp-content\/uploads\/2025\/03\/Banner_Emprego_PortallavrasTV.png 720w, https:\/\/lavras.tv\/site\/wp-content\/uploads\/2025\/03\/Banner_Emprego_PortallavrasTV-470x68.png 470w, https:\/\/lavras.tv\/site\/wp-content\/uploads\/2025\/03\/Banner_Emprego_PortallavrasTV-170x25.png 170w, https:\/\/lavras.tv\/site\/wp-content\/uploads\/2025\/03\/Banner_Emprego_PortallavrasTV-200x29.png 200w\" sizes=\"(max-width: 720px) 100vw, 720px\" width=\"720\" height=\"104\"   \/><\/a><\/li><li><a href=\"https:\/\/sistemas.lavras.mg.gov.br\/portalcidadao\/#df1b1a7c7b2a290bcb31e32771e610784662739a88807c0dacac58ede5f391a7530e299dc302d611ee73cb143fc22eaf93592e53e7b5bdb01b00a0b8d28dae460c141dd2ff83412e4dc1c31b16b25f33144a9e5620ea73b13f5bc1c59411d98439ad226e8af03840603796067d87afe130812cf3de24982d0e306f9e61e764e5\" aria-label=\"Banner_Obras_PortallavrasTV\"><img src=\"https:\/\/lavras.tv\/site\/wp-content\/uploads\/2025\/03\/Banner_Obras_PortallavrasTV.png\" alt=\"\"  srcset=\"https:\/\/lavras.tv\/site\/wp-content\/uploads\/2025\/03\/Banner_Obras_PortallavrasTV.png 720w, https:\/\/lavras.tv\/site\/wp-content\/uploads\/2025\/03\/Banner_Obras_PortallavrasTV-470x68.png 470w, https:\/\/lavras.tv\/site\/wp-content\/uploads\/2025\/03\/Banner_Obras_PortallavrasTV-170x25.png 170w, https:\/\/lavras.tv\/site\/wp-content\/uploads\/2025\/03\/Banner_Obras_PortallavrasTV-200x29.png 200w\" sizes=\"(max-width: 720px) 100vw, 720px\" width=\"720\" height=\"104\"   \/><\/a><\/li><li><div style=\"margin-left: auto;margin-right: auto;text-align: center;\" id=\"lavra-416294878\"><a href=\"https:\/\/sistemas.lavras.mg.gov.br\/portalcidadao\/#df1b1a7c7b2a290bcb31e32771e610784662739a88807c0dacac58ede5f391a7530e299dc302d611ee73cb143fc22eaf93592e53e7b5bdb01b00a0b8d28dae460c141dd2ff83412e4dc1c31b16b25f33144a9e5620ea73b13f5bc1c59411d98439ad226e8af03840603796067d87afe130812cf3de24982d0e306f9e61e764e5\" aria-label=\"Banner_Educa\u00e7\u00e3o_PortallavrasTV\"><img src=\"https:\/\/lavras.tv\/site\/wp-content\/uploads\/2025\/01\/Banner_Educacao_PortallavrasTV.png\" alt=\"\"  srcset=\"https:\/\/lavras.tv\/site\/wp-content\/uploads\/2025\/01\/Banner_Educacao_PortallavrasTV.png 720w, https:\/\/lavras.tv\/site\/wp-content\/uploads\/2025\/01\/Banner_Educacao_PortallavrasTV-470x68.png 470w, https:\/\/lavras.tv\/site\/wp-content\/uploads\/2025\/01\/Banner_Educacao_PortallavrasTV-170x25.png 170w, https:\/\/lavras.tv\/site\/wp-content\/uploads\/2025\/01\/Banner_Educacao_PortallavrasTV-200x29.png 200w\" sizes=\"(max-width: 720px) 100vw, 720px\" width=\"720\" height=\"104\"  style=\"display: inline-block;\" \/><\/a><\/div><\/li><li><a href=\"https:\/\/sistemas.lavras.mg.gov.br\/portalcidadao\/#df1b1a7c7b2a290bcb31e32771e610784662739a88807c0dacac58ede5f391a7530e299dc302d611ee73cb143fc22eaf93592e53e7b5bdb01b00a0b8d28dae460c141dd2ff83412e4dc1c31b16b25f33144a9e5620ea73b13f5bc1c59411d98439ad226e8af03840603796067d87afe130812cf3de24982d0e306f9e61e764e5\" aria-label=\"Banner_Sa\u00fade_PortallavrasTV\"><img src=\"https:\/\/lavras.tv\/site\/wp-content\/uploads\/2025\/03\/Banner_Saude_PortallavrasTV.png\" alt=\"\"  srcset=\"https:\/\/lavras.tv\/site\/wp-content\/uploads\/2025\/03\/Banner_Saude_PortallavrasTV.png 720w, https:\/\/lavras.tv\/site\/wp-content\/uploads\/2025\/03\/Banner_Saude_PortallavrasTV-470x68.png 470w, https:\/\/lavras.tv\/site\/wp-content\/uploads\/2025\/03\/Banner_Saude_PortallavrasTV-170x25.png 170w, https:\/\/lavras.tv\/site\/wp-content\/uploads\/2025\/03\/Banner_Saude_PortallavrasTV-200x29.png 200w\" sizes=\"(max-width: 720px) 100vw, 720px\" width=\"720\" height=\"104\"   \/><\/a><\/li><li><div id=\"lavra-3075282768\" style=\"width:720px;height:104px;background-color:#ddd;overflow:scroll;\">\n\t<strong>Sa\u00edda da depura\u00e7\u00e3o de an\u00fancios<\/strong>\n\t<br><br>\n\tO an\u00fancio n\u00e3o \u00e9 exibido na p\u00e1gina<br><br>post atual: Novo trem do Sudeste promete ligar 6 cidades e transportar quase 30 mil pessoas por dia, ID: 169000<br><br><span style=\"color: red;\">O post atual n\u00e3o \u00e9 id\u00eantico ao post principal.<\/span><br><br>An\u00fancios: ROXO - TOPO INTERNA - ROTATIVO 2 (197)<br \/>Grupo de an\u00fancios: Princ_Meio01_720x104 (27)<br><br>Condi\u00e7\u00f5es de exibi\u00e7\u00e3o<div style=\"margin-bottom: 20px; white-space: pre-wrap; font-family: monospace; width: 100%; background: #ffe9e9;\"><strong>condi\u00e7\u00f5es gerais<\/strong><table border=\"1\"><thead><tr><th><\/th><th>An\u00fancios<\/th><th>wp_the_query<\/th><\/tr><\/thead><tr><td>is_main_query<\/td><td>1<\/td><td>1<\/td><\/tr><tr><td>is_rest_api<\/td><td>0<\/td><td>1<\/td><\/tr><tr><td>page<\/td><td>0<\/td><td>1<\/td><\/tr><tr><td>numpages<\/td><td>0<\/td><td>1<\/td><\/tr><tr><td>is_archive<\/td><td>1<\/td><td><\/td><\/tr><tr><td>is_search<\/td><td>1<\/td><td><\/td><\/tr><tr><td>is_home<\/td><td>1<\/td><td><\/td><\/tr><tr><td>is_404<\/td><td>1<\/td><td><\/td><\/tr><tr><td>is_attachment<\/td><td>1<\/td><td><\/td><\/tr><tr><td>is_singular<\/td><td>1<\/td><td><\/td><\/tr><tr><td>is_front_page<\/td><td>1<\/td><td><\/td><\/tr><tr><td>is_feed<\/td><td>1<\/td><td><\/td><\/tr><\/table><\/div><br><br><span style=\"color: red;\">Seu site usa HTTPS, mas o c\u00f3digo do an\u00fancio cont\u00e9m HTTP e pode n\u00e3o funcionar.<\/span>\t<br><br>\n\t<a style=\"color: green;\" href=\"https:\/\/wpadvancedads.com\/manual\/ad-debug-mode\/?utm_source=advanced-ads&utm_medium=link&utm_campaign=ad-debug-mode\" target=\"_blank\" rel=\"nofollow\">Encontre solu\u00e7\u00f5es no manual<\/a>\n<\/div>\n<\/li><\/ul><\/div><script>( window.advanced_ads_ready || jQuery( document ).ready ).call( null, function() {var $lavraslider2445719017 = jQuery( \".lavra-slider-2445719017\" );$lavraslider2445719017.on( \"unslider.ready\", function() { jQuery( \"div.custom-slider ul li\" ).css( \"display\", \"block\" ); });$lavraslider2445719017.unslider({ delay:4000, autoplay:true, nav:false, arrows:false, infinite:true });$lavraslider2445719017.on(\"mouseover\", function() {$lavraslider2445719017.unslider(\"stop\");}).on(\"mouseout\", function() {$lavraslider2445719017.unslider(\"start\");});});<\/script><\/div>\n<figure class=\"wp-block-image size-full\"><img fetchpriority=\"high\" decoding=\"async\" width=\"900\" height=\"600\" src=\"https:\/\/lavras.tv\/site\/wp-content\/uploads\/2026\/01\/000000-6.jpg\" alt=\"\" class=\"wp-image-169001\" srcset=\"https:\/\/lavras.tv\/site\/wp-content\/uploads\/2026\/01\/000000-6.jpg 900w, https:\/\/lavras.tv\/site\/wp-content\/uploads\/2026\/01\/000000-6-450x300.jpg 450w, https:\/\/lavras.tv\/site\/wp-content\/uploads\/2026\/01\/000000-6-170x113.jpg 170w, https:\/\/lavras.tv\/site\/wp-content\/uploads\/2026\/01\/000000-6-272x182.jpg 272w\" sizes=\"(max-width: 900px) 100vw, 900px\" \/><\/figure>\n\n\n\n<p>O governo de S\u00e3o Paulo apresentou uma nova vers\u00e3o do projeto do Trem Intercidades (TIC) Eixo Oeste, que visa conectar S\u00e3o Paulo a Sorocaba. Essa atualiza\u00e7\u00e3o exclui a constru\u00e7\u00e3o de uma esta\u00e7\u00e3o em um distrito de Sorocaba, reduzindo o n\u00famero total de paradas no trajeto.<\/p>\n\n\n\n<p>O projeto agora prev\u00ea cinco esta\u00e7\u00f5es, incluindo \u00c1gua Branca, Carapicu\u00edba, Amador Bueno, S\u00e3o Roque e Sorocaba. Na vers\u00e3o anterior do projeto, discutida em audi\u00eancias p\u00fablicas, estava prevista uma esta\u00e7\u00e3o adicional em Brigadeiro Tobias, um distrito de Sorocaba.<\/p>\n\n\n\n<p>No entanto, essa parada foi removida da nova proposta, que tamb\u00e9m altera a responsabilidade pela constru\u00e7\u00e3o. O Estado de S\u00e3o Paulo assumir\u00e1 a implementa\u00e7\u00e3o de cerca de 27 quil\u00f4metros da linha, entre \u00c1gua Branca e Amador Bueno, que j\u00e1 \u00e9 percorrida pela Linha 8 \u2013 Diamante da CPTM. A concession\u00e1ria ficar\u00e1 encarregada da constru\u00e7\u00e3o de 61 quil\u00f4metros de via permanente.<\/p>\n\n\n\n<p>Servi\u00e7os oferecidos pelo TIC Eixo Oeste<br>O projeto do TIC Eixo Oeste prev\u00ea dois servi\u00e7os distintos: um \u201cparador\u201d, que far\u00e1 paradas em S\u00e3o Roque, Amador Bueno e Carapicu\u00edba, e um \u201cexpresso\u201d, que percorrer\u00e1 o mesmo trajeto sem escalas. A expectativa \u00e9 que as viagens tenham uma dura\u00e7\u00e3o m\u00e9dia de 60 minutos, com um custo aproximado de R$ 45.<\/p>\n\n\n\n<p>Essa estrutura visa atender um p\u00fablico crescente, com previs\u00f5es de demanda de 12,5 mil passageiros por dia em Sorocaba at\u00e9 2040. O cronograma do projeto sofreu altera\u00e7\u00f5es, com a previs\u00e3o de publica\u00e7\u00e3o do edital agora prevista para o final do primeiro semestre de 2026.<\/p>\n\n\n\n<p>O contrato deve ser assinado at\u00e9 o final de 2026, com a expectativa de que os trens comecem a operar em 2031. O governo afirmou que todas as sugest\u00f5es recebidas nas audi\u00eancias p\u00fablicas est\u00e3o sendo avaliadas e poder\u00e3o ser incorporadas ao edital da concess\u00e3o.<\/p>\n","protected":false},"excerpt":{"rendered":"<p>O governo de S\u00e3o Paulo apresentou uma nova vers\u00e3o do projeto do Trem Intercidades (TIC) Eixo Oeste, que visa conectar S\u00e3o Paulo a Sorocaba. Essa atualiza\u00e7\u00e3o exclui a constru\u00e7\u00e3o de uma esta\u00e7\u00e3o em um distrito de Sorocaba, reduzindo o n\u00famero total de paradas no trajeto. O projeto agora prev\u00ea cinco esta\u00e7\u00f5es, incluindo \u00c1gua Branca, Carapicu\u00edba, [&hellip;]<\/p>\n","protected":false},"author":5,"featured_media":169001,"comment_status":"closed","ping_status":"open","sticky":false,"template":"","format":"standard","meta":{"advgb_blocks_editor_width":"","advgb_blocks_columns_visual_guide":"","_exactmetrics_skip_tracking":false,"_exactmetrics_sitenote_active":false,"_exactmetrics_sitenote_note":"","_exactmetrics_sitenote_category":0,"footnotes":""},"categories":[7,2],"tags":[],"class_list":["post-169000","post","type-post","status-publish","format-standard","has-post-thumbnail","hentry","category-destaques","category-noticias"],"better_featured_image":{"id":169001,"alt_text":"","caption":"","description":"","media_type":"image","media_details":{"width":900,"height":600,"file":"2026\/01\/000000-6.jpg","filesize":305539,"sizes":{"medium":{"file":"000000-6-450x300.jpg","width":450,"height":300,"mime-type":"image\/jpeg","filesize":40326,"source_url":"https:\/\/lavras.tv\/site\/wp-content\/uploads\/2026\/01\/000000-6-450x300.jpg"},"thumbnail":{"file":"000000-6-170x113.jpg","width":170,"height":113,"mime-type":"image\/jpeg","filesize":6662,"source_url":"https:\/\/lavras.tv\/site\/wp-content\/uploads\/2026\/01\/000000-6-170x113.jpg"},"alm-thumbnail":{"file":"000000-6-150x150.jpg","width":150,"height":150,"mime-type":"image\/jpeg","filesize":7914,"source_url":"https:\/\/lavras.tv\/site\/wp-content\/uploads\/2026\/01\/000000-6-150x150.jpg"},"sow-carousel-default":{"file":"000000-6-272x182.jpg","width":272,"height":182,"mime-type":"image\/jpeg","filesize":15614,"source_url":"https:\/\/lavras.tv\/site\/wp-content\/uploads\/2026\/01\/000000-6-272x182.jpg"}},"image_meta":{"aperture":"0","credit":"","camera":"","caption":"","created_timestamp":"0","copyright":"","focal_length":"0","iso":"0","shutter_speed":"0","title":"","orientation":"0","keywords":[]}},"post":169000,"source_url":"https:\/\/lavras.tv\/site\/wp-content\/uploads\/2026\/01\/000000-6.jpg"},"author_meta":{"display_name":"Vinicius Bustamante","author_link":"https:\/\/lavras.tv\/site\/author\/vinicius-bustamante\/"},"featured_img":"https:\/\/lavras.tv\/site\/wp-content\/uploads\/2026\/01\/000000-6-450x300.jpg","coauthors":[],"tax_additional":{"categories":{"linked":["<a href=\"https:\/\/lavras.tv\/site\/category\/destaques\/\" class=\"advgb-post-tax-term\">Destaques<\/a>","<a href=\"https:\/\/lavras.tv\/site\/category\/noticias\/\" class=\"advgb-post-tax-term\">Not\u00edcias<\/a>"],"unlinked":["<span class=\"advgb-post-tax-term\">Destaques<\/span>","<span class=\"advgb-post-tax-term\">Not\u00edcias<\/span>"]}},"comment_count":"0","relative_dates":{"created":"Publicado 3 meses atr\u00e1s","modified":"Atualizado 3 meses atr\u00e1s"},"absolute_dates":{"created":"Publicado em 21 de janeiro de 2026","modified":"Atualizado em 21 de janeiro de 2026"},"absolute_dates_time":{"created":"Publicado em 21 de janeiro de 2026 18:13","modified":"Atualizado em 21 de janeiro de 2026 18:13"},"featured_img_caption":"","series_order":"","_links":{"self":[{"href":"https:\/\/lavras.tv\/site\/wp-json\/wp\/v2\/posts\/169000","targetHints":{"allow":["GET"]}}],"collection":[{"href":"https:\/\/lavras.tv\/site\/wp-json\/wp\/v2\/posts"}],"about":[{"href":"https:\/\/lavras.tv\/site\/wp-json\/wp\/v2\/types\/post"}],"author":[{"embeddable":true,"href":"https:\/\/lavras.tv\/site\/wp-json\/wp\/v2\/users\/5"}],"replies":[{"embeddable":true,"href":"https:\/\/lavras.tv\/site\/wp-json\/wp\/v2\/comments?post=169000"}],"version-history":[{"count":1,"href":"https:\/\/lavras.tv\/site\/wp-json\/wp\/v2\/posts\/169000\/revisions"}],"predecessor-version":[{"id":169002,"href":"https:\/\/lavras.tv\/site\/wp-json\/wp\/v2\/posts\/169000\/revisions\/169002"}],"wp:featuredmedia":[{"embeddable":true,"href":"https:\/\/lavras.tv\/site\/wp-json\/wp\/v2\/media\/169001"}],"wp:attachment":[{"href":"https:\/\/lavras.tv\/site\/wp-json\/wp\/v2\/media?parent=169000"}],"wp:term":[{"taxonomy":"category","embeddable":true,"href":"https:\/\/lavras.tv\/site\/wp-json\/wp\/v2\/categories?post=169000"},{"taxonomy":"post_tag","embeddable":true,"href":"https:\/\/lavras.tv\/site\/wp-json\/wp\/v2\/tags?post=169000"}],"curies":[{"name":"wp","href":"https:\/\/api.w.org\/{rel}","templated":true}]}}