{"id":169003,"date":"2026-01-22T12:04:18","date_gmt":"2026-01-22T15:04:18","guid":{"rendered":"https:\/\/lavras.tv\/site\/?p=169003"},"modified":"2026-01-22T12:04:20","modified_gmt":"2026-01-22T15:04:20","slug":"estudo-da-ufla-identifica-bacteria-resistente-a-antibioticos-circulando-entre-humanos-e-animais","status":"publish","type":"post","link":"https:\/\/lavras.tv\/site\/2026\/01\/22\/estudo-da-ufla-identifica-bacteria-resistente-a-antibioticos-circulando-entre-humanos-e-animais\/","title":{"rendered":"Estudo da UFLA identifica bact\u00e9ria resistente a antibi\u00f3ticos circulando entre humanos e animais"},"content":{"rendered":"<div class=\"lavra-antes-do-conteudo_2\" id=\"lavra-3413017194\"><div id=\"lavra-slider-27\" class=\"custom-slider lavra-slider-2199316016 lavra-slider\"><ul><li><div style=\"margin-left: auto;margin-right: auto;text-align: center;\" id=\"lavra-376289870\"><a href=\"https:\/\/sistemas.lavras.mg.gov.br\/portalcidadao\/#df1b1a7c7b2a290bcb31e32771e610784662739a88807c0dacac58ede5f391a7530e299dc302d611ee73cb143fc22eaf93592e53e7b5bdb01b00a0b8d28dae460c141dd2ff83412e4dc1c31b16b25f33144a9e5620ea73b13f5bc1c59411d98439ad226e8af03840603796067d87afe130812cf3de24982d0e306f9e61e764e5\" aria-label=\"Lavras-TV&#8211;720x104px (1) (1)\"><img src=\"https:\/\/lavras.tv\/site\/wp-content\/uploads\/2025\/01\/Lavras-TV-720x104px-1-1.png\" alt=\"\"  srcset=\"https:\/\/lavras.tv\/site\/wp-content\/uploads\/2025\/01\/Lavras-TV-720x104px-1-1.png 720w, https:\/\/lavras.tv\/site\/wp-content\/uploads\/2025\/01\/Lavras-TV-720x104px-1-1-470x68.png 470w, https:\/\/lavras.tv\/site\/wp-content\/uploads\/2025\/01\/Lavras-TV-720x104px-1-1-170x25.png 170w, https:\/\/lavras.tv\/site\/wp-content\/uploads\/2025\/01\/Lavras-TV-720x104px-1-1-200x29.png 200w\" sizes=\"(max-width: 720px) 100vw, 720px\" width=\"720\" height=\"104\"  style=\"display: inline-block;\" \/><\/a><\/div><\/li><li><a href=\"https:\/\/sistemas.lavras.mg.gov.br\/portalcidadao\/#df1b1a7c7b2a290bcb31e32771e610784662739a88807c0dacac58ede5f391a7530e299dc302d611ee73cb143fc22eaf93592e53e7b5bdb01b00a0b8d28dae460c141dd2ff83412e4dc1c31b16b25f33144a9e5620ea73b13f5bc1c59411d98439ad226e8af03840603796067d87afe130812cf3de24982d0e306f9e61e764e5\" aria-label=\"Banner_Emprego_PortallavrasTV\"><img src=\"https:\/\/lavras.tv\/site\/wp-content\/uploads\/2025\/03\/Banner_Emprego_PortallavrasTV.png\" alt=\"\"  srcset=\"https:\/\/lavras.tv\/site\/wp-content\/uploads\/2025\/03\/Banner_Emprego_PortallavrasTV.png 720w, https:\/\/lavras.tv\/site\/wp-content\/uploads\/2025\/03\/Banner_Emprego_PortallavrasTV-470x68.png 470w, https:\/\/lavras.tv\/site\/wp-content\/uploads\/2025\/03\/Banner_Emprego_PortallavrasTV-170x25.png 170w, https:\/\/lavras.tv\/site\/wp-content\/uploads\/2025\/03\/Banner_Emprego_PortallavrasTV-200x29.png 200w\" sizes=\"(max-width: 720px) 100vw, 720px\" width=\"720\" height=\"104\"   \/><\/a><\/li><li><a href=\"https:\/\/sistemas.lavras.mg.gov.br\/portalcidadao\/#df1b1a7c7b2a290bcb31e32771e610784662739a88807c0dacac58ede5f391a7530e299dc302d611ee73cb143fc22eaf93592e53e7b5bdb01b00a0b8d28dae460c141dd2ff83412e4dc1c31b16b25f33144a9e5620ea73b13f5bc1c59411d98439ad226e8af03840603796067d87afe130812cf3de24982d0e306f9e61e764e5\" aria-label=\"Banner_Obras_PortallavrasTV\"><img src=\"https:\/\/lavras.tv\/site\/wp-content\/uploads\/2025\/03\/Banner_Obras_PortallavrasTV.png\" alt=\"\"  srcset=\"https:\/\/lavras.tv\/site\/wp-content\/uploads\/2025\/03\/Banner_Obras_PortallavrasTV.png 720w, https:\/\/lavras.tv\/site\/wp-content\/uploads\/2025\/03\/Banner_Obras_PortallavrasTV-470x68.png 470w, https:\/\/lavras.tv\/site\/wp-content\/uploads\/2025\/03\/Banner_Obras_PortallavrasTV-170x25.png 170w, https:\/\/lavras.tv\/site\/wp-content\/uploads\/2025\/03\/Banner_Obras_PortallavrasTV-200x29.png 200w\" sizes=\"(max-width: 720px) 100vw, 720px\" width=\"720\" height=\"104\"   \/><\/a><\/li><li><div style=\"margin-left: auto;margin-right: auto;text-align: center;\" id=\"lavra-3331738588\"><a href=\"https:\/\/sistemas.lavras.mg.gov.br\/portalcidadao\/#df1b1a7c7b2a290bcb31e32771e610784662739a88807c0dacac58ede5f391a7530e299dc302d611ee73cb143fc22eaf93592e53e7b5bdb01b00a0b8d28dae460c141dd2ff83412e4dc1c31b16b25f33144a9e5620ea73b13f5bc1c59411d98439ad226e8af03840603796067d87afe130812cf3de24982d0e306f9e61e764e5\" aria-label=\"Banner_Educa\u00e7\u00e3o_PortallavrasTV\"><img src=\"https:\/\/lavras.tv\/site\/wp-content\/uploads\/2025\/01\/Banner_Educacao_PortallavrasTV.png\" alt=\"\"  srcset=\"https:\/\/lavras.tv\/site\/wp-content\/uploads\/2025\/01\/Banner_Educacao_PortallavrasTV.png 720w, https:\/\/lavras.tv\/site\/wp-content\/uploads\/2025\/01\/Banner_Educacao_PortallavrasTV-470x68.png 470w, https:\/\/lavras.tv\/site\/wp-content\/uploads\/2025\/01\/Banner_Educacao_PortallavrasTV-170x25.png 170w, https:\/\/lavras.tv\/site\/wp-content\/uploads\/2025\/01\/Banner_Educacao_PortallavrasTV-200x29.png 200w\" sizes=\"(max-width: 720px) 100vw, 720px\" width=\"720\" height=\"104\"  style=\"display: inline-block;\" \/><\/a><\/div><\/li><li><a href=\"https:\/\/sistemas.lavras.mg.gov.br\/portalcidadao\/#df1b1a7c7b2a290bcb31e32771e610784662739a88807c0dacac58ede5f391a7530e299dc302d611ee73cb143fc22eaf93592e53e7b5bdb01b00a0b8d28dae460c141dd2ff83412e4dc1c31b16b25f33144a9e5620ea73b13f5bc1c59411d98439ad226e8af03840603796067d87afe130812cf3de24982d0e306f9e61e764e5\" aria-label=\"Banner_Sa\u00fade_PortallavrasTV\"><img src=\"https:\/\/lavras.tv\/site\/wp-content\/uploads\/2025\/03\/Banner_Saude_PortallavrasTV.png\" alt=\"\"  srcset=\"https:\/\/lavras.tv\/site\/wp-content\/uploads\/2025\/03\/Banner_Saude_PortallavrasTV.png 720w, https:\/\/lavras.tv\/site\/wp-content\/uploads\/2025\/03\/Banner_Saude_PortallavrasTV-470x68.png 470w, https:\/\/lavras.tv\/site\/wp-content\/uploads\/2025\/03\/Banner_Saude_PortallavrasTV-170x25.png 170w, https:\/\/lavras.tv\/site\/wp-content\/uploads\/2025\/03\/Banner_Saude_PortallavrasTV-200x29.png 200w\" sizes=\"(max-width: 720px) 100vw, 720px\" width=\"720\" height=\"104\"   \/><\/a><\/li><li><div id=\"lavra-3868227414\" style=\"width:720px;height:104px;background-color:#ddd;overflow:scroll;\">\n\t<strong>Sa\u00edda da depura\u00e7\u00e3o de an\u00fancios<\/strong>\n\t<br><br>\n\tO an\u00fancio n\u00e3o \u00e9 exibido na p\u00e1gina<br><br>post atual: Estudo da UFLA identifica bact\u00e9ria resistente a antibi\u00f3ticos circulando entre humanos e animais, ID: 169003<br><br><span style=\"color: red;\">O post atual n\u00e3o \u00e9 id\u00eantico ao post principal.<\/span><br><br>An\u00fancios: ROXO - TOPO INTERNA - ROTATIVO 2 (197)<br \/>Grupo de an\u00fancios: Princ_Meio01_720x104 (27)<br><br>Condi\u00e7\u00f5es de exibi\u00e7\u00e3o<div style=\"margin-bottom: 20px; white-space: pre-wrap; font-family: monospace; width: 100%; background: #ffe9e9;\"><strong>condi\u00e7\u00f5es gerais<\/strong><table border=\"1\"><thead><tr><th><\/th><th>An\u00fancios<\/th><th>wp_the_query<\/th><\/tr><\/thead><tr><td>is_main_query<\/td><td>1<\/td><td>1<\/td><\/tr><tr><td>is_rest_api<\/td><td>0<\/td><td>1<\/td><\/tr><tr><td>page<\/td><td>0<\/td><td>1<\/td><\/tr><tr><td>numpages<\/td><td>0<\/td><td>1<\/td><\/tr><tr><td>is_archive<\/td><td>1<\/td><td><\/td><\/tr><tr><td>is_search<\/td><td>1<\/td><td><\/td><\/tr><tr><td>is_home<\/td><td>1<\/td><td><\/td><\/tr><tr><td>is_404<\/td><td>1<\/td><td><\/td><\/tr><tr><td>is_attachment<\/td><td>1<\/td><td><\/td><\/tr><tr><td>is_singular<\/td><td>1<\/td><td><\/td><\/tr><tr><td>is_front_page<\/td><td>1<\/td><td><\/td><\/tr><tr><td>is_feed<\/td><td>1<\/td><td><\/td><\/tr><\/table><\/div><br><br><span style=\"color: red;\">Seu site usa HTTPS, mas o c\u00f3digo do an\u00fancio cont\u00e9m HTTP e pode n\u00e3o funcionar.<\/span>\t<br><br>\n\t<a style=\"color: green;\" href=\"https:\/\/wpadvancedads.com\/manual\/ad-debug-mode\/?utm_source=advanced-ads&utm_medium=link&utm_campaign=ad-debug-mode\" target=\"_blank\" rel=\"nofollow\">Encontre solu\u00e7\u00f5es no manual<\/a>\n<\/div>\n<\/li><\/ul><\/div><script>( window.advanced_ads_ready || jQuery( document ).ready ).call( null, function() {var $lavraslider2199316016 = jQuery( \".lavra-slider-2199316016\" );$lavraslider2199316016.on( \"unslider.ready\", function() { jQuery( \"div.custom-slider ul li\" ).css( \"display\", \"block\" ); });$lavraslider2199316016.unslider({ delay:4000, autoplay:true, nav:false, arrows:false, infinite:true });$lavraslider2199316016.on(\"mouseover\", function() {$lavraslider2199316016.unslider(\"stop\");}).on(\"mouseout\", function() {$lavraslider2199316016.unslider(\"start\");});});<\/script><\/div>\n<figure class=\"wp-block-image size-large is-resized\"><img fetchpriority=\"high\" decoding=\"async\" width=\"768\" height=\"1024\" src=\"https:\/\/lavras.tv\/site\/wp-content\/uploads\/2026\/01\/WhatsApp-Image-2026-01-22-at-10.22.30-3-768x1024.jpeg\" alt=\"\" class=\"wp-image-169004\" style=\"width:514px;height:auto\" srcset=\"https:\/\/lavras.tv\/site\/wp-content\/uploads\/2026\/01\/WhatsApp-Image-2026-01-22-at-10.22.30-3-768x1024.jpeg 768w, https:\/\/lavras.tv\/site\/wp-content\/uploads\/2026\/01\/WhatsApp-Image-2026-01-22-at-10.22.30-3-225x300.jpeg 225w, https:\/\/lavras.tv\/site\/wp-content\/uploads\/2026\/01\/WhatsApp-Image-2026-01-22-at-10.22.30-3-113x150.jpeg 113w, https:\/\/lavras.tv\/site\/wp-content\/uploads\/2026\/01\/WhatsApp-Image-2026-01-22-at-10.22.30-3-1152x1536.jpeg 1152w, https:\/\/lavras.tv\/site\/wp-content\/uploads\/2026\/01\/WhatsApp-Image-2026-01-22-at-10.22.30-3.jpeg 1200w\" sizes=\"(max-width: 768px) 100vw, 768px\" \/><\/figure>\n\n\n\n<p>Uma bact\u00e9ria comum no intestino de pessoas e animais pode se transformar em um risco real \u00e0 sa\u00fade p\u00fablica quando adquire resist\u00eancia a antibi\u00f3ticos. Esse \u00e9 o alerta de um estudo desenvolvido na Universidade Federal de Lavras (UFLA), que identificou cepas alarmantemente resistentes de Escherichia coli e ind\u00edcios claros de circula\u00e7\u00e3o dessas bact\u00e9rias entre diferentes esp\u00e9cies.<\/p>\n\n\n\n<p>O dado mais preocupante \u00e9 que as an\u00e1lises gen\u00f4micas apontam proximidade gen\u00e9tica entre cepas isoladas de humanos e de animais. Isso indica que a bact\u00e9ria pode circular entre pessoas, rebanhos e o ambiente, dificultando o controle das infec\u00e7\u00f5es e ampliando o risco sanit\u00e1rio.<\/p>\n\n\n\n<p><strong>Sobre a pesquisa<\/strong><\/p>\n\n\n\n<p>Intitulada \u201cAn\u00e1lise gen\u00f4mica comparativa de cepas patog\u00eanicas de Escherichia coli isoladas de diferentes hospedeiros sob a perspectiva da Sa\u00fade \u00danica\u201d, a pesquisa conta com financiamento da Funda\u00e7\u00e3o de Amparo \u00e0 Pesquisa do Estado de Minas Gerais (FAPEMIG) e \u00e9 gerenciada pela Funda\u00e7\u00e3o de Desenvolvimento Cient\u00edfico e Cultural (FUNDECC).<\/p>\n\n\n\n<p>O estudo analisou mais de 100 amostras da bact\u00e9ria, coletadas de humanos, animais de produ\u00e7\u00e3o como bovinos e b\u00fafalos, animais de companhia \u2014 especialmente c\u00e3es \u2014 e animais silvestres. Todas passam por sequenciamento gen\u00e9tico completo, permitindo identificar genes associados \u00e0 virul\u00eancia, \u00e0 resist\u00eancia a antibi\u00f3ticos e ao grau de parentesco entre cepas.<\/p>\n\n\n\n<p><strong>Resist\u00eancia que preocupa m\u00e9dicos e veterin\u00e1rios<\/strong><\/p>\n\n\n\n<p>Segundo a coordenadora do projeto, a professora Elaine Dorneles, a resist\u00eancia antimicrobiana \u00e9 um dos achados mais cr\u00edticos.<\/p>\n\n\n\n<p>\u201cN\u00f3s j\u00e1 identificamos amostras resistentes a antimicrobianos, o que dificulta o tratamento tanto de infec\u00e7\u00f5es humanas quanto de animais\u201d, explica.<\/p>\n\n\n\n<p>Esse cen\u00e1rio aumenta o risco de infec\u00e7\u00f5es mais graves, tratamentos ineficazes e maior press\u00e3o pelo uso de antibi\u00f3ticos.<\/p>\n\n\n\n<p><strong>Impacto direto no campo e na produ\u00e7\u00e3o leiteira<\/strong><\/p>\n\n\n\n<p>Na produ\u00e7\u00e3o leiteira, a Escherichia coli est\u00e1 entre as principais causadoras de mastite ambiental, uma infec\u00e7\u00e3o que provoca dor, inflama\u00e7\u00e3o, descarte de leite, queda na produ\u00e7\u00e3o e preju\u00edzos econ\u00f4micos aos produtores.<\/p>\n\n\n\n<p>A m\u00e9dica-veterin\u00e1ria Maisa Serpa Gon\u00e7alves, p\u00f3s-doutoranda da UFLA e integrante da equipe do projeto, explica que a bact\u00e9ria est\u00e1 presente em praticamente todas as propriedades rurais, favorecendo a infec\u00e7\u00e3o durante o manejo di\u00e1rio dos animais.<\/p>\n\n\n\n<p><strong>Sa\u00fade \u00danica: um problema compartilhado<\/strong><\/p>\n\n\n\n<p>A pesquisa refor\u00e7a o conceito de Sa\u00fade \u00danica (One Health), que reconhece que a sa\u00fade humana, animal e ambiental est\u00e3o interligadas. Uma bact\u00e9ria resistente pode chegar \u00e0s pessoas por meio do contato direto com animais, do consumo de alimentos contaminados, como leite cru e carnes mal passadas, da higiene inadequada ou do ambiente compartilhado. O caminho inverso tamb\u00e9m ocorre, com humanos transmitindo microrganismos resistentes aos animais.<\/p>\n\n\n\n<p><strong>Do laborat\u00f3rio ao produtor rural<\/strong><\/p>\n\n\n\n<p>Al\u00e9m da produ\u00e7\u00e3o cient\u00edfica, o projeto atua fortemente em extens\u00e3o, por meio do Laborat\u00f3rio Integrado de Sanidade Animal e Sa\u00fade Coletiva (LISASC), que realiza diagn\u00f3sticos e oferece orienta\u00e7\u00e3o t\u00e9cnica aos produtores, indo al\u00e9m do laudo.<\/p>\n\n\n\n<p>Essa atua\u00e7\u00e3o contribui para o uso mais respons\u00e1vel de antibi\u00f3ticos, melhora o bem-estar animal e reduz riscos \u00e0 sa\u00fade humana.<\/p>\n\n\n\n<p><strong>Mensagem central da pesquisa<\/strong><\/p>\n\n\n\n<p>Mesmo em andamento, o estudo j\u00e1 refor\u00e7a um alerta importante: prevenir \u00e9 t\u00e3o importante quanto tratar. Compreender como bact\u00e9rias resistentes circulam entre humanos e animais \u00e9 essencial para orientar boas pr\u00e1ticas, pol\u00edticas p\u00fablicas e decis\u00f5es conscientes.<\/p>\n\n\n\n<figure class=\"wp-block-gallery has-nested-images columns-default is-cropped wp-block-gallery-1 is-layout-flex wp-block-gallery-is-layout-flex\">\n<figure class=\"wp-block-image size-large\"><img decoding=\"async\" width=\"819\" height=\"1024\" data-id=\"169005\" src=\"https:\/\/lavras.tv\/site\/wp-content\/uploads\/2026\/01\/WhatsApp-Image-2026-01-22-at-10.22.30-819x1024.jpeg\" alt=\"\" class=\"wp-image-169005\" srcset=\"https:\/\/lavras.tv\/site\/wp-content\/uploads\/2026\/01\/WhatsApp-Image-2026-01-22-at-10.22.30-819x1024.jpeg 819w, https:\/\/lavras.tv\/site\/wp-content\/uploads\/2026\/01\/WhatsApp-Image-2026-01-22-at-10.22.30-240x300.jpeg 240w, https:\/\/lavras.tv\/site\/wp-content\/uploads\/2026\/01\/WhatsApp-Image-2026-01-22-at-10.22.30-120x150.jpeg 120w, https:\/\/lavras.tv\/site\/wp-content\/uploads\/2026\/01\/WhatsApp-Image-2026-01-22-at-10.22.30.jpeg 1080w\" sizes=\"(max-width: 819px) 100vw, 819px\" \/><\/figure>\n\n\n\n<figure class=\"wp-block-image size-large\"><img decoding=\"async\" width=\"970\" height=\"728\" data-id=\"169009\" src=\"https:\/\/lavras.tv\/site\/wp-content\/uploads\/2026\/01\/WhatsApp-Image-2026-01-22-at-10.22.30-1-970x728.jpeg\" alt=\"\" class=\"wp-image-169009\" srcset=\"https:\/\/lavras.tv\/site\/wp-content\/uploads\/2026\/01\/WhatsApp-Image-2026-01-22-at-10.22.30-1-970x728.jpeg 970w, https:\/\/lavras.tv\/site\/wp-content\/uploads\/2026\/01\/WhatsApp-Image-2026-01-22-at-10.22.30-1-400x300.jpeg 400w, https:\/\/lavras.tv\/site\/wp-content\/uploads\/2026\/01\/WhatsApp-Image-2026-01-22-at-10.22.30-1-170x128.jpeg 170w, https:\/\/lavras.tv\/site\/wp-content\/uploads\/2026\/01\/WhatsApp-Image-2026-01-22-at-10.22.30-1.jpeg 1280w\" sizes=\"(max-width: 970px) 100vw, 970px\" \/><\/figure>\n\n\n\n<figure class=\"wp-block-image size-large\"><img loading=\"lazy\" decoding=\"async\" width=\"576\" height=\"1024\" data-id=\"169006\" src=\"https:\/\/lavras.tv\/site\/wp-content\/uploads\/2026\/01\/WhatsApp-Image-2026-01-22-at-10.22.30-2-576x1024.jpeg\" alt=\"\" class=\"wp-image-169006\" srcset=\"https:\/\/lavras.tv\/site\/wp-content\/uploads\/2026\/01\/WhatsApp-Image-2026-01-22-at-10.22.30-2-576x1024.jpeg 576w, https:\/\/lavras.tv\/site\/wp-content\/uploads\/2026\/01\/WhatsApp-Image-2026-01-22-at-10.22.30-2-169x300.jpeg 169w, https:\/\/lavras.tv\/site\/wp-content\/uploads\/2026\/01\/WhatsApp-Image-2026-01-22-at-10.22.30-2-84x150.jpeg 84w, https:\/\/lavras.tv\/site\/wp-content\/uploads\/2026\/01\/WhatsApp-Image-2026-01-22-at-10.22.30-2-864x1536.jpeg 864w, https:\/\/lavras.tv\/site\/wp-content\/uploads\/2026\/01\/WhatsApp-Image-2026-01-22-at-10.22.30-2.jpeg 900w\" sizes=\"(max-width: 576px) 100vw, 576px\" \/><\/figure>\n\n\n\n<figure class=\"wp-block-image size-large\"><img loading=\"lazy\" decoding=\"async\" width=\"768\" height=\"1024\" data-id=\"169007\" src=\"https:\/\/lavras.tv\/site\/wp-content\/uploads\/2026\/01\/WhatsApp-Image-2026-01-22-at-10.22.31-768x1024.jpeg\" alt=\"\" class=\"wp-image-169007\" srcset=\"https:\/\/lavras.tv\/site\/wp-content\/uploads\/2026\/01\/WhatsApp-Image-2026-01-22-at-10.22.31-768x1024.jpeg 768w, https:\/\/lavras.tv\/site\/wp-content\/uploads\/2026\/01\/WhatsApp-Image-2026-01-22-at-10.22.31-225x300.jpeg 225w, https:\/\/lavras.tv\/site\/wp-content\/uploads\/2026\/01\/WhatsApp-Image-2026-01-22-at-10.22.31-113x150.jpeg 113w, https:\/\/lavras.tv\/site\/wp-content\/uploads\/2026\/01\/WhatsApp-Image-2026-01-22-at-10.22.31.jpeg 960w\" sizes=\"(max-width: 768px) 100vw, 768px\" \/><\/figure>\n\n\n\n<figure class=\"wp-block-image size-large\"><img loading=\"lazy\" decoding=\"async\" width=\"768\" height=\"1024\" data-id=\"169008\" src=\"https:\/\/lavras.tv\/site\/wp-content\/uploads\/2026\/01\/WhatsApp-Image-2026-01-22-at-10.22.31-1-768x1024.jpeg\" alt=\"\" class=\"wp-image-169008\" srcset=\"https:\/\/lavras.tv\/site\/wp-content\/uploads\/2026\/01\/WhatsApp-Image-2026-01-22-at-10.22.31-1-768x1024.jpeg 768w, https:\/\/lavras.tv\/site\/wp-content\/uploads\/2026\/01\/WhatsApp-Image-2026-01-22-at-10.22.31-1-225x300.jpeg 225w, https:\/\/lavras.tv\/site\/wp-content\/uploads\/2026\/01\/WhatsApp-Image-2026-01-22-at-10.22.31-1-113x150.jpeg 113w, https:\/\/lavras.tv\/site\/wp-content\/uploads\/2026\/01\/WhatsApp-Image-2026-01-22-at-10.22.31-1.jpeg 960w\" sizes=\"(max-width: 768px) 100vw, 768px\" \/><\/figure>\n<\/figure>\n","protected":false},"excerpt":{"rendered":"<p>Uma bact\u00e9ria comum no intestino de pessoas e animais pode se transformar em um risco real \u00e0 sa\u00fade p\u00fablica quando adquire resist\u00eancia a antibi\u00f3ticos. Esse \u00e9 o alerta de um estudo desenvolvido na Universidade Federal de Lavras (UFLA), que identificou cepas alarmantemente resistentes de Escherichia coli e ind\u00edcios claros de circula\u00e7\u00e3o dessas bact\u00e9rias entre diferentes [&hellip;]<\/p>\n","protected":false},"author":5,"featured_media":169004,"comment_status":"closed","ping_status":"open","sticky":false,"template":"","format":"standard","meta":{"advgb_blocks_editor_width":"","advgb_blocks_columns_visual_guide":"","_exactmetrics_skip_tracking":false,"_exactmetrics_sitenote_active":false,"_exactmetrics_sitenote_note":"","_exactmetrics_sitenote_category":0,"footnotes":""},"categories":[17,2,5760],"tags":[],"class_list":["post-169003","post","type-post","status-publish","format-standard","has-post-thumbnail","hentry","category-jornal-cidade","category-noticias","category-noticias-jornal-cidade"],"better_featured_image":{"id":169004,"alt_text":"","caption":"","description":"","media_type":"image","media_details":{"width":1200,"height":1600,"file":"2026\/01\/WhatsApp-Image-2026-01-22-at-10.22.30-3.jpeg","filesize":203081,"sizes":{"medium":{"file":"WhatsApp-Image-2026-01-22-at-10.22.30-3-225x300.jpeg","width":225,"height":300,"mime-type":"image\/jpeg","filesize":12899,"source_url":"https:\/\/lavras.tv\/site\/wp-content\/uploads\/2026\/01\/WhatsApp-Image-2026-01-22-at-10.22.30-3-225x300.jpeg"},"large":{"file":"WhatsApp-Image-2026-01-22-at-10.22.30-3-768x1024.jpeg","width":768,"height":1024,"mime-type":"image\/jpeg","filesize":98495,"source_url":"https:\/\/lavras.tv\/site\/wp-content\/uploads\/2026\/01\/WhatsApp-Image-2026-01-22-at-10.22.30-3-768x1024.jpeg"},"thumbnail":{"file":"WhatsApp-Image-2026-01-22-at-10.22.30-3-113x150.jpeg","width":113,"height":150,"mime-type":"image\/jpeg","filesize":4299,"source_url":"https:\/\/lavras.tv\/site\/wp-content\/uploads\/2026\/01\/WhatsApp-Image-2026-01-22-at-10.22.30-3-113x150.jpeg"},"1536x1536":{"file":"WhatsApp-Image-2026-01-22-at-10.22.30-3-1152x1536.jpeg","width":1152,"height":1536,"mime-type":"image\/jpeg","filesize":192882,"source_url":"https:\/\/lavras.tv\/site\/wp-content\/uploads\/2026\/01\/WhatsApp-Image-2026-01-22-at-10.22.30-3-1152x1536.jpeg"},"alm-thumbnail":{"file":"WhatsApp-Image-2026-01-22-at-10.22.30-3-150x150.jpeg","width":150,"height":150,"mime-type":"image\/jpeg","filesize":5411,"source_url":"https:\/\/lavras.tv\/site\/wp-content\/uploads\/2026\/01\/WhatsApp-Image-2026-01-22-at-10.22.30-3-150x150.jpeg"},"sow-carousel-default":{"file":"WhatsApp-Image-2026-01-22-at-10.22.30-3-272x182.jpeg","width":272,"height":182,"mime-type":"image\/jpeg","filesize":10874,"source_url":"https:\/\/lavras.tv\/site\/wp-content\/uploads\/2026\/01\/WhatsApp-Image-2026-01-22-at-10.22.30-3-272x182.jpeg"}},"image_meta":{"aperture":"0","credit":"","camera":"","caption":"","created_timestamp":"0","copyright":"","focal_length":"0","iso":"0","shutter_speed":"0","title":"","orientation":"0","keywords":[]}},"post":169003,"source_url":"https:\/\/lavras.tv\/site\/wp-content\/uploads\/2026\/01\/WhatsApp-Image-2026-01-22-at-10.22.30-3.jpeg"},"author_meta":{"display_name":"Vinicius Bustamante","author_link":"https:\/\/lavras.tv\/site\/author\/vinicius-bustamante\/"},"featured_img":"https:\/\/lavras.tv\/site\/wp-content\/uploads\/2026\/01\/WhatsApp-Image-2026-01-22-at-10.22.30-3-225x300.jpeg","coauthors":[],"tax_additional":{"categories":{"linked":["<a href=\"https:\/\/lavras.tv\/site\/category\/sem-categoria\/jornal-cidade\/\" class=\"advgb-post-tax-term\">DESTAQUE PRINCIPAL<\/a>","<a href=\"https:\/\/lavras.tv\/site\/category\/noticias\/\" class=\"advgb-post-tax-term\">Not\u00edcias<\/a>","<a href=\"https:\/\/lavras.tv\/site\/category\/sem-categoria\/jornal-cidade\/noticias-jornal-cidade\/\" class=\"advgb-post-tax-term\">NOT\u00cdCIAS<\/a>"],"unlinked":["<span class=\"advgb-post-tax-term\">DESTAQUE PRINCIPAL<\/span>","<span class=\"advgb-post-tax-term\">Not\u00edcias<\/span>","<span class=\"advgb-post-tax-term\">NOT\u00cdCIAS<\/span>"]}},"comment_count":"0","relative_dates":{"created":"Publicado 3 meses atr\u00e1s","modified":"Atualizado 3 meses atr\u00e1s"},"absolute_dates":{"created":"Publicado em 22 de janeiro de 2026","modified":"Atualizado em 22 de janeiro de 2026"},"absolute_dates_time":{"created":"Publicado em 22 de janeiro de 2026 12:04","modified":"Atualizado em 22 de janeiro de 2026 12:04"},"featured_img_caption":"","series_order":"","_links":{"self":[{"href":"https:\/\/lavras.tv\/site\/wp-json\/wp\/v2\/posts\/169003","targetHints":{"allow":["GET"]}}],"collection":[{"href":"https:\/\/lavras.tv\/site\/wp-json\/wp\/v2\/posts"}],"about":[{"href":"https:\/\/lavras.tv\/site\/wp-json\/wp\/v2\/types\/post"}],"author":[{"embeddable":true,"href":"https:\/\/lavras.tv\/site\/wp-json\/wp\/v2\/users\/5"}],"replies":[{"embeddable":true,"href":"https:\/\/lavras.tv\/site\/wp-json\/wp\/v2\/comments?post=169003"}],"version-history":[{"count":1,"href":"https:\/\/lavras.tv\/site\/wp-json\/wp\/v2\/posts\/169003\/revisions"}],"predecessor-version":[{"id":169010,"href":"https:\/\/lavras.tv\/site\/wp-json\/wp\/v2\/posts\/169003\/revisions\/169010"}],"wp:featuredmedia":[{"embeddable":true,"href":"https:\/\/lavras.tv\/site\/wp-json\/wp\/v2\/media\/169004"}],"wp:attachment":[{"href":"https:\/\/lavras.tv\/site\/wp-json\/wp\/v2\/media?parent=169003"}],"wp:term":[{"taxonomy":"category","embeddable":true,"href":"https:\/\/lavras.tv\/site\/wp-json\/wp\/v2\/categories?post=169003"},{"taxonomy":"post_tag","embeddable":true,"href":"https:\/\/lavras.tv\/site\/wp-json\/wp\/v2\/tags?post=169003"}],"curies":[{"name":"wp","href":"https:\/\/api.w.org\/{rel}","templated":true}]}}