{"id":169014,"date":"2026-01-22T12:11:48","date_gmt":"2026-01-22T15:11:48","guid":{"rendered":"https:\/\/lavras.tv\/site\/?p=169014"},"modified":"2026-01-22T12:11:49","modified_gmt":"2026-01-22T15:11:49","slug":"historico-o-agente-secreto-recebe-quatro-indicacoes-ao-oscar-2026","status":"publish","type":"post","link":"https:\/\/lavras.tv\/site\/2026\/01\/22\/historico-o-agente-secreto-recebe-quatro-indicacoes-ao-oscar-2026\/","title":{"rendered":"Hist\u00f3rico! O Agente Secreto recebe quatro indica\u00e7\u00f5es ao Oscar 2026"},"content":{"rendered":"<div class=\"lavra-antes-do-conteudo_2\" id=\"lavra-492565219\"><div id=\"lavra-slider-27\" class=\"custom-slider lavra-slider-139152663 lavra-slider\"><ul><li><div style=\"margin-left: auto;margin-right: auto;text-align: center;\" id=\"lavra-292124168\"><a href=\"https:\/\/sistemas.lavras.mg.gov.br\/portalcidadao\/#df1b1a7c7b2a290bcb31e32771e610784662739a88807c0dacac58ede5f391a7530e299dc302d611ee73cb143fc22eaf93592e53e7b5bdb01b00a0b8d28dae460c141dd2ff83412e4dc1c31b16b25f33144a9e5620ea73b13f5bc1c59411d98439ad226e8af03840603796067d87afe130812cf3de24982d0e306f9e61e764e5\" aria-label=\"Lavras-TV&#8211;720x104px (1) (1)\"><img src=\"https:\/\/lavras.tv\/site\/wp-content\/uploads\/2025\/01\/Lavras-TV-720x104px-1-1.png\" alt=\"\"  srcset=\"https:\/\/lavras.tv\/site\/wp-content\/uploads\/2025\/01\/Lavras-TV-720x104px-1-1.png 720w, https:\/\/lavras.tv\/site\/wp-content\/uploads\/2025\/01\/Lavras-TV-720x104px-1-1-470x68.png 470w, https:\/\/lavras.tv\/site\/wp-content\/uploads\/2025\/01\/Lavras-TV-720x104px-1-1-170x25.png 170w, https:\/\/lavras.tv\/site\/wp-content\/uploads\/2025\/01\/Lavras-TV-720x104px-1-1-200x29.png 200w\" sizes=\"(max-width: 720px) 100vw, 720px\" width=\"720\" height=\"104\"  style=\"display: inline-block;\" \/><\/a><\/div><\/li><li><a href=\"https:\/\/sistemas.lavras.mg.gov.br\/portalcidadao\/#df1b1a7c7b2a290bcb31e32771e610784662739a88807c0dacac58ede5f391a7530e299dc302d611ee73cb143fc22eaf93592e53e7b5bdb01b00a0b8d28dae460c141dd2ff83412e4dc1c31b16b25f33144a9e5620ea73b13f5bc1c59411d98439ad226e8af03840603796067d87afe130812cf3de24982d0e306f9e61e764e5\" aria-label=\"Banner_Emprego_PortallavrasTV\"><img src=\"https:\/\/lavras.tv\/site\/wp-content\/uploads\/2025\/03\/Banner_Emprego_PortallavrasTV.png\" alt=\"\"  srcset=\"https:\/\/lavras.tv\/site\/wp-content\/uploads\/2025\/03\/Banner_Emprego_PortallavrasTV.png 720w, https:\/\/lavras.tv\/site\/wp-content\/uploads\/2025\/03\/Banner_Emprego_PortallavrasTV-470x68.png 470w, https:\/\/lavras.tv\/site\/wp-content\/uploads\/2025\/03\/Banner_Emprego_PortallavrasTV-170x25.png 170w, https:\/\/lavras.tv\/site\/wp-content\/uploads\/2025\/03\/Banner_Emprego_PortallavrasTV-200x29.png 200w\" sizes=\"(max-width: 720px) 100vw, 720px\" width=\"720\" height=\"104\"   \/><\/a><\/li><li><a href=\"https:\/\/sistemas.lavras.mg.gov.br\/portalcidadao\/#df1b1a7c7b2a290bcb31e32771e610784662739a88807c0dacac58ede5f391a7530e299dc302d611ee73cb143fc22eaf93592e53e7b5bdb01b00a0b8d28dae460c141dd2ff83412e4dc1c31b16b25f33144a9e5620ea73b13f5bc1c59411d98439ad226e8af03840603796067d87afe130812cf3de24982d0e306f9e61e764e5\" aria-label=\"Banner_Obras_PortallavrasTV\"><img src=\"https:\/\/lavras.tv\/site\/wp-content\/uploads\/2025\/03\/Banner_Obras_PortallavrasTV.png\" alt=\"\"  srcset=\"https:\/\/lavras.tv\/site\/wp-content\/uploads\/2025\/03\/Banner_Obras_PortallavrasTV.png 720w, https:\/\/lavras.tv\/site\/wp-content\/uploads\/2025\/03\/Banner_Obras_PortallavrasTV-470x68.png 470w, https:\/\/lavras.tv\/site\/wp-content\/uploads\/2025\/03\/Banner_Obras_PortallavrasTV-170x25.png 170w, https:\/\/lavras.tv\/site\/wp-content\/uploads\/2025\/03\/Banner_Obras_PortallavrasTV-200x29.png 200w\" sizes=\"(max-width: 720px) 100vw, 720px\" width=\"720\" height=\"104\"   \/><\/a><\/li><li><div style=\"margin-left: auto;margin-right: auto;text-align: center;\" id=\"lavra-1270671015\"><a href=\"https:\/\/sistemas.lavras.mg.gov.br\/portalcidadao\/#df1b1a7c7b2a290bcb31e32771e610784662739a88807c0dacac58ede5f391a7530e299dc302d611ee73cb143fc22eaf93592e53e7b5bdb01b00a0b8d28dae460c141dd2ff83412e4dc1c31b16b25f33144a9e5620ea73b13f5bc1c59411d98439ad226e8af03840603796067d87afe130812cf3de24982d0e306f9e61e764e5\" aria-label=\"Banner_Educa\u00e7\u00e3o_PortallavrasTV\"><img src=\"https:\/\/lavras.tv\/site\/wp-content\/uploads\/2025\/01\/Banner_Educacao_PortallavrasTV.png\" alt=\"\"  srcset=\"https:\/\/lavras.tv\/site\/wp-content\/uploads\/2025\/01\/Banner_Educacao_PortallavrasTV.png 720w, https:\/\/lavras.tv\/site\/wp-content\/uploads\/2025\/01\/Banner_Educacao_PortallavrasTV-470x68.png 470w, https:\/\/lavras.tv\/site\/wp-content\/uploads\/2025\/01\/Banner_Educacao_PortallavrasTV-170x25.png 170w, https:\/\/lavras.tv\/site\/wp-content\/uploads\/2025\/01\/Banner_Educacao_PortallavrasTV-200x29.png 200w\" sizes=\"(max-width: 720px) 100vw, 720px\" width=\"720\" height=\"104\"  style=\"display: inline-block;\" \/><\/a><\/div><\/li><li><a href=\"https:\/\/sistemas.lavras.mg.gov.br\/portalcidadao\/#df1b1a7c7b2a290bcb31e32771e610784662739a88807c0dacac58ede5f391a7530e299dc302d611ee73cb143fc22eaf93592e53e7b5bdb01b00a0b8d28dae460c141dd2ff83412e4dc1c31b16b25f33144a9e5620ea73b13f5bc1c59411d98439ad226e8af03840603796067d87afe130812cf3de24982d0e306f9e61e764e5\" aria-label=\"Banner_Sa\u00fade_PortallavrasTV\"><img src=\"https:\/\/lavras.tv\/site\/wp-content\/uploads\/2025\/03\/Banner_Saude_PortallavrasTV.png\" alt=\"\"  srcset=\"https:\/\/lavras.tv\/site\/wp-content\/uploads\/2025\/03\/Banner_Saude_PortallavrasTV.png 720w, https:\/\/lavras.tv\/site\/wp-content\/uploads\/2025\/03\/Banner_Saude_PortallavrasTV-470x68.png 470w, https:\/\/lavras.tv\/site\/wp-content\/uploads\/2025\/03\/Banner_Saude_PortallavrasTV-170x25.png 170w, https:\/\/lavras.tv\/site\/wp-content\/uploads\/2025\/03\/Banner_Saude_PortallavrasTV-200x29.png 200w\" sizes=\"(max-width: 720px) 100vw, 720px\" width=\"720\" height=\"104\"   \/><\/a><\/li><li><div id=\"lavra-3702308110\" style=\"width:720px;height:104px;background-color:#ddd;overflow:scroll;\">\n\t<strong>Sa\u00edda da depura\u00e7\u00e3o de an\u00fancios<\/strong>\n\t<br><br>\n\tO an\u00fancio n\u00e3o \u00e9 exibido na p\u00e1gina<br><br>post atual: Hist\u00f3rico! O Agente Secreto recebe quatro indica\u00e7\u00f5es ao Oscar 2026, ID: 169014<br><br><span style=\"color: red;\">O post atual n\u00e3o \u00e9 id\u00eantico ao post principal.<\/span><br><br>An\u00fancios: ROXO - TOPO INTERNA - ROTATIVO 2 (197)<br \/>Grupo de an\u00fancios: Princ_Meio01_720x104 (27)<br><br>Condi\u00e7\u00f5es de exibi\u00e7\u00e3o<div style=\"margin-bottom: 20px; white-space: pre-wrap; font-family: monospace; width: 100%; background: #ffe9e9;\"><strong>condi\u00e7\u00f5es gerais<\/strong><table border=\"1\"><thead><tr><th><\/th><th>An\u00fancios<\/th><th>wp_the_query<\/th><\/tr><\/thead><tr><td>is_main_query<\/td><td>1<\/td><td>1<\/td><\/tr><tr><td>is_rest_api<\/td><td>0<\/td><td>1<\/td><\/tr><tr><td>page<\/td><td>0<\/td><td>1<\/td><\/tr><tr><td>numpages<\/td><td>0<\/td><td>1<\/td><\/tr><tr><td>is_archive<\/td><td>1<\/td><td><\/td><\/tr><tr><td>is_search<\/td><td>1<\/td><td><\/td><\/tr><tr><td>is_home<\/td><td>1<\/td><td><\/td><\/tr><tr><td>is_404<\/td><td>1<\/td><td><\/td><\/tr><tr><td>is_attachment<\/td><td>1<\/td><td><\/td><\/tr><tr><td>is_singular<\/td><td>1<\/td><td><\/td><\/tr><tr><td>is_front_page<\/td><td>1<\/td><td><\/td><\/tr><tr><td>is_feed<\/td><td>1<\/td><td><\/td><\/tr><\/table><\/div><br><br><span style=\"color: red;\">Seu site usa HTTPS, mas o c\u00f3digo do an\u00fancio cont\u00e9m HTTP e pode n\u00e3o funcionar.<\/span>\t<br><br>\n\t<a style=\"color: green;\" href=\"https:\/\/wpadvancedads.com\/manual\/ad-debug-mode\/?utm_source=advanced-ads&utm_medium=link&utm_campaign=ad-debug-mode\" target=\"_blank\" rel=\"nofollow\">Encontre solu\u00e7\u00f5es no manual<\/a>\n<\/div>\n<\/li><\/ul><\/div><script>( window.advanced_ads_ready || jQuery( document ).ready ).call( null, function() {var $lavraslider139152663 = jQuery( \".lavra-slider-139152663\" );$lavraslider139152663.on( \"unslider.ready\", function() { jQuery( \"div.custom-slider ul li\" ).css( \"display\", \"block\" ); });$lavraslider139152663.unslider({ delay:4000, autoplay:true, nav:false, arrows:false, infinite:true });$lavraslider139152663.on(\"mouseover\", function() {$lavraslider139152663.unslider(\"stop\");}).on(\"mouseout\", function() {$lavraslider139152663.unslider(\"start\");});});<\/script><\/div>\n<h2 class=\"wp-block-heading\">O Agente Secreto foi indicado em quatro categorias e leva pa\u00eds ao Oscar pela segunda vez seguida<\/h2>\n\n\n\n<p><img fetchpriority=\"high\" decoding=\"async\" alt=\"O filme brasileiro 'O Agente Secreto' foi aplaudido de p\u00e9 por 15 minutos em Cannes\" width=\"1000\" height=\"563\" src=\"https:\/\/medias.itatiaia.com.br\/dims4\/default\/738a77c\/2147483647\/strip\/true\/crop\/808x455+39+0\/resize\/1000x563!\/quality\/90\/?url=https%3A%2F%2Fk2-prod-radio-itatiaia.s3.us-east-1.amazonaws.com%2Fbrightspot%2F75%2Ff8%2F21e011694fed877a4fdf3fba66d1%2Fcaptura-de-tela-2025-05-19-101034.png\"><\/p>\n\n\n\n<p>Divulga\u00e7\u00e3o<\/p>\n\n\n\n<p>O filme brasileiro \u2018O Agente Secreto\u2019 foi aplaudido de p\u00e9 por 15 minutos em Cannes<\/p>\n\n\n\n<p>Hist\u00f3rico! Pelo segundo ano consecutivo, o cinema brasileiro assegura seu espa\u00e7o na principal cerim\u00f4nia da s\u00e9tima arte mundial. Na manh\u00e3 desta quinta-feira (22), a Academia anunciou que o longa \u201cO Agente Secreto\u201d, do cineasta Kleber Mendon\u00e7a Filho, concorrer\u00e1 a quatro estatuetas na 98\u00aa edi\u00e7\u00e3o do Oscar. O desempenho da produ\u00e7\u00e3o iguala a marca atingida por&nbsp;<a href=\"https:\/\/www.itatiaia.com.br\/entretenimento\/oscar-2026-o-agente-secreto-iguala-cidade-de-deus-em-indicacoes\">\u201cCidade de Deus\u201d em 2002<\/a>, consolidando o atual momento de prest\u00edgio da cinematografia nacional no exterior.<\/p>\n\n\n\n<p>\u201cO Agente Secreto\u201d foi indicado na categoria de \u201c<strong>Melhor Dire\u00e7\u00e3o de Elenco<\/strong>\u201d, \u201c<strong>Melhor Filme Internacional<\/strong>\u201d, \u201c<strong>Melhor Filme<\/strong>\u201d e \u201c&nbsp;<a href=\"https:\/\/www.itatiaia.com.br\/entretenimento\/melhor-ator-wagner-moura-e-indicado-ao-oscar-2026\"><strong>Melhor Ator<\/strong><\/a>\u201d para&nbsp;<a href=\"https:\/\/www.itatiaia.com.br\/tags\/wagner-moura\"><strong><u>Wagner Moura<\/u><\/strong><\/a>. As indica\u00e7\u00f5es representam mais um feito hist\u00f3rico para o cinema brasileiro, que j\u00e1 contou com a vit\u00f3ria de&nbsp;<a href=\"https:\/\/www.itatiaia.com.br\/entretenimento\/2025\/03\/02\/ainda-estou-aqui-venceu-o-oscar-de-melhor-filme-internacional\"><strong><u>\u201cAinda Estou Aqui\u201d<\/u><\/strong><\/a>&nbsp;na \u00faltima edi\u00e7\u00e3o. Com a disputa em quatro categorias, a produ\u00e7\u00e3o de Kleber pode marcar a segunda vez seguida em que o pa\u00eds \u00e9 vencedor da premia\u00e7\u00e3o.<\/p>\n\n\n\n<p>A lista de indicados ao Oscar foi divulgada em um evento oficial realizado em Los Angeles, na manh\u00e3 de hoje. F\u00e3s e telespectadores podem conferir todos os indicados \u00e0 premia\u00e7\u00e3o&nbsp;<a href=\"https:\/\/www.oscars.org\/\" target=\"_blank\" rel=\"noreferrer noopener\"><strong><u>aqui<\/u><\/strong><\/a>.<\/p>\n\n\n\n<h2 class=\"wp-block-heading\">\u2018O Agente Secreto\u2019<\/h2>\n\n\n\n<p>O longa brasileiro tem conquistado o cora\u00e7\u00e3o dos f\u00e3s de cinema desde o lan\u00e7amento. Com o protagonismo de Wagner Moura, o filme tem levado o nome do pa\u00eds para as telas internacionais e contribu\u00eddo ainda mais para a visibilidade do cinema nacional.<\/p>\n\n\n\n<p>Ambientado na d\u00e9cada de 1970, a produ\u00e7\u00e3o narra a hist\u00f3ria de Marcelo, um professor universit\u00e1rio perseguido pela repress\u00e3o da ditadura militar no Brasil.<\/p>\n\n\n\n<p>Ele foge de S\u00e3o Paulo para Recife para escapar de agentes governamentais que o procuram por atividades subversivas. Chegando bem na semana do Carnaval, ele logo descobre que est\u00e1 sendo espionado pelos vizinhos.<\/p>\n\n\n\n<p>Al\u00e9m do protagonista Wagner, Maria Fernanda C\u00e2ndido, Gabriel Leone, Isab\u00e9l Zuaa, Alice Carvalho, Udo Kier, Thom\u00e1s Aquino e outros fazem parte do elenco. O filme chegou aos cinemas em&nbsp;<a href=\"https:\/\/www.itatiaia.com.br\/entretenimento\/estrelado-por-wagner-moura-o-agente-secreto-estreia-em-mais-de-300-cidades-do-brasil\"><strong><u>novembro do ano passado<\/u><\/strong><\/a>.<a><\/a><img decoding=\"async\" alt=\"Wagner Moura em 'O Agente Secreto'\" width=\"1000\" height=\"563\" src=\"https:\/\/medias.itatiaia.com.br\/dims4\/default\/c6e1c2f\/2147483647\/strip\/true\/crop\/1210x681+45+0\/resize\/1000x563!\/quality\/90\/?url=https%3A%2F%2Fk2-prod-radio-itatiaia.s3.us-east-1.amazonaws.com%2Fbrightspot%2F4c%2Fd1%2Fdf4146844d64b47cf2b3a70b0529%2Fwagner-moura-o-agente-secreto.jpg\"><\/p>\n\n\n\n<p>Divulga\u00e7\u00e3o<\/p>\n\n\n\n<p>Wagner Moura em \u2018O Agente Secreto\u2019<\/p>\n\n\n\n<h2 class=\"wp-block-heading\">Mineiros no elenco<\/h2>\n\n\n\n<p>Premiado em Cannes e no Globo de Ouro, o filme dirigido por Kleber Mendon\u00e7a Filho conta com&nbsp;<a href=\"https:\/\/www.itatiaia.com.br\/cidades\/quem-sao-os-atores-mineiros-de-o-agente-secreto-representante-do-brasil-no-oscar-2026\" target=\"_blank\" rel=\"noreferrer noopener\"><strong><u>talentos mineiros tanto no elenco<\/u><\/strong>&nbsp;<\/a>quanto por tr\u00e1s das c\u00e2meras.<\/p>\n\n\n\n<p>Os veteranos&nbsp;<a href=\"https:\/\/www.itatiaia.com.br\/entretenimento\/ator-mineiro-de-o-agente-secreto-celebra-premio-inedito-caminho-do-oscar\"><strong><u>Carlos Francisco<\/u><\/strong><\/a>&nbsp;e Wilson Rabelo, al\u00e9m de Laura Luf\u00e9si, que faz sua estreia no cinema, contracenam com Wagner Moura em um elenco primoroso. Em outubro do ano passado, a&nbsp;<strong>Itatiaia<\/strong>&nbsp;<a href=\"https:\/\/www.itatiaia.com.br\/cidades\/quem-sao-os-atores-mineiros-de-o-agente-secreto-representante-do-brasil-no-oscar-2026\"><strong><u>conversou com os tr\u00eas<\/u><\/strong><\/a>, quando o filme ainda nem havia sido lan\u00e7ado.<\/p>\n\n\n\n<p>Al\u00e9m deles,&nbsp;<a href=\"https:\/\/www.itatiaia.com.br\/entretenimento\/de-pirapora-para-o-mundo-produtor-mineiro-e-um-dos-nomes-por-tras-do-sucesso-de-o-agente-secreto\"><strong><u>Fred Burle<\/u><\/strong><\/a>&nbsp;\u00e9 um dos principais nomes que comandaram o filme, sendo um dos coprodutores de \u201cO Agente Secreto\u201d.<\/p>\n\n\n\n<h2 class=\"wp-block-heading\">Quando ser\u00e1 o Oscar 2026?<\/h2>\n\n\n\n<p>A cerim\u00f4nia da 98\u00aa edi\u00e7\u00e3o do Oscar acontecer\u00e1 no dia 15 de mar\u00e7o de 2026, em Los Angeles, tradicionalmente no Dolby Theatre. A premia\u00e7\u00e3o costuma ser transmitida pela TV Globo mas a emissora ainda n\u00e3o confirmou a transmiss\u00e3o.<\/p>\n","protected":false},"excerpt":{"rendered":"<p>O Agente Secreto foi indicado em quatro categorias e leva pa\u00eds ao Oscar pela segunda vez seguida Divulga\u00e7\u00e3o O filme brasileiro \u2018O Agente Secreto\u2019 foi aplaudido de p\u00e9 por 15 minutos em Cannes Hist\u00f3rico! Pelo segundo ano consecutivo, o cinema brasileiro assegura seu espa\u00e7o na principal cerim\u00f4nia da s\u00e9tima arte mundial. Na manh\u00e3 desta quinta-feira [&hellip;]<\/p>\n","protected":false},"author":5,"featured_media":169015,"comment_status":"closed","ping_status":"open","sticky":false,"template":"","format":"standard","meta":{"advgb_blocks_editor_width":"","advgb_blocks_columns_visual_guide":"","_exactmetrics_skip_tracking":false,"_exactmetrics_sitenote_active":false,"_exactmetrics_sitenote_note":"","_exactmetrics_sitenote_category":0,"footnotes":""},"categories":[7,2],"tags":[],"class_list":["post-169014","post","type-post","status-publish","format-standard","has-post-thumbnail","hentry","category-destaques","category-noticias"],"better_featured_image":{"id":169015,"alt_text":"","caption":"","description":"","media_type":"image","media_details":{"width":1000,"height":563,"file":"2026\/01\/download-3-2.webp","filesize":60182,"sizes":{"medium":{"file":"download-3-2-470x265.webp","width":470,"height":265,"mime-type":"image\/webp","filesize":18258,"source_url":"https:\/\/lavras.tv\/site\/wp-content\/uploads\/2026\/01\/download-3-2-470x265.webp"},"large":{"file":"download-3-2-970x546.webp","width":970,"height":546,"mime-type":"image\/webp","filesize":40982,"source_url":"https:\/\/lavras.tv\/site\/wp-content\/uploads\/2026\/01\/download-3-2-970x546.webp"},"thumbnail":{"file":"download-3-2-170x96.webp","width":170,"height":96,"mime-type":"image\/webp","filesize":4956,"source_url":"https:\/\/lavras.tv\/site\/wp-content\/uploads\/2026\/01\/download-3-2-170x96.webp"},"alm-thumbnail":{"file":"download-3-2-150x150.webp","width":150,"height":150,"mime-type":"image\/webp","filesize":5312,"source_url":"https:\/\/lavras.tv\/site\/wp-content\/uploads\/2026\/01\/download-3-2-150x150.webp"},"sow-carousel-default":{"file":"download-3-2-272x182.webp","width":272,"height":182,"mime-type":"image\/webp","filesize":9700,"source_url":"https:\/\/lavras.tv\/site\/wp-content\/uploads\/2026\/01\/download-3-2-272x182.webp"}},"image_meta":{"aperture":"0","credit":"","camera":"","caption":"","created_timestamp":"0","copyright":"","focal_length":"0","iso":"0","shutter_speed":"0","title":"","orientation":"0","keywords":[]}},"post":169014,"source_url":"https:\/\/lavras.tv\/site\/wp-content\/uploads\/2026\/01\/download-3-2.webp"},"author_meta":{"display_name":"Vinicius Bustamante","author_link":"https:\/\/lavras.tv\/site\/author\/vinicius-bustamante\/"},"featured_img":"https:\/\/lavras.tv\/site\/wp-content\/uploads\/2026\/01\/download-3-2-470x265.webp","coauthors":[],"tax_additional":{"categories":{"linked":["<a href=\"https:\/\/lavras.tv\/site\/category\/destaques\/\" class=\"advgb-post-tax-term\">Destaques<\/a>","<a href=\"https:\/\/lavras.tv\/site\/category\/noticias\/\" class=\"advgb-post-tax-term\">Not\u00edcias<\/a>"],"unlinked":["<span class=\"advgb-post-tax-term\">Destaques<\/span>","<span class=\"advgb-post-tax-term\">Not\u00edcias<\/span>"]}},"comment_count":"0","relative_dates":{"created":"Publicado 3 meses atr\u00e1s","modified":"Atualizado 3 meses atr\u00e1s"},"absolute_dates":{"created":"Publicado em 22 de janeiro de 2026","modified":"Atualizado em 22 de janeiro de 2026"},"absolute_dates_time":{"created":"Publicado em 22 de janeiro de 2026 12:11","modified":"Atualizado em 22 de janeiro de 2026 12:11"},"featured_img_caption":"","series_order":"","_links":{"self":[{"href":"https:\/\/lavras.tv\/site\/wp-json\/wp\/v2\/posts\/169014","targetHints":{"allow":["GET"]}}],"collection":[{"href":"https:\/\/lavras.tv\/site\/wp-json\/wp\/v2\/posts"}],"about":[{"href":"https:\/\/lavras.tv\/site\/wp-json\/wp\/v2\/types\/post"}],"author":[{"embeddable":true,"href":"https:\/\/lavras.tv\/site\/wp-json\/wp\/v2\/users\/5"}],"replies":[{"embeddable":true,"href":"https:\/\/lavras.tv\/site\/wp-json\/wp\/v2\/comments?post=169014"}],"version-history":[{"count":1,"href":"https:\/\/lavras.tv\/site\/wp-json\/wp\/v2\/posts\/169014\/revisions"}],"predecessor-version":[{"id":169016,"href":"https:\/\/lavras.tv\/site\/wp-json\/wp\/v2\/posts\/169014\/revisions\/169016"}],"wp:featuredmedia":[{"embeddable":true,"href":"https:\/\/lavras.tv\/site\/wp-json\/wp\/v2\/media\/169015"}],"wp:attachment":[{"href":"https:\/\/lavras.tv\/site\/wp-json\/wp\/v2\/media?parent=169014"}],"wp:term":[{"taxonomy":"category","embeddable":true,"href":"https:\/\/lavras.tv\/site\/wp-json\/wp\/v2\/categories?post=169014"},{"taxonomy":"post_tag","embeddable":true,"href":"https:\/\/lavras.tv\/site\/wp-json\/wp\/v2\/tags?post=169014"}],"curies":[{"name":"wp","href":"https:\/\/api.w.org\/{rel}","templated":true}]}}