{"id":169017,"date":"2026-01-22T13:37:25","date_gmt":"2026-01-22T16:37:25","guid":{"rendered":"https:\/\/lavras.tv\/site\/?p=169017"},"modified":"2026-01-22T13:37:26","modified_gmt":"2026-01-22T16:37:26","slug":"deputada-diz-que-vice-governador-de-minas-a-ameacou-e-exigiu-desculpas-de-marido","status":"publish","type":"post","link":"https:\/\/lavras.tv\/site\/2026\/01\/22\/deputada-diz-que-vice-governador-de-minas-a-ameacou-e-exigiu-desculpas-de-marido\/","title":{"rendered":"Deputada diz que vice-governador de Minas a amea\u00e7ou e exigiu desculpas de marido"},"content":{"rendered":"<div class=\"lavra-antes-do-conteudo_2\" id=\"lavra-2110839030\"><div id=\"lavra-slider-27\" class=\"custom-slider lavra-slider-2507532910 lavra-slider\"><ul><li><div style=\"margin-left: auto;margin-right: auto;text-align: center;\" id=\"lavra-1941073473\"><a href=\"https:\/\/sistemas.lavras.mg.gov.br\/portalcidadao\/#df1b1a7c7b2a290bcb31e32771e610784662739a88807c0dacac58ede5f391a7530e299dc302d611ee73cb143fc22eaf93592e53e7b5bdb01b00a0b8d28dae460c141dd2ff83412e4dc1c31b16b25f33144a9e5620ea73b13f5bc1c59411d98439ad226e8af03840603796067d87afe130812cf3de24982d0e306f9e61e764e5\" aria-label=\"Lavras-TV&#8211;720x104px (1) (1)\"><img src=\"https:\/\/lavras.tv\/site\/wp-content\/uploads\/2025\/01\/Lavras-TV-720x104px-1-1.png\" alt=\"\"  srcset=\"https:\/\/lavras.tv\/site\/wp-content\/uploads\/2025\/01\/Lavras-TV-720x104px-1-1.png 720w, https:\/\/lavras.tv\/site\/wp-content\/uploads\/2025\/01\/Lavras-TV-720x104px-1-1-470x68.png 470w, https:\/\/lavras.tv\/site\/wp-content\/uploads\/2025\/01\/Lavras-TV-720x104px-1-1-170x25.png 170w, https:\/\/lavras.tv\/site\/wp-content\/uploads\/2025\/01\/Lavras-TV-720x104px-1-1-200x29.png 200w\" sizes=\"(max-width: 720px) 100vw, 720px\" width=\"720\" height=\"104\"  style=\"display: inline-block;\" \/><\/a><\/div><\/li><li><a href=\"https:\/\/sistemas.lavras.mg.gov.br\/portalcidadao\/#df1b1a7c7b2a290bcb31e32771e610784662739a88807c0dacac58ede5f391a7530e299dc302d611ee73cb143fc22eaf93592e53e7b5bdb01b00a0b8d28dae460c141dd2ff83412e4dc1c31b16b25f33144a9e5620ea73b13f5bc1c59411d98439ad226e8af03840603796067d87afe130812cf3de24982d0e306f9e61e764e5\" aria-label=\"Banner_Emprego_PortallavrasTV\"><img src=\"https:\/\/lavras.tv\/site\/wp-content\/uploads\/2025\/03\/Banner_Emprego_PortallavrasTV.png\" alt=\"\"  srcset=\"https:\/\/lavras.tv\/site\/wp-content\/uploads\/2025\/03\/Banner_Emprego_PortallavrasTV.png 720w, https:\/\/lavras.tv\/site\/wp-content\/uploads\/2025\/03\/Banner_Emprego_PortallavrasTV-470x68.png 470w, https:\/\/lavras.tv\/site\/wp-content\/uploads\/2025\/03\/Banner_Emprego_PortallavrasTV-170x25.png 170w, https:\/\/lavras.tv\/site\/wp-content\/uploads\/2025\/03\/Banner_Emprego_PortallavrasTV-200x29.png 200w\" sizes=\"(max-width: 720px) 100vw, 720px\" width=\"720\" height=\"104\"   \/><\/a><\/li><li><a href=\"https:\/\/sistemas.lavras.mg.gov.br\/portalcidadao\/#df1b1a7c7b2a290bcb31e32771e610784662739a88807c0dacac58ede5f391a7530e299dc302d611ee73cb143fc22eaf93592e53e7b5bdb01b00a0b8d28dae460c141dd2ff83412e4dc1c31b16b25f33144a9e5620ea73b13f5bc1c59411d98439ad226e8af03840603796067d87afe130812cf3de24982d0e306f9e61e764e5\" aria-label=\"Banner_Obras_PortallavrasTV\"><img src=\"https:\/\/lavras.tv\/site\/wp-content\/uploads\/2025\/03\/Banner_Obras_PortallavrasTV.png\" alt=\"\"  srcset=\"https:\/\/lavras.tv\/site\/wp-content\/uploads\/2025\/03\/Banner_Obras_PortallavrasTV.png 720w, https:\/\/lavras.tv\/site\/wp-content\/uploads\/2025\/03\/Banner_Obras_PortallavrasTV-470x68.png 470w, https:\/\/lavras.tv\/site\/wp-content\/uploads\/2025\/03\/Banner_Obras_PortallavrasTV-170x25.png 170w, https:\/\/lavras.tv\/site\/wp-content\/uploads\/2025\/03\/Banner_Obras_PortallavrasTV-200x29.png 200w\" sizes=\"(max-width: 720px) 100vw, 720px\" width=\"720\" height=\"104\"   \/><\/a><\/li><li><div style=\"margin-left: auto;margin-right: auto;text-align: center;\" id=\"lavra-3671414095\"><a href=\"https:\/\/sistemas.lavras.mg.gov.br\/portalcidadao\/#df1b1a7c7b2a290bcb31e32771e610784662739a88807c0dacac58ede5f391a7530e299dc302d611ee73cb143fc22eaf93592e53e7b5bdb01b00a0b8d28dae460c141dd2ff83412e4dc1c31b16b25f33144a9e5620ea73b13f5bc1c59411d98439ad226e8af03840603796067d87afe130812cf3de24982d0e306f9e61e764e5\" aria-label=\"Banner_Educa\u00e7\u00e3o_PortallavrasTV\"><img src=\"https:\/\/lavras.tv\/site\/wp-content\/uploads\/2025\/01\/Banner_Educacao_PortallavrasTV.png\" alt=\"\"  srcset=\"https:\/\/lavras.tv\/site\/wp-content\/uploads\/2025\/01\/Banner_Educacao_PortallavrasTV.png 720w, https:\/\/lavras.tv\/site\/wp-content\/uploads\/2025\/01\/Banner_Educacao_PortallavrasTV-470x68.png 470w, https:\/\/lavras.tv\/site\/wp-content\/uploads\/2025\/01\/Banner_Educacao_PortallavrasTV-170x25.png 170w, https:\/\/lavras.tv\/site\/wp-content\/uploads\/2025\/01\/Banner_Educacao_PortallavrasTV-200x29.png 200w\" sizes=\"(max-width: 720px) 100vw, 720px\" width=\"720\" height=\"104\"  style=\"display: inline-block;\" \/><\/a><\/div><\/li><li><a href=\"https:\/\/sistemas.lavras.mg.gov.br\/portalcidadao\/#df1b1a7c7b2a290bcb31e32771e610784662739a88807c0dacac58ede5f391a7530e299dc302d611ee73cb143fc22eaf93592e53e7b5bdb01b00a0b8d28dae460c141dd2ff83412e4dc1c31b16b25f33144a9e5620ea73b13f5bc1c59411d98439ad226e8af03840603796067d87afe130812cf3de24982d0e306f9e61e764e5\" aria-label=\"Banner_Sa\u00fade_PortallavrasTV\"><img src=\"https:\/\/lavras.tv\/site\/wp-content\/uploads\/2025\/03\/Banner_Saude_PortallavrasTV.png\" alt=\"\"  srcset=\"https:\/\/lavras.tv\/site\/wp-content\/uploads\/2025\/03\/Banner_Saude_PortallavrasTV.png 720w, https:\/\/lavras.tv\/site\/wp-content\/uploads\/2025\/03\/Banner_Saude_PortallavrasTV-470x68.png 470w, https:\/\/lavras.tv\/site\/wp-content\/uploads\/2025\/03\/Banner_Saude_PortallavrasTV-170x25.png 170w, https:\/\/lavras.tv\/site\/wp-content\/uploads\/2025\/03\/Banner_Saude_PortallavrasTV-200x29.png 200w\" sizes=\"(max-width: 720px) 100vw, 720px\" width=\"720\" height=\"104\"   \/><\/a><\/li><li><div id=\"lavra-3200262149\" style=\"width:720px;height:104px;background-color:#ddd;overflow:scroll;\">\n\t<strong>Sa\u00edda da depura\u00e7\u00e3o de an\u00fancios<\/strong>\n\t<br><br>\n\tO an\u00fancio n\u00e3o \u00e9 exibido na p\u00e1gina<br><br>post atual: Deputada diz que vice-governador de Minas a amea\u00e7ou e exigiu desculpas de marido, ID: 169017<br><br><span style=\"color: red;\">O post atual n\u00e3o \u00e9 id\u00eantico ao post principal.<\/span><br><br>An\u00fancios: ROXO - TOPO INTERNA - ROTATIVO 2 (197)<br \/>Grupo de an\u00fancios: Princ_Meio01_720x104 (27)<br><br>Condi\u00e7\u00f5es de exibi\u00e7\u00e3o<div style=\"margin-bottom: 20px; white-space: pre-wrap; font-family: monospace; width: 100%; background: #ffe9e9;\"><strong>condi\u00e7\u00f5es gerais<\/strong><table border=\"1\"><thead><tr><th><\/th><th>An\u00fancios<\/th><th>wp_the_query<\/th><\/tr><\/thead><tr><td>is_main_query<\/td><td>1<\/td><td>1<\/td><\/tr><tr><td>is_rest_api<\/td><td>0<\/td><td>1<\/td><\/tr><tr><td>page<\/td><td>0<\/td><td>1<\/td><\/tr><tr><td>numpages<\/td><td>0<\/td><td>1<\/td><\/tr><tr><td>is_archive<\/td><td>1<\/td><td><\/td><\/tr><tr><td>is_search<\/td><td>1<\/td><td><\/td><\/tr><tr><td>is_home<\/td><td>1<\/td><td><\/td><\/tr><tr><td>is_404<\/td><td>1<\/td><td><\/td><\/tr><tr><td>is_attachment<\/td><td>1<\/td><td><\/td><\/tr><tr><td>is_singular<\/td><td>1<\/td><td><\/td><\/tr><tr><td>is_front_page<\/td><td>1<\/td><td><\/td><\/tr><tr><td>is_feed<\/td><td>1<\/td><td><\/td><\/tr><\/table><\/div><br><br><span style=\"color: red;\">Seu site usa HTTPS, mas o c\u00f3digo do an\u00fancio cont\u00e9m HTTP e pode n\u00e3o funcionar.<\/span>\t<br><br>\n\t<a style=\"color: green;\" href=\"https:\/\/wpadvancedads.com\/manual\/ad-debug-mode\/?utm_source=advanced-ads&utm_medium=link&utm_campaign=ad-debug-mode\" target=\"_blank\" rel=\"nofollow\">Encontre solu\u00e7\u00f5es no manual<\/a>\n<\/div>\n<\/li><\/ul><\/div><script>( window.advanced_ads_ready || jQuery( document ).ready ).call( null, function() {var $lavraslider2507532910 = jQuery( \".lavra-slider-2507532910\" );$lavraslider2507532910.on( \"unslider.ready\", function() { jQuery( \"div.custom-slider ul li\" ).css( \"display\", \"block\" ); });$lavraslider2507532910.unslider({ delay:4000, autoplay:true, nav:false, arrows:false, infinite:true });$lavraslider2507532910.on(\"mouseover\", function() {$lavraslider2507532910.unslider(\"stop\");}).on(\"mouseout\", function() {$lavraslider2507532910.unslider(\"start\");});});<\/script><\/div>\n<h2 class=\"wp-block-heading\">Lud Falc\u00e3o (Podemos) relatou ter recebido uma liga\u00e7\u00e3o de Mateus Sim\u00f5es amea\u00e7ando \u2018fechar as portas\u2019 para pedidos da parlamentar se seu marido n\u00e3o se desculpasse por cr\u00edticas feitas \u00e0 gest\u00e3o estadual<\/h2>\n\n\n\n<p><img fetchpriority=\"high\" decoding=\"async\" alt=\"Lud Falc\u00e3o foi eleita em 2022 e est\u00e1 em seu primeiro mandato na Assembleia Legislativa de Minas Gerais\" width=\"1000\" height=\"563\" src=\"https:\/\/medias.itatiaia.com.br\/dims4\/default\/9a35f7d\/2147483647\/strip\/true\/crop\/1400x788+0+73\/resize\/1000x563!\/quality\/90\/?url=https%3A%2F%2Fk2-prod-radio-itatiaia.s3.us-east-1.amazonaws.com%2Fbrightspot%2F3b%2Ffb%2Fec75642f4980831cc0ad510fbcb3%2Flud-falcao.jpg\"><\/p>\n\n\n\n<p>Marcelo Sant\u2019Anna\/ ALMG<\/p>\n\n\n\n<p>Lud Falc\u00e3o foi eleita em 2022 e est\u00e1 em seu primeiro mandato na Assembleia Legislativa de Minas Gerais<\/p>\n\n\n\n<p>A deputada estadual&nbsp;<a href=\"https:\/\/www.itatiaia.com.br\/colunas\/bertha-maakaroun\/bertha-maakaroun-por-que-a-deputada-lud-falcao-afirma-que-foi-ameacada-pelo-vice-governador-mateus-simoes\"><strong>Lud Falc\u00e3o (Podemos)<\/strong><\/a>&nbsp;acusou o vice-governador&nbsp;<a href=\"https:\/\/www.itatiaia.com.br\/politica\/bertha-maakaroun-sera-que-cleitinho-vai-apoiar-mateus-simoes-ao-governo-de-minas\"><strong>Mateus Sim\u00f5es (PSD)<\/strong><\/a>&nbsp;de ter amea\u00e7ado lhe \u2018fechar as portas\u2019 do Executivo para caso Lu\u00eds Eduardo Falc\u00e3o (sem partido), marido da parlamentar, n\u00e3o se desculpasse por cr\u00edticas feitas \u00e0 gest\u00e3o estadual.<\/p>\n\n\n\n<p>Em v\u00eddeo publicado no perfil do Instagram da deputada na \u00faltima quarta-feira (21), ela afirma ter recebido uma liga\u00e7\u00e3o de Sim\u00f5es em tom de amea\u00e7a minutos ap\u00f3s Lu\u00eds Eduardo Falc\u00e3o ter feito um v\u00eddeo com cr\u00edticas a um pronunciamento do vice-governador com uma ironia ao apoio prestado por uma cidade do interior \u00e0 Pol\u00edcia Militar.<\/p>\n\n\n\n<p>Lu\u00eds Eduardo Falc\u00e3o \u00e9 presidente da Associa\u00e7\u00e3o Mineira de Munic\u00edpios (AMM) e prefeito de Patos de Minas, no Alto Parana\u00edba. \u00c0 frente da organiza\u00e7\u00e3o que representa 837 das 853 cidades do estado, ele tem apostado em cr\u00edticas \u00e0 distribui\u00e7\u00e3o de recursos entre entes federativos e ao governo estadual desde o fim de 2025, no&nbsp;<a href=\"https:\/\/www.itatiaia.com.br\/politica\/a-copasa-nao-esta-na-almg-nem-no-governo-de-mg-esta-nas-cidades-diz-presidente-da-amm\"><strong>\u00e2mbito dos debates sobre a privatiza\u00e7\u00e3o da Copasa<\/strong><\/a>.<\/p>\n\n\n\n<p>\u201cVice-governador, depois de poucos minutos, o senhor me ligou amea\u00e7ando que se o meu marido n\u00e3o te ligasse at\u00e9 meia-noite para pedir desculpas, o senhor n\u00e3o deixaria nenhum porteiro do estado de Minas Gerais atendeu os meus pedidos. Primeiro, eu n\u00e3o tenho nenhum pedido feito para minha pessoa ou para os meus familiares. Todos s\u00e3o para representar mineiros e mineiras que precisam do estado. Fa\u00e7o o meu trabalho muito suado, com muita legitimidade e o senhor n\u00e3o quer fechar as portas para mim. O senhor quer fechar as portas para tantas pessoas que precisam do governo do estado de Minas Gerais. Quem \u00e9 o senhor para falar que vai fechar as portas? Mandar os porteiros para que eles n\u00e3o atendam uma deputada que tem legitimidade. Eu tive 59.381 votos de respeito, votos esses conquistados em favor da popula\u00e7\u00e3o. O senhor almeja tanto ser candidato ao governo do estado de Minas Gerais, o b\u00e1sico da pol\u00edtica, o senhor n\u00e3o faz, que \u00e9 primeiro ter respeito; em segundo, saber ouvir cr\u00edticas; e em terceiro, dialogar\u201d, criticou a deputada.<\/p>\n\n\n\n<p>Procurado pela reportagem para se posicionar sobre a fala de Lud Falc\u00e3o, Mateus Sim\u00f5es n\u00e3o respondeu.<\/p>\n\n\n\n<p>A parlamentar se refere a um v\u00eddeo publicado na quarta pelo presidente da AMM criticando o trecho de uma fala de Sim\u00f5es em um evento p\u00fablico. No pronunciamento, o vice-governador diz em tom ir\u00f4nico que um prefeito do interior de Minas disse que concederia servidores para ajudar a PM e o apoio, na verdade, eram \u201cdois estagi\u00e1rios\u201d.<\/p>\n\n\n\n<p>Logo ap\u00f3s reproduzir a fala de Sim\u00f5es, Falc\u00e3o disse lamentar a declara\u00e7\u00e3o do vice-governador e citou a situa\u00e7\u00e3o de Patos de Minas em rela\u00e7\u00e3o aos apoios cedidos \u00e0s for\u00e7as de seguran\u00e7a do estado.<\/p>\n\n\n\n<p>\u201cEu lamento muito esse tipo de fala do vice-governador e eu prefiro acreditar que seja desconhecimento da realidade da cidade do interior de Minas. Porque quando ele reduz o que n\u00f3s, prefeitos e prefeitas, temos feito para auxiliar as for\u00e7as policiais a \u2018dois estagi\u00e1rios\u2019, fica claro que o vice-governador n\u00e3o est\u00e1 sabendo o que realmente se passa nas cidades de Minas fora da capital e nem o que n\u00f3s mineiros vivenciamos todos os dias. Inclusive o que a pol\u00edcia enfrenta todos os dias nas ruas com baixo efetivo, com falta de equipamento adequado. N\u00e3o s\u00e3o apenas dois estagi\u00e1rios. Em Patos de Minas, por exemplo, a prefeitura tinha 13 pessoas cedidas \u00e0 pol\u00edcia civil. Al\u00e9m de pagamento de aluguel, estrutura f\u00edsica, manuten\u00e7\u00e3o e outros detalhes que eu nem vou citar aqui\u201d, declarou.<\/p>\n\n\n\n<p>Na sequ\u00eancia, Falc\u00e3o diz que a fala de Sim\u00f5es denota um desrespeito com o interior do estado e afirma que o vice-governador est\u00e1 distante da corrente pol\u00edtica que afirma representar.<\/p>\n\n\n\n<p>Falc\u00e3o e Sim\u00f5es foram correligion\u00e1rios no Partido Novo. O prefeito deixou a legenda em abril do ano passado e ainda n\u00e3o se filiou a uma nova sigla \u2014 mesmo com pretens\u00f5es de concorrer ao governo. J\u00e1 o vice-governador passou a integrar as linhas do PSD em uma movimenta\u00e7\u00e3o mirando as elei\u00e7\u00f5es de outubro, quando tentar\u00e1 a recondu\u00e7\u00e3o ao cargo diante do fim de dois mandatos de Romeu Zema (Novo).<\/p>\n\n\n\n<p>\u201cEu digo com toda a tranquilidade, essa fala do vice-governador est\u00e1 muito distante da pol\u00edtica que no passado ele dizia representar. E eu lamento, pois a nova pol\u00edtica que eu mesmo defendi nas elei\u00e7\u00f5es anteriores e continuo praticando, \u00e9 feita com di\u00e1logo, planejamento e respeito. Minas n\u00e3o pode ser governada de dentro de uma bolha. Nosso estado precisa ser gerido ouvindo quem vive, trabalha e paga os impostos, pois s\u00e3o os verdadeiros impactados\u201d, complementou o presidente da AMM.<\/p>\n","protected":false},"excerpt":{"rendered":"<p>Lud Falc\u00e3o (Podemos) relatou ter recebido uma liga\u00e7\u00e3o de Mateus Sim\u00f5es amea\u00e7ando \u2018fechar as portas\u2019 para pedidos da parlamentar se seu marido n\u00e3o se desculpasse por cr\u00edticas feitas \u00e0 gest\u00e3o estadual Marcelo Sant\u2019Anna\/ ALMG Lud Falc\u00e3o foi eleita em 2022 e est\u00e1 em seu primeiro mandato na Assembleia Legislativa de Minas Gerais A deputada estadual&nbsp;Lud [&hellip;]<\/p>\n","protected":false},"author":5,"featured_media":169018,"comment_status":"closed","ping_status":"open","sticky":false,"template":"","format":"standard","meta":{"advgb_blocks_editor_width":"","advgb_blocks_columns_visual_guide":"","_exactmetrics_skip_tracking":false,"_exactmetrics_sitenote_active":false,"_exactmetrics_sitenote_note":"","_exactmetrics_sitenote_category":0,"footnotes":""},"categories":[7,2,12],"tags":[],"class_list":["post-169017","post","type-post","status-publish","format-standard","has-post-thumbnail","hentry","category-destaques","category-noticias","category-politica"],"better_featured_image":{"id":169018,"alt_text":"","caption":"","description":"","media_type":"image","media_details":{"width":1000,"height":563,"file":"2026\/01\/download-4-2.webp","filesize":36634,"sizes":{"medium":{"file":"download-4-2-470x265.webp","width":470,"height":265,"mime-type":"image\/webp","filesize":8308,"source_url":"https:\/\/lavras.tv\/site\/wp-content\/uploads\/2026\/01\/download-4-2-470x265.webp"},"large":{"file":"download-4-2-970x546.webp","width":970,"height":546,"mime-type":"image\/webp","filesize":21010,"source_url":"https:\/\/lavras.tv\/site\/wp-content\/uploads\/2026\/01\/download-4-2-970x546.webp"},"thumbnail":{"file":"download-4-2-170x96.webp","width":170,"height":96,"mime-type":"image\/webp","filesize":2346,"source_url":"https:\/\/lavras.tv\/site\/wp-content\/uploads\/2026\/01\/download-4-2-170x96.webp"},"alm-thumbnail":{"file":"download-4-2-150x150.webp","width":150,"height":150,"mime-type":"image\/webp","filesize":3244,"source_url":"https:\/\/lavras.tv\/site\/wp-content\/uploads\/2026\/01\/download-4-2-150x150.webp"},"sow-carousel-default":{"file":"download-4-2-272x182.webp","width":272,"height":182,"mime-type":"image\/webp","filesize":4818,"source_url":"https:\/\/lavras.tv\/site\/wp-content\/uploads\/2026\/01\/download-4-2-272x182.webp"}},"image_meta":{"aperture":"0","credit":"","camera":"","caption":"","created_timestamp":"0","copyright":"","focal_length":"0","iso":"0","shutter_speed":"0","title":"","orientation":"0","keywords":[]}},"post":169017,"source_url":"https:\/\/lavras.tv\/site\/wp-content\/uploads\/2026\/01\/download-4-2.webp"},"author_meta":{"display_name":"Vinicius Bustamante","author_link":"https:\/\/lavras.tv\/site\/author\/vinicius-bustamante\/"},"featured_img":"https:\/\/lavras.tv\/site\/wp-content\/uploads\/2026\/01\/download-4-2-470x265.webp","coauthors":[],"tax_additional":{"categories":{"linked":["<a href=\"https:\/\/lavras.tv\/site\/category\/destaques\/\" class=\"advgb-post-tax-term\">Destaques<\/a>","<a href=\"https:\/\/lavras.tv\/site\/category\/noticias\/\" class=\"advgb-post-tax-term\">Not\u00edcias<\/a>","<a href=\"https:\/\/lavras.tv\/site\/category\/politica\/\" class=\"advgb-post-tax-term\">Pol\u00edtica<\/a>"],"unlinked":["<span class=\"advgb-post-tax-term\">Destaques<\/span>","<span class=\"advgb-post-tax-term\">Not\u00edcias<\/span>","<span class=\"advgb-post-tax-term\">Pol\u00edtica<\/span>"]}},"comment_count":"0","relative_dates":{"created":"Publicado 3 meses atr\u00e1s","modified":"Atualizado 3 meses atr\u00e1s"},"absolute_dates":{"created":"Publicado em 22 de janeiro de 2026","modified":"Atualizado em 22 de janeiro de 2026"},"absolute_dates_time":{"created":"Publicado em 22 de janeiro de 2026 13:37","modified":"Atualizado em 22 de janeiro de 2026 13:37"},"featured_img_caption":"","series_order":"","_links":{"self":[{"href":"https:\/\/lavras.tv\/site\/wp-json\/wp\/v2\/posts\/169017","targetHints":{"allow":["GET"]}}],"collection":[{"href":"https:\/\/lavras.tv\/site\/wp-json\/wp\/v2\/posts"}],"about":[{"href":"https:\/\/lavras.tv\/site\/wp-json\/wp\/v2\/types\/post"}],"author":[{"embeddable":true,"href":"https:\/\/lavras.tv\/site\/wp-json\/wp\/v2\/users\/5"}],"replies":[{"embeddable":true,"href":"https:\/\/lavras.tv\/site\/wp-json\/wp\/v2\/comments?post=169017"}],"version-history":[{"count":1,"href":"https:\/\/lavras.tv\/site\/wp-json\/wp\/v2\/posts\/169017\/revisions"}],"predecessor-version":[{"id":169019,"href":"https:\/\/lavras.tv\/site\/wp-json\/wp\/v2\/posts\/169017\/revisions\/169019"}],"wp:featuredmedia":[{"embeddable":true,"href":"https:\/\/lavras.tv\/site\/wp-json\/wp\/v2\/media\/169018"}],"wp:attachment":[{"href":"https:\/\/lavras.tv\/site\/wp-json\/wp\/v2\/media?parent=169017"}],"wp:term":[{"taxonomy":"category","embeddable":true,"href":"https:\/\/lavras.tv\/site\/wp-json\/wp\/v2\/categories?post=169017"},{"taxonomy":"post_tag","embeddable":true,"href":"https:\/\/lavras.tv\/site\/wp-json\/wp\/v2\/tags?post=169017"}],"curies":[{"name":"wp","href":"https:\/\/api.w.org\/{rel}","templated":true}]}}