{"id":169020,"date":"2026-01-22T13:48:47","date_gmt":"2026-01-22T16:48:47","guid":{"rendered":"https:\/\/lavras.tv\/site\/?p=169020"},"modified":"2026-01-22T13:48:49","modified_gmt":"2026-01-22T16:48:49","slug":"mais-de-300-cidades-de-mg-estao-em-grande-perigo-para-deslizamentos-veja-quais","status":"publish","type":"post","link":"https:\/\/lavras.tv\/site\/2026\/01\/22\/mais-de-300-cidades-de-mg-estao-em-grande-perigo-para-deslizamentos-veja-quais\/","title":{"rendered":"Mais de 300 cidades de MG est\u00e3o em grande perigo para deslizamentos; veja quais"},"content":{"rendered":"<div class=\"lavra-antes-do-conteudo_2\" id=\"lavra-4109297612\"><div id=\"lavra-slider-27\" class=\"custom-slider lavra-slider-2376323857 lavra-slider\"><ul><li><div style=\"margin-left: auto;margin-right: auto;text-align: center;\" id=\"lavra-3331839342\"><a href=\"https:\/\/sistemas.lavras.mg.gov.br\/portalcidadao\/#df1b1a7c7b2a290bcb31e32771e610784662739a88807c0dacac58ede5f391a7530e299dc302d611ee73cb143fc22eaf93592e53e7b5bdb01b00a0b8d28dae460c141dd2ff83412e4dc1c31b16b25f33144a9e5620ea73b13f5bc1c59411d98439ad226e8af03840603796067d87afe130812cf3de24982d0e306f9e61e764e5\" aria-label=\"Lavras-TV&#8211;720x104px (1) (1)\"><img src=\"https:\/\/lavras.tv\/site\/wp-content\/uploads\/2025\/01\/Lavras-TV-720x104px-1-1.png\" alt=\"\"  srcset=\"https:\/\/lavras.tv\/site\/wp-content\/uploads\/2025\/01\/Lavras-TV-720x104px-1-1.png 720w, https:\/\/lavras.tv\/site\/wp-content\/uploads\/2025\/01\/Lavras-TV-720x104px-1-1-470x68.png 470w, https:\/\/lavras.tv\/site\/wp-content\/uploads\/2025\/01\/Lavras-TV-720x104px-1-1-170x25.png 170w, https:\/\/lavras.tv\/site\/wp-content\/uploads\/2025\/01\/Lavras-TV-720x104px-1-1-200x29.png 200w\" sizes=\"(max-width: 720px) 100vw, 720px\" width=\"720\" height=\"104\"  style=\"display: inline-block;\" \/><\/a><\/div><\/li><li><a href=\"https:\/\/sistemas.lavras.mg.gov.br\/portalcidadao\/#df1b1a7c7b2a290bcb31e32771e610784662739a88807c0dacac58ede5f391a7530e299dc302d611ee73cb143fc22eaf93592e53e7b5bdb01b00a0b8d28dae460c141dd2ff83412e4dc1c31b16b25f33144a9e5620ea73b13f5bc1c59411d98439ad226e8af03840603796067d87afe130812cf3de24982d0e306f9e61e764e5\" aria-label=\"Banner_Emprego_PortallavrasTV\"><img src=\"https:\/\/lavras.tv\/site\/wp-content\/uploads\/2025\/03\/Banner_Emprego_PortallavrasTV.png\" alt=\"\"  srcset=\"https:\/\/lavras.tv\/site\/wp-content\/uploads\/2025\/03\/Banner_Emprego_PortallavrasTV.png 720w, https:\/\/lavras.tv\/site\/wp-content\/uploads\/2025\/03\/Banner_Emprego_PortallavrasTV-470x68.png 470w, https:\/\/lavras.tv\/site\/wp-content\/uploads\/2025\/03\/Banner_Emprego_PortallavrasTV-170x25.png 170w, https:\/\/lavras.tv\/site\/wp-content\/uploads\/2025\/03\/Banner_Emprego_PortallavrasTV-200x29.png 200w\" sizes=\"(max-width: 720px) 100vw, 720px\" width=\"720\" height=\"104\"   \/><\/a><\/li><li><a href=\"https:\/\/sistemas.lavras.mg.gov.br\/portalcidadao\/#df1b1a7c7b2a290bcb31e32771e610784662739a88807c0dacac58ede5f391a7530e299dc302d611ee73cb143fc22eaf93592e53e7b5bdb01b00a0b8d28dae460c141dd2ff83412e4dc1c31b16b25f33144a9e5620ea73b13f5bc1c59411d98439ad226e8af03840603796067d87afe130812cf3de24982d0e306f9e61e764e5\" aria-label=\"Banner_Obras_PortallavrasTV\"><img src=\"https:\/\/lavras.tv\/site\/wp-content\/uploads\/2025\/03\/Banner_Obras_PortallavrasTV.png\" alt=\"\"  srcset=\"https:\/\/lavras.tv\/site\/wp-content\/uploads\/2025\/03\/Banner_Obras_PortallavrasTV.png 720w, https:\/\/lavras.tv\/site\/wp-content\/uploads\/2025\/03\/Banner_Obras_PortallavrasTV-470x68.png 470w, https:\/\/lavras.tv\/site\/wp-content\/uploads\/2025\/03\/Banner_Obras_PortallavrasTV-170x25.png 170w, https:\/\/lavras.tv\/site\/wp-content\/uploads\/2025\/03\/Banner_Obras_PortallavrasTV-200x29.png 200w\" sizes=\"(max-width: 720px) 100vw, 720px\" width=\"720\" height=\"104\"   \/><\/a><\/li><li><div style=\"margin-left: auto;margin-right: auto;text-align: center;\" id=\"lavra-2630208925\"><a href=\"https:\/\/sistemas.lavras.mg.gov.br\/portalcidadao\/#df1b1a7c7b2a290bcb31e32771e610784662739a88807c0dacac58ede5f391a7530e299dc302d611ee73cb143fc22eaf93592e53e7b5bdb01b00a0b8d28dae460c141dd2ff83412e4dc1c31b16b25f33144a9e5620ea73b13f5bc1c59411d98439ad226e8af03840603796067d87afe130812cf3de24982d0e306f9e61e764e5\" aria-label=\"Banner_Educa\u00e7\u00e3o_PortallavrasTV\"><img src=\"https:\/\/lavras.tv\/site\/wp-content\/uploads\/2025\/01\/Banner_Educacao_PortallavrasTV.png\" alt=\"\"  srcset=\"https:\/\/lavras.tv\/site\/wp-content\/uploads\/2025\/01\/Banner_Educacao_PortallavrasTV.png 720w, https:\/\/lavras.tv\/site\/wp-content\/uploads\/2025\/01\/Banner_Educacao_PortallavrasTV-470x68.png 470w, https:\/\/lavras.tv\/site\/wp-content\/uploads\/2025\/01\/Banner_Educacao_PortallavrasTV-170x25.png 170w, https:\/\/lavras.tv\/site\/wp-content\/uploads\/2025\/01\/Banner_Educacao_PortallavrasTV-200x29.png 200w\" sizes=\"(max-width: 720px) 100vw, 720px\" width=\"720\" height=\"104\"  style=\"display: inline-block;\" \/><\/a><\/div><\/li><li><a href=\"https:\/\/sistemas.lavras.mg.gov.br\/portalcidadao\/#df1b1a7c7b2a290bcb31e32771e610784662739a88807c0dacac58ede5f391a7530e299dc302d611ee73cb143fc22eaf93592e53e7b5bdb01b00a0b8d28dae460c141dd2ff83412e4dc1c31b16b25f33144a9e5620ea73b13f5bc1c59411d98439ad226e8af03840603796067d87afe130812cf3de24982d0e306f9e61e764e5\" aria-label=\"Banner_Sa\u00fade_PortallavrasTV\"><img src=\"https:\/\/lavras.tv\/site\/wp-content\/uploads\/2025\/03\/Banner_Saude_PortallavrasTV.png\" alt=\"\"  srcset=\"https:\/\/lavras.tv\/site\/wp-content\/uploads\/2025\/03\/Banner_Saude_PortallavrasTV.png 720w, https:\/\/lavras.tv\/site\/wp-content\/uploads\/2025\/03\/Banner_Saude_PortallavrasTV-470x68.png 470w, https:\/\/lavras.tv\/site\/wp-content\/uploads\/2025\/03\/Banner_Saude_PortallavrasTV-170x25.png 170w, https:\/\/lavras.tv\/site\/wp-content\/uploads\/2025\/03\/Banner_Saude_PortallavrasTV-200x29.png 200w\" sizes=\"(max-width: 720px) 100vw, 720px\" width=\"720\" height=\"104\"   \/><\/a><\/li><li><div id=\"lavra-1578313680\" style=\"width:720px;height:104px;background-color:#ddd;overflow:scroll;\">\n\t<strong>Sa\u00edda da depura\u00e7\u00e3o de an\u00fancios<\/strong>\n\t<br><br>\n\tO an\u00fancio n\u00e3o \u00e9 exibido na p\u00e1gina<br><br>post atual: Mais de 300 cidades de MG est\u00e3o em grande perigo para deslizamentos; veja quais, ID: 169020<br><br><span style=\"color: red;\">O post atual n\u00e3o \u00e9 id\u00eantico ao post principal.<\/span><br><br>An\u00fancios: ROXO - TOPO INTERNA - ROTATIVO 2 (197)<br \/>Grupo de an\u00fancios: Princ_Meio01_720x104 (27)<br><br>Condi\u00e7\u00f5es de exibi\u00e7\u00e3o<div style=\"margin-bottom: 20px; white-space: pre-wrap; font-family: monospace; width: 100%; background: #ffe9e9;\"><strong>condi\u00e7\u00f5es gerais<\/strong><table border=\"1\"><thead><tr><th><\/th><th>An\u00fancios<\/th><th>wp_the_query<\/th><\/tr><\/thead><tr><td>is_main_query<\/td><td>1<\/td><td>1<\/td><\/tr><tr><td>is_rest_api<\/td><td>0<\/td><td>1<\/td><\/tr><tr><td>page<\/td><td>0<\/td><td>1<\/td><\/tr><tr><td>numpages<\/td><td>0<\/td><td>1<\/td><\/tr><tr><td>is_archive<\/td><td>1<\/td><td><\/td><\/tr><tr><td>is_search<\/td><td>1<\/td><td><\/td><\/tr><tr><td>is_home<\/td><td>1<\/td><td><\/td><\/tr><tr><td>is_404<\/td><td>1<\/td><td><\/td><\/tr><tr><td>is_attachment<\/td><td>1<\/td><td><\/td><\/tr><tr><td>is_singular<\/td><td>1<\/td><td><\/td><\/tr><tr><td>is_front_page<\/td><td>1<\/td><td><\/td><\/tr><tr><td>is_feed<\/td><td>1<\/td><td><\/td><\/tr><\/table><\/div><br><br><span style=\"color: red;\">Seu site usa HTTPS, mas o c\u00f3digo do an\u00fancio cont\u00e9m HTTP e pode n\u00e3o funcionar.<\/span>\t<br><br>\n\t<a style=\"color: green;\" href=\"https:\/\/wpadvancedads.com\/manual\/ad-debug-mode\/?utm_source=advanced-ads&utm_medium=link&utm_campaign=ad-debug-mode\" target=\"_blank\" rel=\"nofollow\">Encontre solu\u00e7\u00f5es no manual<\/a>\n<\/div>\n<\/li><\/ul><\/div><script>( window.advanced_ads_ready || jQuery( document ).ready ).call( null, function() {var $lavraslider2376323857 = jQuery( \".lavra-slider-2376323857\" );$lavraslider2376323857.on( \"unslider.ready\", function() { jQuery( \"div.custom-slider ul li\" ).css( \"display\", \"block\" ); });$lavraslider2376323857.unslider({ delay:4000, autoplay:true, nav:false, arrows:false, infinite:true });$lavraslider2376323857.on(\"mouseover\", function() {$lavraslider2376323857.unslider(\"stop\");}).on(\"mouseout\", function() {$lavraslider2376323857.unslider(\"start\");});});<\/script><\/div>\n<h2 class=\"wp-block-heading\">O alerta chama a aten\u00e7\u00e3o para chuvas com volume maior que 60mm\/h ou 100mm\/dia<\/h2>\n\n\n\n<figure class=\"wp-block-image size-large\"><img fetchpriority=\"high\" decoding=\"async\" width=\"970\" height=\"546\" src=\"https:\/\/lavras.tv\/site\/wp-content\/uploads\/2026\/01\/download-5-1-970x546.webp\" alt=\"\" class=\"wp-image-169021\" srcset=\"https:\/\/lavras.tv\/site\/wp-content\/uploads\/2026\/01\/download-5-1-970x546.webp 970w, https:\/\/lavras.tv\/site\/wp-content\/uploads\/2026\/01\/download-5-1-470x265.webp 470w, https:\/\/lavras.tv\/site\/wp-content\/uploads\/2026\/01\/download-5-1-170x96.webp 170w, https:\/\/lavras.tv\/site\/wp-content\/uploads\/2026\/01\/download-5-1.webp 1000w\" sizes=\"(max-width: 970px) 100vw, 970px\" \/><\/figure>\n\n\n\n<p>O Instituto Nacional de Meteorologia emitiu, nesta quinta-feira (22), alerta de grande perigo para acumulados de chuva em 307 cidades de Minas Gerais. O alerta segue at\u00e9 s\u00e1bado (24).<\/p>\n\n\n\n<p>O alerta chama a aten\u00e7\u00e3o para chuvas com volume maior que 60mm\/h ou 100mm\/dia, que causam grande risco de alagamentos em larga escala, transbordamento de rios e grandes deslizamentos de encostas em \u00e1reas de risco.<\/p>\n\n\n\n<p>Veja as instru\u00e7\u00f5es do Inmet:<\/p>\n\n\n\n<ul class=\"wp-block-list\">\n<li>Desligue aparelhos el\u00e9tricos, quadro geral de energia;<\/li>\n\n\n\n<li>Observe altera\u00e7\u00e3o nas encostas;<\/li>\n\n\n\n<li>Permane\u00e7a em local abrigado;<\/li>\n\n\n\n<li>Em caso de situa\u00e7\u00e3o de inunda\u00e7\u00e3o, ou similar, proteja seus pertences da \u00e1gua envoltos em sacos pl\u00e1sticos;<\/li>\n\n\n\n<li>Obtenha mais informa\u00e7\u00f5es junto \u00e0 Defesa Civil (telefone 199) e ao Corpo de Bombeiros (telefone 193).<\/li>\n<\/ul>\n\n\n\n<h2 class=\"wp-block-heading\">Veja as cidades em alerta:<\/h2>\n\n\n\n<p>Abadia dos Dourados<\/p>\n\n\n\n<p>Abaet\u00e9<\/p>\n\n\n\n<p>Abre Campo<\/p>\n\n\n\n<p>Acaiaca<\/p>\n\n\n\n<p>Al\u00e9m Para\u00edba<\/p>\n\n\n\n<p>Alto Capara\u00f3<\/p>\n\n\n\n<p>Alto Jequitib\u00e1<\/p>\n\n\n\n<p>Alto Rio Doce<\/p>\n\n\n\n<p>Alvin\u00f3polis<\/p>\n\n\n\n<p>Alto Jequitib\u00e1<\/p>\n\n\n\n<p>Alto Rio Doce<\/p>\n\n\n\n<p>Alvin\u00f3polis<\/p>\n\n\n\n<p>Ara\u00e7a\u00ed<\/p>\n\n\n\n<p>Araponga<\/p>\n\n\n\n<p>Arapu\u00e1<\/p>\n\n\n\n<p>Ara\u00fajos<\/p>\n\n\n\n<p>Arax\u00e1<\/p>\n\n\n\n<p>Arcos<\/p>\n\n\n\n<p>Argirita<\/p>\n\n\n\n<p>Astolfo Dutra<\/p>\n\n\n\n<p>Baldim<\/p>\n\n\n\n<p>Bambu\u00ed<\/p>\n\n\n\n<p>Bar\u00e3o de Cocais<\/p>\n\n\n\n<p>Bar\u00e3o de Monte Alto<\/p>\n\n\n\n<p>Barra Longa<\/p>\n\n\n\n<p>Bela Vista de Minas<\/p>\n\n\n\n<p>Belo Horizonte<\/p>\n\n\n\n<p>Belo Vale<\/p>\n\n\n\n<p>Betim<\/p>\n\n\n\n<p>Bicas<\/p>\n\n\n\n<p>Biquinhas<\/p>\n\n\n\n<p>Bom Despacho<\/p>\n\n\n\n<p>Bom Jesus do Amparo<\/p>\n\n\n\n<p>Bom Jesus do Galho<\/p>\n\n\n\n<p>Bonfim<\/p>\n\n\n\n<p>Br\u00e1s Pires<\/p>\n\n\n\n<p>Brumadinho<\/p>\n\n\n\n<p>Cachoeira da Prata<\/p>\n\n\n\n<p>Caetan\u00f3polis<\/p>\n\n\n\n<p>Caet\u00e9<\/p>\n\n\n\n<p>Caiana<\/p>\n\n\n\n<p>Cajuri<\/p>\n\n\n\n<p>Campos Altos<\/p>\n\n\n\n<p>Cana\u00e3<\/p>\n\n\n\n<p>Capara\u00f3<\/p>\n\n\n\n<p>Capela Nova<\/p>\n\n\n\n<p>Capim Branco<\/p>\n\n\n\n<p>Caputira<\/p>\n\n\n\n<p>Carana\u00edba<\/p>\n\n\n\n<p>Carangola<\/p>\n\n\n\n<p>Caratinga<\/p>\n\n\n\n<p>Carmo do Cajuru<\/p>\n\n\n\n<p>Carmo do Parana\u00edba<\/p>\n\n\n\n<p>Casa Grande<\/p>\n\n\n\n<p>Cataguases<\/p>\n\n\n\n<p>Catas Altas<\/p>\n\n\n\n<p>Catas Altas da Noruega<\/p>\n\n\n\n<p>Cedro do Abaet\u00e9<\/p>\n\n\n\n<p>Chiador<\/p>\n\n\n\n<p>Cipot\u00e2nea<\/p>\n\n\n\n<p>Cl\u00e1udio<\/p>\n\n\n\n<p>Coimbra<\/p>\n\n\n\n<p>Concei\u00e7\u00e3o do Mato Dentro<\/p>\n\n\n\n<p>Concei\u00e7\u00e3o do Par\u00e1<\/p>\n\n\n\n<p>Confins<\/p>\n\n\n\n<p>Congonhas<\/p>\n\n\n\n<p>Congonhas do Norte<\/p>\n\n\n\n<p>Conselheiro Lafaiete<\/p>\n\n\n\n<p>Contagem<\/p>\n\n\n\n<p>Cordisburgo<\/p>\n\n\n\n<p>Corinto<\/p>\n\n\n\n<p>Coromandel<\/p>\n\n\n\n<p>Coronel Fabriciano<\/p>\n\n\n\n<p>C\u00f3rrego Danta<\/p>\n\n\n\n<p>C\u00f3rrego Novo<\/p>\n\n\n\n<p>Cristiano Otoni<\/p>\n\n\n\n<p>Crucil\u00e2ndia<\/p>\n\n\n\n<p>Cruzeiro da Fortaleza<\/p>\n\n\n\n<p>Curvelo<\/p>\n\n\n\n<p>Descoberto<\/p>\n\n\n\n<p>Desterro de Entre Rios<\/p>\n\n\n\n<p>Diogo de Vasconcelos<\/p>\n\n\n\n<p>Dion\u00edsio<\/p>\n\n\n\n<p>Divin\u00e9sia<\/p>\n\n\n\n<p>Divino<\/p>\n\n\n\n<p>Divin\u00f3polis<\/p>\n\n\n\n<p>Dom Silv\u00e9rio<\/p>\n\n\n\n<p>Dona Eus\u00e9bia<\/p>\n\n\n\n<p>Dores do Indai\u00e1<\/p>\n\n\n\n<p>Dores do Turvo<\/p>\n\n\n\n<p>Douradoquara<\/p>\n\n\n\n<p>Durand\u00e9<\/p>\n\n\n\n<p>Entre Rios de Minas<\/p>\n\n\n\n<p>Erv\u00e1lia<\/p>\n\n\n\n<p>Esmeraldas<\/p>\n\n\n\n<p>Espera Feliz<\/p>\n\n\n\n<p>Estrela Dalva<\/p>\n\n\n\n<p>Estrela do Indai\u00e1<\/p>\n\n\n\n<p>Eugen\u00f3polis<\/p>\n\n\n\n<p>Faria Lemos<\/p>\n\n\n\n<p>Felixl\u00e2ndia<\/p>\n\n\n\n<p>Ferros<\/p>\n\n\n\n<p>Fervedouro<\/p>\n\n\n\n<p>Florestal<\/p>\n\n\n\n<p>Fortuna de Minas<\/p>\n\n\n\n<p>Funil\u00e2ndia<\/p>\n\n\n\n<p>Goian\u00e1<\/p>\n\n\n\n<p>Guaraciaba<\/p>\n\n\n\n<p>Guarani<\/p>\n\n\n\n<p>Guarar\u00e1<\/p>\n\n\n\n<p>Guidoval<\/p>\n\n\n\n<p>Guimar\u00e2nia<\/p>\n\n\n\n<p>Guiricema<\/p>\n\n\n\n<p>Ibi\u00e1<\/p>\n\n\n\n<p>Ibirit\u00e9<\/p>\n\n\n\n<p>Igarap\u00e9<\/p>\n\n\n\n<p>Igaratinga<\/p>\n\n\n\n<p>Iguatama<\/p>\n\n\n\n<p>Inha\u00fama<\/p>\n\n\n\n<p>Inimutaba<\/p>\n\n\n\n<p>Ira\u00ed de Minas<\/p>\n\n\n\n<p>Itabira<\/p>\n\n\n\n<p>Itabirito<\/p>\n\n\n\n<p>Itaguara<\/p>\n\n\n\n<p>Itamarati de Minas<\/p>\n\n\n\n<p>Itamb\u00e9 do Mato Dentro<\/p>\n\n\n\n<p>Itapecerica<\/p>\n\n\n\n<p>Itatiaiu\u00e7u<\/p>\n\n\n\n<p>Ita\u00fana<\/p>\n\n\n\n<p>Itaverava<\/p>\n\n\n\n<p>Jaboticatubas<\/p>\n\n\n\n<p>Jaguara\u00e7u<\/p>\n\n\n\n<p>Japara\u00edba<\/p>\n\n\n\n<p>Jeceaba<\/p>\n\n\n\n<p>Jequeri<\/p>\n\n\n\n<p>Jequitib\u00e1<\/p>\n\n\n\n<p>Jo\u00e3o Monlevade<\/p>\n\n\n\n<p>Jo\u00e3o Pinheiro<\/p>\n\n\n\n<p>Juatuba<\/p>\n\n\n\n<p>Lagamar<\/p>\n\n\n\n<p>Lagoa da Prata<\/p>\n\n\n\n<p>Lagoa Formosa<\/p>\n\n\n\n<p>Lagoa Grande<\/p>\n\n\n\n<p>Lagoa Santa<\/p>\n\n\n\n<p>Lajinha<\/p>\n\n\n\n<p>Lamim<\/p>\n\n\n\n<p>Laranjal<\/p>\n\n\n\n<p>Leandro Ferreira<\/p>\n\n\n\n<p>Leopoldina<\/p>\n\n\n\n<p>Luisburgo<\/p>\n\n\n\n<p>Luz<\/p>\n\n\n\n<p>Manhua\u00e7u<\/p>\n\n\n\n<p>Manhumirim<\/p>\n\n\n\n<p>Maravilhas<\/p>\n\n\n\n<p>Mar de Espanha<\/p>\n\n\n\n<p>Mariana<\/p>\n\n\n\n<p>M\u00e1rio Campos<\/p>\n\n\n\n<p>Marip\u00e1 de Minas<\/p>\n\n\n\n<p>Marli\u00e9ria<\/p>\n\n\n\n<p>Martinho Campos<\/p>\n\n\n\n<p>Martins Soares<\/p>\n\n\n\n<p>Mateus Leme<\/p>\n\n\n\n<p>Matip\u00f3<\/p>\n\n\n\n<p>Matozinhos<\/p>\n\n\n\n<p>Matutina<\/p>\n\n\n\n<p>Medeiros<\/p>\n\n\n\n<p>Merc\u00eas<\/p>\n\n\n\n<p>Miradouro<\/p>\n\n\n\n<p>Mira\u00ed<\/p>\n\n\n\n<p>Moeda<\/p>\n\n\n\n<p>Moema<\/p>\n\n\n\n<p>Monte Carmelo<\/p>\n\n\n\n<p>Morada Nova de Minas<\/p>\n\n\n\n<p>Morro da Gar\u00e7a<\/p>\n\n\n\n<p>Morro do Pilar<\/p>\n\n\n\n<p>Muria\u00e9<\/p>\n\n\n\n<p>Nova Era<\/p>\n\n\n\n<p>Nova Lima<\/p>\n\n\n\n<p>Nova Serrana<\/p>\n\n\n\n<p>Nova Uni\u00e3o<\/p>\n\n\n\n<p>On\u00e7a de Pitangui<\/p>\n\n\n\n<p>Orat\u00f3rios<\/p>\n\n\n\n<p>Oriz\u00e2nia<\/p>\n\n\n\n<p>Ouro Branco<\/p>\n\n\n\n<p>Ouro Preto<\/p>\n\n\n\n<p>Paineiras<\/p>\n\n\n\n<p>Palma<\/p>\n\n\n\n<p>Papagaios<\/p>\n\n\n\n<p>Par\u00e1 de Minas<\/p>\n\n\n\n<p>Paraopeba<\/p>\n\n\n\n<p>Passab\u00e9m<\/p>\n\n\n\n<p>Patos de Minas<\/p>\n\n\n\n<p>Patroc\u00ednio<\/p>\n\n\n\n<p>Patroc\u00ednio do Muria\u00e9<\/p>\n\n\n\n<p>Paula C\u00e2ndido<\/p>\n\n\n\n<p>Pedra Bonita<\/p>\n\n\n\n<p>Pedra do Anta<\/p>\n\n\n\n<p>Pedra do Indai\u00e1<\/p>\n\n\n\n<p>Pedra Dourada<\/p>\n\n\n\n<p>Pedrin\u00f3polis<\/p>\n\n\n\n<p>Pedro Leopoldo<\/p>\n\n\n\n<p>Pequi<\/p>\n\n\n\n<p>Perdig\u00e3o<\/p>\n\n\n\n<p>Perdizes<\/p>\n\n\n\n<p>Piedade de Ponte Nova<\/p>\n\n\n\n<p>Piedade dos Gerais<\/p>\n\n\n\n<p>Pingo d&#8217;\u00c1gua<\/p>\n\n\n\n<p>Piracema<\/p>\n\n\n\n<p>Piranga<\/p>\n\n\n\n<p>Pirapetinga<\/p>\n\n\n\n<p>Pira\u00faba<\/p>\n\n\n\n<p>Pitangui<\/p>\n\n\n\n<p>Pomp\u00e9u<\/p>\n\n\n\n<p>Ponte Nova<\/p>\n\n\n\n<p>Porto Firme<\/p>\n\n\n\n<p>Pratinha<\/p>\n\n\n\n<p>Presidente Bernardes<\/p>\n\n\n\n<p>Presidente Juscelino<\/p>\n\n\n\n<p>Presidente Oleg\u00e1rio<\/p>\n\n\n\n<p>Prudente de Morais<\/p>\n\n\n\n<p>Quartel Geral<\/p>\n\n\n\n<p>Queluzito<\/p>\n\n\n\n<p>Raposos<\/p>\n\n\n\n<p>Raul Soares<\/p>\n\n\n\n<p>Recreio<\/p>\n\n\n\n<p>Reduto<\/p>\n\n\n\n<p>Ribeir\u00e3o das Neves<\/p>\n\n\n\n<p>Rio Acima<\/p>\n\n\n\n<p>Rio Casca<\/p>\n\n\n\n<p>Rio Doce<\/p>\n\n\n\n<p>Rio Espera<\/p>\n\n\n\n<p>Rio Manso<\/p>\n\n\n\n<p>Rio Novo<\/p>\n\n\n\n<p>Rio Parana\u00edba<\/p>\n\n\n\n<p>Rio Piracicaba<\/p>\n\n\n\n<p>Rio Pomba<\/p>\n\n\n\n<p>Rochedo de Minas<\/p>\n\n\n\n<p>Rodeiro<\/p>\n\n\n\n<p>Romaria<\/p>\n\n\n\n<p>Ros\u00e1rio da Limeira<\/p>\n\n\n\n<p>Sabar\u00e1<\/p>\n\n\n\n<p>Santa B\u00e1rbara<\/p>\n\n\n\n<p>Santa B\u00e1rbara do Leste<\/p>\n\n\n\n<p>Santa Cruz do Escalvado<\/p>\n\n\n\n<p>Santa Luzia<\/p>\n\n\n\n<p>Santa Margarida<\/p>\n\n\n\n<p>Santa Maria de Itabira<\/p>\n\n\n\n<p>Santana de Cataguases<\/p>\n\n\n\n<p>Santana de Pirapama<\/p>\n\n\n\n<p>Santana do Manhua\u00e7u<\/p>\n\n\n\n<p>Santana do Riacho<\/p>\n\n\n\n<p>Santana dos Montes<\/p>\n\n\n\n<p>Santa Rita de Minas<\/p>\n\n\n\n<p>Santa Rosa da Serra<\/p>\n\n\n\n<p>Santo Ant\u00f4nio do Aventureiro<\/p>\n\n\n\n<p>Santo Ant\u00f4nio do Grama<\/p>\n\n\n\n<p>Santo Ant\u00f4nio do Monte<\/p>\n\n\n\n<p>Santo Ant\u00f4nio do Rio Abaixo<\/p>\n\n\n\n<p>S\u00e3o Br\u00e1s do Sua\u00e7u\u00ed<\/p>\n\n\n\n<p>S\u00e3o Domingos do Prata<\/p>\n\n\n\n<p>S\u00e3o Francisco do Gl\u00f3ria<\/p>\n\n\n\n<p>S\u00e3o Geraldo<\/p>\n\n\n\n<p>S\u00e3o Gon\u00e7alo do Abaet\u00e9<\/p>\n\n\n\n<p>S\u00e3o Gon\u00e7alo do Par\u00e1<\/p>\n\n\n\n<p>S\u00e3o Gon\u00e7alo do Rio Abaixo<\/p>\n\n\n\n<p>S\u00e3o Gotardo<\/p>\n\n\n\n<p>S\u00e3o Jo\u00e3o do Manhua\u00e7u<\/p>\n\n\n\n<p>S\u00e3o Jo\u00e3o Nepomuceno<\/p>\n\n\n\n<p>S\u00e3o Joaquim de Bicas<\/p>\n\n\n\n<p>S\u00e3o Jos\u00e9 da Lapa<\/p>\n\n\n\n<p>S\u00e3o Jos\u00e9 da Varginha<\/p>\n\n\n\n<p>S\u00e3o Jos\u00e9 do Goiabal<\/p>\n\n\n\n<p>S\u00e3o Miguel do Anta<\/p>\n\n\n\n<p>S\u00e3o Pedro dos Ferros<\/p>\n\n\n\n<p>S\u00e3o Sebasti\u00e3o da Vargem Alegre<\/p>\n\n\n\n<p>S\u00e3o Sebasti\u00e3o do Oeste<\/p>\n\n\n\n<p>S\u00e3o Sebasti\u00e3o do Rio Preto<\/p>\n\n\n\n<p>Sarzedo<\/p>\n\n\n\n<p>Sem-Peixe<\/p>\n\n\n\n<p>Senador Cortes<\/p>\n\n\n\n<p>Senador Firmino<\/p>\n\n\n\n<p>Senhora de Oliveira<\/p>\n\n\n\n<p>Sericita<\/p>\n\n\n\n<p>Serra da Saudade<\/p>\n\n\n\n<p>Serra do Salitre<\/p>\n\n\n\n<p>Sete Lagoas<\/p>\n\n\n\n<p>Silveir\u00e2nia<\/p>\n\n\n\n<p>Simon\u00e9sia<\/p>\n\n\n\n<p>Tabuleiro<\/p>\n\n\n\n<p>Tapira\u00ed<\/p>\n\n\n\n<p>Taquara\u00e7u de Minas<\/p>\n\n\n\n<p>Teixeiras<\/p>\n\n\n\n<p>Tim\u00f3teo<\/p>\n\n\n\n<p>Tiros<\/p>\n\n\n\n<p>Tocantins<\/p>\n\n\n\n<p>Tombos<\/p>\n\n\n\n<p>Tr\u00eas Marias<\/p>\n\n\n\n<p>Ub\u00e1<\/p>\n\n\n\n<p>Uruc\u00e2nia<\/p>\n\n\n\n<p>Varj\u00e3o de Minas<\/p>\n\n\n\n<p>Vazante<\/p>\n\n\n\n<p>Vermelho Novo<\/p>\n\n\n\n<p>Vespasiano<\/p>\n\n\n\n<p>Vi\u00e7osa<\/p>\n\n\n\n<p>Vieiras<\/p>\n\n\n\n<p>Visconde do Rio Branco<\/p>\n\n\n\n<p>Volta Grande<\/p>\n\n\n\n<h2 class=\"wp-block-heading\">BH tamb\u00e9m est\u00e1 em perigo<\/h2>\n\n\n\n<p>Todas as regionais de Belo Horizonte tamb\u00e9m est\u00e3o em&nbsp;<a href=\"https:\/\/www.itatiaia.com.br\/brasil\/sudeste\/mg\/chuva-intensa-coloca-todas-as-regionais-de-bh-sob-alerta-de-deslizamentos\"><strong>alerta para deslizamentos de terra e desmoronamentos.<\/strong><\/a><\/p>\n\n\n\n<p>Durante a madrugada desta quinta-feira (22), a capital registrou&nbsp;<a href=\"https:\/\/www.itatiaia.com.br\/brasil\/sudeste\/mg\/com-quase-30-da-chuva-do-mes-nesta-quinta-22-em-bh-defesa-civil-reforca-sinais-de-perigo\"><strong>volumes significativos de chuva<\/strong><\/a>, e a precipita\u00e7\u00e3o deve&nbsp;<a href=\"https:\/\/www.itatiaia.com.br\/brasil\/sudeste\/mg\/previsao-indica-chuva-extremamente-forte-de-ate-90-mm-em-bh-veja-onde-vai-chover-mais\"><strong>persistir ao longo do dia.<\/strong><\/a><\/p>\n\n\n\n<p>A Defesa Civil da capital orientou que a popula\u00e7\u00e3o fique atenta a sinais de risco, como trincas em paredes, estalos, portas e janelas emperradas, al\u00e9m de inclina\u00e7\u00e3o de postes, \u00e1rvores ou muros.<\/p>\n\n\n\n<p>Ao identificar qualquer um desses ind\u00edcios, a recomenda\u00e7\u00e3o \u00e9 deixar o im\u00f3vel imediatamente e acionar a Defesa Civil pelo telefone 199. Em situa\u00e7\u00f5es de emerg\u00eancia, o Corpo de Bombeiros deve ser chamado pelo 193.<\/p>\n","protected":false},"excerpt":{"rendered":"<p>O alerta chama a aten\u00e7\u00e3o para chuvas com volume maior que 60mm\/h ou 100mm\/dia O Instituto Nacional de Meteorologia emitiu, nesta quinta-feira (22), alerta de grande perigo para acumulados de chuva em 307 cidades de Minas Gerais. O alerta segue at\u00e9 s\u00e1bado (24). O alerta chama a aten\u00e7\u00e3o para chuvas com volume maior que 60mm\/h [&hellip;]<\/p>\n","protected":false},"author":5,"featured_media":169021,"comment_status":"closed","ping_status":"open","sticky":false,"template":"","format":"standard","meta":{"advgb_blocks_editor_width":"","advgb_blocks_columns_visual_guide":"","_exactmetrics_skip_tracking":false,"_exactmetrics_sitenote_active":false,"_exactmetrics_sitenote_note":"","_exactmetrics_sitenote_category":0,"footnotes":""},"categories":[7,2],"tags":[],"class_list":["post-169020","post","type-post","status-publish","format-standard","has-post-thumbnail","hentry","category-destaques","category-noticias"],"better_featured_image":{"id":169021,"alt_text":"","caption":"","description":"","media_type":"image","media_details":{"width":1000,"height":563,"file":"2026\/01\/download-5-1.webp","filesize":118440,"sizes":{"medium":{"file":"download-5-1-470x265.webp","width":470,"height":265,"mime-type":"image\/webp","filesize":50622,"source_url":"https:\/\/lavras.tv\/site\/wp-content\/uploads\/2026\/01\/download-5-1-470x265.webp"},"large":{"file":"download-5-1-970x546.webp","width":970,"height":546,"mime-type":"image\/webp","filesize":165130,"source_url":"https:\/\/lavras.tv\/site\/wp-content\/uploads\/2026\/01\/download-5-1-970x546.webp"},"thumbnail":{"file":"download-5-1-170x96.webp","width":170,"height":96,"mime-type":"image\/webp","filesize":7398,"source_url":"https:\/\/lavras.tv\/site\/wp-content\/uploads\/2026\/01\/download-5-1-170x96.webp"},"alm-thumbnail":{"file":"download-5-1-150x150.webp","width":150,"height":150,"mime-type":"image\/webp","filesize":10092,"source_url":"https:\/\/lavras.tv\/site\/wp-content\/uploads\/2026\/01\/download-5-1-150x150.webp"},"sow-carousel-default":{"file":"download-5-1-272x182.webp","width":272,"height":182,"mime-type":"image\/webp","filesize":21238,"source_url":"https:\/\/lavras.tv\/site\/wp-content\/uploads\/2026\/01\/download-5-1-272x182.webp"}},"image_meta":{"aperture":"0","credit":"","camera":"","caption":"","created_timestamp":"0","copyright":"","focal_length":"0","iso":"0","shutter_speed":"0","title":"","orientation":"0","keywords":[]}},"post":169020,"source_url":"https:\/\/lavras.tv\/site\/wp-content\/uploads\/2026\/01\/download-5-1.webp"},"author_meta":{"display_name":"Vinicius Bustamante","author_link":"https:\/\/lavras.tv\/site\/author\/vinicius-bustamante\/"},"featured_img":"https:\/\/lavras.tv\/site\/wp-content\/uploads\/2026\/01\/download-5-1-470x265.webp","coauthors":[],"tax_additional":{"categories":{"linked":["<a href=\"https:\/\/lavras.tv\/site\/category\/destaques\/\" class=\"advgb-post-tax-term\">Destaques<\/a>","<a href=\"https:\/\/lavras.tv\/site\/category\/noticias\/\" class=\"advgb-post-tax-term\">Not\u00edcias<\/a>"],"unlinked":["<span class=\"advgb-post-tax-term\">Destaques<\/span>","<span class=\"advgb-post-tax-term\">Not\u00edcias<\/span>"]}},"comment_count":"0","relative_dates":{"created":"Publicado 3 meses atr\u00e1s","modified":"Atualizado 3 meses atr\u00e1s"},"absolute_dates":{"created":"Publicado em 22 de janeiro de 2026","modified":"Atualizado em 22 de janeiro de 2026"},"absolute_dates_time":{"created":"Publicado em 22 de janeiro de 2026 13:48","modified":"Atualizado em 22 de janeiro de 2026 13:48"},"featured_img_caption":"","series_order":"","_links":{"self":[{"href":"https:\/\/lavras.tv\/site\/wp-json\/wp\/v2\/posts\/169020","targetHints":{"allow":["GET"]}}],"collection":[{"href":"https:\/\/lavras.tv\/site\/wp-json\/wp\/v2\/posts"}],"about":[{"href":"https:\/\/lavras.tv\/site\/wp-json\/wp\/v2\/types\/post"}],"author":[{"embeddable":true,"href":"https:\/\/lavras.tv\/site\/wp-json\/wp\/v2\/users\/5"}],"replies":[{"embeddable":true,"href":"https:\/\/lavras.tv\/site\/wp-json\/wp\/v2\/comments?post=169020"}],"version-history":[{"count":1,"href":"https:\/\/lavras.tv\/site\/wp-json\/wp\/v2\/posts\/169020\/revisions"}],"predecessor-version":[{"id":169022,"href":"https:\/\/lavras.tv\/site\/wp-json\/wp\/v2\/posts\/169020\/revisions\/169022"}],"wp:featuredmedia":[{"embeddable":true,"href":"https:\/\/lavras.tv\/site\/wp-json\/wp\/v2\/media\/169021"}],"wp:attachment":[{"href":"https:\/\/lavras.tv\/site\/wp-json\/wp\/v2\/media?parent=169020"}],"wp:term":[{"taxonomy":"category","embeddable":true,"href":"https:\/\/lavras.tv\/site\/wp-json\/wp\/v2\/categories?post=169020"},{"taxonomy":"post_tag","embeddable":true,"href":"https:\/\/lavras.tv\/site\/wp-json\/wp\/v2\/tags?post=169020"}],"curies":[{"name":"wp","href":"https:\/\/api.w.org\/{rel}","templated":true}]}}