{"id":169034,"date":"2026-01-26T13:22:14","date_gmt":"2026-01-26T16:22:14","guid":{"rendered":"https:\/\/lavras.tv\/site\/?p=169034"},"modified":"2026-01-26T13:22:15","modified_gmt":"2026-01-26T16:22:15","slug":"pesquisa-pioneira-da-ufla-avanca-na-cannabis-medicinal-e-amplia-perspectivas-para-tratamentos-de-saude","status":"publish","type":"post","link":"https:\/\/lavras.tv\/site\/2026\/01\/26\/pesquisa-pioneira-da-ufla-avanca-na-cannabis-medicinal-e-amplia-perspectivas-para-tratamentos-de-saude\/","title":{"rendered":"Pesquisa pioneira da UFLA avan\u00e7a na cannabis medicinal e amplia perspectivas para tratamentos de sa\u00fade"},"content":{"rendered":"<div class=\"lavra-antes-do-conteudo_2\" id=\"lavra-2222527740\"><div id=\"lavra-slider-27\" class=\"custom-slider lavra-slider-3648638513 lavra-slider\"><ul><li><div style=\"margin-left: auto;margin-right: auto;text-align: center;\" id=\"lavra-3536761608\"><a href=\"https:\/\/sistemas.lavras.mg.gov.br\/portalcidadao\/#df1b1a7c7b2a290bcb31e32771e610784662739a88807c0dacac58ede5f391a7530e299dc302d611ee73cb143fc22eaf93592e53e7b5bdb01b00a0b8d28dae460c141dd2ff83412e4dc1c31b16b25f33144a9e5620ea73b13f5bc1c59411d98439ad226e8af03840603796067d87afe130812cf3de24982d0e306f9e61e764e5\" aria-label=\"Lavras-TV&#8211;720x104px (1) (1)\"><img src=\"https:\/\/lavras.tv\/site\/wp-content\/uploads\/2025\/01\/Lavras-TV-720x104px-1-1.png\" alt=\"\"  srcset=\"https:\/\/lavras.tv\/site\/wp-content\/uploads\/2025\/01\/Lavras-TV-720x104px-1-1.png 720w, https:\/\/lavras.tv\/site\/wp-content\/uploads\/2025\/01\/Lavras-TV-720x104px-1-1-470x68.png 470w, https:\/\/lavras.tv\/site\/wp-content\/uploads\/2025\/01\/Lavras-TV-720x104px-1-1-170x25.png 170w, https:\/\/lavras.tv\/site\/wp-content\/uploads\/2025\/01\/Lavras-TV-720x104px-1-1-200x29.png 200w\" sizes=\"(max-width: 720px) 100vw, 720px\" width=\"720\" height=\"104\"  style=\"display: inline-block;\" \/><\/a><\/div><\/li><li><a href=\"https:\/\/sistemas.lavras.mg.gov.br\/portalcidadao\/#df1b1a7c7b2a290bcb31e32771e610784662739a88807c0dacac58ede5f391a7530e299dc302d611ee73cb143fc22eaf93592e53e7b5bdb01b00a0b8d28dae460c141dd2ff83412e4dc1c31b16b25f33144a9e5620ea73b13f5bc1c59411d98439ad226e8af03840603796067d87afe130812cf3de24982d0e306f9e61e764e5\" aria-label=\"Banner_Emprego_PortallavrasTV\"><img src=\"https:\/\/lavras.tv\/site\/wp-content\/uploads\/2025\/03\/Banner_Emprego_PortallavrasTV.png\" alt=\"\"  srcset=\"https:\/\/lavras.tv\/site\/wp-content\/uploads\/2025\/03\/Banner_Emprego_PortallavrasTV.png 720w, https:\/\/lavras.tv\/site\/wp-content\/uploads\/2025\/03\/Banner_Emprego_PortallavrasTV-470x68.png 470w, https:\/\/lavras.tv\/site\/wp-content\/uploads\/2025\/03\/Banner_Emprego_PortallavrasTV-170x25.png 170w, https:\/\/lavras.tv\/site\/wp-content\/uploads\/2025\/03\/Banner_Emprego_PortallavrasTV-200x29.png 200w\" sizes=\"(max-width: 720px) 100vw, 720px\" width=\"720\" height=\"104\"   \/><\/a><\/li><li><a href=\"https:\/\/sistemas.lavras.mg.gov.br\/portalcidadao\/#df1b1a7c7b2a290bcb31e32771e610784662739a88807c0dacac58ede5f391a7530e299dc302d611ee73cb143fc22eaf93592e53e7b5bdb01b00a0b8d28dae460c141dd2ff83412e4dc1c31b16b25f33144a9e5620ea73b13f5bc1c59411d98439ad226e8af03840603796067d87afe130812cf3de24982d0e306f9e61e764e5\" aria-label=\"Banner_Obras_PortallavrasTV\"><img src=\"https:\/\/lavras.tv\/site\/wp-content\/uploads\/2025\/03\/Banner_Obras_PortallavrasTV.png\" alt=\"\"  srcset=\"https:\/\/lavras.tv\/site\/wp-content\/uploads\/2025\/03\/Banner_Obras_PortallavrasTV.png 720w, https:\/\/lavras.tv\/site\/wp-content\/uploads\/2025\/03\/Banner_Obras_PortallavrasTV-470x68.png 470w, https:\/\/lavras.tv\/site\/wp-content\/uploads\/2025\/03\/Banner_Obras_PortallavrasTV-170x25.png 170w, https:\/\/lavras.tv\/site\/wp-content\/uploads\/2025\/03\/Banner_Obras_PortallavrasTV-200x29.png 200w\" sizes=\"(max-width: 720px) 100vw, 720px\" width=\"720\" height=\"104\"   \/><\/a><\/li><li><div style=\"margin-left: auto;margin-right: auto;text-align: center;\" id=\"lavra-2586955867\"><a href=\"https:\/\/sistemas.lavras.mg.gov.br\/portalcidadao\/#df1b1a7c7b2a290bcb31e32771e610784662739a88807c0dacac58ede5f391a7530e299dc302d611ee73cb143fc22eaf93592e53e7b5bdb01b00a0b8d28dae460c141dd2ff83412e4dc1c31b16b25f33144a9e5620ea73b13f5bc1c59411d98439ad226e8af03840603796067d87afe130812cf3de24982d0e306f9e61e764e5\" aria-label=\"Banner_Educa\u00e7\u00e3o_PortallavrasTV\"><img src=\"https:\/\/lavras.tv\/site\/wp-content\/uploads\/2025\/01\/Banner_Educacao_PortallavrasTV.png\" alt=\"\"  srcset=\"https:\/\/lavras.tv\/site\/wp-content\/uploads\/2025\/01\/Banner_Educacao_PortallavrasTV.png 720w, https:\/\/lavras.tv\/site\/wp-content\/uploads\/2025\/01\/Banner_Educacao_PortallavrasTV-470x68.png 470w, https:\/\/lavras.tv\/site\/wp-content\/uploads\/2025\/01\/Banner_Educacao_PortallavrasTV-170x25.png 170w, https:\/\/lavras.tv\/site\/wp-content\/uploads\/2025\/01\/Banner_Educacao_PortallavrasTV-200x29.png 200w\" sizes=\"(max-width: 720px) 100vw, 720px\" width=\"720\" height=\"104\"  style=\"display: inline-block;\" \/><\/a><\/div><\/li><li><a href=\"https:\/\/sistemas.lavras.mg.gov.br\/portalcidadao\/#df1b1a7c7b2a290bcb31e32771e610784662739a88807c0dacac58ede5f391a7530e299dc302d611ee73cb143fc22eaf93592e53e7b5bdb01b00a0b8d28dae460c141dd2ff83412e4dc1c31b16b25f33144a9e5620ea73b13f5bc1c59411d98439ad226e8af03840603796067d87afe130812cf3de24982d0e306f9e61e764e5\" aria-label=\"Banner_Sa\u00fade_PortallavrasTV\"><img src=\"https:\/\/lavras.tv\/site\/wp-content\/uploads\/2025\/03\/Banner_Saude_PortallavrasTV.png\" alt=\"\"  srcset=\"https:\/\/lavras.tv\/site\/wp-content\/uploads\/2025\/03\/Banner_Saude_PortallavrasTV.png 720w, https:\/\/lavras.tv\/site\/wp-content\/uploads\/2025\/03\/Banner_Saude_PortallavrasTV-470x68.png 470w, https:\/\/lavras.tv\/site\/wp-content\/uploads\/2025\/03\/Banner_Saude_PortallavrasTV-170x25.png 170w, https:\/\/lavras.tv\/site\/wp-content\/uploads\/2025\/03\/Banner_Saude_PortallavrasTV-200x29.png 200w\" sizes=\"(max-width: 720px) 100vw, 720px\" width=\"720\" height=\"104\"   \/><\/a><\/li><li><div id=\"lavra-934609996\" style=\"width:720px;height:104px;background-color:#ddd;overflow:scroll;\">\n\t<strong>Sa\u00edda da depura\u00e7\u00e3o de an\u00fancios<\/strong>\n\t<br><br>\n\tO an\u00fancio n\u00e3o \u00e9 exibido na p\u00e1gina<br><br>post atual: Pesquisa pioneira da UFLA avan\u00e7a na cannabis medicinal e amplia perspectivas para tratamentos de sa\u00fade, ID: 169034<br><br><span style=\"color: red;\">O post atual n\u00e3o \u00e9 id\u00eantico ao post principal.<\/span><br><br>An\u00fancios: ROXO - TOPO INTERNA - ROTATIVO 2 (197)<br \/>Grupo de an\u00fancios: Princ_Meio01_720x104 (27)<br><br>Condi\u00e7\u00f5es de exibi\u00e7\u00e3o<div style=\"margin-bottom: 20px; white-space: pre-wrap; font-family: monospace; width: 100%; background: #ffe9e9;\"><strong>condi\u00e7\u00f5es gerais<\/strong><table border=\"1\"><thead><tr><th><\/th><th>An\u00fancios<\/th><th>wp_the_query<\/th><\/tr><\/thead><tr><td>is_main_query<\/td><td>1<\/td><td>1<\/td><\/tr><tr><td>is_rest_api<\/td><td>0<\/td><td>1<\/td><\/tr><tr><td>page<\/td><td>0<\/td><td>1<\/td><\/tr><tr><td>numpages<\/td><td>0<\/td><td>1<\/td><\/tr><tr><td>is_archive<\/td><td>1<\/td><td><\/td><\/tr><tr><td>is_search<\/td><td>1<\/td><td><\/td><\/tr><tr><td>is_home<\/td><td>1<\/td><td><\/td><\/tr><tr><td>is_404<\/td><td>1<\/td><td><\/td><\/tr><tr><td>is_attachment<\/td><td>1<\/td><td><\/td><\/tr><tr><td>is_singular<\/td><td>1<\/td><td><\/td><\/tr><tr><td>is_front_page<\/td><td>1<\/td><td><\/td><\/tr><tr><td>is_feed<\/td><td>1<\/td><td><\/td><\/tr><\/table><\/div><br><br><span style=\"color: red;\">Seu site usa HTTPS, mas o c\u00f3digo do an\u00fancio cont\u00e9m HTTP e pode n\u00e3o funcionar.<\/span>\t<br><br>\n\t<a style=\"color: green;\" href=\"https:\/\/wpadvancedads.com\/manual\/ad-debug-mode\/?utm_source=advanced-ads&utm_medium=link&utm_campaign=ad-debug-mode\" target=\"_blank\" rel=\"nofollow\">Encontre solu\u00e7\u00f5es no manual<\/a>\n<\/div>\n<\/li><\/ul><\/div><script>( window.advanced_ads_ready || jQuery( document ).ready ).call( null, function() {var $lavraslider3648638513 = jQuery( \".lavra-slider-3648638513\" );$lavraslider3648638513.on( \"unslider.ready\", function() { jQuery( \"div.custom-slider ul li\" ).css( \"display\", \"block\" ); });$lavraslider3648638513.unslider({ delay:4000, autoplay:true, nav:false, arrows:false, infinite:true });$lavraslider3648638513.on(\"mouseover\", function() {$lavraslider3648638513.unslider(\"stop\");}).on(\"mouseout\", function() {$lavraslider3648638513.unslider(\"start\");});});<\/script><\/div>\n<figure class=\"wp-block-image size-large is-resized\"><img fetchpriority=\"high\" decoding=\"async\" width=\"819\" height=\"1024\" src=\"https:\/\/lavras.tv\/site\/wp-content\/uploads\/2026\/01\/WhatsApp-Image-2026-01-26-at-10.52.36-1-1-819x1024.jpeg\" alt=\"\" class=\"wp-image-169038\" style=\"aspect-ratio:0.8;width:434px;height:auto\" srcset=\"https:\/\/lavras.tv\/site\/wp-content\/uploads\/2026\/01\/WhatsApp-Image-2026-01-26-at-10.52.36-1-1-819x1024.jpeg 819w, https:\/\/lavras.tv\/site\/wp-content\/uploads\/2026\/01\/WhatsApp-Image-2026-01-26-at-10.52.36-1-1-240x300.jpeg 240w, https:\/\/lavras.tv\/site\/wp-content\/uploads\/2026\/01\/WhatsApp-Image-2026-01-26-at-10.52.36-1-1-120x150.jpeg 120w, https:\/\/lavras.tv\/site\/wp-content\/uploads\/2026\/01\/WhatsApp-Image-2026-01-26-at-10.52.36-1-1.jpeg 1080w\" sizes=\"(max-width: 819px) 100vw, 819px\" \/><\/figure>\n\n\n\n<p>Enquanto milhares de pacientes brasileiros dependem de medicamentos \u00e0 base de cannabis para controlar doen\u00e7as que n\u00e3o respondem aos tratamentos convencionais, uma pesquisa desenvolvida na Universidade Federal de Lavras (UFLA) rompe barreiras cient\u00edficas, regulat\u00f3rias e sociais e se consolida como uma das mais avan\u00e7adas do pa\u00eds na \u00e1rea de cannabis medicinal. Coordenado pela professora Vanessa Cristina Stein e gerenciado pela FUNDECC (Funda\u00e7\u00e3o de Desenvolvimento Cient\u00edfico e Cultural), o projeto \u00e9 resultado de cerca de 15 anos de estudos e alcan\u00e7ou um marco in\u00e9dito no Brasil ao reunir autoriza\u00e7\u00f5es raras para o cultivo in vitro e a manipula\u00e7\u00e3o gen\u00e9tica da planta com fins exclusivamente cient\u00edficos e medicinais.<\/p>\n\n\n\n<p>Em um cen\u00e1rio ainda marcado por estigmas e desinforma\u00e7\u00e3o, a pesquisa alia rigor t\u00e9cnico, persist\u00eancia institucional e impacto social, contribuindo para o desenvolvimento de medicamentos mais seguros, acess\u00edveis e padronizados. O trabalho posiciona a UFLA como refer\u00eancia nacional e refor\u00e7a o papel da universidade p\u00fablica na produ\u00e7\u00e3o de conhecimento estrat\u00e9gico para a sa\u00fade.<\/p>\n\n\n\n<p><strong>Laborat\u00f3rio \u00fanico no pa\u00eds, com autoriza\u00e7\u00f5es in\u00e9ditas<\/strong><\/p>\n\n\n\n<p>O laborat\u00f3rio coordenado pela professora Vanessa \u00e9 o primeiro do Brasil credenciado simultaneamente pela Anvisa (Ag\u00eancia Nacional de Vigil\u00e2ncia Sanit\u00e1ria) e pela CTNBio (Comiss\u00e3o T\u00e9cnica Nacional de Biosseguran\u00e7a) para realizar cultivo in vitro de Cannabis sativa com fins exclusivamente cient\u00edficos e medicinais.<\/p>\n\n\n\n<p>Al\u00e9m dessas autoriza\u00e7\u00f5es, a estrutura conta com permiss\u00e3o institucional para manipula\u00e7\u00e3o gen\u00e9tica, seguindo protocolos rigorosos de biosseguran\u00e7a. Essa combina\u00e7\u00e3o de credenciamentos \u00e9 rara no pa\u00eds e posiciona a UFLA em um patamar de refer\u00eancia nacional.<\/p>\n\n\n\n<p>Na pr\u00e1tica, o laborat\u00f3rio n\u00e3o realiza cultivo em campo, n\u00e3o possui qualquer v\u00ednculo com uso recreativo e n\u00e3o produz medicamentos para comercializa\u00e7\u00e3o direta. Todo o trabalho ocorre em ambiente controlado, dentro de frascos de laborat\u00f3rio, com foco exclusivo na pesquisa cient\u00edfica da planta e de seus compostos.<\/p>\n\n\n\n<figure class=\"wp-block-image size-large is-resized\"><img decoding=\"async\" width=\"819\" height=\"1024\" src=\"https:\/\/lavras.tv\/site\/wp-content\/uploads\/2026\/01\/WhatsApp-Image-2026-01-26-at-10.52.36-819x1024.jpeg\" alt=\"\" class=\"wp-image-169039\" style=\"aspect-ratio:0.8;width:473px;height:auto\" srcset=\"https:\/\/lavras.tv\/site\/wp-content\/uploads\/2026\/01\/WhatsApp-Image-2026-01-26-at-10.52.36-819x1024.jpeg 819w, https:\/\/lavras.tv\/site\/wp-content\/uploads\/2026\/01\/WhatsApp-Image-2026-01-26-at-10.52.36-240x300.jpeg 240w, https:\/\/lavras.tv\/site\/wp-content\/uploads\/2026\/01\/WhatsApp-Image-2026-01-26-at-10.52.36-120x150.jpeg 120w, https:\/\/lavras.tv\/site\/wp-content\/uploads\/2026\/01\/WhatsApp-Image-2026-01-26-at-10.52.36.jpeg 1080w\" sizes=\"(max-width: 819px) 100vw, 819px\" \/><\/figure>\n\n\n\n<p><strong>Pioneirismo constru\u00eddo com rigor t\u00e9cnico<\/strong><\/p>\n\n\n\n<p>O processo de credenciamento do laborat\u00f3rio foi longo e complexo. Exigiu adequa\u00e7\u00f5es estruturais, elabora\u00e7\u00e3o de protocolos espec\u00edficos e o atendimento a exig\u00eancias t\u00e9cnicas que levaram anos para serem cumpridas.<\/p>\n\n\n\n<p>At\u00e9 recentemente, nenhuma outra institui\u00e7\u00e3o brasileira reunia todas as autoriza\u00e7\u00f5es necess\u00e1rias para esse tipo de pesquisa. Apenas nos \u00faltimos anos, institui\u00e7\u00f5es como a Embrapa passaram a obter credenciamentos semelhantes, refor\u00e7ando o car\u00e1ter pioneiro do trabalho desenvolvido em Lavras.<\/p>\n\n\n\n<figure class=\"wp-block-gallery has-nested-images columns-default is-cropped wp-block-gallery-1 is-layout-flex wp-block-gallery-is-layout-flex\">\n<figure class=\"wp-block-image size-large\"><img decoding=\"async\" width=\"819\" height=\"1024\" data-id=\"169041\" src=\"https:\/\/lavras.tv\/site\/wp-content\/uploads\/2026\/01\/WhatsApp-Image-2026-01-26-at-10.52.36-2-819x1024.jpeg\" alt=\"\" class=\"wp-image-169041\" srcset=\"https:\/\/lavras.tv\/site\/wp-content\/uploads\/2026\/01\/WhatsApp-Image-2026-01-26-at-10.52.36-2-819x1024.jpeg 819w, https:\/\/lavras.tv\/site\/wp-content\/uploads\/2026\/01\/WhatsApp-Image-2026-01-26-at-10.52.36-2-240x300.jpeg 240w, https:\/\/lavras.tv\/site\/wp-content\/uploads\/2026\/01\/WhatsApp-Image-2026-01-26-at-10.52.36-2-120x150.jpeg 120w, https:\/\/lavras.tv\/site\/wp-content\/uploads\/2026\/01\/WhatsApp-Image-2026-01-26-at-10.52.36-2.jpeg 1080w\" sizes=\"(max-width: 819px) 100vw, 819px\" \/><\/figure>\n\n\n\n<figure class=\"wp-block-image size-large\"><img loading=\"lazy\" decoding=\"async\" width=\"819\" height=\"1024\" data-id=\"169040\" src=\"https:\/\/lavras.tv\/site\/wp-content\/uploads\/2026\/01\/WhatsApp-Image-2026-01-26-at-10.52.37-1-1-819x1024.jpeg\" alt=\"\" class=\"wp-image-169040\" srcset=\"https:\/\/lavras.tv\/site\/wp-content\/uploads\/2026\/01\/WhatsApp-Image-2026-01-26-at-10.52.37-1-1-819x1024.jpeg 819w, https:\/\/lavras.tv\/site\/wp-content\/uploads\/2026\/01\/WhatsApp-Image-2026-01-26-at-10.52.37-1-1-240x300.jpeg 240w, https:\/\/lavras.tv\/site\/wp-content\/uploads\/2026\/01\/WhatsApp-Image-2026-01-26-at-10.52.37-1-1-120x150.jpeg 120w, https:\/\/lavras.tv\/site\/wp-content\/uploads\/2026\/01\/WhatsApp-Image-2026-01-26-at-10.52.37-1-1.jpeg 1080w\" sizes=\"(max-width: 819px) 100vw, 819px\" \/><\/figure>\n<\/figure>\n\n\n\n<p><strong>Por que estudar a cannabis medicinal<\/strong><\/p>\n\n\n\n<p>A Cannabis sativa produz mais de 150 fitocanabinoides, compostos naturais com diferentes efeitos no organismo humano. Entre eles, dois se destacam na \u00e1rea m\u00e9dica: o CBD (canabidiol) e o THC (tetrahidrocanabinol).<\/p>\n\n\n\n<p>O CBD n\u00e3o \u00e9 psicoativo e est\u00e1 associado ao tratamento de epilepsia refrat\u00e1ria, dores cr\u00f4nicas e dist\u00farbios neurol\u00f3gicos. J\u00e1 o THC \u00e9 o principal composto psicoativo da planta e, em altas concentra\u00e7\u00f5es, \u00e9 indesej\u00e1vel para a maioria das aplica\u00e7\u00f5es m\u00e9dicas<\/p>\n\n\n\n<p>Um dos grandes desafios cient\u00edficos \u00e9 que a pr\u00f3pria planta pode aumentar a produ\u00e7\u00e3o de THC em resposta ao ambiente, mesmo quando o cultivo tem finalidade exclusivamente medicinal. Esse comportamento eleva custos, gera perdas e dificulta a padroniza\u00e7\u00e3o dos medicamentos.<\/p>\n\n\n\n<figure class=\"wp-block-image size-large is-resized\"><img loading=\"lazy\" decoding=\"async\" width=\"819\" height=\"1024\" src=\"https:\/\/lavras.tv\/site\/wp-content\/uploads\/2026\/01\/WhatsApp-Image-2026-01-26-at-10.52.37-2-1-819x1024.jpeg\" alt=\"\" class=\"wp-image-169042\" style=\"width:533px;height:auto\" srcset=\"https:\/\/lavras.tv\/site\/wp-content\/uploads\/2026\/01\/WhatsApp-Image-2026-01-26-at-10.52.37-2-1-819x1024.jpeg 819w, https:\/\/lavras.tv\/site\/wp-content\/uploads\/2026\/01\/WhatsApp-Image-2026-01-26-at-10.52.37-2-1-240x300.jpeg 240w, https:\/\/lavras.tv\/site\/wp-content\/uploads\/2026\/01\/WhatsApp-Image-2026-01-26-at-10.52.37-2-1-120x150.jpeg 120w, https:\/\/lavras.tv\/site\/wp-content\/uploads\/2026\/01\/WhatsApp-Image-2026-01-26-at-10.52.37-2-1.jpeg 1080w\" sizes=\"(max-width: 819px) 100vw, 819px\" \/><\/figure>\n\n\n\n<p><strong>Atua\u00e7\u00e3o na origem do problema<\/strong><\/p>\n\n\n\n<p>A pesquisa desenvolvida na UFLA atua diretamente na origem desse desafio: a planta. Por meio de t\u00e9cnicas de biotecnologia e edi\u00e7\u00e3o g\u00eanica, o grupo busca desenvolver plantas que j\u00e1 cres\u00e7am com teor reduzido de THC, diminuindo a necessidade de processos qu\u00edmicos posteriores.<\/p>\n\n\n\n<p>O objetivo \u00e9 tornar a produ\u00e7\u00e3o mais segura, reduzir custos industriais e ampliar o acesso da popula\u00e7\u00e3o a medicamentos de qualidade, com maior controle sobre a composi\u00e7\u00e3o dos compostos utilizados.<\/p>\n\n\n\n<p><strong>Parceria entre universidade e ind\u00fastria<\/strong><\/p>\n\n\n\n<p>O projeto conta com parceria da Ease Labs, empresa farmac\u00eautica especializada em medicamentos \u00e0 base de cannabis.<\/p>\n\n\n\n<p>Atualmente, a empresa cultiva a planta em pa\u00edses onde essa atividade \u00e9 regulamentada, como a Col\u00f4mbia, e importa o insumo para processamento no Brasil. A demanda apresentada \u00e0 universidade \u00e9 clara: reduzir ou eliminar o THC diretamente na planta, evitando processos qu\u00edmicos caros e complexos.<\/p>\n\n\n\n<p>Os resultados obtidos na UFLA ser\u00e3o transferidos \u00e0 empresa, que dar\u00e1 continuidade \u00e0s etapas industriais at\u00e9 a disponibiliza\u00e7\u00e3o dos medicamentos \u00e0 popula\u00e7\u00e3o.<\/p>\n\n\n\n<p><strong>Financiamento e entraves regulat\u00f3rios<\/strong><\/p>\n\n\n\n<p>Embora a cannabis ainda seja alvo de debates sociais, o principal obst\u00e1culo enfrentado pela pesquisa no campo do financiamento n\u00e3o esteve relacionado a preconceito institucional, mas a entraves burocr\u00e1ticos e regulat\u00f3rios.<\/p>\n\n\n\n<p>Ao longo dos anos, a professora Vanessa submeteu entre 15 e 20 projetos, muitos deles inviabilizados pela incompatibilidade entre o prazo dos projetos (24 a 36 meses) e o tempo de validade das autoriza\u00e7\u00f5es da Anvisa, al\u00e9m de exig\u00eancias administrativas rigorosas e longos tr\u00e2mites documentais.<\/p>\n\n\n\n<p>O projeto atual recebeu apoio financeiro da FAPEMIG (Funda\u00e7\u00e3o de Amparo \u00e0 Pesquisa do Estado de Minas Gerais), ap\u00f3s um processo extenso de recursos, adequa\u00e7\u00f5es t\u00e9cnicas e reavalia\u00e7\u00f5es administrativas, com reconhecimento do m\u00e9rito cient\u00edfico da proposta.<\/p>\n\n\n\n<p><strong>Pesquisa b\u00e1sica hoje, impacto na sa\u00fade amanh\u00e3<\/strong><\/p>\n\n\n\n<p>Embora classificada como pesquisa b\u00e1sica, a iniciativa tem papel estrat\u00e9gico para a \u00e1rea da sa\u00fade. O laborat\u00f3rio gera conhecimento e material que subsidiam pesquisas em modelos animais, estudos cl\u00ednicos conduzidos por grupos parceiros e o desenvolvimento de medicamentos mais seguros e acess\u00edveis.<\/p>\n\n\n\n<p>Para o professor Fernando Henrique Ferrari Alves, farmac\u00eautico, pesquisador e diretor do campus da UFLA em S\u00e3o Sebasti\u00e3o do Para\u00edso, o rigor cient\u00edfico \u00e9 essencial nesse processo.<br>\u201cQuando falamos em cannabis medicinal, estamos tratando de um processo que exige controle de qualidade, valida\u00e7\u00e3o cient\u00edfica e rigor farmac\u00eautico em todas as etapas. A pesquisa desenvolvida na UFLA \u00e9 fundamental para garantir que os compostos utilizados tenham origem conhecida e concentra\u00e7\u00e3o controlada\u201d, afirma.<\/p>\n\n\n\n<figure class=\"wp-block-image size-large is-resized\"><img loading=\"lazy\" decoding=\"async\" width=\"819\" height=\"1024\" src=\"https:\/\/lavras.tv\/site\/wp-content\/uploads\/2026\/01\/WhatsApp-Image-2026-01-26-at-10.52.37-819x1024.jpeg\" alt=\"\" class=\"wp-image-169043\" style=\"aspect-ratio:0.8;width:433px;height:auto\" srcset=\"https:\/\/lavras.tv\/site\/wp-content\/uploads\/2026\/01\/WhatsApp-Image-2026-01-26-at-10.52.37-819x1024.jpeg 819w, https:\/\/lavras.tv\/site\/wp-content\/uploads\/2026\/01\/WhatsApp-Image-2026-01-26-at-10.52.37-240x300.jpeg 240w, https:\/\/lavras.tv\/site\/wp-content\/uploads\/2026\/01\/WhatsApp-Image-2026-01-26-at-10.52.37-120x150.jpeg 120w, https:\/\/lavras.tv\/site\/wp-content\/uploads\/2026\/01\/WhatsApp-Image-2026-01-26-at-10.52.37.jpeg 1080w\" sizes=\"(max-width: 819px) 100vw, 819px\" \/><\/figure>\n\n\n\n<p><strong>Informa\u00e7\u00e3o como aliada contra o preconceito<\/strong><\/p>\n\n\n\n<p>Al\u00e9m da burocracia, o preconceito social ainda \u00e9 um desafio presente. Para a equipe envolvida, esclarecer, informar e comunicar com responsabilidade tamb\u00e9m faz parte do trabalho cient\u00edfico.<\/p>\n\n\n\n<p>Mais do que estudar uma planta, a pesquisa desenvolvida na UFLA contribui para qualificar o debate p\u00fablico, reduzir a desinforma\u00e7\u00e3o e construir caminhos para que a ci\u00eancia chegue, de forma segura e respons\u00e1vel, a quem mais precisa.<\/p>\n","protected":false},"excerpt":{"rendered":"<p>Enquanto milhares de pacientes brasileiros dependem de medicamentos \u00e0 base de cannabis para controlar doen\u00e7as que n\u00e3o respondem aos tratamentos convencionais, uma pesquisa desenvolvida na Universidade Federal de Lavras (UFLA) rompe barreiras cient\u00edficas, regulat\u00f3rias e sociais e se consolida como uma das mais avan\u00e7adas do pa\u00eds na \u00e1rea de cannabis medicinal. Coordenado pela professora Vanessa [&hellip;]<\/p>\n","protected":false},"author":5,"featured_media":169038,"comment_status":"closed","ping_status":"open","sticky":false,"template":"","format":"standard","meta":{"advgb_blocks_editor_width":"","advgb_blocks_columns_visual_guide":"","_exactmetrics_skip_tracking":false,"_exactmetrics_sitenote_active":false,"_exactmetrics_sitenote_note":"","_exactmetrics_sitenote_category":0,"footnotes":""},"categories":[7,2],"tags":[],"class_list":["post-169034","post","type-post","status-publish","format-standard","has-post-thumbnail","hentry","category-destaques","category-noticias"],"better_featured_image":{"id":169038,"alt_text":"","caption":"","description":"","media_type":"image","media_details":{"width":1080,"height":1350,"file":"2026\/01\/WhatsApp-Image-2026-01-26-at-10.52.36-1-1.jpeg","filesize":193439,"sizes":{"medium":{"file":"WhatsApp-Image-2026-01-26-at-10.52.36-1-1-240x300.jpeg","width":240,"height":300,"mime-type":"image\/jpeg","filesize":16512,"source_url":"https:\/\/lavras.tv\/site\/wp-content\/uploads\/2026\/01\/WhatsApp-Image-2026-01-26-at-10.52.36-1-1-240x300.jpeg"},"large":{"file":"WhatsApp-Image-2026-01-26-at-10.52.36-1-1-819x1024.jpeg","width":819,"height":1024,"mime-type":"image\/jpeg","filesize":123105,"source_url":"https:\/\/lavras.tv\/site\/wp-content\/uploads\/2026\/01\/WhatsApp-Image-2026-01-26-at-10.52.36-1-1-819x1024.jpeg"},"thumbnail":{"file":"WhatsApp-Image-2026-01-26-at-10.52.36-1-1-120x150.jpeg","width":120,"height":150,"mime-type":"image\/jpeg","filesize":5262,"source_url":"https:\/\/lavras.tv\/site\/wp-content\/uploads\/2026\/01\/WhatsApp-Image-2026-01-26-at-10.52.36-1-1-120x150.jpeg"},"alm-thumbnail":{"file":"WhatsApp-Image-2026-01-26-at-10.52.36-1-1-150x150.jpeg","width":150,"height":150,"mime-type":"image\/jpeg","filesize":6301,"source_url":"https:\/\/lavras.tv\/site\/wp-content\/uploads\/2026\/01\/WhatsApp-Image-2026-01-26-at-10.52.36-1-1-150x150.jpeg"},"sow-carousel-default":{"file":"WhatsApp-Image-2026-01-26-at-10.52.36-1-1-272x182.jpeg","width":272,"height":182,"mime-type":"image\/jpeg","filesize":11391,"source_url":"https:\/\/lavras.tv\/site\/wp-content\/uploads\/2026\/01\/WhatsApp-Image-2026-01-26-at-10.52.36-1-1-272x182.jpeg"}},"image_meta":{"aperture":"0","credit":"","camera":"","caption":"","created_timestamp":"0","copyright":"","focal_length":"0","iso":"0","shutter_speed":"0","title":"","orientation":"0","keywords":[]}},"post":169034,"source_url":"https:\/\/lavras.tv\/site\/wp-content\/uploads\/2026\/01\/WhatsApp-Image-2026-01-26-at-10.52.36-1-1.jpeg"},"author_meta":{"display_name":"Vinicius Bustamante","author_link":"https:\/\/lavras.tv\/site\/author\/vinicius-bustamante\/"},"featured_img":"https:\/\/lavras.tv\/site\/wp-content\/uploads\/2026\/01\/WhatsApp-Image-2026-01-26-at-10.52.36-1-1-240x300.jpeg","coauthors":[],"tax_additional":{"categories":{"linked":["<a href=\"https:\/\/lavras.tv\/site\/category\/destaques\/\" class=\"advgb-post-tax-term\">Destaques<\/a>","<a href=\"https:\/\/lavras.tv\/site\/category\/noticias\/\" class=\"advgb-post-tax-term\">Not\u00edcias<\/a>"],"unlinked":["<span class=\"advgb-post-tax-term\">Destaques<\/span>","<span class=\"advgb-post-tax-term\">Not\u00edcias<\/span>"]}},"comment_count":"0","relative_dates":{"created":"Publicado 3 meses atr\u00e1s","modified":"Atualizado 3 meses atr\u00e1s"},"absolute_dates":{"created":"Publicado em 26 de janeiro de 2026","modified":"Atualizado em 26 de janeiro de 2026"},"absolute_dates_time":{"created":"Publicado em 26 de janeiro de 2026 13:22","modified":"Atualizado em 26 de janeiro de 2026 13:22"},"featured_img_caption":"","series_order":"","_links":{"self":[{"href":"https:\/\/lavras.tv\/site\/wp-json\/wp\/v2\/posts\/169034","targetHints":{"allow":["GET"]}}],"collection":[{"href":"https:\/\/lavras.tv\/site\/wp-json\/wp\/v2\/posts"}],"about":[{"href":"https:\/\/lavras.tv\/site\/wp-json\/wp\/v2\/types\/post"}],"author":[{"embeddable":true,"href":"https:\/\/lavras.tv\/site\/wp-json\/wp\/v2\/users\/5"}],"replies":[{"embeddable":true,"href":"https:\/\/lavras.tv\/site\/wp-json\/wp\/v2\/comments?post=169034"}],"version-history":[{"count":1,"href":"https:\/\/lavras.tv\/site\/wp-json\/wp\/v2\/posts\/169034\/revisions"}],"predecessor-version":[{"id":169044,"href":"https:\/\/lavras.tv\/site\/wp-json\/wp\/v2\/posts\/169034\/revisions\/169044"}],"wp:featuredmedia":[{"embeddable":true,"href":"https:\/\/lavras.tv\/site\/wp-json\/wp\/v2\/media\/169038"}],"wp:attachment":[{"href":"https:\/\/lavras.tv\/site\/wp-json\/wp\/v2\/media?parent=169034"}],"wp:term":[{"taxonomy":"category","embeddable":true,"href":"https:\/\/lavras.tv\/site\/wp-json\/wp\/v2\/categories?post=169034"},{"taxonomy":"post_tag","embeddable":true,"href":"https:\/\/lavras.tv\/site\/wp-json\/wp\/v2\/tags?post=169034"}],"curies":[{"name":"wp","href":"https:\/\/api.w.org\/{rel}","templated":true}]}}