{"id":169054,"date":"2026-01-26T13:34:54","date_gmt":"2026-01-26T16:34:54","guid":{"rendered":"https:\/\/lavras.tv\/site\/?p=169054"},"modified":"2026-01-26T13:34:55","modified_gmt":"2026-01-26T16:34:55","slug":"sisu-2026-saiba-como-consultar-o-resultado-do-processo-seletivo","status":"publish","type":"post","link":"https:\/\/lavras.tv\/site\/2026\/01\/26\/sisu-2026-saiba-como-consultar-o-resultado-do-processo-seletivo\/","title":{"rendered":"Sisu 2026: saiba como consultar o resultado do processo seletivo"},"content":{"rendered":"<div class=\"lavra-antes-do-conteudo_2\" id=\"lavra-969108804\"><div id=\"lavra-slider-27\" class=\"custom-slider lavra-slider-2928360151 lavra-slider\"><ul><li><div style=\"margin-left: auto;margin-right: auto;text-align: center;\" id=\"lavra-303857729\"><a href=\"https:\/\/sistemas.lavras.mg.gov.br\/portalcidadao\/#df1b1a7c7b2a290bcb31e32771e610784662739a88807c0dacac58ede5f391a7530e299dc302d611ee73cb143fc22eaf93592e53e7b5bdb01b00a0b8d28dae460c141dd2ff83412e4dc1c31b16b25f33144a9e5620ea73b13f5bc1c59411d98439ad226e8af03840603796067d87afe130812cf3de24982d0e306f9e61e764e5\" aria-label=\"Lavras-TV&#8211;720x104px (1) (1)\"><img src=\"https:\/\/lavras.tv\/site\/wp-content\/uploads\/2025\/01\/Lavras-TV-720x104px-1-1.png\" alt=\"\"  srcset=\"https:\/\/lavras.tv\/site\/wp-content\/uploads\/2025\/01\/Lavras-TV-720x104px-1-1.png 720w, https:\/\/lavras.tv\/site\/wp-content\/uploads\/2025\/01\/Lavras-TV-720x104px-1-1-470x68.png 470w, https:\/\/lavras.tv\/site\/wp-content\/uploads\/2025\/01\/Lavras-TV-720x104px-1-1-170x25.png 170w, https:\/\/lavras.tv\/site\/wp-content\/uploads\/2025\/01\/Lavras-TV-720x104px-1-1-200x29.png 200w\" sizes=\"(max-width: 720px) 100vw, 720px\" width=\"720\" height=\"104\"  style=\"display: inline-block;\" \/><\/a><\/div><\/li><li><a href=\"https:\/\/sistemas.lavras.mg.gov.br\/portalcidadao\/#df1b1a7c7b2a290bcb31e32771e610784662739a88807c0dacac58ede5f391a7530e299dc302d611ee73cb143fc22eaf93592e53e7b5bdb01b00a0b8d28dae460c141dd2ff83412e4dc1c31b16b25f33144a9e5620ea73b13f5bc1c59411d98439ad226e8af03840603796067d87afe130812cf3de24982d0e306f9e61e764e5\" aria-label=\"Banner_Emprego_PortallavrasTV\"><img src=\"https:\/\/lavras.tv\/site\/wp-content\/uploads\/2025\/03\/Banner_Emprego_PortallavrasTV.png\" alt=\"\"  srcset=\"https:\/\/lavras.tv\/site\/wp-content\/uploads\/2025\/03\/Banner_Emprego_PortallavrasTV.png 720w, https:\/\/lavras.tv\/site\/wp-content\/uploads\/2025\/03\/Banner_Emprego_PortallavrasTV-470x68.png 470w, https:\/\/lavras.tv\/site\/wp-content\/uploads\/2025\/03\/Banner_Emprego_PortallavrasTV-170x25.png 170w, https:\/\/lavras.tv\/site\/wp-content\/uploads\/2025\/03\/Banner_Emprego_PortallavrasTV-200x29.png 200w\" sizes=\"(max-width: 720px) 100vw, 720px\" width=\"720\" height=\"104\"   \/><\/a><\/li><li><a href=\"https:\/\/sistemas.lavras.mg.gov.br\/portalcidadao\/#df1b1a7c7b2a290bcb31e32771e610784662739a88807c0dacac58ede5f391a7530e299dc302d611ee73cb143fc22eaf93592e53e7b5bdb01b00a0b8d28dae460c141dd2ff83412e4dc1c31b16b25f33144a9e5620ea73b13f5bc1c59411d98439ad226e8af03840603796067d87afe130812cf3de24982d0e306f9e61e764e5\" aria-label=\"Banner_Obras_PortallavrasTV\"><img src=\"https:\/\/lavras.tv\/site\/wp-content\/uploads\/2025\/03\/Banner_Obras_PortallavrasTV.png\" alt=\"\"  srcset=\"https:\/\/lavras.tv\/site\/wp-content\/uploads\/2025\/03\/Banner_Obras_PortallavrasTV.png 720w, https:\/\/lavras.tv\/site\/wp-content\/uploads\/2025\/03\/Banner_Obras_PortallavrasTV-470x68.png 470w, https:\/\/lavras.tv\/site\/wp-content\/uploads\/2025\/03\/Banner_Obras_PortallavrasTV-170x25.png 170w, https:\/\/lavras.tv\/site\/wp-content\/uploads\/2025\/03\/Banner_Obras_PortallavrasTV-200x29.png 200w\" sizes=\"(max-width: 720px) 100vw, 720px\" width=\"720\" height=\"104\"   \/><\/a><\/li><li><div style=\"margin-left: auto;margin-right: auto;text-align: center;\" id=\"lavra-1828498195\"><a href=\"https:\/\/sistemas.lavras.mg.gov.br\/portalcidadao\/#df1b1a7c7b2a290bcb31e32771e610784662739a88807c0dacac58ede5f391a7530e299dc302d611ee73cb143fc22eaf93592e53e7b5bdb01b00a0b8d28dae460c141dd2ff83412e4dc1c31b16b25f33144a9e5620ea73b13f5bc1c59411d98439ad226e8af03840603796067d87afe130812cf3de24982d0e306f9e61e764e5\" aria-label=\"Banner_Educa\u00e7\u00e3o_PortallavrasTV\"><img src=\"https:\/\/lavras.tv\/site\/wp-content\/uploads\/2025\/01\/Banner_Educacao_PortallavrasTV.png\" alt=\"\"  srcset=\"https:\/\/lavras.tv\/site\/wp-content\/uploads\/2025\/01\/Banner_Educacao_PortallavrasTV.png 720w, https:\/\/lavras.tv\/site\/wp-content\/uploads\/2025\/01\/Banner_Educacao_PortallavrasTV-470x68.png 470w, https:\/\/lavras.tv\/site\/wp-content\/uploads\/2025\/01\/Banner_Educacao_PortallavrasTV-170x25.png 170w, https:\/\/lavras.tv\/site\/wp-content\/uploads\/2025\/01\/Banner_Educacao_PortallavrasTV-200x29.png 200w\" sizes=\"(max-width: 720px) 100vw, 720px\" width=\"720\" height=\"104\"  style=\"display: inline-block;\" \/><\/a><\/div><\/li><li><a href=\"https:\/\/sistemas.lavras.mg.gov.br\/portalcidadao\/#df1b1a7c7b2a290bcb31e32771e610784662739a88807c0dacac58ede5f391a7530e299dc302d611ee73cb143fc22eaf93592e53e7b5bdb01b00a0b8d28dae460c141dd2ff83412e4dc1c31b16b25f33144a9e5620ea73b13f5bc1c59411d98439ad226e8af03840603796067d87afe130812cf3de24982d0e306f9e61e764e5\" aria-label=\"Banner_Sa\u00fade_PortallavrasTV\"><img src=\"https:\/\/lavras.tv\/site\/wp-content\/uploads\/2025\/03\/Banner_Saude_PortallavrasTV.png\" alt=\"\"  srcset=\"https:\/\/lavras.tv\/site\/wp-content\/uploads\/2025\/03\/Banner_Saude_PortallavrasTV.png 720w, https:\/\/lavras.tv\/site\/wp-content\/uploads\/2025\/03\/Banner_Saude_PortallavrasTV-470x68.png 470w, https:\/\/lavras.tv\/site\/wp-content\/uploads\/2025\/03\/Banner_Saude_PortallavrasTV-170x25.png 170w, https:\/\/lavras.tv\/site\/wp-content\/uploads\/2025\/03\/Banner_Saude_PortallavrasTV-200x29.png 200w\" sizes=\"(max-width: 720px) 100vw, 720px\" width=\"720\" height=\"104\"   \/><\/a><\/li><li><div id=\"lavra-2261392102\" style=\"width:720px;height:104px;background-color:#ddd;overflow:scroll;\">\n\t<strong>Sa\u00edda da depura\u00e7\u00e3o de an\u00fancios<\/strong>\n\t<br><br>\n\tO an\u00fancio n\u00e3o \u00e9 exibido na p\u00e1gina<br><br>post atual: Sisu 2026: saiba como consultar o resultado do processo seletivo, ID: 169054<br><br><span style=\"color: red;\">O post atual n\u00e3o \u00e9 id\u00eantico ao post principal.<\/span><br><br>An\u00fancios: ROXO - TOPO INTERNA - ROTATIVO 2 (197)<br \/>Grupo de an\u00fancios: Princ_Meio01_720x104 (27)<br><br>Condi\u00e7\u00f5es de exibi\u00e7\u00e3o<div style=\"margin-bottom: 20px; white-space: pre-wrap; font-family: monospace; width: 100%; background: #ffe9e9;\"><strong>condi\u00e7\u00f5es gerais<\/strong><table border=\"1\"><thead><tr><th><\/th><th>An\u00fancios<\/th><th>wp_the_query<\/th><\/tr><\/thead><tr><td>is_main_query<\/td><td>1<\/td><td>1<\/td><\/tr><tr><td>is_rest_api<\/td><td>0<\/td><td>1<\/td><\/tr><tr><td>page<\/td><td>0<\/td><td>1<\/td><\/tr><tr><td>numpages<\/td><td>0<\/td><td>1<\/td><\/tr><tr><td>is_archive<\/td><td>1<\/td><td><\/td><\/tr><tr><td>is_search<\/td><td>1<\/td><td><\/td><\/tr><tr><td>is_home<\/td><td>1<\/td><td><\/td><\/tr><tr><td>is_404<\/td><td>1<\/td><td><\/td><\/tr><tr><td>is_attachment<\/td><td>1<\/td><td><\/td><\/tr><tr><td>is_singular<\/td><td>1<\/td><td><\/td><\/tr><tr><td>is_front_page<\/td><td>1<\/td><td><\/td><\/tr><tr><td>is_feed<\/td><td>1<\/td><td><\/td><\/tr><\/table><\/div><br><br><span style=\"color: red;\">Seu site usa HTTPS, mas o c\u00f3digo do an\u00fancio cont\u00e9m HTTP e pode n\u00e3o funcionar.<\/span>\t<br><br>\n\t<a style=\"color: green;\" href=\"https:\/\/wpadvancedads.com\/manual\/ad-debug-mode\/?utm_source=advanced-ads&utm_medium=link&utm_campaign=ad-debug-mode\" target=\"_blank\" rel=\"nofollow\">Encontre solu\u00e7\u00f5es no manual<\/a>\n<\/div>\n<\/li><\/ul><\/div><script>( window.advanced_ads_ready || jQuery( document ).ready ).call( null, function() {var $lavraslider2928360151 = jQuery( \".lavra-slider-2928360151\" );$lavraslider2928360151.on( \"unslider.ready\", function() { jQuery( \"div.custom-slider ul li\" ).css( \"display\", \"block\" ); });$lavraslider2928360151.unslider({ delay:4000, autoplay:true, nav:false, arrows:false, infinite:true });$lavraslider2928360151.on(\"mouseover\", function() {$lavraslider2928360151.unslider(\"stop\");}).on(\"mouseout\", function() {$lavraslider2928360151.unslider(\"start\");});});<\/script><\/div>\n<h2 class=\"wp-block-heading\">A lista de classificados ser\u00e1 divulgada na quinta-feira (29), no site oficial do programa<\/h2>\n\n\n\n<p><img fetchpriority=\"high\" decoding=\"async\" alt=\"Inscri\u00e7\u00f5es seguem at\u00e9 a quinta-feira (25)\" width=\"1000\" height=\"563\" src=\"https:\/\/medias.itatiaia.com.br\/dims4\/default\/52e4c48\/2147483647\/strip\/true\/crop\/1170x659+0+21\/resize\/1000x563!\/quality\/90\/?url=https%3A%2F%2Fk2-prod-radio-itatiaia.s3.us-east-1.amazonaws.com%2Fbrightspot%2F4f%2F84%2F0e607bd54840ae00a4bf72d00470%2F20230710-125733.webp\"><\/p>\n\n\n\n<p>Rafa Neddermeyer (Ag\u00eancia Brasil) | Reprodu\u00e7\u00e3o<\/p>\n\n\n\n<p>SISU 2026<\/p>\n\n\n\n<p>O per\u00edodo de inscri\u00e7\u00f5es para o&nbsp;<a href=\"https:\/\/www.itatiaia.com.br\/educacao\/sisu-segue-aberto-ate-sexta-23-candidatos-podem-mudar-curso-e-universidade-durante-a-semana\" target=\"_blank\" rel=\"noreferrer noopener\"><strong>Sistema de Sele\u00e7\u00e3o Unificada (Sisu)<\/strong><\/a>&nbsp;acabou na \u00faltima sexta-feira (23). Agora, a expectativa dos alunos que querem estudar em universidades federais de todo o Brasil \u00e9 sobre o resultado da chamada regular, que ser\u00e1 nesta quinta-feira (29).<\/p>\n\n\n\n<p>Alunos que participaram de ao menos uma das tr\u00eas \u00faltimas edi\u00e7\u00f5es do Exame Nacional do Ensino M\u00e9dio (Enem), em 2023, 2024 ou 2025, puderam&nbsp;<a href=\"https:\/\/www.itatiaia.com.br\/educacao\/sisu-2026-saiba-passo-a-passo-de-como-se-inscrever\"><strong>concorrer \u00e0s vagas ofertadas<\/strong><\/a>.<\/p>\n\n\n\n<p>Mais de 274 mil vagas foram oferecidas em todo o Brasil.<\/p>\n\n\n\n<p>A lista de classificados ser\u00e1 divulgada na quinta-feira (29), no site oficial do programa, no Portal \u00danico de Acesso ao Ensino Superior.<\/p>\n\n\n\n<p>O aluno dever\u00e1 entrar no site, realizar o login com a conta gov.br e verificar a classifica\u00e7\u00e3o no \u201cBoletim do Candidato\u201d. L\u00e1 estar\u00e3o os resultados das duas op\u00e7\u00f5es de curso escolhidas.<\/p>\n\n\n\n<p>Caso seja aprovado, o aluno dever\u00e1 realizar a inscri\u00e7\u00e3o na universidade escolhida at\u00e9 o dia 2 de fevereiro. Se n\u00e3o passar, o estudante poder\u00e1 entrar na lista de espera do dia 29 at\u00e9 o dia 2 de fevereiro. Se houver desist\u00eancia, o pr\u00f3ximo aluno na lista de espera ser\u00e1 chamado a partir do dia 11 de fevereiro.<\/p>\n","protected":false},"excerpt":{"rendered":"<p>A lista de classificados ser\u00e1 divulgada na quinta-feira (29), no site oficial do programa Rafa Neddermeyer (Ag\u00eancia Brasil) | Reprodu\u00e7\u00e3o SISU 2026 O per\u00edodo de inscri\u00e7\u00f5es para o&nbsp;Sistema de Sele\u00e7\u00e3o Unificada (Sisu)&nbsp;acabou na \u00faltima sexta-feira (23). Agora, a expectativa dos alunos que querem estudar em universidades federais de todo o Brasil \u00e9 sobre o resultado [&hellip;]<\/p>\n","protected":false},"author":5,"featured_media":169055,"comment_status":"closed","ping_status":"open","sticky":false,"template":"","format":"standard","meta":{"advgb_blocks_editor_width":"","advgb_blocks_columns_visual_guide":"","_exactmetrics_skip_tracking":false,"_exactmetrics_sitenote_active":false,"_exactmetrics_sitenote_note":"","_exactmetrics_sitenote_category":0,"footnotes":""},"categories":[7,5719,2],"tags":[],"class_list":["post-169054","post","type-post","status-publish","format-standard","has-post-thumbnail","hentry","category-destaques","category-educacao","category-noticias"],"better_featured_image":{"id":169055,"alt_text":"","caption":"","description":"","media_type":"image","media_details":{"width":1000,"height":563,"file":"2026\/01\/download-3-3.webp","filesize":143506,"sizes":{"medium":{"file":"download-3-3-470x265.webp","width":470,"height":265,"mime-type":"image\/webp","filesize":19248,"source_url":"https:\/\/lavras.tv\/site\/wp-content\/uploads\/2026\/01\/download-3-3-470x265.webp"},"large":{"file":"download-3-3-970x546.webp","width":970,"height":546,"mime-type":"image\/webp","filesize":79376,"source_url":"https:\/\/lavras.tv\/site\/wp-content\/uploads\/2026\/01\/download-3-3-970x546.webp"},"thumbnail":{"file":"download-3-3-170x96.webp","width":170,"height":96,"mime-type":"image\/webp","filesize":3332,"source_url":"https:\/\/lavras.tv\/site\/wp-content\/uploads\/2026\/01\/download-3-3-170x96.webp"},"alm-thumbnail":{"file":"download-3-3-150x150.webp","width":150,"height":150,"mime-type":"image\/webp","filesize":4376,"source_url":"https:\/\/lavras.tv\/site\/wp-content\/uploads\/2026\/01\/download-3-3-150x150.webp"},"sow-carousel-default":{"file":"download-3-3-272x182.webp","width":272,"height":182,"mime-type":"image\/webp","filesize":7716,"source_url":"https:\/\/lavras.tv\/site\/wp-content\/uploads\/2026\/01\/download-3-3-272x182.webp"}},"image_meta":{"aperture":"0","credit":"","camera":"","caption":"","created_timestamp":"0","copyright":"","focal_length":"0","iso":"0","shutter_speed":"0","title":"","orientation":"0","keywords":[]}},"post":169054,"source_url":"https:\/\/lavras.tv\/site\/wp-content\/uploads\/2026\/01\/download-3-3.webp"},"author_meta":{"display_name":"Vinicius Bustamante","author_link":"https:\/\/lavras.tv\/site\/author\/vinicius-bustamante\/"},"featured_img":"https:\/\/lavras.tv\/site\/wp-content\/uploads\/2026\/01\/download-3-3-470x265.webp","coauthors":[],"tax_additional":{"categories":{"linked":["<a href=\"https:\/\/lavras.tv\/site\/category\/destaques\/\" class=\"advgb-post-tax-term\">Destaques<\/a>","<a href=\"https:\/\/lavras.tv\/site\/category\/educacao\/\" class=\"advgb-post-tax-term\">Educa\u00e7\u00e3o<\/a>","<a href=\"https:\/\/lavras.tv\/site\/category\/noticias\/\" class=\"advgb-post-tax-term\">Not\u00edcias<\/a>"],"unlinked":["<span class=\"advgb-post-tax-term\">Destaques<\/span>","<span class=\"advgb-post-tax-term\">Educa\u00e7\u00e3o<\/span>","<span class=\"advgb-post-tax-term\">Not\u00edcias<\/span>"]}},"comment_count":"0","relative_dates":{"created":"Publicado 3 meses atr\u00e1s","modified":"Atualizado 3 meses atr\u00e1s"},"absolute_dates":{"created":"Publicado em 26 de janeiro de 2026","modified":"Atualizado em 26 de janeiro de 2026"},"absolute_dates_time":{"created":"Publicado em 26 de janeiro de 2026 13:34","modified":"Atualizado em 26 de janeiro de 2026 13:34"},"featured_img_caption":"","series_order":"","_links":{"self":[{"href":"https:\/\/lavras.tv\/site\/wp-json\/wp\/v2\/posts\/169054","targetHints":{"allow":["GET"]}}],"collection":[{"href":"https:\/\/lavras.tv\/site\/wp-json\/wp\/v2\/posts"}],"about":[{"href":"https:\/\/lavras.tv\/site\/wp-json\/wp\/v2\/types\/post"}],"author":[{"embeddable":true,"href":"https:\/\/lavras.tv\/site\/wp-json\/wp\/v2\/users\/5"}],"replies":[{"embeddable":true,"href":"https:\/\/lavras.tv\/site\/wp-json\/wp\/v2\/comments?post=169054"}],"version-history":[{"count":1,"href":"https:\/\/lavras.tv\/site\/wp-json\/wp\/v2\/posts\/169054\/revisions"}],"predecessor-version":[{"id":169056,"href":"https:\/\/lavras.tv\/site\/wp-json\/wp\/v2\/posts\/169054\/revisions\/169056"}],"wp:featuredmedia":[{"embeddable":true,"href":"https:\/\/lavras.tv\/site\/wp-json\/wp\/v2\/media\/169055"}],"wp:attachment":[{"href":"https:\/\/lavras.tv\/site\/wp-json\/wp\/v2\/media?parent=169054"}],"wp:term":[{"taxonomy":"category","embeddable":true,"href":"https:\/\/lavras.tv\/site\/wp-json\/wp\/v2\/categories?post=169054"},{"taxonomy":"post_tag","embeddable":true,"href":"https:\/\/lavras.tv\/site\/wp-json\/wp\/v2\/tags?post=169054"}],"curies":[{"name":"wp","href":"https:\/\/api.w.org\/{rel}","templated":true}]}}