{"id":169057,"date":"2026-01-26T13:39:00","date_gmt":"2026-01-26T16:39:00","guid":{"rendered":"https:\/\/lavras.tv\/site\/?p=169057"},"modified":"2026-01-26T13:39:01","modified_gmt":"2026-01-26T16:39:01","slug":"prouni-2026-inscricoes-comecam-nesta-segunda-26-saiba-como-fazer","status":"publish","type":"post","link":"https:\/\/lavras.tv\/site\/2026\/01\/26\/prouni-2026-inscricoes-comecam-nesta-segunda-26-saiba-como-fazer\/","title":{"rendered":"Prouni 2026: inscri\u00e7\u00f5es come\u00e7am nesta segunda (26); saiba como fazer"},"content":{"rendered":"<div class=\"lavra-antes-do-conteudo_2\" id=\"lavra-2830882978\"><div id=\"lavra-slider-27\" class=\"custom-slider lavra-slider-1450306247 lavra-slider\"><ul><li><div style=\"margin-left: auto;margin-right: auto;text-align: center;\" id=\"lavra-3526545279\"><a href=\"https:\/\/sistemas.lavras.mg.gov.br\/portalcidadao\/#df1b1a7c7b2a290bcb31e32771e610784662739a88807c0dacac58ede5f391a7530e299dc302d611ee73cb143fc22eaf93592e53e7b5bdb01b00a0b8d28dae460c141dd2ff83412e4dc1c31b16b25f33144a9e5620ea73b13f5bc1c59411d98439ad226e8af03840603796067d87afe130812cf3de24982d0e306f9e61e764e5\" aria-label=\"Lavras-TV&#8211;720x104px (1) (1)\"><img src=\"https:\/\/lavras.tv\/site\/wp-content\/uploads\/2025\/01\/Lavras-TV-720x104px-1-1.png\" alt=\"\"  srcset=\"https:\/\/lavras.tv\/site\/wp-content\/uploads\/2025\/01\/Lavras-TV-720x104px-1-1.png 720w, https:\/\/lavras.tv\/site\/wp-content\/uploads\/2025\/01\/Lavras-TV-720x104px-1-1-470x68.png 470w, https:\/\/lavras.tv\/site\/wp-content\/uploads\/2025\/01\/Lavras-TV-720x104px-1-1-170x25.png 170w, https:\/\/lavras.tv\/site\/wp-content\/uploads\/2025\/01\/Lavras-TV-720x104px-1-1-200x29.png 200w\" sizes=\"(max-width: 720px) 100vw, 720px\" width=\"720\" height=\"104\"  style=\"display: inline-block;\" \/><\/a><\/div><\/li><li><a href=\"https:\/\/sistemas.lavras.mg.gov.br\/portalcidadao\/#df1b1a7c7b2a290bcb31e32771e610784662739a88807c0dacac58ede5f391a7530e299dc302d611ee73cb143fc22eaf93592e53e7b5bdb01b00a0b8d28dae460c141dd2ff83412e4dc1c31b16b25f33144a9e5620ea73b13f5bc1c59411d98439ad226e8af03840603796067d87afe130812cf3de24982d0e306f9e61e764e5\" aria-label=\"Banner_Emprego_PortallavrasTV\"><img src=\"https:\/\/lavras.tv\/site\/wp-content\/uploads\/2025\/03\/Banner_Emprego_PortallavrasTV.png\" alt=\"\"  srcset=\"https:\/\/lavras.tv\/site\/wp-content\/uploads\/2025\/03\/Banner_Emprego_PortallavrasTV.png 720w, https:\/\/lavras.tv\/site\/wp-content\/uploads\/2025\/03\/Banner_Emprego_PortallavrasTV-470x68.png 470w, https:\/\/lavras.tv\/site\/wp-content\/uploads\/2025\/03\/Banner_Emprego_PortallavrasTV-170x25.png 170w, https:\/\/lavras.tv\/site\/wp-content\/uploads\/2025\/03\/Banner_Emprego_PortallavrasTV-200x29.png 200w\" sizes=\"(max-width: 720px) 100vw, 720px\" width=\"720\" height=\"104\"   \/><\/a><\/li><li><a href=\"https:\/\/sistemas.lavras.mg.gov.br\/portalcidadao\/#df1b1a7c7b2a290bcb31e32771e610784662739a88807c0dacac58ede5f391a7530e299dc302d611ee73cb143fc22eaf93592e53e7b5bdb01b00a0b8d28dae460c141dd2ff83412e4dc1c31b16b25f33144a9e5620ea73b13f5bc1c59411d98439ad226e8af03840603796067d87afe130812cf3de24982d0e306f9e61e764e5\" aria-label=\"Banner_Obras_PortallavrasTV\"><img src=\"https:\/\/lavras.tv\/site\/wp-content\/uploads\/2025\/03\/Banner_Obras_PortallavrasTV.png\" alt=\"\"  srcset=\"https:\/\/lavras.tv\/site\/wp-content\/uploads\/2025\/03\/Banner_Obras_PortallavrasTV.png 720w, https:\/\/lavras.tv\/site\/wp-content\/uploads\/2025\/03\/Banner_Obras_PortallavrasTV-470x68.png 470w, https:\/\/lavras.tv\/site\/wp-content\/uploads\/2025\/03\/Banner_Obras_PortallavrasTV-170x25.png 170w, https:\/\/lavras.tv\/site\/wp-content\/uploads\/2025\/03\/Banner_Obras_PortallavrasTV-200x29.png 200w\" sizes=\"(max-width: 720px) 100vw, 720px\" width=\"720\" height=\"104\"   \/><\/a><\/li><li><div style=\"margin-left: auto;margin-right: auto;text-align: center;\" id=\"lavra-2177899023\"><a href=\"https:\/\/sistemas.lavras.mg.gov.br\/portalcidadao\/#df1b1a7c7b2a290bcb31e32771e610784662739a88807c0dacac58ede5f391a7530e299dc302d611ee73cb143fc22eaf93592e53e7b5bdb01b00a0b8d28dae460c141dd2ff83412e4dc1c31b16b25f33144a9e5620ea73b13f5bc1c59411d98439ad226e8af03840603796067d87afe130812cf3de24982d0e306f9e61e764e5\" aria-label=\"Banner_Educa\u00e7\u00e3o_PortallavrasTV\"><img src=\"https:\/\/lavras.tv\/site\/wp-content\/uploads\/2025\/01\/Banner_Educacao_PortallavrasTV.png\" alt=\"\"  srcset=\"https:\/\/lavras.tv\/site\/wp-content\/uploads\/2025\/01\/Banner_Educacao_PortallavrasTV.png 720w, https:\/\/lavras.tv\/site\/wp-content\/uploads\/2025\/01\/Banner_Educacao_PortallavrasTV-470x68.png 470w, https:\/\/lavras.tv\/site\/wp-content\/uploads\/2025\/01\/Banner_Educacao_PortallavrasTV-170x25.png 170w, https:\/\/lavras.tv\/site\/wp-content\/uploads\/2025\/01\/Banner_Educacao_PortallavrasTV-200x29.png 200w\" sizes=\"(max-width: 720px) 100vw, 720px\" width=\"720\" height=\"104\"  style=\"display: inline-block;\" \/><\/a><\/div><\/li><li><a href=\"https:\/\/sistemas.lavras.mg.gov.br\/portalcidadao\/#df1b1a7c7b2a290bcb31e32771e610784662739a88807c0dacac58ede5f391a7530e299dc302d611ee73cb143fc22eaf93592e53e7b5bdb01b00a0b8d28dae460c141dd2ff83412e4dc1c31b16b25f33144a9e5620ea73b13f5bc1c59411d98439ad226e8af03840603796067d87afe130812cf3de24982d0e306f9e61e764e5\" aria-label=\"Banner_Sa\u00fade_PortallavrasTV\"><img src=\"https:\/\/lavras.tv\/site\/wp-content\/uploads\/2025\/03\/Banner_Saude_PortallavrasTV.png\" alt=\"\"  srcset=\"https:\/\/lavras.tv\/site\/wp-content\/uploads\/2025\/03\/Banner_Saude_PortallavrasTV.png 720w, https:\/\/lavras.tv\/site\/wp-content\/uploads\/2025\/03\/Banner_Saude_PortallavrasTV-470x68.png 470w, https:\/\/lavras.tv\/site\/wp-content\/uploads\/2025\/03\/Banner_Saude_PortallavrasTV-170x25.png 170w, https:\/\/lavras.tv\/site\/wp-content\/uploads\/2025\/03\/Banner_Saude_PortallavrasTV-200x29.png 200w\" sizes=\"(max-width: 720px) 100vw, 720px\" width=\"720\" height=\"104\"   \/><\/a><\/li><li><div id=\"lavra-1154349268\" style=\"width:720px;height:104px;background-color:#ddd;overflow:scroll;\">\n\t<strong>Sa\u00edda da depura\u00e7\u00e3o de an\u00fancios<\/strong>\n\t<br><br>\n\tO an\u00fancio n\u00e3o \u00e9 exibido na p\u00e1gina<br><br>post atual: Prouni 2026: inscri\u00e7\u00f5es come\u00e7am nesta segunda (26); saiba como fazer, ID: 169057<br><br><span style=\"color: red;\">O post atual n\u00e3o \u00e9 id\u00eantico ao post principal.<\/span><br><br>An\u00fancios: ROXO - TOPO INTERNA - ROTATIVO 2 (197)<br \/>Grupo de an\u00fancios: Princ_Meio01_720x104 (27)<br><br>Condi\u00e7\u00f5es de exibi\u00e7\u00e3o<div style=\"margin-bottom: 20px; white-space: pre-wrap; font-family: monospace; width: 100%; background: #ffe9e9;\"><strong>condi\u00e7\u00f5es gerais<\/strong><table border=\"1\"><thead><tr><th><\/th><th>An\u00fancios<\/th><th>wp_the_query<\/th><\/tr><\/thead><tr><td>is_main_query<\/td><td>1<\/td><td>1<\/td><\/tr><tr><td>is_rest_api<\/td><td>0<\/td><td>1<\/td><\/tr><tr><td>page<\/td><td>0<\/td><td>1<\/td><\/tr><tr><td>numpages<\/td><td>0<\/td><td>1<\/td><\/tr><tr><td>is_archive<\/td><td>1<\/td><td><\/td><\/tr><tr><td>is_search<\/td><td>1<\/td><td><\/td><\/tr><tr><td>is_home<\/td><td>1<\/td><td><\/td><\/tr><tr><td>is_404<\/td><td>1<\/td><td><\/td><\/tr><tr><td>is_attachment<\/td><td>1<\/td><td><\/td><\/tr><tr><td>is_singular<\/td><td>1<\/td><td><\/td><\/tr><tr><td>is_front_page<\/td><td>1<\/td><td><\/td><\/tr><tr><td>is_feed<\/td><td>1<\/td><td><\/td><\/tr><\/table><\/div><br><br><span style=\"color: red;\">Seu site usa HTTPS, mas o c\u00f3digo do an\u00fancio cont\u00e9m HTTP e pode n\u00e3o funcionar.<\/span>\t<br><br>\n\t<a style=\"color: green;\" href=\"https:\/\/wpadvancedads.com\/manual\/ad-debug-mode\/?utm_source=advanced-ads&utm_medium=link&utm_campaign=ad-debug-mode\" target=\"_blank\" rel=\"nofollow\">Encontre solu\u00e7\u00f5es no manual<\/a>\n<\/div>\n<\/li><\/ul><\/div><script>( window.advanced_ads_ready || jQuery( document ).ready ).call( null, function() {var $lavraslider1450306247 = jQuery( \".lavra-slider-1450306247\" );$lavraslider1450306247.on( \"unslider.ready\", function() { jQuery( \"div.custom-slider ul li\" ).css( \"display\", \"block\" ); });$lavraslider1450306247.unslider({ delay:4000, autoplay:true, nav:false, arrows:false, infinite:true });$lavraslider1450306247.on(\"mouseover\", function() {$lavraslider1450306247.unslider(\"stop\");}).on(\"mouseout\", function() {$lavraslider1450306247.unslider(\"start\");});});<\/script><\/div>\n<h2 class=\"wp-block-heading\">Alunos que realizaram o Exame Nacional do Ensino M\u00e9dio (Enem) pode aplicar suas notas no programa<\/h2>\n\n\n\n<figure class=\"wp-block-image\"><img decoding=\"async\" src=\"https:\/\/medias.itatiaia.com.br\/dims4\/default\/c8b4846\/2147483647\/strip\/true\/crop\/1024x577+0+96\/resize\/1000x563!\/quality\/90\/?url=https%3A%2F%2Fk2-prod-radio-itatiaia.s3.us-east-1.amazonaws.com%2Fbrightspot%2F75%2F4e%2F70ea1c1e488c80c9e360f0380ef8%2F20230627-123934-0.webp\" alt=\"Prouni 2024: inscri\u00e7\u00f5es terminam nesta sexta-feira\"\/><\/figure>\n\n\n\n<p>Rafa Neddermeyer (Ag\u00eancia Brasil) | Reprodu\u00e7\u00e3o<\/p>\n\n\n\n<p>Programa Universidade para Todos<\/p>\n\n\n\n<p>As\u00a0<a href=\"https:\/\/www.itatiaia.com.br\/educacao\/prouni-inscricoes-do-1-semestre-comecam-nesta-segunda-26-veja-quem-pode-participar\"><strong>inscri\u00e7\u00f5es do Programa Universidade para Todos (Prouni)<\/strong><\/a>, que concede bolsas de estudo para institui\u00e7\u00f5es de ensino privadas de todo o Brasil, come\u00e7aram nesta segunda-feira (26). O per\u00edodo vai at\u00e9 quinta-feira (29).<\/p>\n\n\n\n<p>Alunos que realizaram o Exame Nacional do Ensino M\u00e9dio (Enem) pode aplicar suas notas no programa. S\u00e3o consideradas as notas das duas \u00faltimas edi\u00e7\u00f5es da prova. \u00c9 necess\u00e1rio obter, no m\u00ednimo, 450 pontos de m\u00e9dia no Enem e n\u00e3o ter zerado a reda\u00e7\u00e3o.<\/p>\n\n\n\n<h2 class=\"wp-block-heading\">Como se inscrever?<\/h2>\n\n\n\n<p>Para se inscrever, \u00e9 necess\u00e1rio entrar na p\u00e1gina do Prouni no Portal \u00danico de Acesso ao Ensino Superior e clicar em \u201cInscrever-se\u201d. Depois, ser\u00e1 preciso logar com a conta gov.br.<\/p>\n\n\n\n<p>Com o login feito, o aluno ser\u00e1 encaminhado para uma p\u00e1gina que pede dados b\u00e1sicos, como data de nascimento e endere\u00e7o. Depois, s\u00e3o solicitados dados sobre ra\u00e7a ou cor, onde o aluno estudou e se tem alguma defici\u00eancia. Na terceira etapa, o estudante dever\u00e1 responder um question\u00e1rio sobre renda familiar.<\/p>\n\n\n\n<p>Depois disso, a p\u00e1gina pede para escolher as duas op\u00e7\u00f5es de curso desejadas.<\/p>\n\n\n\n<h2 class=\"wp-block-heading\">Resultados<\/h2>\n\n\n\n<p>Os&nbsp;<a href=\"https:\/\/www.itatiaia.com.br\/educacao\/prouni-2026-tem-inscricoes-abertas-a-partir-de-26-de-janeiro-veja-cronograma\"><strong>resultados da primeira chamada<\/strong><\/a>&nbsp;ser\u00e3o divulgados no dia 3 de fevereiro. Os alunos ser\u00e3o convocados para a comprova\u00e7\u00e3o de renda entre os dias 3 e 13 de fevereiro.<\/p>\n\n\n\n<p>A segunda chamada ter\u00e1 resultado divulgado em 2 de mar\u00e7o.<\/p>\n","protected":false},"excerpt":{"rendered":"<p>Alunos que realizaram o Exame Nacional do Ensino M\u00e9dio (Enem) pode aplicar suas notas no programa Rafa Neddermeyer (Ag\u00eancia Brasil) | Reprodu\u00e7\u00e3o Programa Universidade para Todos As\u00a0inscri\u00e7\u00f5es do Programa Universidade para Todos (Prouni), que concede bolsas de estudo para institui\u00e7\u00f5es de ensino privadas de todo o Brasil, come\u00e7aram nesta segunda-feira (26). O per\u00edodo vai at\u00e9 [&hellip;]<\/p>\n","protected":false},"author":5,"featured_media":169058,"comment_status":"closed","ping_status":"open","sticky":false,"template":"","format":"standard","meta":{"advgb_blocks_editor_width":"","advgb_blocks_columns_visual_guide":"","_exactmetrics_skip_tracking":false,"_exactmetrics_sitenote_active":false,"_exactmetrics_sitenote_note":"","_exactmetrics_sitenote_category":0,"footnotes":""},"categories":[7,5719,2],"tags":[],"class_list":["post-169057","post","type-post","status-publish","format-standard","has-post-thumbnail","hentry","category-destaques","category-educacao","category-noticias"],"better_featured_image":{"id":169058,"alt_text":"","caption":"","description":"","media_type":"image","media_details":{"width":1000,"height":563,"file":"2026\/01\/download-4-3.webp","filesize":51794,"sizes":{"medium":{"file":"download-4-3-470x265.webp","width":470,"height":265,"mime-type":"image\/webp","filesize":14878,"source_url":"https:\/\/lavras.tv\/site\/wp-content\/uploads\/2026\/01\/download-4-3-470x265.webp"},"large":{"file":"download-4-3-970x546.webp","width":970,"height":546,"mime-type":"image\/webp","filesize":33916,"source_url":"https:\/\/lavras.tv\/site\/wp-content\/uploads\/2026\/01\/download-4-3-970x546.webp"},"thumbnail":{"file":"download-4-3-170x96.webp","width":170,"height":96,"mime-type":"image\/webp","filesize":4028,"source_url":"https:\/\/lavras.tv\/site\/wp-content\/uploads\/2026\/01\/download-4-3-170x96.webp"},"alm-thumbnail":{"file":"download-4-3-150x150.webp","width":150,"height":150,"mime-type":"image\/webp","filesize":4362,"source_url":"https:\/\/lavras.tv\/site\/wp-content\/uploads\/2026\/01\/download-4-3-150x150.webp"},"sow-carousel-default":{"file":"download-4-3-272x182.webp","width":272,"height":182,"mime-type":"image\/webp","filesize":8418,"source_url":"https:\/\/lavras.tv\/site\/wp-content\/uploads\/2026\/01\/download-4-3-272x182.webp"}},"image_meta":{"aperture":"0","credit":"","camera":"","caption":"","created_timestamp":"0","copyright":"","focal_length":"0","iso":"0","shutter_speed":"0","title":"","orientation":"0","keywords":[]}},"post":169057,"source_url":"https:\/\/lavras.tv\/site\/wp-content\/uploads\/2026\/01\/download-4-3.webp"},"author_meta":{"display_name":"Vinicius Bustamante","author_link":"https:\/\/lavras.tv\/site\/author\/vinicius-bustamante\/"},"featured_img":"https:\/\/lavras.tv\/site\/wp-content\/uploads\/2026\/01\/download-4-3-470x265.webp","coauthors":[],"tax_additional":{"categories":{"linked":["<a href=\"https:\/\/lavras.tv\/site\/category\/destaques\/\" class=\"advgb-post-tax-term\">Destaques<\/a>","<a href=\"https:\/\/lavras.tv\/site\/category\/educacao\/\" class=\"advgb-post-tax-term\">Educa\u00e7\u00e3o<\/a>","<a href=\"https:\/\/lavras.tv\/site\/category\/noticias\/\" class=\"advgb-post-tax-term\">Not\u00edcias<\/a>"],"unlinked":["<span class=\"advgb-post-tax-term\">Destaques<\/span>","<span class=\"advgb-post-tax-term\">Educa\u00e7\u00e3o<\/span>","<span class=\"advgb-post-tax-term\">Not\u00edcias<\/span>"]}},"comment_count":"0","relative_dates":{"created":"Publicado 3 meses atr\u00e1s","modified":"Atualizado 3 meses atr\u00e1s"},"absolute_dates":{"created":"Publicado em 26 de janeiro de 2026","modified":"Atualizado em 26 de janeiro de 2026"},"absolute_dates_time":{"created":"Publicado em 26 de janeiro de 2026 13:39","modified":"Atualizado em 26 de janeiro de 2026 13:39"},"featured_img_caption":"","series_order":"","_links":{"self":[{"href":"https:\/\/lavras.tv\/site\/wp-json\/wp\/v2\/posts\/169057","targetHints":{"allow":["GET"]}}],"collection":[{"href":"https:\/\/lavras.tv\/site\/wp-json\/wp\/v2\/posts"}],"about":[{"href":"https:\/\/lavras.tv\/site\/wp-json\/wp\/v2\/types\/post"}],"author":[{"embeddable":true,"href":"https:\/\/lavras.tv\/site\/wp-json\/wp\/v2\/users\/5"}],"replies":[{"embeddable":true,"href":"https:\/\/lavras.tv\/site\/wp-json\/wp\/v2\/comments?post=169057"}],"version-history":[{"count":1,"href":"https:\/\/lavras.tv\/site\/wp-json\/wp\/v2\/posts\/169057\/revisions"}],"predecessor-version":[{"id":169059,"href":"https:\/\/lavras.tv\/site\/wp-json\/wp\/v2\/posts\/169057\/revisions\/169059"}],"wp:featuredmedia":[{"embeddable":true,"href":"https:\/\/lavras.tv\/site\/wp-json\/wp\/v2\/media\/169058"}],"wp:attachment":[{"href":"https:\/\/lavras.tv\/site\/wp-json\/wp\/v2\/media?parent=169057"}],"wp:term":[{"taxonomy":"category","embeddable":true,"href":"https:\/\/lavras.tv\/site\/wp-json\/wp\/v2\/categories?post=169057"},{"taxonomy":"post_tag","embeddable":true,"href":"https:\/\/lavras.tv\/site\/wp-json\/wp\/v2\/tags?post=169057"}],"curies":[{"name":"wp","href":"https:\/\/api.w.org\/{rel}","templated":true}]}}