{"id":169060,"date":"2026-01-26T13:47:16","date_gmt":"2026-01-26T16:47:16","guid":{"rendered":"https:\/\/lavras.tv\/site\/?p=169060"},"modified":"2026-01-26T13:47:17","modified_gmt":"2026-01-26T16:47:17","slug":"ufmg-divulga-chance-de-classificacao-de-atletico-e-cruzeiro-veja-risco-de-queda","status":"publish","type":"post","link":"https:\/\/lavras.tv\/site\/2026\/01\/26\/ufmg-divulga-chance-de-classificacao-de-atletico-e-cruzeiro-veja-risco-de-queda\/","title":{"rendered":"UFMG divulga chance de classifica\u00e7\u00e3o de Atl\u00e9tico e Cruzeiro; veja risco de queda"},"content":{"rendered":"<div class=\"lavra-antes-do-conteudo_2\" id=\"lavra-693084871\"><div id=\"lavra-slider-27\" class=\"custom-slider lavra-slider-3522028815 lavra-slider\"><ul><li><div style=\"margin-left: auto;margin-right: auto;text-align: center;\" id=\"lavra-978745597\"><a href=\"https:\/\/sistemas.lavras.mg.gov.br\/portalcidadao\/#df1b1a7c7b2a290bcb31e32771e610784662739a88807c0dacac58ede5f391a7530e299dc302d611ee73cb143fc22eaf93592e53e7b5bdb01b00a0b8d28dae460c141dd2ff83412e4dc1c31b16b25f33144a9e5620ea73b13f5bc1c59411d98439ad226e8af03840603796067d87afe130812cf3de24982d0e306f9e61e764e5\" aria-label=\"Lavras-TV&#8211;720x104px (1) (1)\"><img src=\"https:\/\/lavras.tv\/site\/wp-content\/uploads\/2025\/01\/Lavras-TV-720x104px-1-1.png\" alt=\"\"  srcset=\"https:\/\/lavras.tv\/site\/wp-content\/uploads\/2025\/01\/Lavras-TV-720x104px-1-1.png 720w, https:\/\/lavras.tv\/site\/wp-content\/uploads\/2025\/01\/Lavras-TV-720x104px-1-1-470x68.png 470w, https:\/\/lavras.tv\/site\/wp-content\/uploads\/2025\/01\/Lavras-TV-720x104px-1-1-170x25.png 170w, https:\/\/lavras.tv\/site\/wp-content\/uploads\/2025\/01\/Lavras-TV-720x104px-1-1-200x29.png 200w\" sizes=\"(max-width: 720px) 100vw, 720px\" width=\"720\" height=\"104\"  style=\"display: inline-block;\" \/><\/a><\/div><\/li><li><a href=\"https:\/\/sistemas.lavras.mg.gov.br\/portalcidadao\/#df1b1a7c7b2a290bcb31e32771e610784662739a88807c0dacac58ede5f391a7530e299dc302d611ee73cb143fc22eaf93592e53e7b5bdb01b00a0b8d28dae460c141dd2ff83412e4dc1c31b16b25f33144a9e5620ea73b13f5bc1c59411d98439ad226e8af03840603796067d87afe130812cf3de24982d0e306f9e61e764e5\" aria-label=\"Banner_Emprego_PortallavrasTV\"><img src=\"https:\/\/lavras.tv\/site\/wp-content\/uploads\/2025\/03\/Banner_Emprego_PortallavrasTV.png\" alt=\"\"  srcset=\"https:\/\/lavras.tv\/site\/wp-content\/uploads\/2025\/03\/Banner_Emprego_PortallavrasTV.png 720w, https:\/\/lavras.tv\/site\/wp-content\/uploads\/2025\/03\/Banner_Emprego_PortallavrasTV-470x68.png 470w, https:\/\/lavras.tv\/site\/wp-content\/uploads\/2025\/03\/Banner_Emprego_PortallavrasTV-170x25.png 170w, https:\/\/lavras.tv\/site\/wp-content\/uploads\/2025\/03\/Banner_Emprego_PortallavrasTV-200x29.png 200w\" sizes=\"(max-width: 720px) 100vw, 720px\" width=\"720\" height=\"104\"   \/><\/a><\/li><li><a href=\"https:\/\/sistemas.lavras.mg.gov.br\/portalcidadao\/#df1b1a7c7b2a290bcb31e32771e610784662739a88807c0dacac58ede5f391a7530e299dc302d611ee73cb143fc22eaf93592e53e7b5bdb01b00a0b8d28dae460c141dd2ff83412e4dc1c31b16b25f33144a9e5620ea73b13f5bc1c59411d98439ad226e8af03840603796067d87afe130812cf3de24982d0e306f9e61e764e5\" aria-label=\"Banner_Obras_PortallavrasTV\"><img src=\"https:\/\/lavras.tv\/site\/wp-content\/uploads\/2025\/03\/Banner_Obras_PortallavrasTV.png\" alt=\"\"  srcset=\"https:\/\/lavras.tv\/site\/wp-content\/uploads\/2025\/03\/Banner_Obras_PortallavrasTV.png 720w, https:\/\/lavras.tv\/site\/wp-content\/uploads\/2025\/03\/Banner_Obras_PortallavrasTV-470x68.png 470w, https:\/\/lavras.tv\/site\/wp-content\/uploads\/2025\/03\/Banner_Obras_PortallavrasTV-170x25.png 170w, https:\/\/lavras.tv\/site\/wp-content\/uploads\/2025\/03\/Banner_Obras_PortallavrasTV-200x29.png 200w\" sizes=\"(max-width: 720px) 100vw, 720px\" width=\"720\" height=\"104\"   \/><\/a><\/li><li><div style=\"margin-left: auto;margin-right: auto;text-align: center;\" id=\"lavra-3660126844\"><a href=\"https:\/\/sistemas.lavras.mg.gov.br\/portalcidadao\/#df1b1a7c7b2a290bcb31e32771e610784662739a88807c0dacac58ede5f391a7530e299dc302d611ee73cb143fc22eaf93592e53e7b5bdb01b00a0b8d28dae460c141dd2ff83412e4dc1c31b16b25f33144a9e5620ea73b13f5bc1c59411d98439ad226e8af03840603796067d87afe130812cf3de24982d0e306f9e61e764e5\" aria-label=\"Banner_Educa\u00e7\u00e3o_PortallavrasTV\"><img src=\"https:\/\/lavras.tv\/site\/wp-content\/uploads\/2025\/01\/Banner_Educacao_PortallavrasTV.png\" alt=\"\"  srcset=\"https:\/\/lavras.tv\/site\/wp-content\/uploads\/2025\/01\/Banner_Educacao_PortallavrasTV.png 720w, https:\/\/lavras.tv\/site\/wp-content\/uploads\/2025\/01\/Banner_Educacao_PortallavrasTV-470x68.png 470w, https:\/\/lavras.tv\/site\/wp-content\/uploads\/2025\/01\/Banner_Educacao_PortallavrasTV-170x25.png 170w, https:\/\/lavras.tv\/site\/wp-content\/uploads\/2025\/01\/Banner_Educacao_PortallavrasTV-200x29.png 200w\" sizes=\"(max-width: 720px) 100vw, 720px\" width=\"720\" height=\"104\"  style=\"display: inline-block;\" \/><\/a><\/div><\/li><li><a href=\"https:\/\/sistemas.lavras.mg.gov.br\/portalcidadao\/#df1b1a7c7b2a290bcb31e32771e610784662739a88807c0dacac58ede5f391a7530e299dc302d611ee73cb143fc22eaf93592e53e7b5bdb01b00a0b8d28dae460c141dd2ff83412e4dc1c31b16b25f33144a9e5620ea73b13f5bc1c59411d98439ad226e8af03840603796067d87afe130812cf3de24982d0e306f9e61e764e5\" aria-label=\"Banner_Sa\u00fade_PortallavrasTV\"><img src=\"https:\/\/lavras.tv\/site\/wp-content\/uploads\/2025\/03\/Banner_Saude_PortallavrasTV.png\" alt=\"\"  srcset=\"https:\/\/lavras.tv\/site\/wp-content\/uploads\/2025\/03\/Banner_Saude_PortallavrasTV.png 720w, https:\/\/lavras.tv\/site\/wp-content\/uploads\/2025\/03\/Banner_Saude_PortallavrasTV-470x68.png 470w, https:\/\/lavras.tv\/site\/wp-content\/uploads\/2025\/03\/Banner_Saude_PortallavrasTV-170x25.png 170w, https:\/\/lavras.tv\/site\/wp-content\/uploads\/2025\/03\/Banner_Saude_PortallavrasTV-200x29.png 200w\" sizes=\"(max-width: 720px) 100vw, 720px\" width=\"720\" height=\"104\"   \/><\/a><\/li><li><div id=\"lavra-2830000099\" style=\"width:720px;height:104px;background-color:#ddd;overflow:scroll;\">\n\t<strong>Sa\u00edda da depura\u00e7\u00e3o de an\u00fancios<\/strong>\n\t<br><br>\n\tO an\u00fancio n\u00e3o \u00e9 exibido na p\u00e1gina<br><br>post atual: UFMG divulga chance de classifica\u00e7\u00e3o de Atl\u00e9tico e Cruzeiro; veja risco de queda, ID: 169060<br><br><span style=\"color: red;\">O post atual n\u00e3o \u00e9 id\u00eantico ao post principal.<\/span><br><br>An\u00fancios: ROXO - TOPO INTERNA - ROTATIVO 2 (197)<br \/>Grupo de an\u00fancios: Princ_Meio01_720x104 (27)<br><br>Condi\u00e7\u00f5es de exibi\u00e7\u00e3o<div style=\"margin-bottom: 20px; white-space: pre-wrap; font-family: monospace; width: 100%; background: #ffe9e9;\"><strong>condi\u00e7\u00f5es gerais<\/strong><table border=\"1\"><thead><tr><th><\/th><th>An\u00fancios<\/th><th>wp_the_query<\/th><\/tr><\/thead><tr><td>is_main_query<\/td><td>1<\/td><td>1<\/td><\/tr><tr><td>is_rest_api<\/td><td>0<\/td><td>1<\/td><\/tr><tr><td>page<\/td><td>0<\/td><td>1<\/td><\/tr><tr><td>numpages<\/td><td>0<\/td><td>1<\/td><\/tr><tr><td>is_archive<\/td><td>1<\/td><td><\/td><\/tr><tr><td>is_search<\/td><td>1<\/td><td><\/td><\/tr><tr><td>is_home<\/td><td>1<\/td><td><\/td><\/tr><tr><td>is_404<\/td><td>1<\/td><td><\/td><\/tr><tr><td>is_attachment<\/td><td>1<\/td><td><\/td><\/tr><tr><td>is_singular<\/td><td>1<\/td><td><\/td><\/tr><tr><td>is_front_page<\/td><td>1<\/td><td><\/td><\/tr><tr><td>is_feed<\/td><td>1<\/td><td><\/td><\/tr><\/table><\/div><br><br><span style=\"color: red;\">Seu site usa HTTPS, mas o c\u00f3digo do an\u00fancio cont\u00e9m HTTP e pode n\u00e3o funcionar.<\/span>\t<br><br>\n\t<a style=\"color: green;\" href=\"https:\/\/wpadvancedads.com\/manual\/ad-debug-mode\/?utm_source=advanced-ads&utm_medium=link&utm_campaign=ad-debug-mode\" target=\"_blank\" rel=\"nofollow\">Encontre solu\u00e7\u00f5es no manual<\/a>\n<\/div>\n<\/li><\/ul><\/div><script>( window.advanced_ads_ready || jQuery( document ).ready ).call( null, function() {var $lavraslider3522028815 = jQuery( \".lavra-slider-3522028815\" );$lavraslider3522028815.on( \"unslider.ready\", function() { jQuery( \"div.custom-slider ul li\" ).css( \"display\", \"block\" ); });$lavraslider3522028815.unslider({ delay:4000, autoplay:true, nav:false, arrows:false, infinite:true });$lavraslider3522028815.on(\"mouseover\", function() {$lavraslider3522028815.unslider(\"stop\");}).on(\"mouseout\", function() {$lavraslider3522028815.unslider(\"start\");});});<\/script><\/div>\n<h2 class=\"wp-block-heading\">Faltam tr\u00eas rodadas para o t\u00e9rmino da primeira fase do Campeonato Mineiro<\/h2>\n\n\n\n<figure class=\"wp-block-image\"><img decoding=\"async\" src=\"https:\/\/noataque.com.br\/wp-content\/uploads\/2026\/01\/FOTOS-NA-83.jpg\" alt=\"Atl\u00e9tico x Cruzeiro (foto: Alexandre Guzanshe\/EM\/D.A. Press)\"\/><\/figure>\n\n\n\n<p><small>Lance do jogo entre Atl\u00e9tico e Cruzeiro pelo Campeonato Mineiro<\/small><\/p>\n\n\n\n<p>Ap\u00f3s a 5\u00aa rodada do\u00a0<strong><a href=\"https:\/\/noataque.com.br\/futebol\/campeonato-mineiro\/noticia\/2026\/01\/25\/campeonato-mineiro-veja-classificacao-e-zona-de-rebaixamento-na-5a-rodada\/\">Campeonato Mineiro<\/a><\/strong>, o Departamento de Matem\u00e1tica da Universidade Federal de Minas Gerais (UFMG) atualizou as chances de classifica\u00e7\u00e3o \u00e0s semifinais e o risco de rebaixamento ao M\u00f3dulo II.<\/p>\n\n\n\n<p>De acordo com regulamento, classificam-se os l\u00edderes de cada chave e o melhor segundo colocado geral. As duas equipes de pior campanha geral ser\u00e3o rebaixadas.<\/p>\n\n\n\n<p>L\u00edder do Grupo A, com 11 pontos, a URT aparece com maior probabilidade de avan\u00e7ar \u00e0 pr\u00f3xima fase, com 84,5%.<\/p>\n\n\n\n<p>O Am\u00e9rica, na primeira posi\u00e7\u00e3o do Grupo B, com 9 pontos, \u00e9 o segundo com chances mais elevadas, com 72,9%.<\/p>\n\n\n\n<p>O surpreendente North, l\u00edder da chave C, com 8 pontos, \u00e9 o terceiro, com 56,3%.<\/p>\n\n\n\n<p>Cruzeiro (51%) e Atl\u00e9tico (46%) aparecem logo em seguida. Veja as chances de outros times:<\/p>\n\n\n\n<h3 class=\"wp-block-heading\" id=\"h-probabilidades-de-classificacao-campeonato-mineiro\">Probabilidades de classifica\u00e7\u00e3o \u2013 Campeonato Mineiro<\/h3>\n\n\n\n<ul class=\"wp-block-list\">\n<li>URT: 84,5%<\/li>\n\n\n\n<li>Am\u00e9rica: 72,9%<\/li>\n\n\n\n<li>North: 56,3%<\/li>\n\n\n\n<li>Cruzeiro: 51,0%<\/li>\n\n\n\n<li>Atl\u00e9tico: 46,0%<\/li>\n\n\n\n<li>Pouso Alegre: 30,5%<\/li>\n\n\n\n<li>Democrata-GV: 23,7%<\/li>\n\n\n\n<li>Betim: 11,9%<\/li>\n\n\n\n<li>Tombense: 10,5%<\/li>\n\n\n\n<li>Athletic Club: 8,6%<\/li>\n\n\n\n<li>Itabirito: 3,4%<\/li>\n\n\n\n<li>Uberl\u00e2ndia: 0,57%<\/li>\n<\/ul>\n\n\n\n<h2 class=\"wp-block-heading\" id=\"h-risco-de-rebaixamento\">Risco de rebaixamento<\/h2>\n\n\n\n<p>O time com maior risco de rebaixamento \u00e9 o Uberl\u00e2ndia, com 71,2%. O time do Tri\u00e2ngulo Mineiro est\u00e1 na \u00faltima posi\u00e7\u00e3o geral, com 3 pontos. O Itabirito, pen\u00faltimo, com 4, tem 49,2%. Veja o risco de todos os times:<\/p>\n\n\n\n<h3 class=\"wp-block-heading\" id=\"h-risco-de-queda-campeonato-mineiro\">Risco de queda \u2013 Campeonato Mineiro<\/h3>\n\n\n\n<ul class=\"wp-block-list\">\n<li>Uberl\u00e2ndia: 71,2%<\/li>\n\n\n\n<li>Itabirito: 49,2%<\/li>\n\n\n\n<li>Athletic Club: 28,1%<\/li>\n\n\n\n<li>Tombense: 20,2%<\/li>\n\n\n\n<li>Betim: 18,2%<\/li>\n\n\n\n<li>Pouso Alegre: 4,5%<\/li>\n\n\n\n<li>Democrata-GV: 3,2%<\/li>\n\n\n\n<li>Atl\u00e9tico: 2,8%<\/li>\n\n\n\n<li>Cruzeiro: 2,1%<\/li>\n\n\n\n<li>North: 0,41%<\/li>\n\n\n\n<li>Am\u00e9rica: 0,01%<\/li>\n\n\n\n<li>URT: 0%<\/li>\n<\/ul>\n\n\n\n<h2 class=\"wp-block-heading\" id=\"h-classificacao-do-campeonato-mineiro\">Classifica\u00e7\u00e3o do Campeonato Mineiro<\/h2>\n\n\n\n<h3 class=\"wp-block-heading\" id=\"h-grupo-a\"><strong>Grupo A<\/strong><\/h3>\n\n\n\n<ol class=\"wp-block-list\">\n<li>URT \u2013 11 pontos (3 vit\u00f3rias, 2 empates, 0 derrota)<\/li>\n\n\n\n<li>Democrata \u2013 7 pontos (2 vit\u00f3rias, 1 empate, 2 derrotas)<\/li>\n\n\n\n<li>Atl\u00e9tico \u2013 7 pontos (1 vit\u00f3ria, 4 empates, 0 derrota)<\/li>\n\n\n\n<li>Uberl\u00e2ndia \u2013 3 pontos (0 vit\u00f3ria, 3 empates, 2 derrotas)<\/li>\n<\/ol>\n\n\n\n<h3 class=\"wp-block-heading\" id=\"h-grupo-b\"><strong>Grupo B<\/strong><\/h3>\n\n\n\n<ol class=\"wp-block-list\">\n<li>Am\u00e9rica \u2013 9 pontos (2 vit\u00f3rias, 3 empates, 0 derrota)<\/li>\n\n\n\n<li>Pouso Alegre \u2013 7 pontos (2 vit\u00f3rias, 1 empate, 2 derrotas)<\/li>\n\n\n\n<li>Betim \u2013 6 pontos (1 vit\u00f3ria, 3 empates, 1 derrota)<\/li>\n\n\n\n<li>Tombense \u2013 5 pontos (1 vit\u00f3ria, 2 empates, 2 derrotas)<\/li>\n<\/ol>\n\n\n\n<h3 class=\"wp-block-heading\" id=\"h-grupo-c\"><strong>Grupo C<\/strong><\/h3>\n\n\n\n<ol class=\"wp-block-list\">\n<li>North \u2013 8 pontos (2 vit\u00f3rias, 2 empates, 1 derrota)<\/li>\n\n\n\n<li>Cruzeiro \u2013 6 pontos (2 vit\u00f3rias, 0 empate, 3 derrotas)<\/li>\n\n\n\n<li>Athletic \u2013 5 pontos (1 vit\u00f3ria, 2 empates, 2 derrotas)<\/li>\n\n\n\n<li>Itabirito \u2013 4 pontos (1 vit\u00f3ria, 1 empate, 3 derrotas)<\/li>\n<\/ol>\n","protected":false},"excerpt":{"rendered":"<p>Faltam tr\u00eas rodadas para o t\u00e9rmino da primeira fase do Campeonato Mineiro Lance do jogo entre Atl\u00e9tico e Cruzeiro pelo Campeonato Mineiro Ap\u00f3s a 5\u00aa rodada do\u00a0Campeonato Mineiro, o Departamento de Matem\u00e1tica da Universidade Federal de Minas Gerais (UFMG) atualizou as chances de classifica\u00e7\u00e3o \u00e0s semifinais e o risco de rebaixamento ao M\u00f3dulo II. De [&hellip;]<\/p>\n","protected":false},"author":5,"featured_media":169061,"comment_status":"closed","ping_status":"open","sticky":false,"template":"","format":"standard","meta":{"advgb_blocks_editor_width":"","advgb_blocks_columns_visual_guide":"","_exactmetrics_skip_tracking":false,"_exactmetrics_sitenote_active":false,"_exactmetrics_sitenote_note":"","_exactmetrics_sitenote_category":0,"footnotes":""},"categories":[7,3,2],"tags":[],"class_list":["post-169060","post","type-post","status-publish","format-standard","has-post-thumbnail","hentry","category-destaques","category-esportes","category-noticias"],"better_featured_image":{"id":169061,"alt_text":"","caption":"","description":"","media_type":"image","media_details":{"width":1200,"height":675,"file":"2026\/01\/FOTOS-NA-83.webp","filesize":89080,"sizes":{"medium":{"file":"FOTOS-NA-83-470x264.webp","width":470,"height":264,"mime-type":"image\/webp","filesize":22958,"source_url":"https:\/\/lavras.tv\/site\/wp-content\/uploads\/2026\/01\/FOTOS-NA-83-470x264.webp"},"large":{"file":"FOTOS-NA-83-970x546.webp","width":970,"height":546,"mime-type":"image\/webp","filesize":57246,"source_url":"https:\/\/lavras.tv\/site\/wp-content\/uploads\/2026\/01\/FOTOS-NA-83-970x546.webp"},"thumbnail":{"file":"FOTOS-NA-83-170x96.webp","width":170,"height":96,"mime-type":"image\/webp","filesize":5684,"source_url":"https:\/\/lavras.tv\/site\/wp-content\/uploads\/2026\/01\/FOTOS-NA-83-170x96.webp"},"alm-thumbnail":{"file":"FOTOS-NA-83-150x150.webp","width":150,"height":150,"mime-type":"image\/webp","filesize":7584,"source_url":"https:\/\/lavras.tv\/site\/wp-content\/uploads\/2026\/01\/FOTOS-NA-83-150x150.webp"},"sow-carousel-default":{"file":"FOTOS-NA-83-272x182.webp","width":272,"height":182,"mime-type":"image\/webp","filesize":12506,"source_url":"https:\/\/lavras.tv\/site\/wp-content\/uploads\/2026\/01\/FOTOS-NA-83-272x182.webp"}},"image_meta":{"aperture":"0","credit":"","camera":"","caption":"","created_timestamp":"0","copyright":"","focal_length":"0","iso":"0","shutter_speed":"0","title":"","orientation":"0","keywords":[]}},"post":169060,"source_url":"https:\/\/lavras.tv\/site\/wp-content\/uploads\/2026\/01\/FOTOS-NA-83.webp"},"author_meta":{"display_name":"Vinicius Bustamante","author_link":"https:\/\/lavras.tv\/site\/author\/vinicius-bustamante\/"},"featured_img":"https:\/\/lavras.tv\/site\/wp-content\/uploads\/2026\/01\/FOTOS-NA-83-470x264.webp","coauthors":[],"tax_additional":{"categories":{"linked":["<a href=\"https:\/\/lavras.tv\/site\/category\/destaques\/\" class=\"advgb-post-tax-term\">Destaques<\/a>","<a href=\"https:\/\/lavras.tv\/site\/category\/esportes\/\" class=\"advgb-post-tax-term\">Esportes<\/a>","<a href=\"https:\/\/lavras.tv\/site\/category\/noticias\/\" class=\"advgb-post-tax-term\">Not\u00edcias<\/a>"],"unlinked":["<span class=\"advgb-post-tax-term\">Destaques<\/span>","<span class=\"advgb-post-tax-term\">Esportes<\/span>","<span class=\"advgb-post-tax-term\">Not\u00edcias<\/span>"]}},"comment_count":"0","relative_dates":{"created":"Publicado 3 meses atr\u00e1s","modified":"Atualizado 3 meses atr\u00e1s"},"absolute_dates":{"created":"Publicado em 26 de janeiro de 2026","modified":"Atualizado em 26 de janeiro de 2026"},"absolute_dates_time":{"created":"Publicado em 26 de janeiro de 2026 13:47","modified":"Atualizado em 26 de janeiro de 2026 13:47"},"featured_img_caption":"","series_order":"","_links":{"self":[{"href":"https:\/\/lavras.tv\/site\/wp-json\/wp\/v2\/posts\/169060","targetHints":{"allow":["GET"]}}],"collection":[{"href":"https:\/\/lavras.tv\/site\/wp-json\/wp\/v2\/posts"}],"about":[{"href":"https:\/\/lavras.tv\/site\/wp-json\/wp\/v2\/types\/post"}],"author":[{"embeddable":true,"href":"https:\/\/lavras.tv\/site\/wp-json\/wp\/v2\/users\/5"}],"replies":[{"embeddable":true,"href":"https:\/\/lavras.tv\/site\/wp-json\/wp\/v2\/comments?post=169060"}],"version-history":[{"count":1,"href":"https:\/\/lavras.tv\/site\/wp-json\/wp\/v2\/posts\/169060\/revisions"}],"predecessor-version":[{"id":169062,"href":"https:\/\/lavras.tv\/site\/wp-json\/wp\/v2\/posts\/169060\/revisions\/169062"}],"wp:featuredmedia":[{"embeddable":true,"href":"https:\/\/lavras.tv\/site\/wp-json\/wp\/v2\/media\/169061"}],"wp:attachment":[{"href":"https:\/\/lavras.tv\/site\/wp-json\/wp\/v2\/media?parent=169060"}],"wp:term":[{"taxonomy":"category","embeddable":true,"href":"https:\/\/lavras.tv\/site\/wp-json\/wp\/v2\/categories?post=169060"},{"taxonomy":"post_tag","embeddable":true,"href":"https:\/\/lavras.tv\/site\/wp-json\/wp\/v2\/tags?post=169060"}],"curies":[{"name":"wp","href":"https:\/\/api.w.org\/{rel}","templated":true}]}}